{"id":5371,"date":"2017-02-18T00:00:05","date_gmt":"2017-02-17T23:00:05","guid":{"rendered":"http:\/\/blogs.diariosur.es\/gracias-a-dior\/?p=5371"},"modified":"2017-02-18T00:00:05","modified_gmt":"2017-02-17T23:00:05","slug":"la-nueva-prenda-viral-de-zara-ha-llegado","status":"publish","type":"post","link":"https:\/\/blogs.diariosur.es\/gracias-a-dior\/2017\/02\/18\/la-nueva-prenda-viral-de-zara-ha-llegado\/","title":{"rendered":"La nueva prenda viral de Zara ha llegado"},"content":{"rendered":"<p>Si hay una tienda de moda que arrasa en todo el mundo y que une a todo tipo de clases sociales esa es <strong>Zara<\/strong>. La cabeza visible del imperio Inditex tiene el poder de gustar tanto a &#8216;celebritie&#8217;s como<strong><a href=\"http:\/\/oliviapalermo.com\/\" rel=\"external nofollow\"> Olivia Palermo<\/a><\/strong>, <strong>bloggers<\/strong> y a chicas y mujeres an\u00f3nimas que se pirran por las \u00faltimas prendas dise\u00f1adas por el emporio de Amancio Ortega. Ya es un cl\u00e1sico el hablar de prendas virales de <strong>Zara<\/strong> en cada temporada, as\u00ed la primavera pasada la <strong>biker amarilla<\/strong> fue un \u00e9xito absluto como pudo comprobarse en las redes sociales y en sold out de la prenda en las estanter\u00edas de Zara; en el oto\u00f1o la falda de cuadros vichy negra con volante lateral tambi\u00e9n se volvi\u00f3 viral y todas las blogueras del planeta daban cuenta de c\u00f3mo combinarla, de tal manera que hab\u00eda looks de todos los gustos para poder imitar. Lo \u00faltimo fue el jersey con lazada delantera que llevaron desde<strong> <a href=\"https:\/\/www.instagram.com\/saracarbonero\/?hl=es\" rel=\"external nofollow\">Sara Carbonero<\/a><\/strong> a<strong> <a href=\"https:\/\/www.instagram.com\/sincerelyjules\/?hl=es\" rel=\"external nofollow\">Sincerely Jules<\/a><\/strong>. Su color crudo y su tipolog\u00eda oversize eran caracter\u00edsticas que lo auparon a pieza comod\u00edn y b\u00e1sica para cualquier look invernal.<\/p>\n<div id=\"attachment_5373\" style=\"width: 710px\" class=\"wp-caption aligncenter\"><a href=\"\/gracias-a-dior\/wp-content\/uploads\/sites\/17\/2017\/02\/jersey-zara.jpg\"><img aria-describedby=\"caption-attachment-5373\" loading=\"lazy\" class=\"size-full wp-image-5373\" title=\"Este jersey con cord\u00f3n delantero se hizo viral este invierno\" src=\"\/gracias-a-dior\/wp-content\/uploads\/sites\/17\/2017\/02\/jersey-zara.jpg\" alt=\"Este jersey con cord\u00f3n delantero se hizo viral este invierno\" width=\"700\" height=\"868\" srcset=\"https:\/\/static-blogs.diariosur.es\/wp-content\/uploads\/sites\/17\/2017\/02\/jersey-zara.jpg 700w, https:\/\/static-blogs.diariosur.es\/wp-content\/uploads\/sites\/17\/2017\/02\/jersey-zara-242x300.jpg 242w\" sizes=\"(max-width: 700px) 100vw, 700px\" \/><\/a><p id=\"caption-attachment-5373\" class=\"wp-caption-text\">Este jersey con cord\u00f3n delantero se hizo viral este invierno. \/ Zara<\/p><\/div>\n<div id=\"attachment_5374\" style=\"width: 710px\" class=\"wp-caption aligncenter\"><a href=\"\/gracias-a-dior\/wp-content\/uploads\/sites\/17\/2017\/02\/lady-addict.jpg\"><img aria-describedby=\"caption-attachment-5374\" loading=\"lazy\" class=\"size-full wp-image-5374\" title=\"Lady Addict luci\u00f3 la falda de cuadros vichy de Zara con mucho estilo este oto\u00f1o\" src=\"\/gracias-a-dior\/wp-content\/uploads\/sites\/17\/2017\/02\/lady-addict.jpg\" alt=\"Lady Addict luci\u00f3 la falda de cuadros vichy de Zara con mucho estilo este oto\u00f1o\" width=\"700\" height=\"871\" srcset=\"https:\/\/static-blogs.diariosur.es\/wp-content\/uploads\/sites\/17\/2017\/02\/lady-addict.jpg 700w, https:\/\/static-blogs.diariosur.es\/wp-content\/uploads\/sites\/17\/2017\/02\/lady-addict-241x300.jpg 241w\" sizes=\"(max-width: 700px) 100vw, 700px\" \/><\/a><p id=\"caption-attachment-5374\" class=\"wp-caption-text\">Lady Addict luci\u00f3 la falda de cuadros vichy de Zara con mucho estilo este oto\u00f1o<\/p><\/div>\n<p>&nbsp;<\/p>\n<div id=\"attachment_5380\" style=\"width: 610px\" class=\"wp-caption aligncenter\"><a href=\"\/gracias-a-dior\/wp-content\/uploads\/sites\/17\/2017\/02\/20170215__1487175591_kIOPlKgdq.jpg\"><img aria-describedby=\"caption-attachment-5380\" loading=\"lazy\" class=\"size-full wp-image-5380\" title=\"La biker amarilla de Zara dio mucho que hablar la primavera pasada. \/ Zara\" src=\"\/gracias-a-dior\/wp-content\/uploads\/sites\/17\/2017\/02\/20170215__1487175591_kIOPlKgdq.jpg\" alt=\"La biker amarilla de Zara dio mucho que hablar la primavera pasada. \/ Zara\" width=\"600\" height=\"744\" srcset=\"https:\/\/static-blogs.diariosur.es\/wp-content\/uploads\/sites\/17\/2017\/02\/20170215__1487175591_kIOPlKgdq.jpg 600w, https:\/\/static-blogs.diariosur.es\/wp-content\/uploads\/sites\/17\/2017\/02\/20170215__1487175591_kIOPlKgdq-242x300.jpg 242w\" sizes=\"(max-width: 600px) 100vw, 600px\" \/><\/a><p id=\"caption-attachment-5380\" class=\"wp-caption-text\">La biker amarilla de Zara dio mucho que hablar la primavera pasada. \/ Zara<\/p><\/div>\n<p>Todav\u00eda no ha llegado la primavera y las rebajas no han terminado pero Zara lo ha vuelto a conseguir y ya tiene nueva prenda viral. Se trata de una<strong> sudadera XL blanca con detalles \u00a0&#8216;fux faur&#8217; en rosa en las mangas<\/strong>\u00a0que tiene un precio de<strong> 25,95 euros<\/strong> y que ha hecho las delicias de las blogueras y de millones de mujeres a las que ha conquistado por lo <strong>primaveral de su aura y por la versatilidad a la que se presta a la hora de conformar estilismos<\/strong>.<\/p>\n<p>As\u00ed, no es de extra\u00f1ar que ante tal bombardeo de la sudadera de Zara, aquellas que no la ten\u00edan tambi\u00e9n se hayan encaprichado de ella y se hayan lanzado a su b\u00fasqueda para adquirirla, dando como resultado el temido cartel de &#8216;agotado&#8217;. Y es que de momento es una quimera encontrarla tanto en<strong><a href=\"http:\/\/www.zara.com\/es\/\" rel=\"external nofollow\"> Zara.com<\/a><\/strong> como en las<strong> tiendas f\u00edsicas de Zara<\/strong>, por lo que habr\u00e1 que armarse de paciencia para ver si Amancio Ortega cumple el deseo de todas y la repone.<\/p>\n<div id=\"attachment_5378\" style=\"width: 610px\" class=\"wp-caption aligncenter\"><a href=\"\/gracias-a-dior\/wp-content\/uploads\/sites\/17\/2017\/02\/20170215__1487175591_IfPvf.jpg\"><img aria-describedby=\"caption-attachment-5378\" loading=\"lazy\" class=\"size-full wp-image-5378\" title=\"Esta sudadera oversize con detalles fux faur en rosa es la nueva prenda viral de la temporada. \/ Zara\" src=\"\/gracias-a-dior\/wp-content\/uploads\/sites\/17\/2017\/02\/20170215__1487175591_IfPvf.jpg\" alt=\"Esta sudadera oversize con detalles fux faur en rosa es la nueva prenda viral de la temporada. \/ Zara\" width=\"600\" height=\"744\" srcset=\"https:\/\/static-blogs.diariosur.es\/wp-content\/uploads\/sites\/17\/2017\/02\/20170215__1487175591_IfPvf.jpg 600w, https:\/\/static-blogs.diariosur.es\/wp-content\/uploads\/sites\/17\/2017\/02\/20170215__1487175591_IfPvf-242x300.jpg 242w\" sizes=\"(max-width: 600px) 100vw, 600px\" \/><\/a><p id=\"caption-attachment-5378\" class=\"wp-caption-text\">Esta sudadera oversize con detalles &#39;fux faur&#39; en rosa es la nueva prenda viral de la temporada. \/ Zara<\/p><\/div>\n<div id=\"attachment_5375\" style=\"width: 610px\" class=\"wp-caption aligncenter\"><a href=\"\/gracias-a-dior\/wp-content\/uploads\/sites\/17\/2017\/02\/20170215__1487175591_dRkLmzECzLs.jpg\"><img aria-describedby=\"caption-attachment-5375\" loading=\"lazy\" class=\"size-full wp-image-5375\" title=\"Esta sudadera de Zara de corte oversize con detalles fux faur en rosa es la nueva prenda viral. \/ @noeliacondado\" src=\"\/gracias-a-dior\/wp-content\/uploads\/sites\/17\/2017\/02\/20170215__1487175591_dRkLmzECzLs.jpg\" alt=\"Esta sudadera de Zara de corte oversize con detalles fux faur en rosa es la nueva prenda viral. \/ @noeliacondado\" width=\"600\" height=\"533\" srcset=\"https:\/\/static-blogs.diariosur.es\/wp-content\/uploads\/sites\/17\/2017\/02\/20170215__1487175591_dRkLmzECzLs.jpg 600w, https:\/\/static-blogs.diariosur.es\/wp-content\/uploads\/sites\/17\/2017\/02\/20170215__1487175591_dRkLmzECzLs-300x267.jpg 300w\" sizes=\"(max-width: 600px) 100vw, 600px\" \/><\/a><p id=\"caption-attachment-5375\" class=\"wp-caption-text\">Esta sudadera de Zara de corte oversize con detalles fux faur en rosa es la nueva prenda viral. \/ @noeliacondado<\/p><\/div>\n<p>&nbsp;<\/p>\n<div id=\"attachment_5379\" style=\"width: 489px\" class=\"wp-caption aligncenter\"><a href=\"\/gracias-a-dior\/wp-content\/uploads\/sites\/17\/2017\/02\/20170215__1487175591_jqS3x6Tb.jpg\"><img aria-describedby=\"caption-attachment-5379\" loading=\"lazy\" class=\"size-full wp-image-5379\" title=\"@claudiaparrast tambi\u00e9n la luce en su Instagram\" src=\"\/gracias-a-dior\/wp-content\/uploads\/sites\/17\/2017\/02\/20170215__1487175591_jqS3x6Tb.jpg\" alt=\"@claudiaparrast tambi\u00e9n la luce en su Instagram\" width=\"479\" height=\"551\" srcset=\"https:\/\/static-blogs.diariosur.es\/wp-content\/uploads\/sites\/17\/2017\/02\/20170215__1487175591_jqS3x6Tb.jpg 479w, https:\/\/static-blogs.diariosur.es\/wp-content\/uploads\/sites\/17\/2017\/02\/20170215__1487175591_jqS3x6Tb-261x300.jpg 261w\" sizes=\"(max-width: 479px) 100vw, 479px\" \/><\/a><p id=\"caption-attachment-5379\" class=\"wp-caption-text\">@claudiaparrast tambi\u00e9n la luce en su Instagram<\/p><\/div>\n<p>&nbsp;<\/p>\n<div id=\"attachment_5376\" style=\"width: 486px\" class=\"wp-caption aligncenter\"><a href=\"\/gracias-a-dior\/wp-content\/uploads\/sites\/17\/2017\/02\/20170215__1487175591_BJsCsBPN.jpg\"><img aria-describedby=\"caption-attachment-5376\" loading=\"lazy\" class=\"size-full wp-image-5376\" title=\"@elisaserranot ofrece otra manera de llevarla\" src=\"\/gracias-a-dior\/wp-content\/uploads\/sites\/17\/2017\/02\/20170215__1487175591_BJsCsBPN.jpg\" alt=\"@elisaserranot ofrece otra manera de llevarla\" width=\"476\" height=\"545\" srcset=\"https:\/\/static-blogs.diariosur.es\/wp-content\/uploads\/sites\/17\/2017\/02\/20170215__1487175591_BJsCsBPN.jpg 476w, https:\/\/static-blogs.diariosur.es\/wp-content\/uploads\/sites\/17\/2017\/02\/20170215__1487175591_BJsCsBPN-262x300.jpg 262w\" sizes=\"(max-width: 476px) 100vw, 476px\" \/><\/a><p id=\"caption-attachment-5376\" class=\"wp-caption-text\">@elisaserranot ofrece otra manera de llevarla<\/p><\/div>\n","protected":false},"excerpt":{"rendered":"<p>Si hay una tienda de moda que arrasa en todo el mundo y que une a todo tipo de clases sociales esa es Zara. La cabeza visible del imperio Inditex tiene el poder de gustar tanto a &#8216;celebritie&#8217;s como Olivia Palermo, bloggers y a chicas y mujeres an\u00f3nimas que se pirran por las \u00faltimas prendas [&hellip;]<\/p>\n","protected":false},"author":20,"featured_media":0,"comment_status":"open","ping_status":"open","sticky":false,"template":"","format":"standard","meta":[],"categories":[3],"tags":[],"_links":{"self":[{"href":"https:\/\/blogs.diariosur.es\/gracias-a-dior\/wp-json\/wp\/v2\/posts\/5371"}],"collection":[{"href":"https:\/\/blogs.diariosur.es\/gracias-a-dior\/wp-json\/wp\/v2\/posts"}],"about":[{"href":"https:\/\/blogs.diariosur.es\/gracias-a-dior\/wp-json\/wp\/v2\/types\/post"}],"author":[{"embeddable":true,"href":"https:\/\/blogs.diariosur.es\/gracias-a-dior\/wp-json\/wp\/v2\/users\/20"}],"replies":[{"embeddable":true,"href":"https:\/\/blogs.diariosur.es\/gracias-a-dior\/wp-json\/wp\/v2\/comments?post=5371"}],"version-history":[{"count":0,"href":"https:\/\/blogs.diariosur.es\/gracias-a-dior\/wp-json\/wp\/v2\/posts\/5371\/revisions"}],"wp:attachment":[{"href":"https:\/\/blogs.diariosur.es\/gracias-a-dior\/wp-json\/wp\/v2\/media?parent=5371"}],"wp:term":[{"taxonomy":"category","embeddable":true,"href":"https:\/\/blogs.diariosur.es\/gracias-a-dior\/wp-json\/wp\/v2\/categories?post=5371"},{"taxonomy":"post_tag","embeddable":true,"href":"https:\/\/blogs.diariosur.es\/gracias-a-dior\/wp-json\/wp\/v2\/tags?post=5371"}],"curies":[{"name":"wp","href":"https:\/\/api.w.org\/{rel}","templated":true}]}}