{"id":5387,"date":"2017-03-04T00:00:36","date_gmt":"2017-03-03T23:00:36","guid":{"rendered":"http:\/\/blogs.diariosur.es\/gracias-a-dior\/?p=5387"},"modified":"2017-03-04T00:00:36","modified_gmt":"2017-03-03T23:00:36","slug":"los-pantalones-mas-dificiles-de-la-temporada-los-flare-cropped-jeans","status":"publish","type":"post","link":"https:\/\/blogs.diariosur.es\/gracias-a-dior\/2017\/03\/04\/los-pantalones-mas-dificiles-de-la-temporada-los-flare-cropped-jeans\/","title":{"rendered":"Los pantalones m\u00e1s dif\u00edciles de la temporada, los flare cropped jeans"},"content":{"rendered":"<p>Esta temporada se vislumbra una <strong>tendencia<\/strong> de esas que <strong>gustan y horrorizan a partes iguales<\/strong>. Los pantalones <strong>vaqueros<\/strong> en un intento m\u00e1s de renovarse, aunque con cierto regusto a pasado, dejan a un lado sus versiones<strong> baggy, mom o pitillo<\/strong> para ir otorg\u00e1ndole mayor presencia a los<strong> flare jeans<\/strong>. Y m\u00e1s de uno se preguntar\u00e1 &#8230; \u00bfQu\u00e9 son los flare jeans? Pues lo vaqueros &#8216;lolailos&#8217; de toda la vida. S\u00ed, s\u00ed, estamos ante un &#8216;flashback&#8217; a la era aquella adolescente en la que Los Manolos interpretaban el &#8216;All my loving&#8217; \u00a0y \u00a0todas luc\u00edamos pantalones de campana de licra de mil y un colores.<\/p>\n<p>Pues bien, los pantalones campana regresan pero en su versi\u00f3n cropped, que se diferencia de la anterior en que es un pantal\u00f3n campana pero tobillero. De ah\u00ed, que cueste que la vista se haga a ellos. No obstante, a su favor tienen que su corte equilibre la pierna y estilice gracias a que son de tiro alto.<\/p>\n<p>Poco a poco se comenzaron a ver este invierno, pero con la proximidad de la primavera las celebrities y blogueras de todo el mundo est\u00e1n comenzando a sacarlos del armario. <strong>Sara Carbonero y Paula Echevarr\u00eda<\/strong> han sido las \u00faltimas en apuntarse a esta tendencia. La actriz es m\u00e1s habitual verla llevando los &#8216;musts&#8217; de temporada, en cambio, sorprende ver a la presentadora fuera de su estilo boho y tocando otros estilos m\u00e1s alejados a su personalidad. Fue hace una semana cuando Sara Carbonero colg\u00f3 en su cuenta de Instagram una instant\u00e1nea en la que luc\u00eda un par de jeans flared de la manera m\u00e1s sencilla, pero muy favorecedora, al mezclarlos con unas sneakers, un top de color liso y de complementos tan s\u00f3lo el cintur\u00f3n Gucci de la temporada y un colgante.<\/p>\n<p>Por su parte, Paula Echevarr\u00eda mucho m\u00e1s osada en su look apuesta por unos pantalones flare negros que los combina con unos salones negros y una chaqueta de estilo militar que ponen la nota de color al estilismo.<\/p>\n<p>Sin embargo, no s\u00f3lo las famosas se han sumado a los flare cropped jeans y blogueras de la talla de <strong>Lovely Pepa, Collage Vintage o My Peeptoes<\/strong> ya se han dejado ver con ellos combinados de acuerdo al estilo que representa cada una de estas &#8216;it girls&#8217;.<\/p>\n<p>&nbsp;<\/p>\n<p>&nbsp;<\/p>\n<div id=\"attachment_5392\" style=\"width: 710px\" class=\"wp-caption aligncenter\"><a href=\"\/gracias-a-dior\/wp-content\/uploads\/sites\/17\/2017\/03\/sara-carbonero.jpg\"><img aria-describedby=\"caption-attachment-5392\" loading=\"lazy\" class=\"size-full wp-image-5392\" title=\"Sara Carbonero, en uno de sus looks m\u00e1s comentados. \/ Instagram\" src=\"\/gracias-a-dior\/wp-content\/uploads\/sites\/17\/2017\/03\/sara-carbonero.jpg\" alt=\"Sara Carbonero, en uno de sus looks m\u00e1s comentados. \/ Instagram\" width=\"700\" height=\"818\" srcset=\"https:\/\/static-blogs.diariosur.es\/wp-content\/uploads\/sites\/17\/2017\/03\/sara-carbonero.jpg 700w, https:\/\/static-blogs.diariosur.es\/wp-content\/uploads\/sites\/17\/2017\/03\/sara-carbonero-257x300.jpg 257w\" sizes=\"(max-width: 700px) 100vw, 700px\" \/><\/a><p id=\"caption-attachment-5392\" class=\"wp-caption-text\">Sara Carbonero, en uno de sus looks m\u00e1s comentados. \/ Instagram<\/p><\/div>\n<p>&nbsp;<\/p>\n<div id=\"attachment_5393\" style=\"width: 710px\" class=\"wp-caption aligncenter\"><a href=\"\/gracias-a-dior\/wp-content\/uploads\/sites\/17\/2017\/03\/paula-echevarria1.jpg\"><img aria-describedby=\"caption-attachment-5393\" loading=\"lazy\" class=\"size-full wp-image-5393\" title=\"Paula Echevarr\u00eda combin\u00f3 este viernes estos flare jeans de manera diferente a Sara Carbonero\" src=\"\/gracias-a-dior\/wp-content\/uploads\/sites\/17\/2017\/03\/paula-echevarria1.jpg\" alt=\"Paula Echevarr\u00eda combin\u00f3 este viernes estos flare jeans de manera diferente a Sara Carbonero\" width=\"700\" height=\"649\" srcset=\"https:\/\/static-blogs.diariosur.es\/wp-content\/uploads\/sites\/17\/2017\/03\/paula-echevarria1.jpg 700w, https:\/\/static-blogs.diariosur.es\/wp-content\/uploads\/sites\/17\/2017\/03\/paula-echevarria1-300x278.jpg 300w\" sizes=\"(max-width: 700px) 100vw, 700px\" \/><\/a><p id=\"caption-attachment-5393\" class=\"wp-caption-text\">Paula Echevarr\u00eda combin\u00f3 este viernes estos flare jeans de manera diferente a Sara Carbonero. \/ Instagram<\/p><\/div>\n<p>&nbsp;<\/p>\n<div id=\"attachment_5391\" style=\"width: 710px\" class=\"wp-caption aligncenter\"><a href=\"\/gracias-a-dior\/wp-content\/uploads\/sites\/17\/2017\/03\/peeptoes.jpg\"><img aria-describedby=\"caption-attachment-5391\" loading=\"lazy\" class=\"size-full wp-image-5391\" title=\"La bloguera My Pepptoes tambi\u00e9n se ha dejado ver con estos pantalones\" src=\"\/gracias-a-dior\/wp-content\/uploads\/sites\/17\/2017\/03\/peeptoes.jpg\" alt=\"La bloguera My Pepptoes tambi\u00e9n se ha dejado ver con estos pantalones\" width=\"700\" height=\"814\" srcset=\"https:\/\/static-blogs.diariosur.es\/wp-content\/uploads\/sites\/17\/2017\/03\/peeptoes.jpg 700w, https:\/\/static-blogs.diariosur.es\/wp-content\/uploads\/sites\/17\/2017\/03\/peeptoes-258x300.jpg 258w\" sizes=\"(max-width: 700px) 100vw, 700px\" \/><\/a><p id=\"caption-attachment-5391\" class=\"wp-caption-text\">La bloguera My Pepptoes tambi\u00e9n se ha dejado ver con estos pantalones. \/ Instagram<\/p><\/div>\n<p>&nbsp;<\/p>\n<div id=\"attachment_5388\" style=\"width: 710px\" class=\"wp-caption aligncenter\"><a href=\"\/gracias-a-dior\/wp-content\/uploads\/sites\/17\/2017\/03\/collage.jpg\"><img aria-describedby=\"caption-attachment-5388\" loading=\"lazy\" class=\"size-full wp-image-5388\" title=\"Collage Vintage tampoco ha podido resistirse a ellos\" src=\"\/gracias-a-dior\/wp-content\/uploads\/sites\/17\/2017\/03\/collage.jpg\" alt=\"Collage Vintage tampoco ha podido resistirse a ellos\" width=\"700\" height=\"772\" srcset=\"https:\/\/static-blogs.diariosur.es\/wp-content\/uploads\/sites\/17\/2017\/03\/collage.jpg 700w, https:\/\/static-blogs.diariosur.es\/wp-content\/uploads\/sites\/17\/2017\/03\/collage-272x300.jpg 272w\" sizes=\"(max-width: 700px) 100vw, 700px\" \/><\/a><p id=\"caption-attachment-5388\" class=\"wp-caption-text\">Collage Vintage tampoco ha podido resistirse a ellos. \/ Instagram<\/p><\/div>\n<p>&nbsp;<\/p>\n<div id=\"attachment_5389\" style=\"width: 710px\" class=\"wp-caption aligncenter\"><a href=\"\/gracias-a-dior\/wp-content\/uploads\/sites\/17\/2017\/03\/lovely-pepa.jpg\"><img aria-describedby=\"caption-attachment-5389\" loading=\"lazy\" class=\"size-full wp-image-5389\" title=\"Los flare jeans, seg\u00fan Lovely Pepa. \/ Instagram\" src=\"\/gracias-a-dior\/wp-content\/uploads\/sites\/17\/2017\/03\/lovely-pepa.jpg\" alt=\"Los flare jeans, seg\u00fan Lovely Pepa. \/ Instagram\" width=\"700\" height=\"561\" srcset=\"https:\/\/static-blogs.diariosur.es\/wp-content\/uploads\/sites\/17\/2017\/03\/lovely-pepa.jpg 700w, https:\/\/static-blogs.diariosur.es\/wp-content\/uploads\/sites\/17\/2017\/03\/lovely-pepa-300x240.jpg 300w\" sizes=\"(max-width: 700px) 100vw, 700px\" \/><\/a><p id=\"caption-attachment-5389\" class=\"wp-caption-text\">Los flare jeans, seg\u00fan Lovely Pepa. \/ Instagram<\/p><\/div>\n","protected":false},"excerpt":{"rendered":"<p>Esta temporada se vislumbra una tendencia de esas que gustan y horrorizan a partes iguales. Los pantalones vaqueros en un intento m\u00e1s de renovarse, aunque con cierto regusto a pasado, dejan a un lado sus versiones baggy, mom o pitillo para ir otorg\u00e1ndole mayor presencia a los flare jeans. Y m\u00e1s de uno se preguntar\u00e1 [&hellip;]<\/p>\n","protected":false},"author":20,"featured_media":0,"comment_status":"open","ping_status":"open","sticky":false,"template":"","format":"standard","meta":[],"categories":[3],"tags":[798,1331,1594,1911,2210,2431,2779],"_links":{"self":[{"href":"https:\/\/blogs.diariosur.es\/gracias-a-dior\/wp-json\/wp\/v2\/posts\/5387"}],"collection":[{"href":"https:\/\/blogs.diariosur.es\/gracias-a-dior\/wp-json\/wp\/v2\/posts"}],"about":[{"href":"https:\/\/blogs.diariosur.es\/gracias-a-dior\/wp-json\/wp\/v2\/types\/post"}],"author":[{"embeddable":true,"href":"https:\/\/blogs.diariosur.es\/gracias-a-dior\/wp-json\/wp\/v2\/users\/20"}],"replies":[{"embeddable":true,"href":"https:\/\/blogs.diariosur.es\/gracias-a-dior\/wp-json\/wp\/v2\/comments?post=5387"}],"version-history":[{"count":0,"href":"https:\/\/blogs.diariosur.es\/gracias-a-dior\/wp-json\/wp\/v2\/posts\/5387\/revisions"}],"wp:attachment":[{"href":"https:\/\/blogs.diariosur.es\/gracias-a-dior\/wp-json\/wp\/v2\/media?parent=5387"}],"wp:term":[{"taxonomy":"category","embeddable":true,"href":"https:\/\/blogs.diariosur.es\/gracias-a-dior\/wp-json\/wp\/v2\/categories?post=5387"},{"taxonomy":"post_tag","embeddable":true,"href":"https:\/\/blogs.diariosur.es\/gracias-a-dior\/wp-json\/wp\/v2\/tags?post=5387"}],"curies":[{"name":"wp","href":"https:\/\/api.w.org\/{rel}","templated":true}]}}