{"id":5395,"date":"2017-03-11T00:00:38","date_gmt":"2017-03-10T23:00:38","guid":{"rendered":"http:\/\/blogs.diariosur.es\/gracias-a-dior\/?p=5395"},"modified":"2017-03-11T00:00:38","modified_gmt":"2017-03-10T23:00:38","slug":"rosa-y-rojo-la-pareja-sorpresa-de-la-primavera","status":"publish","type":"post","link":"https:\/\/blogs.diariosur.es\/gracias-a-dior\/2017\/03\/11\/rosa-y-rojo-la-pareja-sorpresa-de-la-primavera\/","title":{"rendered":"Rosa y rojo, la pareja sorpresa de la primavera"},"content":{"rendered":"<p>Dice un dicho &#8216;<strong>fashionista<\/strong>&#8216; que &#8220;rosa y rojo, pu\u00f1etazo en un ojo&#8221;. Una afirmaci\u00f3n que viene a indicar la incompatibilidad que se da entre estos dos colores (tan similares y diferentes a la vez) o, por lo menos, que se pensaba que se daba, porque de esta mezcla de tonalidades que se pod\u00eda calificar de casi sacrilegio, se ha pasado a adorarlas, tal y como se puede apreciar en los <strong>lookbooks<\/strong> de tiendas con legiones de seguidores como <strong>Zara<\/strong>. Pues s\u00ed, del amor al odio hay un paso, en direcci\u00f3n contrario hay medio paso, sobre todo, en esto de la moda que sin pens\u00e1rselo dos veces y sin mucho esfuerzo ha conseguido que el<strong> rosa y el rojo sean pareja de hecho.<\/strong><\/p>\n<p>Las pasarelas fueron las primeras en presagiar que el rosa y el rojo ser\u00edan una de las parejas de moda de la primavera. As\u00ed, <strong>Valentino o Louis Vuitton<\/strong> fueron de los primeros en dise\u00f1ar entorno a estos dos tonos, al igual que \u00a0<strong>Alessandro Michele, el director creativo de Gucci<\/strong> que eligi\u00f3 a este d\u00fao de colores como protagonistas de sus <strong>desfiles de Oto\u00f1o Invierno 2016 y Primavera Verano 2017<\/strong>. \u00a0A la apuesta de los modistos se le ha unido la aceptaci\u00f3n de las &#8216;<strong>celebrities<\/strong>&#8216;, que han visto con buenos ojos a esta nueva mezcla. De hecho,<strong> Miranda Kerr o Pandora Sykes<\/strong> ya se han dejado ver con looks en los que el rosa y el rojo tienen todo el protagonismo. Y de ah\u00ed, \u00a0como no, a las tiendas low cost, donde -como ya se ha comentado- <strong>Zara<\/strong> fue de las primeras en presentar un avance de la temporada basado en el rosa y el rojo y \u00a0junto a ella otras tiendas como <strong>Mango o H&#038;M<\/strong> tambi\u00e9n han apostado por este binomio de tonalidades como el nuevo <strong>Black&#038;White.<\/strong><\/p>\n<p>Adem\u00e1s, un <strong>truco infalible<\/strong> es que para que no resulte extra\u00f1o este mix de colores prueba a\u00a0<strong>combinarlo<\/strong> todo con<strong> bisuter\u00eda s\u00f3lida<\/strong>, ver\u00e1s el buen resultado que te da.<\/p>\n<div id=\"attachment_5401\" style=\"width: 730px\" class=\"wp-caption aligncenter\"><a href=\"\/gracias-a-dior\/wp-content\/uploads\/sites\/17\/2017\/03\/zara3.jpg\"><img aria-describedby=\"caption-attachment-5401\" loading=\"lazy\" class=\"size-full wp-image-5401\" title=\"La aclamada falda de volantes de Zara y este jersey es uno de los looks estrellas del emporio Inditex\" src=\"\/gracias-a-dior\/wp-content\/uploads\/sites\/17\/2017\/03\/zara3.jpg\" alt=\"La aclamada falda de volantes de Zara y este jersey es uno de los looks estrellas del emporio Inditex\" width=\"720\" height=\"1080\" srcset=\"https:\/\/static-blogs.diariosur.es\/wp-content\/uploads\/sites\/17\/2017\/03\/zara3.jpg 720w, https:\/\/static-blogs.diariosur.es\/wp-content\/uploads\/sites\/17\/2017\/03\/zara3-200x300.jpg 200w, https:\/\/static-blogs.diariosur.es\/wp-content\/uploads\/sites\/17\/2017\/03\/zara3-683x1024.jpg 683w\" sizes=\"(max-width: 720px) 100vw, 720px\" \/><\/a><p id=\"caption-attachment-5401\" class=\"wp-caption-text\">La aclamada falda de volantes de Zara y este jersey es uno de los looks estrellas del emporio Inditex<\/p><\/div>\n<p>&nbsp;<\/p>\n<div id=\"attachment_5400\" style=\"width: 730px\" class=\"wp-caption aligncenter\"><a href=\"\/gracias-a-dior\/wp-content\/uploads\/sites\/17\/2017\/03\/zara2.jpg\"><img aria-describedby=\"caption-attachment-5400\" loading=\"lazy\" class=\"size-full wp-image-5400\" title=\"Otro de los estilismos que ha presentado Zara y que se basan en el binomio rosa-rojo\" src=\"\/gracias-a-dior\/wp-content\/uploads\/sites\/17\/2017\/03\/zara2.jpg\" alt=\"Otro de los estilismos que ha presentado Zara y que se basan en el binomio rosa-rojo\" width=\"720\" height=\"1080\" srcset=\"https:\/\/static-blogs.diariosur.es\/wp-content\/uploads\/sites\/17\/2017\/03\/zara2.jpg 720w, https:\/\/static-blogs.diariosur.es\/wp-content\/uploads\/sites\/17\/2017\/03\/zara2-200x300.jpg 200w, https:\/\/static-blogs.diariosur.es\/wp-content\/uploads\/sites\/17\/2017\/03\/zara2-683x1024.jpg 683w\" sizes=\"(max-width: 720px) 100vw, 720px\" \/><\/a><p id=\"caption-attachment-5400\" class=\"wp-caption-text\">Otro de los estilismos que ha presentado Zara y que se basan en el binomio rosa-rojo<\/p><\/div>\n<p>&nbsp;<\/p>\n<div id=\"attachment_5402\" style=\"width: 730px\" class=\"wp-caption aligncenter\"><a href=\"\/gracias-a-dior\/wp-content\/uploads\/sites\/17\/2017\/03\/zara4.jpg\"><img aria-describedby=\"caption-attachment-5402\" loading=\"lazy\" class=\"size-full wp-image-5402\" title=\"El calzado tambi\u00e9n mezcla estas dos tonalidades. \/ Zara\" src=\"\/gracias-a-dior\/wp-content\/uploads\/sites\/17\/2017\/03\/zara4.jpg\" alt=\"El calzado tambi\u00e9n mezcla estas dos tonalidades. \/ Zara\" width=\"720\" height=\"1080\" srcset=\"https:\/\/static-blogs.diariosur.es\/wp-content\/uploads\/sites\/17\/2017\/03\/zara4.jpg 720w, https:\/\/static-blogs.diariosur.es\/wp-content\/uploads\/sites\/17\/2017\/03\/zara4-200x300.jpg 200w, https:\/\/static-blogs.diariosur.es\/wp-content\/uploads\/sites\/17\/2017\/03\/zara4-683x1024.jpg 683w\" sizes=\"(max-width: 720px) 100vw, 720px\" \/><\/a><p id=\"caption-attachment-5402\" class=\"wp-caption-text\">El calzado tambi\u00e9n mezcla estas dos tonalidades. \/ Zara<\/p><\/div>\n<p>&nbsp;<\/p>\n<div id=\"attachment_5399\" style=\"width: 730px\" class=\"wp-caption aligncenter\"><a href=\"\/gracias-a-dior\/wp-content\/uploads\/sites\/17\/2017\/03\/zara.jpg\"><img aria-describedby=\"caption-attachment-5399\" loading=\"lazy\" class=\"size-full wp-image-5399\" title=\"Top rosa y pantal\u00f3n rojo de la colecci\u00f3n de Zara\" src=\"\/gracias-a-dior\/wp-content\/uploads\/sites\/17\/2017\/03\/zara.jpg\" alt=\"Top rosa y pantal\u00f3n rojo de la colecci\u00f3n de Zara\" width=\"720\" height=\"1080\" srcset=\"https:\/\/static-blogs.diariosur.es\/wp-content\/uploads\/sites\/17\/2017\/03\/zara.jpg 720w, https:\/\/static-blogs.diariosur.es\/wp-content\/uploads\/sites\/17\/2017\/03\/zara-200x300.jpg 200w, https:\/\/static-blogs.diariosur.es\/wp-content\/uploads\/sites\/17\/2017\/03\/zara-683x1024.jpg 683w\" sizes=\"(max-width: 720px) 100vw, 720px\" \/><\/a><p id=\"caption-attachment-5399\" class=\"wp-caption-text\">Top rosa y pantal\u00f3n rojo de la colecci\u00f3n de Zara<\/p><\/div>\n<p>&nbsp;<\/p>\n<div id=\"attachment_5397\" style=\"width: 530px\" class=\"wp-caption aligncenter\"><a href=\"\/gracias-a-dior\/wp-content\/uploads\/sites\/17\/2017\/03\/mango.jpg\"><img aria-describedby=\"caption-attachment-5397\" loading=\"lazy\" class=\"size-full wp-image-5397\" title=\"Mango tambi\u00e9n apuesta por el mix rosa-rojo\" src=\"\/gracias-a-dior\/wp-content\/uploads\/sites\/17\/2017\/03\/mango.jpg\" alt=\"Mango tambi\u00e9n apuesta por el mix rosa-rojo\" width=\"520\" height=\"900\" srcset=\"https:\/\/static-blogs.diariosur.es\/wp-content\/uploads\/sites\/17\/2017\/03\/mango.jpg 520w, https:\/\/static-blogs.diariosur.es\/wp-content\/uploads\/sites\/17\/2017\/03\/mango-173x300.jpg 173w\" sizes=\"(max-width: 520px) 100vw, 520px\" \/><\/a><p id=\"caption-attachment-5397\" class=\"wp-caption-text\">Mango tambi\u00e9n apuesta por el mix rosa-rojo<\/p><\/div>\n<p>&nbsp;<\/p>\n<div id=\"attachment_5398\" style=\"width: 730px\" class=\"wp-caption aligncenter\"><a href=\"\/gracias-a-dior\/wp-content\/uploads\/sites\/17\/2017\/03\/mango1.jpg\"><img aria-describedby=\"caption-attachment-5398\" loading=\"lazy\" class=\"size-full wp-image-5398\" title=\"Bolso de Mango. \/ Mango\" src=\"\/gracias-a-dior\/wp-content\/uploads\/sites\/17\/2017\/03\/mango1.jpg\" alt=\"Bolso de Mango. \/ Mango\" width=\"720\" height=\"1080\" srcset=\"https:\/\/static-blogs.diariosur.es\/wp-content\/uploads\/sites\/17\/2017\/03\/mango1.jpg 720w, https:\/\/static-blogs.diariosur.es\/wp-content\/uploads\/sites\/17\/2017\/03\/mango1-200x300.jpg 200w, https:\/\/static-blogs.diariosur.es\/wp-content\/uploads\/sites\/17\/2017\/03\/mango1-683x1024.jpg 683w\" sizes=\"(max-width: 720px) 100vw, 720px\" \/><\/a><p id=\"caption-attachment-5398\" class=\"wp-caption-text\">Bolso de Mango. \/ Mango<\/p><\/div>\n<p>&nbsp;<\/p>\n<div id=\"attachment_5396\" style=\"width: 730px\" class=\"wp-caption aligncenter\"><a href=\"\/gracias-a-dior\/wp-content\/uploads\/sites\/17\/2017\/03\/hm.jpg\"><img aria-describedby=\"caption-attachment-5396\" loading=\"lazy\" class=\"size-full wp-image-5396\" title=\"H&#038;M tambi\u00e9n se apunta a esta tendencia\" src=\"\/gracias-a-dior\/wp-content\/uploads\/sites\/17\/2017\/03\/hm.jpg\" alt=\"H&#038;M tambi\u00e9n se apunta a esta tendencia\" width=\"720\" height=\"1080\" srcset=\"https:\/\/static-blogs.diariosur.es\/wp-content\/uploads\/sites\/17\/2017\/03\/hm.jpg 720w, https:\/\/static-blogs.diariosur.es\/wp-content\/uploads\/sites\/17\/2017\/03\/hm-200x300.jpg 200w, https:\/\/static-blogs.diariosur.es\/wp-content\/uploads\/sites\/17\/2017\/03\/hm-683x1024.jpg 683w\" sizes=\"(max-width: 720px) 100vw, 720px\" \/><\/a><p id=\"caption-attachment-5396\" class=\"wp-caption-text\">H&M tambi\u00e9n se apunta a esta tendencia<\/p><\/div>\n","protected":false},"excerpt":{"rendered":"<p>Dice un dicho &#8216;fashionista&#8216; que &#8220;rosa y rojo, pu\u00f1etazo en un ojo&#8221;. Una afirmaci\u00f3n que viene a indicar la incompatibilidad que se da entre estos dos colores (tan similares y diferentes a la vez) o, por lo menos, que se pensaba que se daba, porque de esta mezcla de tonalidades que se pod\u00eda calificar de [&hellip;]<\/p>\n","protected":false},"author":20,"featured_media":0,"comment_status":"open","ping_status":"open","sticky":false,"template":"","format":"standard","meta":[],"categories":[3],"tags":[2401,2572,2710,2736],"_links":{"self":[{"href":"https:\/\/blogs.diariosur.es\/gracias-a-dior\/wp-json\/wp\/v2\/posts\/5395"}],"collection":[{"href":"https:\/\/blogs.diariosur.es\/gracias-a-dior\/wp-json\/wp\/v2\/posts"}],"about":[{"href":"https:\/\/blogs.diariosur.es\/gracias-a-dior\/wp-json\/wp\/v2\/types\/post"}],"author":[{"embeddable":true,"href":"https:\/\/blogs.diariosur.es\/gracias-a-dior\/wp-json\/wp\/v2\/users\/20"}],"replies":[{"embeddable":true,"href":"https:\/\/blogs.diariosur.es\/gracias-a-dior\/wp-json\/wp\/v2\/comments?post=5395"}],"version-history":[{"count":0,"href":"https:\/\/blogs.diariosur.es\/gracias-a-dior\/wp-json\/wp\/v2\/posts\/5395\/revisions"}],"wp:attachment":[{"href":"https:\/\/blogs.diariosur.es\/gracias-a-dior\/wp-json\/wp\/v2\/media?parent=5395"}],"wp:term":[{"taxonomy":"category","embeddable":true,"href":"https:\/\/blogs.diariosur.es\/gracias-a-dior\/wp-json\/wp\/v2\/categories?post=5395"},{"taxonomy":"post_tag","embeddable":true,"href":"https:\/\/blogs.diariosur.es\/gracias-a-dior\/wp-json\/wp\/v2\/tags?post=5395"}],"curies":[{"name":"wp","href":"https:\/\/api.w.org\/{rel}","templated":true}]}}