{"id":5411,"date":"2017-04-22T00:00:03","date_gmt":"2017-04-21T22:00:03","guid":{"rendered":"http:\/\/blogs.diariosur.es\/gracias-a-dior\/?p=5411"},"modified":"2017-04-22T00:00:03","modified_gmt":"2017-04-21T22:00:03","slug":"los-electrodomesticos-tambien-se-visten-de-dolce-gabbana","status":"publish","type":"post","link":"https:\/\/blogs.diariosur.es\/gracias-a-dior\/2017\/04\/22\/los-electrodomesticos-tambien-se-visten-de-dolce-gabbana\/","title":{"rendered":"Los electrodom\u00e9sticos tambi\u00e9n se visten de Dolce &#038; Gabbana"},"content":{"rendered":"<p>En el post de hoy vamos a hablar de moda, pero de moda en el hogar. Y es que <strong>Dolce &#038; Gabbana y Smeg<\/strong> se han unido para crear una l\u00ednea de electrodom\u00e9sticos que no dejan indiferente a nadie con su colorido y sus estampados que recrean colecciones ya vistas de <strong>Dolce &#038; Gabbana<\/strong> que se inspiran en la <strong>Sicilia<\/strong> m\u00e1s tradicional. &#8216;<strong>Sicilia es mi amor<\/strong>&#8216; es el nombre de este nuevo proyecto de la pareja de dise\u00f1adores italiana m\u00e1s famosa del mundo. Tostadoras, licuadoras, m\u00e1quinas de caf\u00e9, hervidores, exprimidores, todo ellos impulsados tras el \u00e9xito que obtuvo la l\u00ednea de<strong> 100 frigor\u00edficos &#8216;a la italiana&#8217;<\/strong> que estaban pintados a mano. En definitiva, una colecci\u00f3n s\u00f3lo apta para aquellos a los que les gustan los detalles m\u00e1s atrevidos.<\/p>\n<p>&nbsp;<\/p>\n<div id=\"attachment_5416\" style=\"width: 610px\" class=\"wp-caption aligncenter\"><a href=\"\/gracias-a-dior\/wp-content\/uploads\/sites\/17\/2017\/04\/20170419__1492603603_tNBip9.jpg\"><img aria-describedby=\"caption-attachment-5416\" loading=\"lazy\" class=\"size-full wp-image-5416\" title=\"Frigor\u00edficos de una anterior colecci\u00f3n\" src=\"\/gracias-a-dior\/wp-content\/uploads\/sites\/17\/2017\/04\/20170419__1492603603_tNBip9.jpg\" alt=\"Frigor\u00edficos de una anterior colecci\u00f3n\" width=\"600\" height=\"300\" srcset=\"https:\/\/static-blogs.diariosur.es\/wp-content\/uploads\/sites\/17\/2017\/04\/20170419__1492603603_tNBip9.jpg 600w, https:\/\/static-blogs.diariosur.es\/wp-content\/uploads\/sites\/17\/2017\/04\/20170419__1492603603_tNBip9-300x150.jpg 300w\" sizes=\"(max-width: 600px) 100vw, 600px\" \/><\/a><p id=\"caption-attachment-5416\" class=\"wp-caption-text\">Frigor\u00edficos de una anterior colecci\u00f3n<\/p><\/div>\n<p>La colecci\u00f3n tiene todos los ingredientes necesarios para triunfar en los hogares de todo el mundo. Primero, se trata de <strong>peque\u00f1os electrodom\u00e9sticos como pueden ser \u00a0una cafetera o un exprimidor<\/strong> que cualquier personas puede tener y, segundo, que como andamiaje los atractivos dise\u00f1os de la compa\u00f1\u00eda alemana <strong>Smeg<\/strong>, una marca de sobras conocida y de confianza que siempre gusta por su estilo, sobre todo, a los m\u00e1s j\u00f3venes.<\/p>\n<p>Evidentemente, para que esta colecci\u00f3n tenga ese sabor tradicional a Sicilia, la l\u00ednea la conforman una serie de aparatos que tienen un marcado estilo vintage, gracias al estampado floral que combina con im\u00e1genes del <strong>volc\u00e1n Etna o el rostro de \u00a0Trinacria<\/strong>, una medusa que aparece en la bandera de Sicilia y que es sello inconfundible de <strong>D&#038;G.<\/strong> Adem\u00e1s, se observan otros motivos que engalanan estos electrodom\u00e9sticos como son los limones o las naranjas, tambi\u00e9n peras y cerezas.<\/p>\n<p>Una edici\u00f3n limitada que har\u00e1 las delicias de los fans de Dolce &#038; Gabbana y, por supuesto, de todos aquellos a los que no les da miedo arriesgar con color y de paso poner una obra de arte en la cocina.<\/p>\n<p>\u00bfEst\u00e1s deseoso de verlos? Pues, esta es la colecci\u00f3n de Dolce &#038; Gabbana que querr\u00e1s tener:<\/p>\n<div id=\"attachment_5412\" style=\"width: 610px\" class=\"wp-caption aligncenter\"><a href=\"\/gracias-a-dior\/wp-content\/uploads\/sites\/17\/2017\/04\/20170419__1492603603_bypvcj1qh.jpg\"><img aria-describedby=\"caption-attachment-5412\" loading=\"lazy\" class=\"size-full wp-image-5412\" title=\"Licuadora\" src=\"\/gracias-a-dior\/wp-content\/uploads\/sites\/17\/2017\/04\/20170419__1492603603_bypvcj1qh.jpg\" alt=\"Licuadora\" width=\"600\" height=\"801\" srcset=\"https:\/\/static-blogs.diariosur.es\/wp-content\/uploads\/sites\/17\/2017\/04\/20170419__1492603603_bypvcj1qh.jpg 600w, https:\/\/static-blogs.diariosur.es\/wp-content\/uploads\/sites\/17\/2017\/04\/20170419__1492603603_bypvcj1qh-225x300.jpg 225w\" sizes=\"(max-width: 600px) 100vw, 600px\" \/><\/a><p id=\"caption-attachment-5412\" class=\"wp-caption-text\">Licuadora<\/p><\/div>\n<p>&nbsp;<\/p>\n<div id=\"attachment_5420\" style=\"width: 610px\" class=\"wp-caption aligncenter\"><a href=\"\/gracias-a-dior\/wp-content\/uploads\/sites\/17\/2017\/04\/20170419__1492603603_fXBGAzb1.jpg\"><img aria-describedby=\"caption-attachment-5420\" loading=\"lazy\" class=\"size-full wp-image-5420\" title=\"Batidora-mezcladora\" src=\"\/gracias-a-dior\/wp-content\/uploads\/sites\/17\/2017\/04\/20170419__1492603603_fXBGAzb1.jpg\" alt=\"Batidora-mezcladora\" width=\"600\" height=\"600\" srcset=\"https:\/\/static-blogs.diariosur.es\/wp-content\/uploads\/sites\/17\/2017\/04\/20170419__1492603603_fXBGAzb1.jpg 600w, https:\/\/static-blogs.diariosur.es\/wp-content\/uploads\/sites\/17\/2017\/04\/20170419__1492603603_fXBGAzb1-150x150.jpg 150w, https:\/\/static-blogs.diariosur.es\/wp-content\/uploads\/sites\/17\/2017\/04\/20170419__1492603603_fXBGAzb1-300x300.jpg 300w\" sizes=\"(max-width: 600px) 100vw, 600px\" \/><\/a><p id=\"caption-attachment-5420\" class=\"wp-caption-text\">Batidora-mezcladora<\/p><\/div>\n<p>&nbsp;<\/p>\n<div id=\"attachment_5419\" style=\"width: 610px\" class=\"wp-caption aligncenter\"><a href=\"\/gracias-a-dior\/wp-content\/uploads\/sites\/17\/2017\/04\/20170419__1492603603_ywZswM.jpg\"><img aria-describedby=\"caption-attachment-5419\" loading=\"lazy\" class=\"size-full wp-image-5419\" title=\"Cafetera\" src=\"\/gracias-a-dior\/wp-content\/uploads\/sites\/17\/2017\/04\/20170419__1492603603_ywZswM.jpg\" alt=\"Cafetera\" width=\"600\" height=\"600\" srcset=\"https:\/\/static-blogs.diariosur.es\/wp-content\/uploads\/sites\/17\/2017\/04\/20170419__1492603603_ywZswM.jpg 600w, https:\/\/static-blogs.diariosur.es\/wp-content\/uploads\/sites\/17\/2017\/04\/20170419__1492603603_ywZswM-150x150.jpg 150w, https:\/\/static-blogs.diariosur.es\/wp-content\/uploads\/sites\/17\/2017\/04\/20170419__1492603603_ywZswM-300x300.jpg 300w\" sizes=\"(max-width: 600px) 100vw, 600px\" \/><\/a><p id=\"caption-attachment-5419\" class=\"wp-caption-text\">Cafetera<\/p><\/div>\n<p>&nbsp;<\/p>\n<div id=\"attachment_5414\" style=\"width: 610px\" class=\"wp-caption aligncenter\"><a href=\"\/gracias-a-dior\/wp-content\/uploads\/sites\/17\/2017\/04\/20170419__1492603603_GrhHmv.jpg\"><img aria-describedby=\"caption-attachment-5414\" loading=\"lazy\" class=\"size-full wp-image-5414\" title=\"Exprimidor de limones\" src=\"\/gracias-a-dior\/wp-content\/uploads\/sites\/17\/2017\/04\/20170419__1492603603_GrhHmv.jpg\" alt=\"Exprimidor de limones\" width=\"600\" height=\"766\" srcset=\"https:\/\/static-blogs.diariosur.es\/wp-content\/uploads\/sites\/17\/2017\/04\/20170419__1492603603_GrhHmv.jpg 600w, https:\/\/static-blogs.diariosur.es\/wp-content\/uploads\/sites\/17\/2017\/04\/20170419__1492603603_GrhHmv-235x300.jpg 235w\" sizes=\"(max-width: 600px) 100vw, 600px\" \/><\/a><p id=\"caption-attachment-5414\" class=\"wp-caption-text\">Exprimidor <\/p><\/div>\n<div id=\"attachment_5418\" style=\"width: 610px\" class=\"wp-caption aligncenter\"><a href=\"\/gracias-a-dior\/wp-content\/uploads\/sites\/17\/2017\/04\/20170419__1492603603_Wyj9aP.jpg\"><img aria-describedby=\"caption-attachment-5418\" loading=\"lazy\" class=\"size-full wp-image-5418\" title=\"Exprimidor\" src=\"\/gracias-a-dior\/wp-content\/uploads\/sites\/17\/2017\/04\/20170419__1492603603_Wyj9aP.jpg\" alt=\"Exprimidor\" width=\"600\" height=\"600\" srcset=\"https:\/\/static-blogs.diariosur.es\/wp-content\/uploads\/sites\/17\/2017\/04\/20170419__1492603603_Wyj9aP.jpg 600w, https:\/\/static-blogs.diariosur.es\/wp-content\/uploads\/sites\/17\/2017\/04\/20170419__1492603603_Wyj9aP-150x150.jpg 150w, https:\/\/static-blogs.diariosur.es\/wp-content\/uploads\/sites\/17\/2017\/04\/20170419__1492603603_Wyj9aP-300x300.jpg 300w\" sizes=\"(max-width: 600px) 100vw, 600px\" \/><\/a><p id=\"caption-attachment-5418\" class=\"wp-caption-text\">Tetera<\/p><\/div>\n<p>&nbsp;<\/p>\n<div id=\"attachment_5415\" style=\"width: 610px\" class=\"wp-caption aligncenter\"><a href=\"\/gracias-a-dior\/wp-content\/uploads\/sites\/17\/2017\/04\/20170419__1492603603_qUt.jpg\"><img aria-describedby=\"caption-attachment-5415\" loading=\"lazy\" class=\"size-full wp-image-5415\" title=\"Tostadora\" src=\"\/gracias-a-dior\/wp-content\/uploads\/sites\/17\/2017\/04\/20170419__1492603603_qUt.jpg\" alt=\"Tostadora\" width=\"600\" height=\"338\" srcset=\"https:\/\/static-blogs.diariosur.es\/wp-content\/uploads\/sites\/17\/2017\/04\/20170419__1492603603_qUt.jpg 600w, https:\/\/static-blogs.diariosur.es\/wp-content\/uploads\/sites\/17\/2017\/04\/20170419__1492603603_qUt-300x169.jpg 300w\" sizes=\"(max-width: 600px) 100vw, 600px\" \/><\/a><p id=\"caption-attachment-5415\" class=\"wp-caption-text\">Tostadora<\/p><\/div>\n<p>&nbsp;<\/p>\n<p>&nbsp;<\/p>\n","protected":false},"excerpt":{"rendered":"<p>En el post de hoy vamos a hablar de moda, pero de moda en el hogar. Y es que Dolce &#038; Gabbana y Smeg se han unido para crear una l\u00ednea de electrodom\u00e9sticos que no dejan indiferente a nadie con su colorido y sus estampados que recrean colecciones ya vistas de Dolce &#038; Gabbana que [&hellip;]<\/p>\n","protected":false},"author":20,"featured_media":0,"comment_status":"open","ping_status":"open","sticky":false,"template":"","format":"standard","meta":[],"categories":[3],"tags":[],"_links":{"self":[{"href":"https:\/\/blogs.diariosur.es\/gracias-a-dior\/wp-json\/wp\/v2\/posts\/5411"}],"collection":[{"href":"https:\/\/blogs.diariosur.es\/gracias-a-dior\/wp-json\/wp\/v2\/posts"}],"about":[{"href":"https:\/\/blogs.diariosur.es\/gracias-a-dior\/wp-json\/wp\/v2\/types\/post"}],"author":[{"embeddable":true,"href":"https:\/\/blogs.diariosur.es\/gracias-a-dior\/wp-json\/wp\/v2\/users\/20"}],"replies":[{"embeddable":true,"href":"https:\/\/blogs.diariosur.es\/gracias-a-dior\/wp-json\/wp\/v2\/comments?post=5411"}],"version-history":[{"count":0,"href":"https:\/\/blogs.diariosur.es\/gracias-a-dior\/wp-json\/wp\/v2\/posts\/5411\/revisions"}],"wp:attachment":[{"href":"https:\/\/blogs.diariosur.es\/gracias-a-dior\/wp-json\/wp\/v2\/media?parent=5411"}],"wp:term":[{"taxonomy":"category","embeddable":true,"href":"https:\/\/blogs.diariosur.es\/gracias-a-dior\/wp-json\/wp\/v2\/categories?post=5411"},{"taxonomy":"post_tag","embeddable":true,"href":"https:\/\/blogs.diariosur.es\/gracias-a-dior\/wp-json\/wp\/v2\/tags?post=5411"}],"curies":[{"name":"wp","href":"https:\/\/api.w.org\/{rel}","templated":true}]}}