{"id":5424,"date":"2017-05-20T00:00:06","date_gmt":"2017-05-19T22:00:06","guid":{"rendered":"http:\/\/blogs.diariosur.es\/gracias-a-dior\/?p=5424"},"modified":"2017-05-20T00:00:06","modified_gmt":"2017-05-19T22:00:06","slug":"zara-manual-definitivo-para-lucir-el-accesorio-del-verano-el-panuelo","status":"publish","type":"post","link":"https:\/\/blogs.diariosur.es\/gracias-a-dior\/2017\/05\/20\/zara-manual-definitivo-para-lucir-el-accesorio-del-verano-el-panuelo\/","title":{"rendered":"Zara: Manual de uso para lucir el pa\u00f1uelo"},"content":{"rendered":"<p>El verano pasado comenz\u00f3 a verse t\u00edmidamente en los perfiles de las <strong>blogueras<\/strong> m\u00e1s famosas del mundo un elemento com\u00fan en los estilismos. Se trataba de un pa\u00f1uelo corto que lo colocaban estrat\u00e9gicamente alrededor de su cuello al m\u00e1s puro estilo <strong>retro<\/strong>. Aquellos <strong>outfits<\/strong> que quedaron como peque\u00f1as postales estivales, han ido, poco a poco, comiendo terreno a otros complementos de tal manera que a d\u00eda de hoy es indiscutible no mencionar al pa\u00f1uelo como el complemento estrella de la temporada. No hay <strong>Instagram<\/strong> fashion que no lo contenga en alg\u00fan look y, por supuesto, no hay <strong>tienda &#8216;low cost&#8217;<\/strong> que no lo incluya entre sus art\u00edculos.<\/p>\n<p>Y es que si quieres ser toda una <strong>&#8216;it girl&#8217;<\/strong> no debes evitarlo por varias razones: es un &#8216;must&#8217; de temporada y tiene infinidad de posibilidades a la hora de lucirlo, de tal manera que su uso no quedar\u00e1 relegado al cuello, sino que tambi\u00e9n podr\u00e1 lucirse en el costado o adornando el cabello. Precisamente, en cuanto a su manual de uso, <strong>Zara<\/strong> ha lanzado todo un tutorial en su<strong><a href=\"https:\/\/www.zara.com\/es\/es\/mujer\/accesorios\/pa%C3%B1uelos-y-fulares-c375004.html\" rel=\"external nofollow\"> p\u00e1gina web<\/a><\/strong>, con el que muestra los mil y un usos posibles del pa\u00f1uelo a trav\u00e9s de los <strong>lookbooks<\/strong> que se incluyen en su colecci\u00f3n \u00a0<strong>#SummerScarves.<\/strong><\/p>\n<p>1.- As\u00ed, la primera opci\u00f3n que revela Zara es la de colocarlo a modo de poncho si se trata de un pa\u00f1uelo con dimensiones de <strong>foulard<\/strong>.<\/p>\n<div id=\"attachment_5425\" style=\"width: 710px\" class=\"wp-caption aligncenter\"><a href=\"\/gracias-a-dior\/wp-content\/uploads\/sites\/17\/2017\/05\/zara-poncho.jpg\"><img aria-describedby=\"caption-attachment-5425\" loading=\"lazy\" class=\"size-full wp-image-5425\" title=\"Maxi pa\u00f1uelo, a modo de poncho. \/ ZARA\" src=\"\/gracias-a-dior\/wp-content\/uploads\/sites\/17\/2017\/05\/zara-poncho.jpg\" alt=\"Maxi pa\u00f1uelo, a modo de poncho. \/ ZARA\" width=\"700\" height=\"867\" srcset=\"https:\/\/static-blogs.diariosur.es\/wp-content\/uploads\/sites\/17\/2017\/05\/zara-poncho.jpg 700w, https:\/\/static-blogs.diariosur.es\/wp-content\/uploads\/sites\/17\/2017\/05\/zara-poncho-242x300.jpg 242w\" sizes=\"(max-width: 700px) 100vw, 700px\" \/><\/a><p id=\"caption-attachment-5425\" class=\"wp-caption-text\">Maxi pa\u00f1uelo, a modo de poncho. \/ ZARA<\/p><\/div>\n<p>2.-En cambio, para la segunda de las alternativas que ofrece Zara, el gigante de Inditex innova y lo presenta como un posible <strong>bolsito<\/strong> en el que llevar tus enseres.<\/p>\n<div id=\"attachment_5426\" style=\"width: 710px\" class=\"wp-caption aligncenter\"><a href=\"\/gracias-a-dior\/wp-content\/uploads\/sites\/17\/2017\/05\/zara-bolso.jpg\"><img aria-describedby=\"caption-attachment-5426\" loading=\"lazy\" class=\"size-full wp-image-5426\" title=\"Zara una vez m\u00e1s crea tendencias. \/ ZARA\" src=\"\/gracias-a-dior\/wp-content\/uploads\/sites\/17\/2017\/05\/zara-bolso.jpg\" alt=\"Zara una vez m\u00e1s crea tendencias. \/ ZARA\" width=\"700\" height=\"867\" srcset=\"https:\/\/static-blogs.diariosur.es\/wp-content\/uploads\/sites\/17\/2017\/05\/zara-bolso.jpg 700w, https:\/\/static-blogs.diariosur.es\/wp-content\/uploads\/sites\/17\/2017\/05\/zara-bolso-242x300.jpg 242w\" sizes=\"(max-width: 700px) 100vw, 700px\" \/><\/a><p id=\"caption-attachment-5426\" class=\"wp-caption-text\">Zara una vez m\u00e1s crea tendencias. \/ ZARA<\/p><\/div>\n<p>3.-Si lo tuyo no es usar el pa\u00f1uelo al cuello, tambi\u00e9n tendr\u00e1s la opci\u00f3n de colocarlo <strong>adornando un &#8216;top knot&#8217;,<\/strong> o lo que es lo mismo un mo\u00f1o alto, una opci\u00f3n de recogido que en el tiempo que entra se antoja como una de las favoritas de las mujeres tanto por su facilidad a la hora de hacerlo como por la rapidez de quedar perfecta en un &#8216;bad hair day&#8217;.<\/p>\n<div id=\"attachment_5427\" style=\"width: 710px\" class=\"wp-caption aligncenter\"><a href=\"\/gracias-a-dior\/wp-content\/uploads\/sites\/17\/2017\/05\/zara-mono.jpg\"><img aria-describedby=\"caption-attachment-5427\" loading=\"lazy\" class=\"size-full wp-image-5427\" title=\"Enrolla tu recogido con un pa\u00f1uelo. \/ ZARA\" src=\"\/gracias-a-dior\/wp-content\/uploads\/sites\/17\/2017\/05\/zara-mono.jpg\" alt=\"Enrolla tu recogido con un pa\u00f1uelo. \/ ZARA\" width=\"700\" height=\"517\" srcset=\"https:\/\/static-blogs.diariosur.es\/wp-content\/uploads\/sites\/17\/2017\/05\/zara-mono.jpg 700w, https:\/\/static-blogs.diariosur.es\/wp-content\/uploads\/sites\/17\/2017\/05\/zara-mono-300x222.jpg 300w\" sizes=\"(max-width: 700px) 100vw, 700px\" \/><\/a><p id=\"caption-attachment-5427\" class=\"wp-caption-text\">Enrolla tu recogido con un pa\u00f1uelo. \/ ZARA<\/p><\/div>\n<p>4.-La <strong>versi\u00f3n m\u00e1s &#8216;it&#8217; del pa\u00f1uelo<\/strong> est\u00e1 en este punto y no es otra que su uso que m\u00e1s recuerda a a\u00f1os pasados, pero como la moda es c\u00edclica es normal que hayas visto a tu madre lucirlo al cuello mucho antes que t\u00fa.<\/p>\n<div id=\"attachment_5428\" style=\"width: 710px\" class=\"wp-caption aligncenter\"><a href=\"\/gracias-a-dior\/wp-content\/uploads\/sites\/17\/2017\/05\/zara-cuello.jpg\"><img aria-describedby=\"caption-attachment-5428\" loading=\"lazy\" class=\"size-full wp-image-5428\" title=\"El pa\u00f1uelo al cuello es la opci\u00f3n m\u00e1s tradicional. \/ ZARA\" src=\"\/gracias-a-dior\/wp-content\/uploads\/sites\/17\/2017\/05\/zara-cuello.jpg\" alt=\"El pa\u00f1uelo al cuello es la opci\u00f3n m\u00e1s tradicional. \/ ZARA\" width=\"700\" height=\"867\" srcset=\"https:\/\/static-blogs.diariosur.es\/wp-content\/uploads\/sites\/17\/2017\/05\/zara-cuello.jpg 700w, https:\/\/static-blogs.diariosur.es\/wp-content\/uploads\/sites\/17\/2017\/05\/zara-cuello-242x300.jpg 242w\" sizes=\"(max-width: 700px) 100vw, 700px\" \/><\/a><p id=\"caption-attachment-5428\" class=\"wp-caption-text\">El pa\u00f1uelo al cuello es la opci\u00f3n m\u00e1s tradicional. \/ ZARA<\/p><\/div>\n<p>5.-Si nunca se te ha ocurrido, Zara te pone en bandeja este modo de utilizar el pa\u00f1uelo. Si puede que te sirva para engalanar un mo\u00f1o, tambi\u00e9n le dar\u00e1 un<strong> toque de distinci\u00f3n a cualquier trenza que te hagas en tu pelo.<\/strong><\/p>\n<div id=\"attachment_5429\" style=\"width: 710px\" class=\"wp-caption aligncenter\"><a href=\"\/gracias-a-dior\/wp-content\/uploads\/sites\/17\/2017\/05\/zara-trenza.jpg\"><img aria-describedby=\"caption-attachment-5429\" loading=\"lazy\" class=\"size-full wp-image-5429\" title=\"Otra opci\u00f3n es entrelazarlo en una trenza. \/ ZARA\" src=\"\/gracias-a-dior\/wp-content\/uploads\/sites\/17\/2017\/05\/zara-trenza.jpg\" alt=\"Otra opci\u00f3n es entrelazarlo en una trenza. \/ ZARA\" width=\"700\" height=\"867\" srcset=\"https:\/\/static-blogs.diariosur.es\/wp-content\/uploads\/sites\/17\/2017\/05\/zara-trenza.jpg 700w, https:\/\/static-blogs.diariosur.es\/wp-content\/uploads\/sites\/17\/2017\/05\/zara-trenza-242x300.jpg 242w\" sizes=\"(max-width: 700px) 100vw, 700px\" \/><\/a><p id=\"caption-attachment-5429\" class=\"wp-caption-text\">Otra opci\u00f3n es entrelazarlo en una trenza. \/ ZARA<\/p><\/div>\n<p>6.-Por otro lado, tambi\u00e9n hay que se\u00f1alar que si lo quieres llevar al cuello no s\u00f3lo tendr\u00e1s la opci\u00f3n del punto 4, sino que tambi\u00e9n podr\u00e1s colocarlo al m\u00e1s puro <strong>estilo &#8216;cowboy&#8217;<\/strong>. Ponlo alrededor del cuelo, pero d\u00e9jalo largo y an\u00fadalo a la altura del estern\u00f3n, conseguir\u00e1s un efecto m\u00e1s informal.<\/p>\n<div id=\"attachment_5430\" style=\"width: 710px\" class=\"wp-caption aligncenter\"><a href=\"\/gracias-a-dior\/wp-content\/uploads\/sites\/17\/2017\/05\/zara-lunares.jpg\"><img aria-describedby=\"caption-attachment-5430\" loading=\"lazy\" class=\"size-full wp-image-5430\" title=\"Versi\u00f3n 'cowboy'. \/ ZARA\" src=\"\/gracias-a-dior\/wp-content\/uploads\/sites\/17\/2017\/05\/zara-lunares.jpg\" alt=\"Versi\u00f3n 'cowboy'. \/ ZARA\" width=\"700\" height=\"867\" srcset=\"https:\/\/static-blogs.diariosur.es\/wp-content\/uploads\/sites\/17\/2017\/05\/zara-lunares.jpg 700w, https:\/\/static-blogs.diariosur.es\/wp-content\/uploads\/sites\/17\/2017\/05\/zara-lunares-242x300.jpg 242w\" sizes=\"(max-width: 700px) 100vw, 700px\" \/><\/a><p id=\"caption-attachment-5430\" class=\"wp-caption-text\">Versi\u00f3n &#39;cowboy&#39;. \/ ZARA<\/p><\/div>\n<p>7.-El estilo <strong>pirata<\/strong> no pod\u00eda faltar y Zara lo incluye en esta gu\u00eda &#8216;sui generis&#8217;. As\u00ed, que ya sabes si quieres recoger tu pelo y dar un giro a tu estilismo no lo pienses y \u00fasalo como si fueras el mism\u00edsimo<strong> Jack Sparrow.<\/strong><\/p>\n<div id=\"attachment_5431\" style=\"width: 710px\" class=\"wp-caption aligncenter\"><a href=\"\/gracias-a-dior\/wp-content\/uploads\/sites\/17\/2017\/05\/zara-pirata.jpg\"><img aria-describedby=\"caption-attachment-5431\" loading=\"lazy\" class=\"size-full wp-image-5431\" title=\"El pa\u00f1uelo tambi\u00e9n puede ponerse en la cabeza dando un toque pirata. \/ ZARA\" src=\"\/gracias-a-dior\/wp-content\/uploads\/sites\/17\/2017\/05\/zara-pirata.jpg\" alt=\"El pa\u00f1uelo tambi\u00e9n puede ponerse en la cabeza dando un toque pirata. \/ ZARA\" width=\"700\" height=\"867\" srcset=\"https:\/\/static-blogs.diariosur.es\/wp-content\/uploads\/sites\/17\/2017\/05\/zara-pirata.jpg 700w, https:\/\/static-blogs.diariosur.es\/wp-content\/uploads\/sites\/17\/2017\/05\/zara-pirata-242x300.jpg 242w\" sizes=\"(max-width: 700px) 100vw, 700px\" \/><\/a><p id=\"caption-attachment-5431\" class=\"wp-caption-text\">El pa\u00f1uelo tambi\u00e9n puede ponerse en la cabeza dando un toque pirata. \/ ZARA<\/p><\/div>\n<p>8.-Alternativa para maxi pa\u00f1uelos. <strong>Ub\u00edcalo alrededor del cuello y sus extremos d\u00e9jalos cruzados<\/strong> (sin nudo) por el torso.<\/p>\n<div id=\"attachment_5432\" style=\"width: 710px\" class=\"wp-caption aligncenter\"><a href=\"\/gracias-a-dior\/wp-content\/uploads\/sites\/17\/2017\/05\/zara-cruzado.jpg\"><img aria-describedby=\"caption-attachment-5432\" loading=\"lazy\" class=\"size-full wp-image-5432\" title=\"Los pa\u00f1uelos XL tambi\u00e9n podr\u00e1s lucirlos de esta manera. \/ ZARA\" src=\"\/gracias-a-dior\/wp-content\/uploads\/sites\/17\/2017\/05\/zara-cruzado.jpg\" alt=\"Los pa\u00f1uelos XL tambi\u00e9n podr\u00e1s lucirlos de esta manera. \/ ZARA\" width=\"700\" height=\"867\" srcset=\"https:\/\/static-blogs.diariosur.es\/wp-content\/uploads\/sites\/17\/2017\/05\/zara-cruzado.jpg 700w, https:\/\/static-blogs.diariosur.es\/wp-content\/uploads\/sites\/17\/2017\/05\/zara-cruzado-242x300.jpg 242w\" sizes=\"(max-width: 700px) 100vw, 700px\" \/><\/a><p id=\"caption-attachment-5432\" class=\"wp-caption-text\">Los pa\u00f1uelos XL tambi\u00e9n podr\u00e1s lucirlos de esta manera. \/ ZARA<\/p><\/div>\n<p>9.- Por \u00faltimo y tambi\u00e9n exclusivo para pa\u00f1uelos XL, <strong>repite la acci\u00f3n anterior pero uno de sus extremos d\u00e9jalo caer sobre uno de tus hombros.<\/strong><\/p>\n<div id=\"attachment_5433\" style=\"width: 710px\" class=\"wp-caption aligncenter\"><a href=\"\/gracias-a-dior\/wp-content\/uploads\/sites\/17\/2017\/05\/zara-atras.jpg\"><img aria-describedby=\"caption-attachment-5433\" loading=\"lazy\" class=\"size-full wp-image-5433\" title=\"Una manera sencilla pero muy vistosa de lucir un maxi pa\u00f1uelo. \/ ZARA\" src=\"\/gracias-a-dior\/wp-content\/uploads\/sites\/17\/2017\/05\/zara-atras.jpg\" alt=\"Una manera sencilla pero muy vistosa de lucir un maxi pa\u00f1uelo. \/ ZARA\" width=\"700\" height=\"867\" srcset=\"https:\/\/static-blogs.diariosur.es\/wp-content\/uploads\/sites\/17\/2017\/05\/zara-atras.jpg 700w, https:\/\/static-blogs.diariosur.es\/wp-content\/uploads\/sites\/17\/2017\/05\/zara-atras-242x300.jpg 242w\" sizes=\"(max-width: 700px) 100vw, 700px\" \/><\/a><p id=\"caption-attachment-5433\" class=\"wp-caption-text\">Una manera sencilla pero muy vistosa de lucir un maxi pa\u00f1uelo. \/ ZARA<\/p><\/div>\n","protected":false},"excerpt":{"rendered":"<p>El verano pasado comenz\u00f3 a verse t\u00edmidamente en los perfiles de las blogueras m\u00e1s famosas del mundo un elemento com\u00fan en los estilismos. Se trataba de un pa\u00f1uelo corto que lo colocaban estrat\u00e9gicamente alrededor de su cuello al m\u00e1s puro estilo retro. Aquellos outfits que quedaron como peque\u00f1as postales estivales, han ido, poco a poco, [&hellip;]<\/p>\n","protected":false},"author":20,"featured_media":0,"comment_status":"open","ping_status":"open","sticky":false,"template":"","format":"standard","meta":[],"categories":[3],"tags":[3385,2397,3386,3387,3360],"_links":{"self":[{"href":"https:\/\/blogs.diariosur.es\/gracias-a-dior\/wp-json\/wp\/v2\/posts\/5424"}],"collection":[{"href":"https:\/\/blogs.diariosur.es\/gracias-a-dior\/wp-json\/wp\/v2\/posts"}],"about":[{"href":"https:\/\/blogs.diariosur.es\/gracias-a-dior\/wp-json\/wp\/v2\/types\/post"}],"author":[{"embeddable":true,"href":"https:\/\/blogs.diariosur.es\/gracias-a-dior\/wp-json\/wp\/v2\/users\/20"}],"replies":[{"embeddable":true,"href":"https:\/\/blogs.diariosur.es\/gracias-a-dior\/wp-json\/wp\/v2\/comments?post=5424"}],"version-history":[{"count":0,"href":"https:\/\/blogs.diariosur.es\/gracias-a-dior\/wp-json\/wp\/v2\/posts\/5424\/revisions"}],"wp:attachment":[{"href":"https:\/\/blogs.diariosur.es\/gracias-a-dior\/wp-json\/wp\/v2\/media?parent=5424"}],"wp:term":[{"taxonomy":"category","embeddable":true,"href":"https:\/\/blogs.diariosur.es\/gracias-a-dior\/wp-json\/wp\/v2\/categories?post=5424"},{"taxonomy":"post_tag","embeddable":true,"href":"https:\/\/blogs.diariosur.es\/gracias-a-dior\/wp-json\/wp\/v2\/tags?post=5424"}],"curies":[{"name":"wp","href":"https:\/\/api.w.org\/{rel}","templated":true}]}}