{"id":5437,"date":"2017-06-24T00:00:29","date_gmt":"2017-06-23T22:00:29","guid":{"rendered":"http:\/\/blogs.diariosur.es\/gracias-a-dior\/?p=5437"},"modified":"2017-06-24T00:00:29","modified_gmt":"2017-06-23T22:00:29","slug":"zara-los-10-hits-de-rebajas","status":"publish","type":"post","link":"https:\/\/blogs.diariosur.es\/gracias-a-dior\/2017\/06\/24\/zara-los-10-hits-de-rebajas\/","title":{"rendered":"Zara: los 10 &#039;hits&#039; de rebajas"},"content":{"rendered":"<p>Solo falta una semana para que las <strong>rebajas<\/strong> empiecen oficialmente y ya son muchas las que tienen hecha una lista con todos los flechazos de esta temporada para llev\u00e1rselos a un precio mucho mejor. Y es que, a pesar de que muchas tiendas han comenzado esta semana con promociones y saldos, las rebajas de <strong>Inditex<\/strong>, en general, y las de <strong>Zara<\/strong>, en particular, siempre causan especial furor entre sus fieles.<\/p>\n<p>As\u00ed y tras los<strong> &#8216;must have&#8217;<\/strong> de esta primavera verano (los <strong>kitten heel de flores<\/strong> o el archifamoso\u00a0<strong>kimono<\/strong>), las zara-adictas cuentan las horas para tener la satisfacci\u00f3n de adquirir esos &#8216;<strong>hits<\/strong>&#8216; de temporada a un <strong>precio<\/strong> de <strong>lujo<\/strong>. Para no perder ni un segundo de tiempo e ir directas al grano, te damos a continuaci\u00f3n las <strong>diez piezas<\/strong> de <strong>Zara<\/strong> con las que tendr\u00e1s que ser r\u00e1pida si no te quieres quedar sin ellas.<\/p>\n<p><strong>1. &#8211; Camisa hawaiana<\/strong>:\u00a0Los estampados tropicales son perfectos para poner una nota diferente a un estilismo b\u00e1sico cuando no sabes qu\u00e9 ponerte. De ah\u00ed, que sean la sensaci\u00f3n de la temporada y por lo que deber\u00edas tener en tu cesta de la compra esta camisa de Zara.<\/p>\n<div id=\"attachment_5439\" style=\"width: 810px\" class=\"wp-caption aligncenter\"><a href=\"\/gracias-a-dior\/wp-content\/uploads\/sites\/17\/2017\/06\/20170623__1498233845_3B5C0mWVM.jpg\"><img aria-describedby=\"caption-attachment-5439\" loading=\"lazy\" class=\"size-full wp-image-5439\" title=\"Camisa hawaiana de Zara. \/ Zara\" src=\"\/gracias-a-dior\/wp-content\/uploads\/sites\/17\/2017\/06\/20170623__1498233845_3B5C0mWVM.jpg\" alt=\"Camisa hawaiana de Zara. \/ Zara\" width=\"800\" height=\"991\" srcset=\"https:\/\/static-blogs.diariosur.es\/wp-content\/uploads\/sites\/17\/2017\/06\/20170623__1498233845_3B5C0mWVM.jpg 800w, https:\/\/static-blogs.diariosur.es\/wp-content\/uploads\/sites\/17\/2017\/06\/20170623__1498233845_3B5C0mWVM-242x300.jpg 242w, https:\/\/static-blogs.diariosur.es\/wp-content\/uploads\/sites\/17\/2017\/06\/20170623__1498233845_3B5C0mWVM-768x951.jpg 768w\" sizes=\"(max-width: 800px) 100vw, 800px\" \/><\/a><p id=\"caption-attachment-5439\" class=\"wp-caption-text\">Camisa hawaiana de Zara. \/ Zara<\/p><\/div>\n<p>&nbsp;<\/p>\n<p><strong>2.- Kimono<\/strong>: Esta pieza ha sido una de las m\u00e1s deseadas por las fashionistas. Su uso se ha extendido y m\u00e1s all\u00e1 de servir como especie de chaqueta, ahora &#8216;lo m\u00e1s&#8217; es utilizarlo como vestido. Un claro ejemplo de ello fue el que mostr\u00f3 <strong>Roc\u00edo Crusset con este kimono de Zara<\/strong>, que aunque no aparece en la web es m\u00e1s que posible que como por arte de magia haga acto de presencia el pr\u00f3ximo 1 de julio.<\/p>\n<div id=\"attachment_5443\" style=\"width: 670px\" class=\"wp-caption aligncenter\"><a href=\"\/gracias-a-dior\/wp-content\/uploads\/sites\/17\/2017\/06\/20170623__1498233845_r1Dn2E6.jpg\"><img aria-describedby=\"caption-attachment-5443\" loading=\"lazy\" class=\"size-full wp-image-5443\" title=\"Kimono de Zara. \/ Zara\" src=\"\/gracias-a-dior\/wp-content\/uploads\/sites\/17\/2017\/06\/20170623__1498233845_r1Dn2E6.jpg\" alt=\"Kimono de Zara. \/ Zara\" width=\"660\" height=\"816\" srcset=\"https:\/\/static-blogs.diariosur.es\/wp-content\/uploads\/sites\/17\/2017\/06\/20170623__1498233845_r1Dn2E6.jpg 660w, https:\/\/static-blogs.diariosur.es\/wp-content\/uploads\/sites\/17\/2017\/06\/20170623__1498233845_r1Dn2E6-243x300.jpg 243w\" sizes=\"(max-width: 660px) 100vw, 660px\" \/><\/a><p id=\"caption-attachment-5443\" class=\"wp-caption-text\">Kimono de Zara. \/ Zara<\/p><\/div>\n<p>&nbsp;<\/p>\n<p><strong>3.- Conjuntos de dos piezas.<\/strong> Este en concreto ha revolucionado las redes sociales desde que <strong>Sara Carbonero<\/strong> lo luci\u00f3 esta semana. Desde el a\u00f1o pasado vienen pisando fuerte y en este 2017 parece que se han asentado. \u00c9ste lucido por la mujer de Iker Casillas seguro que de todos los que ofrece <strong>Zara<\/strong>, es el m\u00e1s buscado.<\/p>\n<div id=\"attachment_5440\" style=\"width: 810px\" class=\"wp-caption aligncenter\"><a href=\"\/gracias-a-dior\/wp-content\/uploads\/sites\/17\/2017\/06\/20170623__1498233845_64Vjz.jpg\"><img aria-describedby=\"caption-attachment-5440\" loading=\"lazy\" class=\"size-full wp-image-5440\" title=\"Conjunto de dos piezas, formado por short y crop top. \/ Zara\" src=\"\/gracias-a-dior\/wp-content\/uploads\/sites\/17\/2017\/06\/20170623__1498233845_64Vjz.jpg\" alt=\"Conjunto de dos piezas, formado por short y crop top. \/ Zara\" width=\"800\" height=\"991\" srcset=\"https:\/\/static-blogs.diariosur.es\/wp-content\/uploads\/sites\/17\/2017\/06\/20170623__1498233845_64Vjz.jpg 800w, https:\/\/static-blogs.diariosur.es\/wp-content\/uploads\/sites\/17\/2017\/06\/20170623__1498233845_64Vjz-242x300.jpg 242w, https:\/\/static-blogs.diariosur.es\/wp-content\/uploads\/sites\/17\/2017\/06\/20170623__1498233845_64Vjz-768x951.jpg 768w\" sizes=\"(max-width: 800px) 100vw, 800px\" \/><\/a><p id=\"caption-attachment-5440\" class=\"wp-caption-text\">Conjunto de dos piezas, formado por short y crop top. \/ Zara<\/p><\/div>\n<p>&nbsp;<\/p>\n<p><strong>4.- Sombrero:<\/strong> Su reposici\u00f3n fue un visto y no visto. Lleg\u00f3 el aviso de que estaba de nuevo disponible en la web y ni a la hora ya no hab\u00eda rastro de \u00e9l. Y es que los complementos para ir a la playa se han revalorizado bastante este verano 2017, sobre todo, los sombreros con mensaje en el ala.<\/p>\n<p>&nbsp;<\/p>\n<div id=\"attachment_5441\" style=\"width: 810px\" class=\"wp-caption aligncenter\"><a href=\"\/gracias-a-dior\/wp-content\/uploads\/sites\/17\/2017\/06\/20170623__1498233845_D65q.jpg\"><img aria-describedby=\"caption-attachment-5441\" loading=\"lazy\" class=\"size-full wp-image-5441\" title=\"Sombrero con mensaje de Zara. \/ Zara\" src=\"\/gracias-a-dior\/wp-content\/uploads\/sites\/17\/2017\/06\/20170623__1498233845_D65q.jpg\" alt=\"Sombrero con mensaje de Zara. \/ Zara\" width=\"800\" height=\"991\" srcset=\"https:\/\/static-blogs.diariosur.es\/wp-content\/uploads\/sites\/17\/2017\/06\/20170623__1498233845_D65q.jpg 800w, https:\/\/static-blogs.diariosur.es\/wp-content\/uploads\/sites\/17\/2017\/06\/20170623__1498233845_D65q-242x300.jpg 242w, https:\/\/static-blogs.diariosur.es\/wp-content\/uploads\/sites\/17\/2017\/06\/20170623__1498233845_D65q-768x951.jpg 768w\" sizes=\"(max-width: 800px) 100vw, 800px\" \/><\/a><p id=\"caption-attachment-5441\" class=\"wp-caption-text\">Sombrero con mensaje de Zara. \/ Zara<\/p><\/div>\n<p>&nbsp;<\/p>\n<p><strong>5.- Gafas con lentes trasparentes.<\/strong> Este accesorio <strong>vintage<\/strong> est\u00e1 cobrando mucha fuerza por las instagrammers, puesto que, adem\u00e1s, de aportar un plus de <strong>sofisticaci\u00f3n<\/strong> guardan un secreto para aquellas que se las ponen, que no es otro que son <strong>ideales<\/strong> para <strong>cuando no se va maquillada<\/strong>, ya que\u00a0gracias a su tama\u00f1o XL y a su montura de color dorado, te ayudar\u00e1n a enmarcar tu rostro y ocultar cualquier peque\u00f1o signo de cansancio.<\/p>\n<p>&nbsp;<\/p>\n<div id=\"attachment_5444\" style=\"width: 810px\" class=\"wp-caption aligncenter\"><a href=\"\/gracias-a-dior\/wp-content\/uploads\/sites\/17\/2017\/06\/20170623__1498233845_SD4r6ZWYgL.jpg\"><img aria-describedby=\"caption-attachment-5444\" loading=\"lazy\" class=\"size-full wp-image-5444\" title=\"Gafas vintage. \/ Zara\" src=\"\/gracias-a-dior\/wp-content\/uploads\/sites\/17\/2017\/06\/20170623__1498233845_SD4r6ZWYgL.jpg\" alt=\"Gafas vintage. \/ Zara\" width=\"800\" height=\"991\" srcset=\"https:\/\/static-blogs.diariosur.es\/wp-content\/uploads\/sites\/17\/2017\/06\/20170623__1498233845_SD4r6ZWYgL.jpg 800w, https:\/\/static-blogs.diariosur.es\/wp-content\/uploads\/sites\/17\/2017\/06\/20170623__1498233845_SD4r6ZWYgL-242x300.jpg 242w, https:\/\/static-blogs.diariosur.es\/wp-content\/uploads\/sites\/17\/2017\/06\/20170623__1498233845_SD4r6ZWYgL-768x951.jpg 768w\" sizes=\"(max-width: 800px) 100vw, 800px\" \/><\/a><p id=\"caption-attachment-5444\" class=\"wp-caption-text\">Gafas vintage. \/ Zara<\/p><\/div>\n<p>&nbsp;<\/p>\n<p><strong>6. &#8211; Ba\u00f1ador.<\/strong> Esta pieza ha hecho sombra este verano al biquini, todas las &#8216;it-girls&#8217; lo lucen e infinidad de modelos est\u00e1n agotados en las tiendas. No obstante, en Zara hay esperanza y hay modelos como este con el texto <strong>Baywatch<\/strong>, que hace referencia a la serie <strong>Los Vigilantes de la Playa<\/strong>, que tiene todas las papeletas de ser un hit.<\/p>\n<p>&nbsp;<\/p>\n<div id=\"attachment_5438\" style=\"width: 810px\" class=\"wp-caption aligncenter\"><a href=\"\/gracias-a-dior\/wp-content\/uploads\/sites\/17\/2017\/06\/20170623__1498233845_2TJ.jpg\"><img aria-describedby=\"caption-attachment-5438\" loading=\"lazy\" class=\"size-full wp-image-5438\" title=\"Ba\u00f1ador. \/ Zara\" src=\"\/gracias-a-dior\/wp-content\/uploads\/sites\/17\/2017\/06\/20170623__1498233845_2TJ.jpg\" alt=\"Ba\u00f1ador. \/ Zara\" width=\"800\" height=\"991\" srcset=\"https:\/\/static-blogs.diariosur.es\/wp-content\/uploads\/sites\/17\/2017\/06\/20170623__1498233845_2TJ.jpg 800w, https:\/\/static-blogs.diariosur.es\/wp-content\/uploads\/sites\/17\/2017\/06\/20170623__1498233845_2TJ-242x300.jpg 242w, https:\/\/static-blogs.diariosur.es\/wp-content\/uploads\/sites\/17\/2017\/06\/20170623__1498233845_2TJ-768x951.jpg 768w\" sizes=\"(max-width: 800px) 100vw, 800px\" \/><\/a><p id=\"caption-attachment-5438\" class=\"wp-caption-text\">Ba\u00f1ador. \/ Zara<\/p><\/div>\n<p>&nbsp;<\/p>\n<p><strong>7.- Jeans bordados.<\/strong> En la primavera lo han dado todo y ahora es el momento de hacerte con aquellos que tanto te gustaron hace unos meses, pero que preferiste no tener para ahorrar un poco. Pues bien, es la hora de darte el capricho y tener un par de vaqueros de temporada. Estos de Zara con <strong>bordados<\/strong> florales a los laterales son <strong>ideales<\/strong>.<\/p>\n<div id=\"attachment_5442\" style=\"width: 810px\" class=\"wp-caption aligncenter\"><a href=\"\/gracias-a-dior\/wp-content\/uploads\/sites\/17\/2017\/06\/20170623__1498233845_dMVLYvbw.jpg\"><img aria-describedby=\"caption-attachment-5442\" loading=\"lazy\" class=\"size-full wp-image-5442\" title=\"Jeans bordados. \/ Zara\" src=\"\/gracias-a-dior\/wp-content\/uploads\/sites\/17\/2017\/06\/20170623__1498233845_dMVLYvbw.jpg\" alt=\"Jeans bordados. \/ Zara\" width=\"800\" height=\"991\" srcset=\"https:\/\/static-blogs.diariosur.es\/wp-content\/uploads\/sites\/17\/2017\/06\/20170623__1498233845_dMVLYvbw.jpg 800w, https:\/\/static-blogs.diariosur.es\/wp-content\/uploads\/sites\/17\/2017\/06\/20170623__1498233845_dMVLYvbw-242x300.jpg 242w, https:\/\/static-blogs.diariosur.es\/wp-content\/uploads\/sites\/17\/2017\/06\/20170623__1498233845_dMVLYvbw-768x951.jpg 768w\" sizes=\"(max-width: 800px) 100vw, 800px\" \/><\/a><p id=\"caption-attachment-5442\" class=\"wp-caption-text\">Jeans bordados. \/ Zara<\/p><\/div>\n<p>&nbsp;<\/p>\n<p><strong>8.- Vestido floral.<\/strong> Paula Echevarr\u00eda, la &#8216;it girl&#8217; por excelencia, es s\u00faper fan de los <strong>vestidos camiseros XL<\/strong> y, la verdad, es que dan mucho juego, por ello, la llegada de <strong>rebajas<\/strong> nos da la oportunidad de conseguir este vestido &#8216;flower print&#8217; que es una maravilla.<\/p>\n<div id=\"attachment_5445\" style=\"width: 810px\" class=\"wp-caption aligncenter\"><a href=\"\/gracias-a-dior\/wp-content\/uploads\/sites\/17\/2017\/06\/20170623__1498235149_HAY.jpg\"><img aria-describedby=\"caption-attachment-5445\" loading=\"lazy\" class=\"size-full wp-image-5445\" title=\"Vestido floral. \/ Zara\" src=\"\/gracias-a-dior\/wp-content\/uploads\/sites\/17\/2017\/06\/20170623__1498235149_HAY.jpg\" alt=\"Vestido floral. \/ Zara\" width=\"800\" height=\"991\" srcset=\"https:\/\/static-blogs.diariosur.es\/wp-content\/uploads\/sites\/17\/2017\/06\/20170623__1498235149_HAY.jpg 800w, https:\/\/static-blogs.diariosur.es\/wp-content\/uploads\/sites\/17\/2017\/06\/20170623__1498235149_HAY-242x300.jpg 242w, https:\/\/static-blogs.diariosur.es\/wp-content\/uploads\/sites\/17\/2017\/06\/20170623__1498235149_HAY-768x951.jpg 768w\" sizes=\"(max-width: 800px) 100vw, 800px\" \/><\/a><p id=\"caption-attachment-5445\" class=\"wp-caption-text\">Vestido floral. \/ Zara<\/p><\/div>\n<p>&nbsp;<\/p>\n<p><strong>9.- Salones<\/strong>. Los zapatos m\u00e1s deseados de la temporada. Esto<a href=\"http:\/\/www.diariosur.es\/gente-estilo\/moda\/201705\/11\/zara-regresa-zapato-deseado-20170511173416.html\" rel=\"external nofollow\">s kitten heel de &#8216;print floral&#8217; <\/a>causaron furor y su \u00e9xito llen\u00f3 titulares en los medios. Ahora, que est\u00e1n de vuelta en la <strong><a href=\"https:\/\/www.zara.com\/es\/\" rel=\"external nofollow\">web<\/a><\/strong>, es el momento de esperar a que llegue el d\u00eda para comprarlos y que al fin sean tuyos.<\/p>\n<div id=\"attachment_5446\" style=\"width: 810px\" class=\"wp-caption aligncenter\"><a href=\"\/gracias-a-dior\/wp-content\/uploads\/sites\/17\/2017\/06\/20170623__1498235149_JoeS2.jpg\"><img aria-describedby=\"caption-attachment-5446\" loading=\"lazy\" class=\"size-full wp-image-5446\" title=\"Zapatos destalonados. \/ Zara\" src=\"\/gracias-a-dior\/wp-content\/uploads\/sites\/17\/2017\/06\/20170623__1498235149_JoeS2.jpg\" alt=\"Zapatos destalonados. \/ Zara\" width=\"800\" height=\"991\" srcset=\"https:\/\/static-blogs.diariosur.es\/wp-content\/uploads\/sites\/17\/2017\/06\/20170623__1498235149_JoeS2.jpg 800w, https:\/\/static-blogs.diariosur.es\/wp-content\/uploads\/sites\/17\/2017\/06\/20170623__1498235149_JoeS2-242x300.jpg 242w, https:\/\/static-blogs.diariosur.es\/wp-content\/uploads\/sites\/17\/2017\/06\/20170623__1498235149_JoeS2-768x951.jpg 768w\" sizes=\"(max-width: 800px) 100vw, 800px\" \/><\/a><p id=\"caption-attachment-5446\" class=\"wp-caption-text\">Zapatos destalonados. \/ Zara<\/p><\/div>\n<p><strong>10.- Falda cuadros vichy.<\/strong> Los cuadros vichy se empezaron a ver por el mes de septiembre con aquella mini falda con volante y desde entonces se ha visto en mil colores y piezas. Para este verano, nada mejor, que una de corte &#8216;midi&#8217; para que sea perfecta tanto para salidas de ocio como para ir a trabajar a la oficina.<\/p>\n<div id=\"attachment_5447\" style=\"width: 810px\" class=\"wp-caption aligncenter\"><a href=\"\/gracias-a-dior\/wp-content\/uploads\/sites\/17\/2017\/06\/20170623__1498235149_xGGae.jpg\"><img aria-describedby=\"caption-attachment-5447\" loading=\"lazy\" class=\"size-full wp-image-5447\" title=\"Falda de cuadros vichy. \/ Zara\" src=\"\/gracias-a-dior\/wp-content\/uploads\/sites\/17\/2017\/06\/20170623__1498235149_xGGae.jpg\" alt=\"Falda de cuadros vichy. \/ Zara\" width=\"800\" height=\"991\" srcset=\"https:\/\/static-blogs.diariosur.es\/wp-content\/uploads\/sites\/17\/2017\/06\/20170623__1498235149_xGGae.jpg 800w, https:\/\/static-blogs.diariosur.es\/wp-content\/uploads\/sites\/17\/2017\/06\/20170623__1498235149_xGGae-242x300.jpg 242w, https:\/\/static-blogs.diariosur.es\/wp-content\/uploads\/sites\/17\/2017\/06\/20170623__1498235149_xGGae-768x951.jpg 768w\" sizes=\"(max-width: 800px) 100vw, 800px\" \/><\/a><p id=\"caption-attachment-5447\" class=\"wp-caption-text\">Falda de cuadros vichy. \/ Zara<\/p><\/div>\n<p>&nbsp;<\/p>\n","protected":false},"excerpt":{"rendered":"<p>Solo falta una semana para que las rebajas empiecen oficialmente y ya son muchas las que tienen hecha una lista con todos los flechazos de esta temporada para llev\u00e1rselos a un precio mucho mejor. Y es que, a pesar de que muchas tiendas han comenzado esta semana con promociones y saldos, las rebajas de Inditex, [&hellip;]<\/p>\n","protected":false},"author":20,"featured_media":0,"comment_status":"open","ping_status":"open","sticky":false,"template":"","format":"standard","meta":[],"categories":[3],"tags":[],"_links":{"self":[{"href":"https:\/\/blogs.diariosur.es\/gracias-a-dior\/wp-json\/wp\/v2\/posts\/5437"}],"collection":[{"href":"https:\/\/blogs.diariosur.es\/gracias-a-dior\/wp-json\/wp\/v2\/posts"}],"about":[{"href":"https:\/\/blogs.diariosur.es\/gracias-a-dior\/wp-json\/wp\/v2\/types\/post"}],"author":[{"embeddable":true,"href":"https:\/\/blogs.diariosur.es\/gracias-a-dior\/wp-json\/wp\/v2\/users\/20"}],"replies":[{"embeddable":true,"href":"https:\/\/blogs.diariosur.es\/gracias-a-dior\/wp-json\/wp\/v2\/comments?post=5437"}],"version-history":[{"count":0,"href":"https:\/\/blogs.diariosur.es\/gracias-a-dior\/wp-json\/wp\/v2\/posts\/5437\/revisions"}],"wp:attachment":[{"href":"https:\/\/blogs.diariosur.es\/gracias-a-dior\/wp-json\/wp\/v2\/media?parent=5437"}],"wp:term":[{"taxonomy":"category","embeddable":true,"href":"https:\/\/blogs.diariosur.es\/gracias-a-dior\/wp-json\/wp\/v2\/categories?post=5437"},{"taxonomy":"post_tag","embeddable":true,"href":"https:\/\/blogs.diariosur.es\/gracias-a-dior\/wp-json\/wp\/v2\/tags?post=5437"}],"curies":[{"name":"wp","href":"https:\/\/api.w.org\/{rel}","templated":true}]}}