{"id":5466,"date":"2017-09-06T20:10:21","date_gmt":"2017-09-06T18:10:21","guid":{"rendered":"http:\/\/blogs.diariosur.es\/gracias-a-dior\/?p=5466"},"modified":"2017-09-06T20:10:21","modified_gmt":"2017-09-06T18:10:21","slug":"zara-ya-tiene-seccion-de-saldos","status":"publish","type":"post","link":"https:\/\/blogs.diariosur.es\/gracias-a-dior\/2017\/09\/06\/zara-ya-tiene-seccion-de-saldos\/","title":{"rendered":"Zara ya tiene secci\u00f3n de saldos"},"content":{"rendered":"<p>Aunque han terminado las rebajas y habr\u00e1 que esperar que llegue enero para que oficialmente empiecen las de invierno, Zara ha sorprendido con la inauguraci\u00f3n de una nueva secci\u00f3n en su web, la de &#8216;saldos&#8217;, aunque para todos aquellos que hayan estado siguiendo las rebajas de la hija mayor de <strong>Inditex<\/strong> se habr\u00e1n dado cuenta que este nuevo espacio contiene lo que qued\u00f3 en el apartado de rebajas de este verano.<\/p>\n<p>No obstante, &#8216;<a href=\"https:\/\/www.zara.com\/es\/es\/mujer\/saldos\/colecci%C3%B3n-c761502.html\" rel=\"external nofollow\">Saldos<\/a>&#8216; se ha fijado como secci\u00f3n fija en <a href=\"https:\/\/www.zara.com\/es\/es\/mujer\/saldos\/colecci%C3%B3n-c761502.html\" rel=\"external nofollow\">Zara.com <\/a>y en ella se pueden observar prendas que tienen hasta un\u00a070% de descuento. Claro est\u00e1, como ocurre en la vi\u00f1a del se\u00f1or, en esta secci\u00f3n hay de todo, prendas a las que se les puede sacar provecho como es el caso de un mini vestido en negro con el que uno siempre\u00a0va bien o unos leggins drapeados en fucsia que, a pesar de que m\u00e1s de una haya puesto el grito en el cielo, est\u00e1n inspirados en Balenciaga y con un poco de estilo e imaginaci\u00f3n se puede sacar un &#8216;<strong>lookazo<\/strong>&#8216; de esos de lucir en <strong>Instagram<\/strong>, por s\u00f3lo<strong> 5,99 euros<\/strong>. Sin embargo, no todo es oro lo que reluce y hay otras piezas que no hay por donde pillarlas y que, evidentemente, ellas mismas dicen por qu\u00e9 est\u00e1 ah\u00ed, ese es el caso de un pantal\u00f3n jogger de efecto ante en color chocolate o unas deportivas el\u00e1sticas.<\/p>\n<p>Es de suponer que los saldos de <strong>Zara<\/strong> se ir\u00e1n <strong>actualizando<\/strong> y si perdura en el tiempo se espera por parte de todos los &#8216;<strong>zaraadictos<\/strong>&#8216; que las prendas que entren tengan un <strong>aquel<\/strong> porque de momento en la web se puede rascar poco, tanto por la cantidad como por lo que se puede &#8216;pillar&#8217;.<\/p>\n","protected":false},"excerpt":{"rendered":"<p>Aunque han terminado las rebajas y habr\u00e1 que esperar que llegue enero para que oficialmente empiecen las de invierno, Zara ha sorprendido con la inauguraci\u00f3n de una nueva secci\u00f3n en su web, la de &#8216;saldos&#8217;, aunque para todos aquellos que hayan estado siguiendo las rebajas de la hija mayor de Inditex se habr\u00e1n dado cuenta [&hellip;]<\/p>\n","protected":false},"author":20,"featured_media":0,"comment_status":"open","ping_status":"open","sticky":false,"template":"","format":"standard","meta":[],"categories":[1],"tags":[],"_links":{"self":[{"href":"https:\/\/blogs.diariosur.es\/gracias-a-dior\/wp-json\/wp\/v2\/posts\/5466"}],"collection":[{"href":"https:\/\/blogs.diariosur.es\/gracias-a-dior\/wp-json\/wp\/v2\/posts"}],"about":[{"href":"https:\/\/blogs.diariosur.es\/gracias-a-dior\/wp-json\/wp\/v2\/types\/post"}],"author":[{"embeddable":true,"href":"https:\/\/blogs.diariosur.es\/gracias-a-dior\/wp-json\/wp\/v2\/users\/20"}],"replies":[{"embeddable":true,"href":"https:\/\/blogs.diariosur.es\/gracias-a-dior\/wp-json\/wp\/v2\/comments?post=5466"}],"version-history":[{"count":3,"href":"https:\/\/blogs.diariosur.es\/gracias-a-dior\/wp-json\/wp\/v2\/posts\/5466\/revisions"}],"predecessor-version":[{"id":5469,"href":"https:\/\/blogs.diariosur.es\/gracias-a-dior\/wp-json\/wp\/v2\/posts\/5466\/revisions\/5469"}],"wp:attachment":[{"href":"https:\/\/blogs.diariosur.es\/gracias-a-dior\/wp-json\/wp\/v2\/media?parent=5466"}],"wp:term":[{"taxonomy":"category","embeddable":true,"href":"https:\/\/blogs.diariosur.es\/gracias-a-dior\/wp-json\/wp\/v2\/categories?post=5466"},{"taxonomy":"post_tag","embeddable":true,"href":"https:\/\/blogs.diariosur.es\/gracias-a-dior\/wp-json\/wp\/v2\/tags?post=5466"}],"curies":[{"name":"wp","href":"https:\/\/api.w.org\/{rel}","templated":true}]}}