{"id":10013,"date":"2017-04-22T10:03:28","date_gmt":"2017-04-22T08:03:28","guid":{"rendered":"http:\/\/blogs.diariosur.es\/pasarelaurbana\/?p=10013"},"modified":"2017-04-22T10:03:28","modified_gmt":"2017-04-22T08:03:28","slug":"fuera-supersticiones","status":"publish","type":"post","link":"https:\/\/blogs.diariosur.es\/pasarelaurbana\/2017\/04\/22\/fuera-supersticiones\/","title":{"rendered":"\u00a1Fuera supersticiones!"},"content":{"rendered":"<p style=\"text-align: center;\">En el teatro, sobre el escenario, lo miran de reojo. Y hay quien se pone hasta nervioso si alguien del p\u00fablico lo lleva. El amarillo es un tono vetado sobre las tablas y de ah\u00ed, por extensi\u00f3n, para muchos es considerado el color de la mala suerte. Al parecer, la muerte en escena del dramaturgo Jean-Baptiste Poquelin (Moli\u00e8re) fue el detonante de esta superstici\u00f3n. En febrero de 1673 el franc\u00e9s estren\u00f3 \u2018El enfermo imaginario\u2019 vestido de amarillo y en plena representaci\u00f3n se sinti\u00f3 indispuesto. Pocas horas despu\u00e9s muri\u00f3 en su casa. Desde entonces, se considera un color gafe.<br \/>\nEsta temporada, sin embargo, la moda se ha dispuesto romper con esta superstici\u00f3n elevando al amarilo al podio de los imprescindibles. Se lleva en todas sus modalidades. Desde su versi\u00f3n m\u00e1s \u00e1cida hasta la m\u00e1s delicada y sutil. No obstante, si hay una que arrasa entre las fashionistas es la denominada \u2018primrose yellow\u2019, considerada por el instituto Pantone como el color clave de esta primavera. Un tono alegre y potente que desprende vitalidad y energ\u00eda positiva con el que refrescar nuestros looks y lograr que acaparen miradas.<br \/>\nEn M\u00e9xico hay un dicho que reza que \u2018la que de amarillo se viste, en su belleza conf\u00eda\u2019 dado que es un un color atrevido que nunca pasa desapercibido. \u00bfNo sabes c\u00f3mo lucirlo? Cuatro mlague\u00f1as te dan sus claves.<\/p>\n<p><a href=\"\/pasarelaurbana\/wp-content\/uploads\/sites\/49\/2017\/04\/looks-amarillo-3.jpg\"><img loading=\"lazy\" class=\"aligncenter size-full wp-image-10016\" title=\"looks-amarillo (3)\" src=\"\/pasarelaurbana\/wp-content\/uploads\/sites\/49\/2017\/04\/looks-amarillo-3.jpg\" alt=\"\" width=\"600\" height=\"800\" srcset=\"https:\/\/static-blogs.diariosur.es\/wp-content\/uploads\/sites\/49\/2017\/04\/looks-amarillo-3.jpg 600w, https:\/\/static-blogs.diariosur.es\/wp-content\/uploads\/sites\/49\/2017\/04\/looks-amarillo-3-225x300.jpg 225w\" sizes=\"(max-width: 600px) 100vw, 600px\" \/><\/a><\/p>\n<p style=\"text-align: center;\"><a href=\"\/pasarelaurbana\/wp-content\/uploads\/sites\/49\/2017\/04\/looks-amarillo-9.jpg\"><img loading=\"lazy\" class=\"aligncenter size-full wp-image-10022\" title=\"looks-amarillo (9)\" src=\"\/pasarelaurbana\/wp-content\/uploads\/sites\/49\/2017\/04\/looks-amarillo-9.jpg\" alt=\"\" width=\"600\" height=\"800\" srcset=\"https:\/\/static-blogs.diariosur.es\/wp-content\/uploads\/sites\/49\/2017\/04\/looks-amarillo-9.jpg 600w, https:\/\/static-blogs.diariosur.es\/wp-content\/uploads\/sites\/49\/2017\/04\/looks-amarillo-9-225x300.jpg 225w\" sizes=\"(max-width: 600px) 100vw, 600px\" \/><\/a><\/p>\n<p style=\"text-align: center;\"><a href=\"\/pasarelaurbana\/wp-content\/uploads\/sites\/49\/2017\/04\/looks-amarillo-6.jpg\"><img loading=\"lazy\" class=\"aligncenter size-full wp-image-10019\" title=\"looks-amarillo (6)\" src=\"\/pasarelaurbana\/wp-content\/uploads\/sites\/49\/2017\/04\/looks-amarillo-6.jpg\" alt=\"\" width=\"600\" height=\"800\" srcset=\"https:\/\/static-blogs.diariosur.es\/wp-content\/uploads\/sites\/49\/2017\/04\/looks-amarillo-6.jpg 600w, https:\/\/static-blogs.diariosur.es\/wp-content\/uploads\/sites\/49\/2017\/04\/looks-amarillo-6-225x300.jpg 225w\" sizes=\"(max-width: 600px) 100vw, 600px\" \/><\/a><\/p>\n<p style=\"text-align: center;\"><a href=\"\/pasarelaurbana\/wp-content\/uploads\/sites\/49\/2017\/04\/looks-amarillo-13.jpg\"><img loading=\"lazy\" class=\"aligncenter size-full wp-image-10026\" title=\"looks-amarillo (13)\" src=\"\/pasarelaurbana\/wp-content\/uploads\/sites\/49\/2017\/04\/looks-amarillo-13.jpg\" alt=\"\" width=\"600\" height=\"800\" srcset=\"https:\/\/static-blogs.diariosur.es\/wp-content\/uploads\/sites\/49\/2017\/04\/looks-amarillo-13.jpg 600w, https:\/\/static-blogs.diariosur.es\/wp-content\/uploads\/sites\/49\/2017\/04\/looks-amarillo-13-225x300.jpg 225w\" sizes=\"(max-width: 600px) 100vw, 600px\" \/><\/a><\/p>\n<p style=\"text-align: center;\"><span style=\"text-decoration: underline;\">Un \u2018outfit\u2019 multicolor solo para atrevidas<\/span><br \/>\nPrimavera es sin\u00f3nimo de color. De tonos vibrantes. De luz, de alegr\u00eda. Y todo ello es precisamente lo que desprende el look de <strong>Cintia Ortiz<\/strong>. Esta dependienta malague\u00f1a de 33 a\u00f1os se atreve con un estilismo rompedor y de plena tendencia cuyo principal eje es una llamativa falda midi en amarillo lim\u00f3n rematada con una original capa asim\u00e9trica. Nos gusta c\u00f3mo la combina, con camiseta en blanco y negro con estampado tropical. En su caso opta por anudar el bajo para acortarla y que quede justo a la cintura, un buen truco para realzar la falda y no restarle protagonismo. Cintia, mam\u00e1 de una ni\u00f1a de dos a\u00f1os (Lola), completa el \u2018outfit con una arriesgada mezcla crom\u00e1tica con la que no pasa desapercibida: unas sandalias metalizadas en verde esmeralda que lleva con calcetines de rejilla en rosa fl\u00faor, \u00abque est\u00e1n de \u00faltima esta temporada y me encantan\u00bb, destaca. \u00abEl amarillo es un color que me gusta much\u00edsimo desde siempre y ahora que est\u00e1 tan de moda pienso aprovecharme\u00bb, bromea. Un bolso negro de aires retro pone la guinda.<\/p>\n<p style=\"text-align: center;\">Total look: Zara nueva temporada<\/p>\n<p style=\"text-align: center;\"><a href=\"\/pasarelaurbana\/wp-content\/uploads\/sites\/49\/2017\/04\/looks-amarillo-14.jpg\"><img loading=\"lazy\" class=\"aligncenter size-full wp-image-10027\" title=\"looks-amarillo (14)\" src=\"\/pasarelaurbana\/wp-content\/uploads\/sites\/49\/2017\/04\/looks-amarillo-14.jpg\" alt=\"\" width=\"600\" height=\"860\" srcset=\"https:\/\/static-blogs.diariosur.es\/wp-content\/uploads\/sites\/49\/2017\/04\/looks-amarillo-14.jpg 600w, https:\/\/static-blogs.diariosur.es\/wp-content\/uploads\/sites\/49\/2017\/04\/looks-amarillo-14-209x300.jpg 209w\" sizes=\"(max-width: 600px) 100vw, 600px\" \/><\/a><\/p>\n<p style=\"text-align: center;\"><a href=\"\/pasarelaurbana\/wp-content\/uploads\/sites\/49\/2017\/04\/looks-amarillo-10.jpg\"><img loading=\"lazy\" class=\"aligncenter size-full wp-image-10023\" title=\"looks-amarillo (10)\" src=\"\/pasarelaurbana\/wp-content\/uploads\/sites\/49\/2017\/04\/looks-amarillo-10.jpg\" alt=\"\" width=\"600\" height=\"854\" srcset=\"https:\/\/static-blogs.diariosur.es\/wp-content\/uploads\/sites\/49\/2017\/04\/looks-amarillo-10.jpg 600w, https:\/\/static-blogs.diariosur.es\/wp-content\/uploads\/sites\/49\/2017\/04\/looks-amarillo-10-211x300.jpg 211w\" sizes=\"(max-width: 600px) 100vw, 600px\" \/><\/a><\/p>\n<p style=\"text-align: center;\"><a href=\"\/pasarelaurbana\/wp-content\/uploads\/sites\/49\/2017\/04\/looks-amarillo-5.jpg\"><img loading=\"lazy\" class=\"aligncenter size-full wp-image-10018\" title=\"looks-amarillo (5)\" src=\"\/pasarelaurbana\/wp-content\/uploads\/sites\/49\/2017\/04\/looks-amarillo-5.jpg\" alt=\"\" width=\"600\" height=\"553\" srcset=\"https:\/\/static-blogs.diariosur.es\/wp-content\/uploads\/sites\/49\/2017\/04\/looks-amarillo-5.jpg 600w, https:\/\/static-blogs.diariosur.es\/wp-content\/uploads\/sites\/49\/2017\/04\/looks-amarillo-5-300x277.jpg 300w\" sizes=\"(max-width: 600px) 100vw, 600px\" \/><\/a><\/p>\n<p style=\"text-align: center;\"><span style=\"text-decoration: underline;\">La versi\u00f3n pastel, para las rom\u00e1nticas<\/span><br \/>\nEl amarillo arrasa en todas sus versiones. Se lleva tanto en su extremo m\u00e1s \u00e1cido y chill\u00f3n como en su formato m\u00e1s delicado y dulce: el pastel.<strong> Gabriela Merino<\/strong>, una joven malague\u00f1a de 26 a\u00f1os graduada en Turismo, opta por este \u00faltimo tono para te\u00f1ir una sudadera con mensaje. Completa su propuesta \u2018comfy\u2019 -donde la comodidad es la base- con pantalones rotos blancos y deportivas con punteras plata.<\/p>\n<p style=\"text-align: center;\">Sudadera: Bershka.<\/p>\n<p style=\"text-align: center;\">Pantalones rotos: Antiguos, de su fondo de armario.<\/p>\n<p style=\"text-align: center;\">Deportivas: Bimba y Lola.<\/p>\n<p style=\"text-align: center;\"><a href=\"\/pasarelaurbana\/wp-content\/uploads\/sites\/49\/2017\/04\/looks-amarillo-15.jpg\"><img loading=\"lazy\" class=\"aligncenter size-full wp-image-10028\" title=\"looks-amarillo (15)\" src=\"\/pasarelaurbana\/wp-content\/uploads\/sites\/49\/2017\/04\/looks-amarillo-15.jpg\" alt=\"\" width=\"600\" height=\"833\" srcset=\"https:\/\/static-blogs.diariosur.es\/wp-content\/uploads\/sites\/49\/2017\/04\/looks-amarillo-15.jpg 600w, https:\/\/static-blogs.diariosur.es\/wp-content\/uploads\/sites\/49\/2017\/04\/looks-amarillo-15-216x300.jpg 216w\" sizes=\"(max-width: 600px) 100vw, 600px\" \/><\/a><\/p>\n<p style=\"text-align: center;\"><a href=\"\/pasarelaurbana\/wp-content\/uploads\/sites\/49\/2017\/04\/looks-amarillo-1.jpg\"><img loading=\"lazy\" class=\"aligncenter size-full wp-image-10014\" title=\"looks-amarillo (1)\" src=\"\/pasarelaurbana\/wp-content\/uploads\/sites\/49\/2017\/04\/looks-amarillo-1.jpg\" alt=\"\" width=\"600\" height=\"545\" srcset=\"https:\/\/static-blogs.diariosur.es\/wp-content\/uploads\/sites\/49\/2017\/04\/looks-amarillo-1.jpg 600w, https:\/\/static-blogs.diariosur.es\/wp-content\/uploads\/sites\/49\/2017\/04\/looks-amarillo-1-300x273.jpg 300w\" sizes=\"(max-width: 600px) 100vw, 600px\" \/><\/a><\/p>\n<p style=\"text-align: center;\"><a href=\"\/pasarelaurbana\/wp-content\/uploads\/sites\/49\/2017\/04\/looks-amarillo-2.jpg\"><img loading=\"lazy\" class=\"aligncenter  wp-image-10015\" title=\"looks-amarillo (2)\" src=\"\/pasarelaurbana\/wp-content\/uploads\/sites\/49\/2017\/04\/looks-amarillo-2.jpg\" alt=\"\" width=\"600\" height=\"576\" srcset=\"https:\/\/static-blogs.diariosur.es\/wp-content\/uploads\/sites\/49\/2017\/04\/looks-amarillo-2.jpg 600w, https:\/\/static-blogs.diariosur.es\/wp-content\/uploads\/sites\/49\/2017\/04\/looks-amarillo-2-300x288.jpg 300w\" sizes=\"(max-width: 600px) 100vw, 600px\" \/><\/a><\/p>\n<p style=\"text-align: center;\"><span style=\"text-decoration: underline;\">Un look con estrella y sabor a mostaza<\/span><br \/>\n<strong>Elisa Ortega,<\/strong> una joven licenciada en Filolog\u00eda Inglesa de 24 a\u00f1os, elige el color de moda en su variedad mostaza. En su caso incorpora una pincelada en su biker (la archifamosa de Zara que se convirti\u00f3 en una aut\u00e9ntica plaga entre fashionistas la pasada primavera). Se trata de una buena opci\u00f3n para iniciarse con el amarillo sin correr muchos riesgos. Nos gusta c\u00f3mo mezcla la cazadora, con jersey de estrellas doradas y pantalones vaqueros con los<br \/>\nbajos deshilachados-otro de los imprescindibles de esta primavera. remata su propuesta con unos salones bicolor de tac\u00f3n ancho y gafas XL.<\/p>\n<p style=\"text-align: center;\">Biker: Zara.<\/p>\n<p style=\"text-align: center;\">Jersey de estrellas: Romwe.<\/p>\n<p style=\"text-align: center;\">Vaqueros: Bershka.<\/p>\n<p style=\"text-align: center;\">Zapatos: Zara.<\/p>\n<p style=\"text-align: center;\">Gafas de sol: Vogue.<\/p>\n<p style=\"text-align: center;\"><a href=\"\/pasarelaurbana\/wp-content\/uploads\/sites\/49\/2017\/04\/jennydos.jpg\"><img loading=\"lazy\" class=\"aligncenter size-full wp-image-10030\" title=\"jennydos\" src=\"\/pasarelaurbana\/wp-content\/uploads\/sites\/49\/2017\/04\/jennydos.jpg\" alt=\"\" width=\"600\" height=\"825\" srcset=\"https:\/\/static-blogs.diariosur.es\/wp-content\/uploads\/sites\/49\/2017\/04\/jennydos.jpg 600w, https:\/\/static-blogs.diariosur.es\/wp-content\/uploads\/sites\/49\/2017\/04\/jennydos-218x300.jpg 218w\" sizes=\"(max-width: 600px) 100vw, 600px\" \/><\/a><\/p>\n<p style=\"text-align: center;\"><span style=\"text-decoration: underline;\">En zapatos: un gui\u00f1o discreto y estiloso<\/span><br \/>\nEl vichy es el estampado por excelencia de esta estaci\u00f3n. Por \u00e9l apuesta Jennifer Urbano, una joven de Nerja apasionada de la moda. Para una jornada de trabajo esta malague\u00f1a -ligada a la hosteler\u00eda y mam\u00e1 de una ni\u00f1a de un a\u00f1o- prioriza la funcionalidad sin renunciar a un toque sofisticado. As\u00ed, elige culotte de cuadros en blanco y negro que combina con acierto con una blusa de mangas globo con una original lazada frontal. El gui\u00f1o al color de esta primavera se lo reserva al calzado, logrando romper as\u00ed la sobriedad del look bicolor y aport\u00e1ndole un plus de estilo, discreto a la par que elegante. \u00a1Y fuera supersticiones!<\/p>\n<p style=\"text-align: center;\">Blusa: Shein Official.<\/p>\n<p style=\"text-align: center;\">Pantalones: Primark.<\/p>\n<p style=\"text-align: center;\">Zapatos H&#038;M.<\/p>\n<p style=\"text-align: center;\">Bolso: Parfois.<\/p>\n<p style=\"text-align: center;\">\n","protected":false},"excerpt":{"rendered":"<p>En el teatro, sobre el escenario, lo miran de reojo. Y hay quien se pone hasta nervioso si alguien del p\u00fablico lo lleva. El amarillo es un tono vetado sobre las tablas y de ah\u00ed, por extensi\u00f3n, para muchos es considerado el color de la mala suerte. Al parecer, la muerte en escena del dramaturgo [&hellip;]<\/p>\n","protected":false},"author":54,"featured_media":0,"comment_status":"open","ping_status":"open","sticky":false,"template":"","format":"standard","meta":[],"categories":[2],"tags":[],"_links":{"self":[{"href":"https:\/\/blogs.diariosur.es\/pasarelaurbana\/wp-json\/wp\/v2\/posts\/10013"}],"collection":[{"href":"https:\/\/blogs.diariosur.es\/pasarelaurbana\/wp-json\/wp\/v2\/posts"}],"about":[{"href":"https:\/\/blogs.diariosur.es\/pasarelaurbana\/wp-json\/wp\/v2\/types\/post"}],"author":[{"embeddable":true,"href":"https:\/\/blogs.diariosur.es\/pasarelaurbana\/wp-json\/wp\/v2\/users\/54"}],"replies":[{"embeddable":true,"href":"https:\/\/blogs.diariosur.es\/pasarelaurbana\/wp-json\/wp\/v2\/comments?post=10013"}],"version-history":[{"count":0,"href":"https:\/\/blogs.diariosur.es\/pasarelaurbana\/wp-json\/wp\/v2\/posts\/10013\/revisions"}],"wp:attachment":[{"href":"https:\/\/blogs.diariosur.es\/pasarelaurbana\/wp-json\/wp\/v2\/media?parent=10013"}],"wp:term":[{"taxonomy":"category","embeddable":true,"href":"https:\/\/blogs.diariosur.es\/pasarelaurbana\/wp-json\/wp\/v2\/categories?post=10013"},{"taxonomy":"post_tag","embeddable":true,"href":"https:\/\/blogs.diariosur.es\/pasarelaurbana\/wp-json\/wp\/v2\/tags?post=10013"}],"curies":[{"name":"wp","href":"https:\/\/api.w.org\/{rel}","templated":true}]}}