{"id":10054,"date":"2017-05-06T00:54:36","date_gmt":"2017-05-05T22:54:36","guid":{"rendered":"http:\/\/blogs.diariosur.es\/pasarelaurbana\/?p=10054"},"modified":"2017-05-06T00:54:36","modified_gmt":"2017-05-05T22:54:36","slug":"la-vie-en-rose-triunfa","status":"publish","type":"post","link":"https:\/\/blogs.diariosur.es\/pasarelaurbana\/2017\/05\/06\/la-vie-en-rose-triunfa\/","title":{"rendered":"La \u2018vie en rose\u2019 triunfa"},"content":{"rendered":"<p style=\"text-align: center;\"><a href=\"\/pasarelaurbana\/wp-content\/uploads\/sites\/49\/2017\/05\/modacombo.jpg\"><img loading=\"lazy\" class=\"aligncenter size-full wp-image-10055\" title=\"modacombo\" src=\"\/pasarelaurbana\/wp-content\/uploads\/sites\/49\/2017\/05\/modacombo.jpg\" alt=\"\" width=\"600\" height=\"600\" srcset=\"https:\/\/static-blogs.diariosur.es\/wp-content\/uploads\/sites\/49\/2017\/05\/modacombo.jpg 600w, https:\/\/static-blogs.diariosur.es\/wp-content\/uploads\/sites\/49\/2017\/05\/modacombo-150x150.jpg 150w, https:\/\/static-blogs.diariosur.es\/wp-content\/uploads\/sites\/49\/2017\/05\/modacombo-300x300.jpg 300w\" sizes=\"(max-width: 600px) 100vw, 600px\" \/><\/a><\/p>\n<p style=\"text-align: center;\">Ni \u00f1o\u00f1o ni cursi ni infantil. Los prejuicios no valen esta primavera. El rosa es el color de moda. Y punto. La pasarela as\u00ed lo quiso y las firmas \u2018low cost\u2019 han recogido el testigo lanzado por los grandes dise\u00f1adores, empe\u00f1ados en que esta temporada la banda sonora fashionista la ponga la m\u00edtica canci\u00f3n de la francesa \u00c9dith Piaf: \u2018La vie en rose\u2019.<br \/>\nEl rosa cuarzo fue uno de los colores revelaci\u00f3n de la primavera pasada y \u00e9sta sigue muy presente, convertido en un absoluto imprescindible. Arrasa tanto en su variedad m\u00e1s dulce y pastel como en sus alternativas m\u00e1s subidas de tono: la fucsia o la frambuesa, perfectas para los \u2018outfits\u2019 m\u00e1s ca\u00f1eros.<br \/>\nA su favor, el color de moda presume de favorecer a todo el mundo. Y es que se trata de una tonalidad que casa bien con\u00a0 todo tipo de pieles y cabellos. La versatilidad es otro de sus fuertes. \u00bfC\u00f3mo lucirlo? Para las m\u00e1s atrevidas se lleva en total look, combinando en un mismo estilismo distintos tonos de rosa. Aunque el mix ganador -el que triunfa entre blogueras e \u2018it girls\u2019- es el propuesto por Gucci: maridarlo con rojo intenso. \u00a1El \u00e9xito est\u00e1 asegurado! Las m\u00e1s discretas tienen a su alcance otras opciones ganadoras: llevarlo con blanco o negro (este \u00faltimo color contribuye a darle fuerza y restarle romanticismo) o con acabados metalizados. \u00a1As\u00ed se lleva en las calles de M\u00e1laga! \u00a1Toma nota!<\/p>\n<p style=\"text-align: center;\"><!--more--><a href=\"\/pasarelaurbana\/wp-content\/uploads\/sites\/49\/2017\/05\/rosa-moda-1.jpg\"><img loading=\"lazy\" class=\"aligncenter size-full wp-image-10056\" title=\"rosa-moda (1)\" src=\"\/pasarelaurbana\/wp-content\/uploads\/sites\/49\/2017\/05\/rosa-moda-1.jpg\" alt=\"\" width=\"600\" height=\"800\" srcset=\"https:\/\/static-blogs.diariosur.es\/wp-content\/uploads\/sites\/49\/2017\/05\/rosa-moda-1.jpg 600w, https:\/\/static-blogs.diariosur.es\/wp-content\/uploads\/sites\/49\/2017\/05\/rosa-moda-1-225x300.jpg 225w\" sizes=\"(max-width: 600px) 100vw, 600px\" \/><\/a><\/p>\n<p style=\"text-align: center;\"><a href=\"\/pasarelaurbana\/wp-content\/uploads\/sites\/49\/2017\/05\/rosa-moda-18.jpg\"><img loading=\"lazy\" class=\"aligncenter size-full wp-image-10072\" title=\"rosa-moda (18)\" src=\"\/pasarelaurbana\/wp-content\/uploads\/sites\/49\/2017\/05\/rosa-moda-18.jpg\" alt=\"\" width=\"600\" height=\"800\" srcset=\"https:\/\/static-blogs.diariosur.es\/wp-content\/uploads\/sites\/49\/2017\/05\/rosa-moda-18.jpg 600w, https:\/\/static-blogs.diariosur.es\/wp-content\/uploads\/sites\/49\/2017\/05\/rosa-moda-18-225x300.jpg 225w\" sizes=\"(max-width: 600px) 100vw, 600px\" \/><\/a><\/p>\n<p style=\"text-align: center;\"><a href=\"\/pasarelaurbana\/wp-content\/uploads\/sites\/49\/2017\/05\/rosa-moda-15.jpg\"><img loading=\"lazy\" class=\"aligncenter size-full wp-image-10069\" title=\"rosa-moda (15)\" src=\"\/pasarelaurbana\/wp-content\/uploads\/sites\/49\/2017\/05\/rosa-moda-15.jpg\" alt=\"\" width=\"600\" height=\"800\" srcset=\"https:\/\/static-blogs.diariosur.es\/wp-content\/uploads\/sites\/49\/2017\/05\/rosa-moda-15.jpg 600w, https:\/\/static-blogs.diariosur.es\/wp-content\/uploads\/sites\/49\/2017\/05\/rosa-moda-15-225x300.jpg 225w\" sizes=\"(max-width: 600px) 100vw, 600px\" \/><\/a><\/p>\n<p style=\"text-align: center;\"><a href=\"\/pasarelaurbana\/wp-content\/uploads\/sites\/49\/2017\/05\/rosa-moda-10.jpg\"><img loading=\"lazy\" class=\"aligncenter size-full wp-image-10064\" title=\"rosa-moda (10)\" src=\"\/pasarelaurbana\/wp-content\/uploads\/sites\/49\/2017\/05\/rosa-moda-10.jpg\" alt=\"\" width=\"600\" height=\"800\" srcset=\"https:\/\/static-blogs.diariosur.es\/wp-content\/uploads\/sites\/49\/2017\/05\/rosa-moda-10.jpg 600w, https:\/\/static-blogs.diariosur.es\/wp-content\/uploads\/sites\/49\/2017\/05\/rosa-moda-10-225x300.jpg 225w\" sizes=\"(max-width: 600px) 100vw, 600px\" \/><\/a><\/p>\n<p style=\"text-align: center;\"><a href=\"\/pasarelaurbana\/wp-content\/uploads\/sites\/49\/2017\/05\/rosa-moda-7.jpg\"><img loading=\"lazy\" class=\"aligncenter size-full wp-image-10062\" title=\"rosa-moda (7)\" src=\"\/pasarelaurbana\/wp-content\/uploads\/sites\/49\/2017\/05\/rosa-moda-7.jpg\" alt=\"\" width=\"600\" height=\"800\" srcset=\"https:\/\/static-blogs.diariosur.es\/wp-content\/uploads\/sites\/49\/2017\/05\/rosa-moda-7.jpg 600w, https:\/\/static-blogs.diariosur.es\/wp-content\/uploads\/sites\/49\/2017\/05\/rosa-moda-7-225x300.jpg 225w\" sizes=\"(max-width: 600px) 100vw, 600px\" \/><\/a><\/p>\n<p style=\"text-align: center;\"><span style=\"text-decoration: underline;\">\u00abEs mi color favorito, dulce y alegre\u00bb<\/span><br \/>\nEleonora Rodr\u00edguez siente debilidad por el rosa. \u00abEs mi color favorito de siempre. Me encanta por su romanticismo; es un tono dulce y a a la vez alegre\u00bb, nos confes\u00f3 el pasado martes durante nuestra sesi\u00f3n de \u2018street style\u2019 por el Centro de M\u00e1laga. Para la ocasi\u00f3n -un relajado paseo por el casco urbano -esta profesora de ingl\u00e9s, de 32 a\u00f1os, se decant\u00f3 por la versi\u00f3n m\u00e1s pastel del que es uno de los reyes de la paleta crom\u00e1tica de esta temporada. Un delicado vestido vaporoso de estilo lencero -hiperfemenino- constituye el eje de su look. Nos gusta el contraste que aportan las sandalias -tambi\u00e9n rosa, pero en un llamativo frambuesa- que demuestran que combinar distintas prendas de este color jugando con tonalidades diferentes es un acierto. La guinda colorista la pone una atrevida bomber de estampado floral de Zara, con la que introduce un acertado gui\u00f1o \u2018sporty chic\u2019 que ayuda a restarle seriedad al estilismo y logra aportarle frescura. Completa el \u2018outfit\u2019 con un bolso de mano tambi\u00e9n muy protagonista de Desigual y unas favorecedoras gafas de espejo.<\/p>\n<p style=\"text-align: center;\">Vestido y sandalias: Mango.<\/p>\n<p style=\"text-align: center;\">Bolso: Desigual.<\/p>\n<p style=\"text-align: center;\">Bomber: Zara.<\/p>\n<p style=\"text-align: center;\">Gafas: Dr Franklin.<\/p>\n<p style=\"text-align: center;\">Bolso: Tous.<\/p>\n<p style=\"text-align: center;\"><a href=\"\/pasarelaurbana\/wp-content\/uploads\/sites\/49\/2017\/05\/rosa-moda-19.jpg\"><img loading=\"lazy\" class=\"aligncenter size-full wp-image-10073\" title=\"rosa-moda (19)\" src=\"\/pasarelaurbana\/wp-content\/uploads\/sites\/49\/2017\/05\/rosa-moda-19.jpg\" alt=\"\" width=\"600\" height=\"800\" srcset=\"https:\/\/static-blogs.diariosur.es\/wp-content\/uploads\/sites\/49\/2017\/05\/rosa-moda-19.jpg 600w, https:\/\/static-blogs.diariosur.es\/wp-content\/uploads\/sites\/49\/2017\/05\/rosa-moda-19-225x300.jpg 225w\" sizes=\"(max-width: 600px) 100vw, 600px\" \/><\/a><\/p>\n<p style=\"text-align: center;\"><a href=\"\/pasarelaurbana\/wp-content\/uploads\/sites\/49\/2017\/05\/rosa-moda-17.jpg\"><img loading=\"lazy\" class=\"aligncenter size-full wp-image-10071\" title=\"rosa-moda (17)\" src=\"\/pasarelaurbana\/wp-content\/uploads\/sites\/49\/2017\/05\/rosa-moda-17.jpg\" alt=\"\" width=\"600\" height=\"600\" srcset=\"https:\/\/static-blogs.diariosur.es\/wp-content\/uploads\/sites\/49\/2017\/05\/rosa-moda-17.jpg 600w, https:\/\/static-blogs.diariosur.es\/wp-content\/uploads\/sites\/49\/2017\/05\/rosa-moda-17-150x150.jpg 150w, https:\/\/static-blogs.diariosur.es\/wp-content\/uploads\/sites\/49\/2017\/05\/rosa-moda-17-300x300.jpg 300w\" sizes=\"(max-width: 600px) 100vw, 600px\" \/><\/a><\/p>\n<p style=\"text-align: center;\"><span style=\"text-decoration: underline;\">Las blusas a rayas con volantes, un \u2018must\u2019<\/span><br \/>\nEsta primavera ha llegado m\u00e1s flamenca que nunca. Y es que los volantes son el acabado de moda de la temporada. Nos gusta c\u00f3mo los luce \u00c1ngeles Rodr\u00edguez, una funcionaria malague\u00f1a mam\u00e1 de dos ni\u00f1as en cuyos estilismos prima ante todo la comodidad. Para ir a la oficina, \u00c1ngeles elige una rom\u00e1ntica blusa a rayas rosas combinada con pantalones blancos entubados y unos zapatos de sal\u00f3n en topo. remata el outfit con una biker de ante, perfecta para estos d\u00edas de bajada de temperaturas.<\/p>\n<p style=\"text-align: center;\">Camisa a rayas: Beamazingshop.<\/p>\n<p style=\"text-align: center;\">Pantal\u00f3n y zapatos: Zara.<\/p>\n<p style=\"text-align: center;\">Biker: Mango.<\/p>\n<p style=\"text-align: center;\">Bolso: Louis Vuitton.<\/p>\n<p style=\"text-align: center;\"><a href=\"\/pasarelaurbana\/wp-content\/uploads\/sites\/49\/2017\/05\/rosa-moda-3.jpg\"><img loading=\"lazy\" class=\"aligncenter size-full wp-image-10058\" title=\"rosa-moda (3)\" src=\"\/pasarelaurbana\/wp-content\/uploads\/sites\/49\/2017\/05\/rosa-moda-3.jpg\" alt=\"\" width=\"600\" height=\"800\" srcset=\"https:\/\/static-blogs.diariosur.es\/wp-content\/uploads\/sites\/49\/2017\/05\/rosa-moda-3.jpg 600w, https:\/\/static-blogs.diariosur.es\/wp-content\/uploads\/sites\/49\/2017\/05\/rosa-moda-3-225x300.jpg 225w\" sizes=\"(max-width: 600px) 100vw, 600px\" \/><\/a><\/p>\n<p style=\"text-align: center;\"><a href=\"\/pasarelaurbana\/wp-content\/uploads\/sites\/49\/2017\/05\/rosa-moda-4.jpg\"><img loading=\"lazy\" class=\"aligncenter size-full wp-image-10059\" title=\"rosa-moda (4)\" src=\"\/pasarelaurbana\/wp-content\/uploads\/sites\/49\/2017\/05\/rosa-moda-4.jpg\" alt=\"\" width=\"600\" height=\"800\" srcset=\"https:\/\/static-blogs.diariosur.es\/wp-content\/uploads\/sites\/49\/2017\/05\/rosa-moda-4.jpg 600w, https:\/\/static-blogs.diariosur.es\/wp-content\/uploads\/sites\/49\/2017\/05\/rosa-moda-4-225x300.jpg 225w\" sizes=\"(max-width: 600px) 100vw, 600px\" \/><\/a><\/p>\n<p style=\"text-align: center;\"><a href=\"\/pasarelaurbana\/wp-content\/uploads\/sites\/49\/2017\/05\/modacuatro.jpg\"><img loading=\"lazy\" class=\"aligncenter  wp-image-10074\" title=\"modacuatro\" src=\"\/pasarelaurbana\/wp-content\/uploads\/sites\/49\/2017\/05\/modacuatro.jpg\" alt=\"\" width=\"600\" height=\"950\" srcset=\"https:\/\/static-blogs.diariosur.es\/wp-content\/uploads\/sites\/49\/2017\/05\/modacuatro.jpg 600w, https:\/\/static-blogs.diariosur.es\/wp-content\/uploads\/sites\/49\/2017\/05\/modacuatro-189x300.jpg 189w\" sizes=\"(max-width: 600px) 100vw, 600px\" \/><\/a><\/p>\n<p style=\"text-align: center;\"><span style=\"text-decoration: underline;\">Con dorado: una pareja de diez<\/span><br \/>\nAnte la duda, siempre es la mejor opci\u00f3n. Esa con la que nunca te equivocas. Y es que los metalizados son unos excelentes comodines de fondo de armario que quedan bien con todo y hacen especial buena pareja con el color de moda. Como muestra, el estilismo elegido por Isabel Hern\u00e1ndez. Esta administrativa de 34 a\u00f1os marida con acierto un vestido rosa de mangas de campana con complementos dorados: en su caso un bolso bandolera y unos mocasines -calzado de tendencia- ambos de Parfois. La guinda la pone un llamativo pa\u00f1uelo de \u2018print\u2019 floral, \u00abideal para estos d\u00edas a primera hora\u00bb.<\/p>\n<p style=\"text-align: center;\">Vestido: Tienda local.<\/p>\n<p style=\"text-align: center;\">Pa\u00f1uelo, bolso y mocasines: Parfois.<\/p>\n<p style=\"text-align: center;\"><a href=\"\/pasarelaurbana\/wp-content\/uploads\/sites\/49\/2017\/05\/rosa-moda-2.jpg\"><img loading=\"lazy\" class=\"aligncenter size-full wp-image-10057\" title=\"rosa-moda (2)\" src=\"\/pasarelaurbana\/wp-content\/uploads\/sites\/49\/2017\/05\/rosa-moda-2.jpg\" alt=\"\" width=\"600\" height=\"800\" srcset=\"https:\/\/static-blogs.diariosur.es\/wp-content\/uploads\/sites\/49\/2017\/05\/rosa-moda-2.jpg 600w, https:\/\/static-blogs.diariosur.es\/wp-content\/uploads\/sites\/49\/2017\/05\/rosa-moda-2-225x300.jpg 225w\" sizes=\"(max-width: 600px) 100vw, 600px\" \/><\/a><\/p>\n<p style=\"text-align: center;\"><a href=\"\/pasarelaurbana\/wp-content\/uploads\/sites\/49\/2017\/05\/rosa-moda-5.jpg\"><img loading=\"lazy\" class=\"aligncenter size-full wp-image-10060\" title=\"rosa-moda (5)\" src=\"\/pasarelaurbana\/wp-content\/uploads\/sites\/49\/2017\/05\/rosa-moda-5.jpg\" alt=\"\" width=\"600\" height=\"800\" srcset=\"https:\/\/static-blogs.diariosur.es\/wp-content\/uploads\/sites\/49\/2017\/05\/rosa-moda-5.jpg 600w, https:\/\/static-blogs.diariosur.es\/wp-content\/uploads\/sites\/49\/2017\/05\/rosa-moda-5-225x300.jpg 225w\" sizes=\"(max-width: 600px) 100vw, 600px\" \/><\/a><\/p>\n<p style=\"text-align: center;\"><a href=\"\/pasarelaurbana\/wp-content\/uploads\/sites\/49\/2017\/05\/rosa-moda-8.jpg\"><img loading=\"lazy\" class=\"aligncenter size-full wp-image-10063\" title=\"rosa-moda (8)\" src=\"\/pasarelaurbana\/wp-content\/uploads\/sites\/49\/2017\/05\/rosa-moda-8.jpg\" alt=\"\" width=\"600\" height=\"800\" srcset=\"https:\/\/static-blogs.diariosur.es\/wp-content\/uploads\/sites\/49\/2017\/05\/rosa-moda-8.jpg 600w, https:\/\/static-blogs.diariosur.es\/wp-content\/uploads\/sites\/49\/2017\/05\/rosa-moda-8-225x300.jpg 225w\" sizes=\"(max-width: 600px) 100vw, 600px\" \/><\/a><\/p>\n<p style=\"text-align: center;\"><a href=\"\/pasarelaurbana\/wp-content\/uploads\/sites\/49\/2017\/05\/rosa-moda-12.jpg\"><img loading=\"lazy\" class=\"aligncenter size-full wp-image-10066\" title=\"rosa-moda (12)\" src=\"\/pasarelaurbana\/wp-content\/uploads\/sites\/49\/2017\/05\/rosa-moda-12.jpg\" alt=\"\" width=\"600\" height=\"800\" srcset=\"https:\/\/static-blogs.diariosur.es\/wp-content\/uploads\/sites\/49\/2017\/05\/rosa-moda-12.jpg 600w, https:\/\/static-blogs.diariosur.es\/wp-content\/uploads\/sites\/49\/2017\/05\/rosa-moda-12-225x300.jpg 225w\" sizes=\"(max-width: 600px) 100vw, 600px\" \/><\/a><\/p>\n<p style=\"text-align: center;\"><a href=\"\/pasarelaurbana\/wp-content\/uploads\/sites\/49\/2017\/05\/rosa-moda-6.jpg\"><img loading=\"lazy\" class=\"aligncenter size-full wp-image-10061\" title=\"rosa-moda (6)\" src=\"\/pasarelaurbana\/wp-content\/uploads\/sites\/49\/2017\/05\/rosa-moda-6.jpg\" alt=\"\" width=\"600\" height=\"800\" srcset=\"https:\/\/static-blogs.diariosur.es\/wp-content\/uploads\/sites\/49\/2017\/05\/rosa-moda-6.jpg 600w, https:\/\/static-blogs.diariosur.es\/wp-content\/uploads\/sites\/49\/2017\/05\/rosa-moda-6-225x300.jpg 225w\" sizes=\"(max-width: 600px) 100vw, 600px\" \/><\/a><\/p>\n<p style=\"text-align: center;\"><span style=\"text-decoration: underline;\">En frambuesa, para un look rockero<\/span><br \/>\nNo todos los rosas son tan azucarados. Existen alternativas m\u00e1s chillonas, menos \u00f1o\u00f1as, perfectas para los \u2018outfits\u2019 m\u00e1s rockeros. Es el caso de la camiseta frambuesa por la que apuesta Vanessa Amores, una dependienta de 37 a\u00f1os. Con ella pone la nota colorista a un total look negro compuesto por biker y pantalones tobilleros ce\u00f1idos. Remata su propuesta deportiva con unos tenis y una bandolera.<\/p>\n<p style=\"text-align: center;\">Total look (camiseta con mensaje, biker, pantalones tobilleros y deportivas): Stradivarius.<\/p>\n<p style=\"text-align: center;\">Bolso: Zara.<\/p>\n","protected":false},"excerpt":{"rendered":"<p>Ni \u00f1o\u00f1o ni cursi ni infantil. Los prejuicios no valen esta primavera. El rosa es el color de moda. Y punto. La pasarela as\u00ed lo quiso y las firmas \u2018low cost\u2019 han recogido el testigo lanzado por los grandes dise\u00f1adores, empe\u00f1ados en que esta temporada la banda sonora fashionista la ponga la m\u00edtica canci\u00f3n de [&hellip;]<\/p>\n","protected":false},"author":54,"featured_media":0,"comment_status":"open","ping_status":"open","sticky":false,"template":"","format":"standard","meta":[],"categories":[2],"tags":[],"_links":{"self":[{"href":"https:\/\/blogs.diariosur.es\/pasarelaurbana\/wp-json\/wp\/v2\/posts\/10054"}],"collection":[{"href":"https:\/\/blogs.diariosur.es\/pasarelaurbana\/wp-json\/wp\/v2\/posts"}],"about":[{"href":"https:\/\/blogs.diariosur.es\/pasarelaurbana\/wp-json\/wp\/v2\/types\/post"}],"author":[{"embeddable":true,"href":"https:\/\/blogs.diariosur.es\/pasarelaurbana\/wp-json\/wp\/v2\/users\/54"}],"replies":[{"embeddable":true,"href":"https:\/\/blogs.diariosur.es\/pasarelaurbana\/wp-json\/wp\/v2\/comments?post=10054"}],"version-history":[{"count":0,"href":"https:\/\/blogs.diariosur.es\/pasarelaurbana\/wp-json\/wp\/v2\/posts\/10054\/revisions"}],"wp:attachment":[{"href":"https:\/\/blogs.diariosur.es\/pasarelaurbana\/wp-json\/wp\/v2\/media?parent=10054"}],"wp:term":[{"taxonomy":"category","embeddable":true,"href":"https:\/\/blogs.diariosur.es\/pasarelaurbana\/wp-json\/wp\/v2\/categories?post=10054"},{"taxonomy":"post_tag","embeddable":true,"href":"https:\/\/blogs.diariosur.es\/pasarelaurbana\/wp-json\/wp\/v2\/tags?post=10054"}],"curies":[{"name":"wp","href":"https:\/\/api.w.org\/{rel}","templated":true}]}}