{"id":10130,"date":"2017-05-27T16:58:57","date_gmt":"2017-05-27T14:58:57","guid":{"rendered":"http:\/\/blogs.diariosur.es\/pasarelaurbana\/?p=10130"},"modified":"2017-05-27T16:58:57","modified_gmt":"2017-05-27T14:58:57","slug":"el-armario-de-la-disenadora-yurena-dorta","status":"publish","type":"post","link":"https:\/\/blogs.diariosur.es\/pasarelaurbana\/2017\/05\/27\/el-armario-de-la-disenadora-yurena-dorta\/","title":{"rendered":"El armario de la dise\u00f1adora Yurena Dorta"},"content":{"rendered":"<p style=\"text-align: center;\"><a href=\"\/pasarelaurbana\/wp-content\/uploads\/sites\/49\/2017\/05\/martina-15.jpg\"><img loading=\"lazy\" class=\"aligncenter size-full wp-image-10145\" title=\"martina (15)\" src=\"\/pasarelaurbana\/wp-content\/uploads\/sites\/49\/2017\/05\/martina-15.jpg\" alt=\"\" width=\"600\" height=\"600\" \/><\/a><\/p>\n<p style=\"text-align: center;\">Tiene sangre tinerfe\u00f1a, aunque desde hace siete a\u00f1os se siente medio malague\u00f1a. En M\u00e1laga encontr\u00f3 el amor y en M\u00e1laga ha echado ra\u00edces. Las de su familia (aqu\u00ed naci\u00f3 su hija) y la de su aventura empresarial: una firma artesanal de tocados y complementos que lleva el nombre de su peque\u00f1a Martina, de 5 a\u00f1os. Para Yurena Dorta, \u00abun sue\u00f1o\u00bb hecho realidad que, como ella misma bromea, le absorbe \u00ab18 horas al d\u00eda\u00bb pero que tambi\u00e9n le da un sinf\u00edn de satisfacciones. Esas que da el trabajo bien hecho a base de constancia y perseverancia. \u00abSoy muy lanzada y siempre tuve claro que quer\u00eda tener mi propia empresa. Y si me fijo una meta lucho hasta que la consigo\u00bb explica esta dise\u00f1adora cuyas obras -aut\u00e9nticas obras de arte cuidadas hasta el mil\u00edmetro- han conquistado a publicaciones tan reconocidas como Vogue, Telva o Elle.<\/p>\n<p style=\"text-align: center;\">De estilo ecl\u00e9ctico y minimalista, Dorta tiene un claro eje en sus \u2018outfits\u2019: la funcionalidad. \u00abAnte todo cuando vengo al taller busco ir c\u00f3moda pero con un punto arreglado porque estoy cara al p\u00fablico y la imagen siempre es una carta de presentaci\u00f3n\u00bb advierte. Pantalones tipo \u2018culotte\u2019 -de pata ancha y por debajo de la rodilla- o vaqueros con camisetas b\u00e1sicas o jerseys de hilo constituyen sus looks \u2018de batalla\u2019, en los que siempre apuesta por superposiciones: \u00abUso much\u00edsimo los maxi chalecos o las blazer fluidas porque ponen un toque sofisticado\u00bb, confiesa. La guinda, en estos casos, siempre la ponen los complementos, donde la dise\u00f1adora pone toda la carne en el asador. Ellos son, precisamente, las piezas clave de sus estilismos. Los que marcan la diferencia. \u00abMe encanta ponerme pendientes grandes de aires retro, gafas de ver vintage, unos zapatos especiales, un bolso original (como el de cangrejo plata que luce en una de las propuestas de esta p\u00e1gina) o un sombrero\u00bb, enumera.<\/p>\n<p style=\"text-align: center;\">Poco amiga de los estampados, el blanco y el negro son los claros reyes de su armario, en los que tambi\u00e9n hay pinceladas de verde ti\u00f1endo prendas de siluetas \u2018oversize\u2019 -nunca lleva nada ce\u00f1ido- o de inspiraci\u00f3n masculina. \u00bfSus mejores aliadas para completar el look? Unas zapatillas deportivas o, ahora en verano, unas sandalias con tachuelas. \u00abTac\u00f3n, el m\u00ednimo\u00bb, bromea.<\/p>\n<p style=\"text-align: center;\">Os dejo con sus looks al detalle. \u00a1Feliz fin de semana! Os espero por Instagram @almudena30 y Twitter @almunogues<!--more--><strong>PARA EL D\u00cdA<\/strong>: Camiseta con vaqueros y maxi chaleco<\/p>\n<p><a href=\"\/pasarelaurbana\/wp-content\/uploads\/sites\/49\/2017\/05\/martina-19.jpg\"><img loading=\"lazy\" class=\"aligncenter size-full wp-image-10149\" title=\"martina (19)\" src=\"\/pasarelaurbana\/wp-content\/uploads\/sites\/49\/2017\/05\/martina-19.jpg\" alt=\"\" width=\"600\" height=\"800\" \/><\/a><\/p>\n<p><a href=\"\/pasarelaurbana\/wp-content\/uploads\/sites\/49\/2017\/05\/martina-11.jpg\"><img loading=\"lazy\" class=\"aligncenter size-full wp-image-10140\" title=\"martina (11)\" src=\"\/pasarelaurbana\/wp-content\/uploads\/sites\/49\/2017\/05\/martina-11.jpg\" alt=\"\" width=\"600\" height=\"600\" srcset=\"https:\/\/static-blogs.diariosur.es\/wp-content\/uploads\/sites\/49\/2017\/05\/martina-11.jpg 600w, https:\/\/static-blogs.diariosur.es\/wp-content\/uploads\/sites\/49\/2017\/05\/martina-11-150x150.jpg 150w, https:\/\/static-blogs.diariosur.es\/wp-content\/uploads\/sites\/49\/2017\/05\/martina-11-300x300.jpg 300w\" sizes=\"(max-width: 600px) 100vw, 600px\" \/><\/a><\/p>\n<p style=\"text-align: center;\"><a href=\"\/pasarelaurbana\/wp-content\/uploads\/sites\/49\/2017\/05\/martina-26.jpg\"><img loading=\"lazy\" class=\"aligncenter size-full wp-image-10155\" title=\"martina (26)\" src=\"\/pasarelaurbana\/wp-content\/uploads\/sites\/49\/2017\/05\/martina-26.jpg\" alt=\"\" width=\"600\" height=\"600\" \/><\/a><\/p>\n<p style=\"text-align: center;\"><a href=\"\/pasarelaurbana\/wp-content\/uploads\/sites\/49\/2017\/05\/martina-20.jpg\"><img loading=\"lazy\" class=\"aligncenter size-full wp-image-10150\" title=\"martina (20)\" src=\"\/pasarelaurbana\/wp-content\/uploads\/sites\/49\/2017\/05\/martina-20.jpg\" alt=\"\" width=\"600\" height=\"800\" \/><\/a><\/p>\n<p style=\"text-align: center;\"><a href=\"\/pasarelaurbana\/wp-content\/uploads\/sites\/49\/2017\/05\/martina-9.jpg\"><img loading=\"lazy\" class=\"aligncenter size-full wp-image-10138\" title=\"martina (9)\" src=\"\/pasarelaurbana\/wp-content\/uploads\/sites\/49\/2017\/05\/martina-9.jpg\" alt=\"\" width=\"600\" height=\"800\" srcset=\"https:\/\/static-blogs.diariosur.es\/wp-content\/uploads\/sites\/49\/2017\/05\/martina-9.jpg 600w, https:\/\/static-blogs.diariosur.es\/wp-content\/uploads\/sites\/49\/2017\/05\/martina-9-225x300.jpg 225w\" sizes=\"(max-width: 600px) 100vw, 600px\" \/><\/a><\/p>\n<p style=\"text-align: center;\">Las superposiciones le encantan. Para el d\u00eda elige camiseta con pi\u00f1a y vaqueros de Mango, maxi chaleco mostaza y abrigo con manga de volantes de Amiti\u00e9 (El Corte Ingl\u00e9s), sandalias negras y bolso de cangrejo.<\/p>\n<p style=\"text-align: center;\"><strong>SU PROPUESTA PARA SALIR A CENAR<\/strong>: Mix de colores primaverales con vestido y blazer flu\u00edda<\/p>\n<p style=\"text-align: center;\"><a href=\"\/pasarelaurbana\/wp-content\/uploads\/sites\/49\/2017\/05\/martina-4.jpg\"><img loading=\"lazy\" class=\"aligncenter size-full wp-image-10134\" title=\"martina (4)\" src=\"\/pasarelaurbana\/wp-content\/uploads\/sites\/49\/2017\/05\/martina-4.jpg\" alt=\"\" width=\"600\" height=\"800\" srcset=\"https:\/\/static-blogs.diariosur.es\/wp-content\/uploads\/sites\/49\/2017\/05\/martina-4.jpg 600w, https:\/\/static-blogs.diariosur.es\/wp-content\/uploads\/sites\/49\/2017\/05\/martina-4-225x300.jpg 225w\" sizes=\"(max-width: 600px) 100vw, 600px\" \/><\/a><\/p>\n<p style=\"text-align: center;\"><a href=\"\/pasarelaurbana\/wp-content\/uploads\/sites\/49\/2017\/05\/martina-16.jpg\"><img loading=\"lazy\" class=\"aligncenter size-full wp-image-10146\" title=\"martina (16)\" src=\"\/pasarelaurbana\/wp-content\/uploads\/sites\/49\/2017\/05\/martina-16.jpg\" alt=\"\" width=\"600\" height=\"800\" \/><\/a><\/p>\n<p style=\"text-align: center;\"><a href=\"\/pasarelaurbana\/wp-content\/uploads\/sites\/49\/2017\/05\/martina-15.jpg\"><img loading=\"lazy\" class=\"aligncenter size-full wp-image-10145\" title=\"martina (15)\" src=\"\/pasarelaurbana\/wp-content\/uploads\/sites\/49\/2017\/05\/martina-15.jpg\" alt=\"\" width=\"600\" height=\"600\" \/><\/a><\/p>\n<p style=\"text-align: center;\"><a href=\"\/pasarelaurbana\/wp-content\/uploads\/sites\/49\/2017\/05\/martina-5.jpg\"><img loading=\"lazy\" class=\"aligncenter size-full wp-image-10135\" title=\"martina (5)\" src=\"\/pasarelaurbana\/wp-content\/uploads\/sites\/49\/2017\/05\/martina-5.jpg\" alt=\"\" width=\"600\" height=\"800\" srcset=\"https:\/\/static-blogs.diariosur.es\/wp-content\/uploads\/sites\/49\/2017\/05\/martina-5.jpg 600w, https:\/\/static-blogs.diariosur.es\/wp-content\/uploads\/sites\/49\/2017\/05\/martina-5-225x300.jpg 225w\" sizes=\"(max-width: 600px) 100vw, 600px\" \/><\/a><\/p>\n<p style=\"text-align: center;\"><a href=\"\/pasarelaurbana\/wp-content\/uploads\/sites\/49\/2017\/05\/martina-25.jpg\"><img loading=\"lazy\" class=\"aligncenter  wp-image-10154\" title=\"martina (25)\" src=\"\/pasarelaurbana\/wp-content\/uploads\/sites\/49\/2017\/05\/martina-25.jpg\" alt=\"\" width=\"600\" height=\"800\" \/><\/a><\/p>\n<p style=\"text-align: center;\">Sobre estas l\u00edneas, la dise\u00f1adora posa en su taller junto a una de sus propuestas para salir a cenar: un original vestido verde de &#038; Other Stories con maxi blazer flu\u00edda blanca y zapatos en coral de Mango (que aportan un interesante contraste crom\u00e1tico). Remata el look con bolso de \u2018print\u2019 geom\u00e9trico de Parfois.<\/p>\n<p style=\"text-align: center;\"><strong>PARA UN EVENTO:<\/strong> Apuesta sobre seguro al negro con clutch de pedrer\u00eda<\/p>\n<p style=\"text-align: center;\"><a href=\"\/pasarelaurbana\/wp-content\/uploads\/sites\/49\/2017\/05\/martina-14.jpg\"><img loading=\"lazy\" class=\"aligncenter size-full wp-image-10144\" title=\"martina (14)\" src=\"\/pasarelaurbana\/wp-content\/uploads\/sites\/49\/2017\/05\/martina-14.jpg\" alt=\"\" width=\"600\" height=\"800\" \/><\/a><\/p>\n<p style=\"text-align: center;\"><a href=\"\/pasarelaurbana\/wp-content\/uploads\/sites\/49\/2017\/05\/martina-7.jpg\"><img loading=\"lazy\" class=\"aligncenter size-full wp-image-10137\" title=\"martina (7)\" src=\"\/pasarelaurbana\/wp-content\/uploads\/sites\/49\/2017\/05\/martina-7.jpg\" alt=\"\" width=\"600\" height=\"800\" srcset=\"https:\/\/static-blogs.diariosur.es\/wp-content\/uploads\/sites\/49\/2017\/05\/martina-7.jpg 600w, https:\/\/static-blogs.diariosur.es\/wp-content\/uploads\/sites\/49\/2017\/05\/martina-7-225x300.jpg 225w\" sizes=\"(max-width: 600px) 100vw, 600px\" \/><\/a><\/p>\n<p style=\"text-align: center;\"><a href=\"\/pasarelaurbana\/wp-content\/uploads\/sites\/49\/2017\/05\/martina-10.jpg\"><img loading=\"lazy\" class=\"aligncenter size-full wp-image-10139\" title=\"martina (10)\" src=\"\/pasarelaurbana\/wp-content\/uploads\/sites\/49\/2017\/05\/martina-10.jpg\" alt=\"\" width=\"600\" height=\"800\" srcset=\"https:\/\/static-blogs.diariosur.es\/wp-content\/uploads\/sites\/49\/2017\/05\/martina-10.jpg 600w, https:\/\/static-blogs.diariosur.es\/wp-content\/uploads\/sites\/49\/2017\/05\/martina-10-225x300.jpg 225w\" sizes=\"(max-width: 600px) 100vw, 600px\" \/><\/a><\/p>\n<p style=\"text-align: center;\"><a href=\"\/pasarelaurbana\/wp-content\/uploads\/sites\/49\/2017\/05\/martina-6.jpg\"><img loading=\"lazy\" class=\"aligncenter size-full wp-image-10136\" title=\"martina (6)\" src=\"\/pasarelaurbana\/wp-content\/uploads\/sites\/49\/2017\/05\/martina-6.jpg\" alt=\"\" width=\"600\" height=\"800\" srcset=\"https:\/\/static-blogs.diariosur.es\/wp-content\/uploads\/sites\/49\/2017\/05\/martina-6.jpg 600w, https:\/\/static-blogs.diariosur.es\/wp-content\/uploads\/sites\/49\/2017\/05\/martina-6-225x300.jpg 225w\" sizes=\"(max-width: 600px) 100vw, 600px\" \/><\/a><\/p>\n<p style=\"text-align: center;\"><a href=\"\/pasarelaurbana\/wp-content\/uploads\/sites\/49\/2017\/05\/martina-8.jpg\"><img loading=\"lazy\" class=\"aligncenter size-full wp-image-10141\" title=\"martina (8)\" src=\"\/pasarelaurbana\/wp-content\/uploads\/sites\/49\/2017\/05\/martina-8.jpg\" alt=\"\" width=\"600\" height=\"800\" srcset=\"https:\/\/static-blogs.diariosur.es\/wp-content\/uploads\/sites\/49\/2017\/05\/martina-8.jpg 600w, https:\/\/static-blogs.diariosur.es\/wp-content\/uploads\/sites\/49\/2017\/05\/martina-8-225x300.jpg 225w\" sizes=\"(max-width: 600px) 100vw, 600px\" \/><\/a><\/p>\n<p style=\"text-align: center;\">Para un evento se decanta por un vestido negro de corte impecable, \u00aben estos casos prefiero no arriesgar\u00bb, advierte. El de la foto -asim\u00e9trico y con volante- es de COS y lo combina con sandalias\u00a0 de &#038; Other Stories, bolso de pedrer\u00eda de Parfois y corona de su firma Martina Dorta.<\/p>\n<p style=\"text-align: center;\"><strong>LO \u00daLTIMO EN SU ARMARIO<\/strong>&#8230;<\/p>\n<p style=\"text-align: center;\"><a href=\"\/pasarelaurbana\/wp-content\/uploads\/sites\/49\/2017\/05\/martina-2.jpg\"><img loading=\"lazy\" class=\"aligncenter size-full wp-image-10132\" title=\"martina (2)\" src=\"\/pasarelaurbana\/wp-content\/uploads\/sites\/49\/2017\/05\/martina-2.jpg\" alt=\"\" width=\"600\" height=\"800\" srcset=\"https:\/\/static-blogs.diariosur.es\/wp-content\/uploads\/sites\/49\/2017\/05\/martina-2.jpg 600w, https:\/\/static-blogs.diariosur.es\/wp-content\/uploads\/sites\/49\/2017\/05\/martina-2-225x300.jpg 225w\" sizes=\"(max-width: 600px) 100vw, 600px\" \/><\/a><\/p>\n<p style=\"text-align: center;\"><a href=\"\/pasarelaurbana\/wp-content\/uploads\/sites\/49\/2017\/05\/martina-12.jpg\"><img loading=\"lazy\" class=\"aligncenter size-full wp-image-10142\" title=\"martina (12)\" src=\"\/pasarelaurbana\/wp-content\/uploads\/sites\/49\/2017\/05\/martina-12.jpg\" alt=\"\" width=\"600\" height=\"800\" \/><\/a><\/p>\n<p style=\"text-align: center;\">\u00bfUna apuesta para esta temporada? Una camiseta con espalda de volantes, un acabado de plena tendencia. Esta es de Eme Ele.<\/p>\n<p style=\"text-align: center;\"><strong>SUS COMPLEMENTOS<\/strong><\/p>\n<p style=\"text-align: center;\"><a href=\"\/pasarelaurbana\/wp-content\/uploads\/sites\/49\/2017\/05\/martina-23.jpg\"><img loading=\"lazy\" class=\"aligncenter size-full wp-image-10152\" title=\"martina (23)\" src=\"\/pasarelaurbana\/wp-content\/uploads\/sites\/49\/2017\/05\/martina-23.jpg\" alt=\"\" width=\"600\" height=\"800\" \/><\/a><\/p>\n<p style=\"text-align: center;\"><a href=\"\/pasarelaurbana\/wp-content\/uploads\/sites\/49\/2017\/05\/martina-3.jpg\"><img loading=\"lazy\" class=\"aligncenter size-full wp-image-10133\" title=\"martina (3)\" src=\"\/pasarelaurbana\/wp-content\/uploads\/sites\/49\/2017\/05\/martina-3.jpg\" alt=\"\" width=\"600\" height=\"600\" srcset=\"https:\/\/static-blogs.diariosur.es\/wp-content\/uploads\/sites\/49\/2017\/05\/martina-3.jpg 600w, https:\/\/static-blogs.diariosur.es\/wp-content\/uploads\/sites\/49\/2017\/05\/martina-3-150x150.jpg 150w, https:\/\/static-blogs.diariosur.es\/wp-content\/uploads\/sites\/49\/2017\/05\/martina-3-300x300.jpg 300w\" sizes=\"(max-width: 600px) 100vw, 600px\" \/><\/a><\/p>\n<p style=\"text-align: center;\">Los pendientes retro no faltan en sus looks y son su apuesta segura para realzar un look b\u00e1sico. Los de arriba son de su firma Martina Dorta y herencia de su abuela.<\/p>\n<p style=\"text-align: center;\"><a href=\"\/pasarelaurbana\/wp-content\/uploads\/sites\/49\/2017\/05\/martina-18.jpg\"><img loading=\"lazy\" class=\"aligncenter  wp-image-10148\" title=\"martina (18)\" src=\"\/pasarelaurbana\/wp-content\/uploads\/sites\/49\/2017\/05\/martina-18.jpg\" alt=\"\" width=\"600\" height=\"600\" \/><\/a><\/p>\n<p style=\"text-align: center;\">Una muestra de su colecci\u00f3n de bolsos. Le gustan con un toque diferente y acabados metalizados. Los compra en Zara, Parfois o en la firma local Eme Ele.<\/p>\n<p style=\"text-align: center;\"><a href=\"\/pasarelaurbana\/wp-content\/uploads\/sites\/49\/2017\/05\/martina-21.jpg\"><img loading=\"lazy\" class=\"aligncenter size-full wp-image-10151\" title=\"martina (21)\" src=\"\/pasarelaurbana\/wp-content\/uploads\/sites\/49\/2017\/05\/martina-21.jpg\" alt=\"\" width=\"600\" height=\"800\" \/><\/a><\/p>\n<p style=\"text-align: center;\"><a href=\"\/pasarelaurbana\/wp-content\/uploads\/sites\/49\/2017\/05\/dorta-bn.jpg\"><img loading=\"lazy\" class=\"aligncenter  wp-image-10156\" title=\"dorta-bn\" src=\"\/pasarelaurbana\/wp-content\/uploads\/sites\/49\/2017\/05\/dorta-bn.jpg\" alt=\"\" width=\"600\" height=\"800\" \/><\/a><\/p>\n<p style=\"text-align: center;\">Y terminamos con unas fotos de Yurena en su taller, un precioso espacio en Avenida Ortega y Gasset n\u00famero 46 que os recomiendo visitar tanto si os vais a casar como si acudis de invitada a un evento. \u00a1Preciosa su colecci\u00f3n de tocados y complementos, mimados hasta el \u00faltimo detalle! \u00a1Gracias por abrirnos la puerta de tu casa!<\/p>\n<p style=\"text-align: center;\"><span style=\"text-decoration: underline;\">SU RUTA DE TIENDAS<\/span><\/p>\n<p style=\"text-align: center;\">1.<strong> &#038; Other Stories.<\/strong>\u00a0 \u00abDe esta firma me gusta todo, sobre todo sus zapatos\u00bb<br \/>\n2. <strong>COS<\/strong>. El estilo minimal de la cadena del grupo H&#038;M le fascina.<br \/>\n3. <strong>Mango.<\/strong>\u00a0 Una de sus franquicias \u2018low cost\u2019 favoritas para diario.<br \/>\n4. <strong>Zara.<\/strong> El buque insignia de Inditex es clave en sus estilismos.<br \/>\n5.<strong> Mercadillos<\/strong>. \u00abCompro much\u00edsimo en ellos y en tiendas de ropa vintage\u00bb.<\/p>\n","protected":false},"excerpt":{"rendered":"<p>Tiene sangre tinerfe\u00f1a, aunque desde hace siete a\u00f1os se siente medio malague\u00f1a. En M\u00e1laga encontr\u00f3 el amor y en M\u00e1laga ha echado ra\u00edces. Las de su familia (aqu\u00ed naci\u00f3 su hija) y la de su aventura empresarial: una firma artesanal de tocados y complementos que lleva el nombre de su peque\u00f1a Martina, de 5 a\u00f1os. [&hellip;]<\/p>\n","protected":false},"author":54,"featured_media":0,"comment_status":"open","ping_status":"open","sticky":false,"template":"","format":"standard","meta":[],"categories":[2],"tags":[],"_links":{"self":[{"href":"https:\/\/blogs.diariosur.es\/pasarelaurbana\/wp-json\/wp\/v2\/posts\/10130"}],"collection":[{"href":"https:\/\/blogs.diariosur.es\/pasarelaurbana\/wp-json\/wp\/v2\/posts"}],"about":[{"href":"https:\/\/blogs.diariosur.es\/pasarelaurbana\/wp-json\/wp\/v2\/types\/post"}],"author":[{"embeddable":true,"href":"https:\/\/blogs.diariosur.es\/pasarelaurbana\/wp-json\/wp\/v2\/users\/54"}],"replies":[{"embeddable":true,"href":"https:\/\/blogs.diariosur.es\/pasarelaurbana\/wp-json\/wp\/v2\/comments?post=10130"}],"version-history":[{"count":0,"href":"https:\/\/blogs.diariosur.es\/pasarelaurbana\/wp-json\/wp\/v2\/posts\/10130\/revisions"}],"wp:attachment":[{"href":"https:\/\/blogs.diariosur.es\/pasarelaurbana\/wp-json\/wp\/v2\/media?parent=10130"}],"wp:term":[{"taxonomy":"category","embeddable":true,"href":"https:\/\/blogs.diariosur.es\/pasarelaurbana\/wp-json\/wp\/v2\/categories?post=10130"},{"taxonomy":"post_tag","embeddable":true,"href":"https:\/\/blogs.diariosur.es\/pasarelaurbana\/wp-json\/wp\/v2\/tags?post=10130"}],"curies":[{"name":"wp","href":"https:\/\/api.w.org\/{rel}","templated":true}]}}