{"id":10142,"date":"2017-04-29T01:00:49","date_gmt":"2017-04-28T23:00:49","guid":{"rendered":"http:\/\/blogs.diariosur.es\/pasarelaurbana\/?p=10033"},"modified":"2017-04-29T01:00:49","modified_gmt":"2017-04-28T23:00:49","slug":"el-armario-del-piloto-alvaro-fontes","status":"publish","type":"post","link":"https:\/\/blogs.diariosur.es\/pasarelaurbana\/2017\/04\/29\/el-armario-del-piloto-alvaro-fontes\/","title":{"rendered":"El armario del piloto \u00c1lvaro Fontes"},"content":{"rendered":"<p style=\"text-align: center;\"><a href=\"\/pasarelaurbana\/wp-content\/uploads\/sites\/49\/2017\/04\/armario-alvaro-7.jpg\"><img loading=\"lazy\" class=\"aligncenter size-full wp-image-10039\" title=\"armario-alvaro (7)\" src=\"\/pasarelaurbana\/wp-content\/uploads\/sites\/49\/2017\/04\/armario-alvaro-7.jpg\" alt=\"\" width=\"600\" height=\"600\" srcset=\"https:\/\/static-blogs.diariosur.es\/wp-content\/uploads\/sites\/49\/2017\/04\/armario-alvaro-7.jpg 600w, https:\/\/static-blogs.diariosur.es\/wp-content\/uploads\/sites\/49\/2017\/04\/armario-alvaro-7-150x150.jpg 150w, https:\/\/static-blogs.diariosur.es\/wp-content\/uploads\/sites\/49\/2017\/04\/armario-alvaro-7-300x300.jpg 300w\" sizes=\"(max-width: 600px) 100vw, 600px\" \/><\/a><\/p>\n<p style=\"text-align: center;\">La elegancia no se compra ni se vende. Es un halo. Una actitud innata. Y, en muchos casos, hereditaria. En el caso de \u00c1lvaro Fontes, al menos, lo es. En la retina de este piloto malague\u00f1o est\u00e1 la imagen \u2013siempre impecable\u2013 de su padre, del que conserva una amplia colecci\u00f3n de corbatas de Herm\u00e8s, por las que \u00e9l tambi\u00e9n tiene ahora fijaci\u00f3n. \u00abEra un caballero a la antigua usanza, siempre iba perfectamente vestido\u00bb, rememora este abogado de formaci\u00f3n, que a los 33 a\u00f1os dio rienda suelta a la que siempre hab\u00eda sido su pasi\u00f3n en may\u00fasculas: la automoci\u00f3n. Su ni\u00f1ez la pas\u00f3 arrastrando coches por toda su casa. En cuanto pudo se compr\u00f3 un deportivo y un buen d\u00eda un amigo le anim\u00f3 a probar la sensaci\u00f3n de correr en un circuito. Aquella experiencia le enganch\u00f3 hasta el punto de cambiar su vida, jalonada hasta la fecha por 250 carreras.<br \/>\nEntre sus hitos, destaca el haber sido dos veces campe\u00f3n de Espa\u00f1a \u2013una en 2012 en GT y otra en 2015\u2013 y el haber logrado el que es uno de sus trofeos m\u00e1s especiales: el que obtuvo en 2012 en el equipo de Jorge Lorenzo, con quien consigui\u00f3 el podio del 24 Horas de Montmel\u00f3. \u00abPara m\u00ed este deporte es un regalo que la vida me ha hecho, me aporta la sensaci\u00f3n de sorpresa y disfrute continuo\u00bb, advierte Fontes, cuyo reto actual pasa por correr las 24 Horas de Le Mans.<br \/>\nDe base cl\u00e1sica \u2013se confiesa poco amigo de los riesgos\u2013 y est\u00e9tica \u2018sporty chic\u2019, en los \u2018looks\u2019 del piloto dominan las prendas b\u00e1sicas de fondo de armario. Con pocos estampados y sin estridencias. Cortes sencillos y tejidos de calidad, a los que da prioridad. La comodidad es el eje sobre el que giran sus propuestas, entre las que predominan los polos que colecciona de sus m\u00faltiples carreras, los vaqueros, las camisas \u2013le gustan de camiser\u00edas con solera de toda la vida\u2013 y las zapatillas de deporte. \u00abHuyo de las modas y tampoco me gusta llamar la atenci\u00f3n\u00bb, advierte. Las camisetas \u2013le gustan ce\u00f1idas\u2013, las cazadoras de cuero y los trajes de chaqueta italianos son otros de los imprescindibles en sus \u2018outfits\u2019, te\u00f1idos principalmente de tonos grises y azules. En materia de complementos, no sale sin sus gafas de sol ni sin sus inseparables pulseras, cada una con un significado especial.<\/p>\n<p style=\"text-align: center;\">Os dejo con sus looks al detalle. \u00a1Feliz fin de semana!<!--more--><\/p>\n<p><a href=\"\/pasarelaurbana\/wp-content\/uploads\/sites\/49\/2017\/04\/armario-alvaro-2.jpg\"><img loading=\"lazy\" class=\"aligncenter size-full wp-image-10035\" title=\"armario-alvaro (2)\" src=\"\/pasarelaurbana\/wp-content\/uploads\/sites\/49\/2017\/04\/armario-alvaro-2.jpg\" alt=\"\" width=\"600\" height=\"600\" srcset=\"https:\/\/static-blogs.diariosur.es\/wp-content\/uploads\/sites\/49\/2017\/04\/armario-alvaro-2.jpg 600w, https:\/\/static-blogs.diariosur.es\/wp-content\/uploads\/sites\/49\/2017\/04\/armario-alvaro-2-150x150.jpg 150w, https:\/\/static-blogs.diariosur.es\/wp-content\/uploads\/sites\/49\/2017\/04\/armario-alvaro-2-300x300.jpg 300w\" sizes=\"(max-width: 600px) 100vw, 600px\" \/><\/a><\/p>\n<p style=\"text-align: center;\"><a href=\"\/pasarelaurbana\/wp-content\/uploads\/sites\/49\/2017\/04\/armario-alvaro-7.jpg\"><img loading=\"lazy\" class=\"aligncenter size-full wp-image-10039\" title=\"armario-alvaro (7)\" src=\"\/pasarelaurbana\/wp-content\/uploads\/sites\/49\/2017\/04\/armario-alvaro-7.jpg\" alt=\"\" width=\"600\" height=\"600\" srcset=\"https:\/\/static-blogs.diariosur.es\/wp-content\/uploads\/sites\/49\/2017\/04\/armario-alvaro-7.jpg 600w, https:\/\/static-blogs.diariosur.es\/wp-content\/uploads\/sites\/49\/2017\/04\/armario-alvaro-7-150x150.jpg 150w, https:\/\/static-blogs.diariosur.es\/wp-content\/uploads\/sites\/49\/2017\/04\/armario-alvaro-7-300x300.jpg 300w\" sizes=\"(max-width: 600px) 100vw, 600px\" \/><\/a><\/p>\n<p style=\"text-align: center;\"><a href=\"\/pasarelaurbana\/wp-content\/uploads\/sites\/49\/2017\/04\/armario-alvaro-19.jpg\"><img loading=\"lazy\" class=\"aligncenter size-full wp-image-10049\" title=\"armario-alvaro (19)\" src=\"\/pasarelaurbana\/wp-content\/uploads\/sites\/49\/2017\/04\/armario-alvaro-19.jpg\" alt=\"\" width=\"600\" height=\"600\" srcset=\"https:\/\/static-blogs.diariosur.es\/wp-content\/uploads\/sites\/49\/2017\/04\/armario-alvaro-19.jpg 600w, https:\/\/static-blogs.diariosur.es\/wp-content\/uploads\/sites\/49\/2017\/04\/armario-alvaro-19-150x150.jpg 150w, https:\/\/static-blogs.diariosur.es\/wp-content\/uploads\/sites\/49\/2017\/04\/armario-alvaro-19-300x300.jpg 300w\" sizes=\"(max-width: 600px) 100vw, 600px\" \/><\/a><\/p>\n<p style=\"text-align: center;\"><a href=\"\/pasarelaurbana\/wp-content\/uploads\/sites\/49\/2017\/04\/armario-alvaro-17.jpg\"><img loading=\"lazy\" class=\"aligncenter size-full wp-image-10047\" title=\"armario-alvaro (17)\" src=\"\/pasarelaurbana\/wp-content\/uploads\/sites\/49\/2017\/04\/armario-alvaro-17.jpg\" alt=\"\" width=\"600\" height=\"600\" srcset=\"https:\/\/static-blogs.diariosur.es\/wp-content\/uploads\/sites\/49\/2017\/04\/armario-alvaro-17.jpg 600w, https:\/\/static-blogs.diariosur.es\/wp-content\/uploads\/sites\/49\/2017\/04\/armario-alvaro-17-150x150.jpg 150w, https:\/\/static-blogs.diariosur.es\/wp-content\/uploads\/sites\/49\/2017\/04\/armario-alvaro-17-300x300.jpg 300w\" sizes=\"(max-width: 600px) 100vw, 600px\" \/><\/a><\/p>\n<p style=\"text-align: center;\"><a href=\"\/pasarelaurbana\/wp-content\/uploads\/sites\/49\/2017\/04\/masfontes.jpg\"><img loading=\"lazy\" class=\"aligncenter size-full wp-image-10050\" title=\"masfontes\" src=\"\/pasarelaurbana\/wp-content\/uploads\/sites\/49\/2017\/04\/masfontes.jpg\" alt=\"\" width=\"600\" height=\"600\" srcset=\"https:\/\/static-blogs.diariosur.es\/wp-content\/uploads\/sites\/49\/2017\/04\/masfontes.jpg 600w, https:\/\/static-blogs.diariosur.es\/wp-content\/uploads\/sites\/49\/2017\/04\/masfontes-150x150.jpg 150w, https:\/\/static-blogs.diariosur.es\/wp-content\/uploads\/sites\/49\/2017\/04\/masfontes-300x300.jpg 300w\" sizes=\"(max-width: 600px) 100vw, 600px\" \/><\/a><\/p>\n<p style=\"text-align: center;\">Para diario, el piloto prioriza la comodidad y la calidad de tejidos: polo de un trofeo de Maserati, con pantalones \u2018sport\u2019 de Prada, chaqueta de cuero negra y fular Dolce&#038;Gabbana y deportivas rojas Puma.<\/p>\n<p style=\"text-align: center;\"><a href=\"\/pasarelaurbana\/wp-content\/uploads\/sites\/49\/2017\/04\/armario-alvaro-12.jpg\"><img loading=\"lazy\" class=\"aligncenter size-full wp-image-10044\" title=\"armario-alvaro (12)\" src=\"\/pasarelaurbana\/wp-content\/uploads\/sites\/49\/2017\/04\/armario-alvaro-12.jpg\" alt=\"\" width=\"600\" height=\"600\" srcset=\"https:\/\/static-blogs.diariosur.es\/wp-content\/uploads\/sites\/49\/2017\/04\/armario-alvaro-12.jpg 600w, https:\/\/static-blogs.diariosur.es\/wp-content\/uploads\/sites\/49\/2017\/04\/armario-alvaro-12-150x150.jpg 150w, https:\/\/static-blogs.diariosur.es\/wp-content\/uploads\/sites\/49\/2017\/04\/armario-alvaro-12-300x300.jpg 300w\" sizes=\"(max-width: 600px) 100vw, 600px\" \/><\/a><\/p>\n<p style=\"text-align: center;\"><a href=\"\/pasarelaurbana\/wp-content\/uploads\/sites\/49\/2017\/04\/armario-alvaro-5.jpg\"><img loading=\"lazy\" class=\"aligncenter size-full wp-image-10038\" title=\"armario-alvaro (5)\" src=\"\/pasarelaurbana\/wp-content\/uploads\/sites\/49\/2017\/04\/armario-alvaro-5.jpg\" alt=\"\" width=\"600\" height=\"800\" srcset=\"https:\/\/static-blogs.diariosur.es\/wp-content\/uploads\/sites\/49\/2017\/04\/armario-alvaro-5.jpg 600w, https:\/\/static-blogs.diariosur.es\/wp-content\/uploads\/sites\/49\/2017\/04\/armario-alvaro-5-225x300.jpg 225w\" sizes=\"(max-width: 600px) 100vw, 600px\" \/><\/a><\/p>\n<p style=\"text-align: center;\"><a href=\"\/pasarelaurbana\/wp-content\/uploads\/sites\/49\/2017\/04\/armario-alvaro-3.jpg\"><img loading=\"lazy\" class=\"aligncenter size-full wp-image-10036\" title=\"armario-alvaro (3)\" src=\"\/pasarelaurbana\/wp-content\/uploads\/sites\/49\/2017\/04\/armario-alvaro-3.jpg\" alt=\"\" width=\"600\" height=\"800\" srcset=\"https:\/\/static-blogs.diariosur.es\/wp-content\/uploads\/sites\/49\/2017\/04\/armario-alvaro-3.jpg 600w, https:\/\/static-blogs.diariosur.es\/wp-content\/uploads\/sites\/49\/2017\/04\/armario-alvaro-3-225x300.jpg 225w\" sizes=\"(max-width: 600px) 100vw, 600px\" \/><\/a><\/p>\n<p style=\"text-align: center;\"><a href=\"\/pasarelaurbana\/wp-content\/uploads\/sites\/49\/2017\/04\/tenis.jpg\"><img loading=\"lazy\" class=\"aligncenter size-full wp-image-10051\" title=\"tenis\" src=\"\/pasarelaurbana\/wp-content\/uploads\/sites\/49\/2017\/04\/tenis.jpg\" alt=\"\" width=\"600\" height=\"600\" srcset=\"https:\/\/static-blogs.diariosur.es\/wp-content\/uploads\/sites\/49\/2017\/04\/tenis.jpg 600w, https:\/\/static-blogs.diariosur.es\/wp-content\/uploads\/sites\/49\/2017\/04\/tenis-150x150.jpg 150w, https:\/\/static-blogs.diariosur.es\/wp-content\/uploads\/sites\/49\/2017\/04\/tenis-300x300.jpg 300w\" sizes=\"(max-width: 600px) 100vw, 600px\" \/><\/a><\/p>\n<p style=\"text-align: center;\">\u00bfSu propuesta para salir a cenar? Sigue en su l\u00ednea deportiva: un original jersey con \u2018print\u2019 de coches de carreras de Prada, camisa Ralph Lauren, vaqueros Levi\u2019s, cintur\u00f3n Loro Piana, deportivas Prada, reloj Chopard y gafas Oakley.<\/p>\n<p style=\"text-align: center;\"><a href=\"\/pasarelaurbana\/wp-content\/uploads\/sites\/49\/2017\/04\/armario-alvaro-4.jpg\"><img loading=\"lazy\" class=\"aligncenter size-full wp-image-10037\" title=\"armario-alvaro (4)\" src=\"\/pasarelaurbana\/wp-content\/uploads\/sites\/49\/2017\/04\/armario-alvaro-4.jpg\" alt=\"\" width=\"600\" height=\"800\" srcset=\"https:\/\/static-blogs.diariosur.es\/wp-content\/uploads\/sites\/49\/2017\/04\/armario-alvaro-4.jpg 600w, https:\/\/static-blogs.diariosur.es\/wp-content\/uploads\/sites\/49\/2017\/04\/armario-alvaro-4-225x300.jpg 225w\" sizes=\"(max-width: 600px) 100vw, 600px\" \/><\/a><\/p>\n<p style=\"text-align: center;\"><a href=\"\/pasarelaurbana\/wp-content\/uploads\/sites\/49\/2017\/04\/armario-alvaro-13.jpg\"><img loading=\"lazy\" class=\"aligncenter size-full wp-image-10045\" title=\"armario-alvaro (13)\" src=\"\/pasarelaurbana\/wp-content\/uploads\/sites\/49\/2017\/04\/armario-alvaro-13.jpg\" alt=\"\" width=\"600\" height=\"600\" srcset=\"https:\/\/static-blogs.diariosur.es\/wp-content\/uploads\/sites\/49\/2017\/04\/armario-alvaro-13.jpg 600w, https:\/\/static-blogs.diariosur.es\/wp-content\/uploads\/sites\/49\/2017\/04\/armario-alvaro-13-150x150.jpg 150w, https:\/\/static-blogs.diariosur.es\/wp-content\/uploads\/sites\/49\/2017\/04\/armario-alvaro-13-300x300.jpg 300w\" sizes=\"(max-width: 600px) 100vw, 600px\" \/><\/a><\/p>\n<p style=\"text-align: center;\"><a href=\"\/pasarelaurbana\/wp-content\/uploads\/sites\/49\/2017\/04\/armario-alvaro-9.jpg\"><img loading=\"lazy\" class=\"aligncenter size-full wp-image-10041\" title=\"armario-alvaro (9)\" src=\"\/pasarelaurbana\/wp-content\/uploads\/sites\/49\/2017\/04\/armario-alvaro-9.jpg\" alt=\"\" width=\"600\" height=\"800\" srcset=\"https:\/\/static-blogs.diariosur.es\/wp-content\/uploads\/sites\/49\/2017\/04\/armario-alvaro-9.jpg 600w, https:\/\/static-blogs.diariosur.es\/wp-content\/uploads\/sites\/49\/2017\/04\/armario-alvaro-9-225x300.jpg 225w\" sizes=\"(max-width: 600px) 100vw, 600px\" \/><\/a><\/p>\n<p style=\"text-align: center;\">Un elegante traje azul marino a rayas de Etro es su apuesta para un evento, con camisa celeste de Camiser\u00eda Burgos y corbata amarilla de Herm\u00e8s.<\/p>\n<p style=\"text-align: center;\"><a href=\"\/pasarelaurbana\/wp-content\/uploads\/sites\/49\/2017\/04\/armario-alvaro-10.jpg\"><img loading=\"lazy\" class=\"aligncenter size-full wp-image-10042\" title=\"armario-alvaro (10)\" src=\"\/pasarelaurbana\/wp-content\/uploads\/sites\/49\/2017\/04\/armario-alvaro-10.jpg\" alt=\"\" width=\"600\" height=\"600\" srcset=\"https:\/\/static-blogs.diariosur.es\/wp-content\/uploads\/sites\/49\/2017\/04\/armario-alvaro-10.jpg 600w, https:\/\/static-blogs.diariosur.es\/wp-content\/uploads\/sites\/49\/2017\/04\/armario-alvaro-10-150x150.jpg 150w, https:\/\/static-blogs.diariosur.es\/wp-content\/uploads\/sites\/49\/2017\/04\/armario-alvaro-10-300x300.jpg 300w\" sizes=\"(max-width: 600px) 100vw, 600px\" \/><\/a><\/p>\n<p style=\"text-align: center;\">De su padre hered\u00f3 una gran colecci\u00f3n de corbatas de Herm\u00e8s, sus favoritas, y de gemelos, que no faltan en sus \u2018outfits\u2019 m\u00e1s formales.<\/p>\n<p style=\"text-align: center;\"><a href=\"\/pasarelaurbana\/wp-content\/uploads\/sites\/49\/2017\/04\/armario-alvaro-11.jpg\"><img loading=\"lazy\" class=\"aligncenter size-full wp-image-10043\" title=\"armario-alvaro (11)\" src=\"\/pasarelaurbana\/wp-content\/uploads\/sites\/49\/2017\/04\/armario-alvaro-11.jpg\" alt=\"\" width=\"600\" height=\"600\" srcset=\"https:\/\/static-blogs.diariosur.es\/wp-content\/uploads\/sites\/49\/2017\/04\/armario-alvaro-11.jpg 600w, https:\/\/static-blogs.diariosur.es\/wp-content\/uploads\/sites\/49\/2017\/04\/armario-alvaro-11-150x150.jpg 150w, https:\/\/static-blogs.diariosur.es\/wp-content\/uploads\/sites\/49\/2017\/04\/armario-alvaro-11-300x300.jpg 300w\" sizes=\"(max-width: 600px) 100vw, 600px\" \/><\/a><\/p>\n<p style=\"text-align: center;\">Los polos que conserva de sus m\u00faltiples carreras (ya ha corrido 250) son piezas clave de sus \u2018looks sporty\u2019 de diario. Los combina con vaqueros y zapatillas deportivas. A todos les tiene especial cari\u00f1o.<\/p>\n<p style=\"text-align: center;\"><a href=\"\/pasarelaurbana\/wp-content\/uploads\/sites\/49\/2017\/04\/armario-alvaro-18.jpg\"><img loading=\"lazy\" class=\"aligncenter size-full wp-image-10048\" title=\"armario-alvaro (18)\" src=\"\/pasarelaurbana\/wp-content\/uploads\/sites\/49\/2017\/04\/armario-alvaro-18.jpg\" alt=\"\" width=\"600\" height=\"800\" srcset=\"https:\/\/static-blogs.diariosur.es\/wp-content\/uploads\/sites\/49\/2017\/04\/armario-alvaro-18.jpg 600w, https:\/\/static-blogs.diariosur.es\/wp-content\/uploads\/sites\/49\/2017\/04\/armario-alvaro-18-225x300.jpg 225w\" sizes=\"(max-width: 600px) 100vw, 600px\" \/><\/a><\/p>\n<p style=\"text-align: center;\">Una de las fotos m\u00e1s especiales de su garaje: celebrando el premio 24 Horas de Montmel\u00f3 con Jorge Lorenzo, en 2012.<\/p>\n<p style=\"text-align: center;\"><span style=\"text-decoration: underline;\">SU RUTA DE TIENDAS<\/span><\/p>\n<p style=\"text-align: center;\">1. <strong>Prada.<\/strong>\u00a0 \u00abEs una de mis marcas favoritas por la calidad de sus tejidos\u00bb.<br \/>\n2. <strong>Etro<\/strong>. \u00abSus polos, trajes o camisas est\u00e1n entre mis preferidos\u00bb, desvela.<br \/>\n3.<strong> Loro Pian<\/strong>a. esta firma italiada es otra de las imprescindibles de Fontes.<br \/>\n4. <strong>Abercrombie<\/strong>. Ropa de estilo americano con un toque desenfadado.<br \/>\n5.<strong> Patrocinadores.<\/strong> Para polos de diario elige los del circuito de Ronda o los de Lacoste<\/p>\n<p style=\"text-align: center;\">\n","protected":false},"excerpt":{"rendered":"<p>La elegancia no se compra ni se vende. Es un halo. Una actitud innata. Y, en muchos casos, hereditaria. En el caso de \u00c1lvaro Fontes, al menos, lo es. En la retina de este piloto malague\u00f1o est\u00e1 la imagen \u2013siempre impecable\u2013 de su padre, del que conserva una amplia colecci\u00f3n de corbatas de Herm\u00e8s, por [&hellip;]<\/p>\n","protected":false},"author":54,"featured_media":0,"comment_status":"open","ping_status":"open","sticky":false,"template":"","format":"standard","meta":[],"categories":[2],"tags":[],"_links":{"self":[{"href":"https:\/\/blogs.diariosur.es\/pasarelaurbana\/wp-json\/wp\/v2\/posts\/10142"}],"collection":[{"href":"https:\/\/blogs.diariosur.es\/pasarelaurbana\/wp-json\/wp\/v2\/posts"}],"about":[{"href":"https:\/\/blogs.diariosur.es\/pasarelaurbana\/wp-json\/wp\/v2\/types\/post"}],"author":[{"embeddable":true,"href":"https:\/\/blogs.diariosur.es\/pasarelaurbana\/wp-json\/wp\/v2\/users\/54"}],"replies":[{"embeddable":true,"href":"https:\/\/blogs.diariosur.es\/pasarelaurbana\/wp-json\/wp\/v2\/comments?post=10142"}],"version-history":[{"count":0,"href":"https:\/\/blogs.diariosur.es\/pasarelaurbana\/wp-json\/wp\/v2\/posts\/10142\/revisions"}],"wp:attachment":[{"href":"https:\/\/blogs.diariosur.es\/pasarelaurbana\/wp-json\/wp\/v2\/media?parent=10142"}],"wp:term":[{"taxonomy":"category","embeddable":true,"href":"https:\/\/blogs.diariosur.es\/pasarelaurbana\/wp-json\/wp\/v2\/categories?post=10142"},{"taxonomy":"post_tag","embeddable":true,"href":"https:\/\/blogs.diariosur.es\/pasarelaurbana\/wp-json\/wp\/v2\/tags?post=10142"}],"curies":[{"name":"wp","href":"https:\/\/api.w.org\/{rel}","templated":true}]}}