{"id":10163,"date":"2017-07-05T15:33:15","date_gmt":"2017-07-05T13:33:15","guid":{"rendered":"http:\/\/blogs.diariosur.es\/pasarelaurbana\/?p=10163"},"modified":"2017-07-05T15:33:15","modified_gmt":"2017-07-05T13:33:15","slug":"maria-teresa-campos-presentara-su-segunda-coleccion-de-zapatos-en-malaga","status":"publish","type":"post","link":"https:\/\/blogs.diariosur.es\/pasarelaurbana\/2017\/07\/05\/maria-teresa-campos-presentara-su-segunda-coleccion-de-zapatos-en-malaga\/","title":{"rendered":"Mar\u00eda Teresa Campos presentar\u00e1 su segunda colecci\u00f3n de zapatos en M\u00e1laga"},"content":{"rendered":"<p><span style=\"font-family: Tw Cen MT; font-size: xx-small;\"><strong><a href=\"\/pasarelaurbana\/wp-content\/uploads\/sites\/49\/2017\/07\/camposdos.jpg\"><img loading=\"lazy\" class=\"aligncenter size-full wp-image-10164\" title=\"camposdos\" src=\"\/pasarelaurbana\/wp-content\/uploads\/sites\/49\/2017\/07\/camposdos.jpg\" alt=\"\" width=\"600\" height=\"469\" srcset=\"https:\/\/static-blogs.diariosur.es\/wp-content\/uploads\/sites\/49\/2017\/07\/camposdos.jpg 600w, https:\/\/static-blogs.diariosur.es\/wp-content\/uploads\/sites\/49\/2017\/07\/camposdos-300x235.jpg 300w\" sizes=\"(max-width: 600px) 100vw, 600px\" \/><\/a><br style=\"font-family: Tw Cen MT; font-size: x-small;\" \/> <\/strong><\/span><\/p>\n<div style=\"text-align: center;\" align=\"justify\"><strong>La periodista Mar\u00eda Teresa Campos regresa por segundo a\u00f1o consecutivo a la Summer Fashion Runway de M\u00e1laga<\/strong>, para presentar las novedades de su l\u00ednea de zapatos para mujer. As\u00ed, la segunda edici\u00f3n de esta cita con la moda -que se celebrar\u00e1 <strong>los d\u00edas 14 y 15 de julio<\/strong>&#8211; volver\u00e1 a tener como principal estrella a la comunicadora malague\u00f1a. Se trata de un evento que pretende dar la bienvenida a la temporada estival en la ciudad y que contar\u00e1 con grandes firmas en un entorno \u00fanico, la calle Cortina del Muelle con la Catedral de fondo y a los pies del Hotel AC M\u00e1laga Palacio.<\/div>\n<div style=\"text-align: center;\" align=\"justify\">\n<p>Esta ser\u00e1 la segunda colecci\u00f3n de la marca MTC, que lleva sus iniciales. <strong>A principios de 2016 la periodista sorprendi\u00f3 con el lanzamiento de su primera l\u00ednea de calzado<\/strong> pensada para &#8220;mujeres muy coquetas&#8221;. En ella se pueden encontrar desde zapatos de tac\u00f3n hasta sandalias con lunares, rayas, detalles de pedrer\u00eda e incluso besos. La presentadora explic\u00f3 que hab\u00eda dise\u00f1ado zapatos con los que se sent\u00eda identificada, pero adecuado para todas las edades y tipos de mujer.<\/p>\n<p>Durante la pasada edici\u00f3n de la <strong>Summer Fashion Runway<\/strong> la comunicadora se dej\u00f3 ver muy sonriente, arropada por sus seguidores y amigos y disfrutando del calor de su M\u00e1laga natal. Tras la preocupaci\u00f3n y rumores sobre su estado de salud, Mar\u00eda Teresa Campos atendi\u00f3 a la prensa y al p\u00fablico de la pasarela de moda visiblemente mejorada tras unas recientes complicaciones intestinales. Y la historia, se repite. Este a\u00f1o la periodista volver\u00e1 a acaparar los focos tras su paso por el hospital.<strong><br \/>\n<\/strong><\/p>\n<\/div>\n<div style=\"text-align: center;\" align=\"justify\">Esta ma\u00f1ana ha tenido lugar la <strong>presentaci\u00f3n de la cita<\/strong>, durante un acto al que han asistido Jes\u00fas Segado, dise\u00f1ador de alta costura, Pepe Cobos, socio fundador de la bodega \u2018El Pimpi\u2019; la Export Manager de Sonia Pe\u00f1a, Bego\u00f1a \u00c1lvarez; Pilar Garc\u00eda, de Marsel Garc\u00eda Hair Design y Mar\u00eda Jos\u00e9 Gonz\u00e1lez, directora de NuevaModa Producciones.<\/div>\n<div style=\"text-align: center;\" align=\"justify\"><\/div>\n<div style=\"text-align: center;\" align=\"justify\">Junto a Mar\u00eda Teresa Campos, tambi\u00e9n estar\u00e1n presentes en esta edici\u00f3n Sonia Pe\u00f1a; el dise\u00f1ador de alta costura Jes\u00fas Segado, y las firmas de moda flamenca Ana Alicia Ruiz Alta Costura, 5 Flores y Francisco Morales &#038; Carmen Ruiz. Todos ellos, presentar\u00e1n sus actuales propuestas para la temporada el d\u00eda 14 de julio a las 19.00 horas durante <strong>el transcurso de un desfile\u00a0 que se celebrar\u00e1 con la ca\u00edda del sol.<\/strong><\/div>\n<div style=\"text-align: center;\" align=\"justify\"><\/div>\n<div style=\"text-align: center;\" align=\"justify\">Asimismo, Summer Fashion Runway 2017 <strong>tambi\u00e9n contar\u00e1 con una zona expositiva<\/strong> donde el visitante encontrar\u00e1 productos y servicios de referencia a nivel nacional y que estar\u00e1 integrada por: 5 Flores, Mary Kay, Marsel Garc\u00eda Hair Design, Dos V\u00edas y Tadoro Tuduri. Los stands estar\u00e1n abiertos al p\u00fablico los d\u00edas 14 y 15 de julio y se encontrar\u00e1n ubicados en el Hotel AC M\u00e1laga Palacio.<\/div>\n<div style=\"text-align: center;\" align=\"justify\"><!--more--><\/div>\n<div style=\"text-align: center;\" align=\"justify\"><a href=\"\/pasarelaurbana\/wp-content\/uploads\/sites\/49\/2017\/07\/cartel-mteresa.jpg\"><img loading=\"lazy\" class=\"aligncenter size-full wp-image-10165\" title=\"cartel-mteresa\" src=\"\/pasarelaurbana\/wp-content\/uploads\/sites\/49\/2017\/07\/cartel-mteresa.jpg\" alt=\"\" width=\"600\" height=\"849\" srcset=\"https:\/\/static-blogs.diariosur.es\/wp-content\/uploads\/sites\/49\/2017\/07\/cartel-mteresa.jpg 600w, https:\/\/static-blogs.diariosur.es\/wp-content\/uploads\/sites\/49\/2017\/07\/cartel-mteresa-212x300.jpg 212w\" sizes=\"(max-width: 600px) 100vw, 600px\" \/><\/a><\/div>\n<div style=\"text-align: center;\" align=\"justify\"><\/div>\n<div style=\"text-align: center;\" align=\"justify\"><a href=\"\/pasarelaurbana\/wp-content\/uploads\/sites\/49\/2017\/07\/summertres.jpg\"><img loading=\"lazy\" class=\"aligncenter size-full wp-image-10166\" title=\"summertres\" src=\"\/pasarelaurbana\/wp-content\/uploads\/sites\/49\/2017\/07\/summertres.jpg\" alt=\"\" width=\"600\" height=\"400\" srcset=\"https:\/\/static-blogs.diariosur.es\/wp-content\/uploads\/sites\/49\/2017\/07\/summertres.jpg 600w, https:\/\/static-blogs.diariosur.es\/wp-content\/uploads\/sites\/49\/2017\/07\/summertres-300x200.jpg 300w\" sizes=\"(max-width: 600px) 100vw, 600px\" \/><\/a><\/div>\n<div style=\"text-align: center;\" align=\"justify\"><\/div>\n","protected":false},"excerpt":{"rendered":"<p>La periodista Mar\u00eda Teresa Campos regresa por segundo a\u00f1o consecutivo a la Summer Fashion Runway de M\u00e1laga, para presentar las novedades de su l\u00ednea de zapatos para mujer. As\u00ed, la segunda edici\u00f3n de esta cita con la moda -que se celebrar\u00e1 los d\u00edas 14 y 15 de julio&#8211; volver\u00e1 a tener como principal estrella a [&hellip;]<\/p>\n","protected":false},"author":54,"featured_media":0,"comment_status":"open","ping_status":"open","sticky":false,"template":"","format":"standard","meta":[],"categories":[2],"tags":[],"_links":{"self":[{"href":"https:\/\/blogs.diariosur.es\/pasarelaurbana\/wp-json\/wp\/v2\/posts\/10163"}],"collection":[{"href":"https:\/\/blogs.diariosur.es\/pasarelaurbana\/wp-json\/wp\/v2\/posts"}],"about":[{"href":"https:\/\/blogs.diariosur.es\/pasarelaurbana\/wp-json\/wp\/v2\/types\/post"}],"author":[{"embeddable":true,"href":"https:\/\/blogs.diariosur.es\/pasarelaurbana\/wp-json\/wp\/v2\/users\/54"}],"replies":[{"embeddable":true,"href":"https:\/\/blogs.diariosur.es\/pasarelaurbana\/wp-json\/wp\/v2\/comments?post=10163"}],"version-history":[{"count":0,"href":"https:\/\/blogs.diariosur.es\/pasarelaurbana\/wp-json\/wp\/v2\/posts\/10163\/revisions"}],"wp:attachment":[{"href":"https:\/\/blogs.diariosur.es\/pasarelaurbana\/wp-json\/wp\/v2\/media?parent=10163"}],"wp:term":[{"taxonomy":"category","embeddable":true,"href":"https:\/\/blogs.diariosur.es\/pasarelaurbana\/wp-json\/wp\/v2\/categories?post=10163"},{"taxonomy":"post_tag","embeddable":true,"href":"https:\/\/blogs.diariosur.es\/pasarelaurbana\/wp-json\/wp\/v2\/tags?post=10163"}],"curies":[{"name":"wp","href":"https:\/\/api.w.org\/{rel}","templated":true}]}}