{"id":10168,"date":"2017-09-06T12:41:40","date_gmt":"2017-09-06T10:41:40","guid":{"rendered":"http:\/\/blogs.diariosur.es\/pasarelaurbana\/?p=10168"},"modified":"2017-09-06T12:41:40","modified_gmt":"2017-09-06T10:41:40","slug":"diez-fichajes-top-de-find-la-nueva-marca-de-ropa-de-amazon","status":"publish","type":"post","link":"https:\/\/blogs.diariosur.es\/pasarelaurbana\/2017\/09\/06\/diez-fichajes-top-de-find-la-nueva-marca-de-ropa-de-amazon\/","title":{"rendered":"Diez fichajes top de &#8216;Find&#8217;, la nueva marca de ropa de Amazon"},"content":{"rendered":"<p><a href=\"https:\/\/static-blogs.diariosur.es\/wp-content\/uploads\/sites\/49\/2017\/09\/promook.jpg\"><img loading=\"lazy\" class=\"aligncenter size-full wp-image-10180\" src=\"https:\/\/static-blogs.diariosur.es\/wp-content\/uploads\/sites\/49\/2017\/09\/promook.jpg\" alt=\"promook\" width=\"600\" height=\"337\" srcset=\"https:\/\/static-blogs.diariosur.es\/wp-content\/uploads\/sites\/49\/2017\/09\/promook.jpg 600w, https:\/\/static-blogs.diariosur.es\/wp-content\/uploads\/sites\/49\/2017\/09\/promook-300x169.jpg 300w\" sizes=\"(max-width: 600px) 100vw, 600px\" \/><\/a><\/p>\n<p>El gigante tecnol\u00f3gico Amazon est\u00e1 dispuesto a seguir ampliando sus tent\u00e1culos. \u00bfSu nuevo reto? Conquistar los vestidores. Y, de paso, plantarle cara a los grandes de la industria textil &#8216;low cost&#8217;. Fruto de esta ambici\u00f3n es la nueva marca que pulula ya por su web reci\u00e9n salida del horno. Se denomina &#8216;Find&#8217; y<strong> ofrece prendas de moda femenina y masculina de tendencia y a precios asequibles.<\/strong> La colecci\u00f3n dise\u00f1ada en Londres -donde se ubica el cuartel general de Amazon Fashion en Europa- pretende ofrecer nada menos que 500 piezas por temporada por cada una de sus l\u00edneas e incluye ropa y zapatos. \u00bfSu receta? Buscar la perfecta armon\u00eda entre lo que demanda el &#8216;street style&#8217; -muy presente en sus dise\u00f1os- y piezas atemporales para los fondos de armario m\u00e1s exigentes, con cl\u00e1sicos reinventados y actualizados.<\/p>\n<p>A la venta en cinco mercados europeos (Reino Unido, Espa\u00f1a, Alemania, Francia e Italia), la colecci\u00f3n de oto\u00f1o de Find, ya est\u00e1 disponible en Amazon, donde se ir\u00e1n incorporando art\u00edculos nuevos cada semana. Para crearlas, sus &#8216;padres&#8217; dicen haberse <strong>inspirado en la llamada &#8216;moda de la calle&#8217; para ofrecer prendas clave, innovadoras y divertidas<\/strong> que completen nuestros looks con el estilo y el glamour del que presumen las &#8216;influencers&#8217; en cada Fashion Week. Entre sus propuestas para la nueva temporada que ya asoma a la vuelta de la easquina destacan las camisetas de &#8216;logoman\u00eda&#8217;, vestidos vaporosos tipo kimono, camisas con lazada delantera, pantalones de pata ancha, botas futuristas en tonos ne\u00f3n o chaquetas cruzadas de cuadros &#8216;pr\u00edncipe de Gales&#8217; -&#8216;print&#8217; que pisar\u00e1 fuerte este oto\u00f1o-.<\/p>\n<p>\u00bfOs apetece conocer la colecci\u00f3n? Para abrir boca os dejo <strong>mi selecci\u00f3n con diez prendas top de &#8216;Find&#8217; para la nueva temporada<\/strong>: \u00a1Pasen y vean!<!--more--><\/p>\n<div id=\"attachment_10178\" style=\"width: 610px\" class=\"wp-caption aligncenter\"><a href=\"https:\/\/static-blogs.diariosur.es\/wp-content\/uploads\/sites\/49\/2017\/09\/20170906__1504692196_XqeDwRtYYtn.jpg\"><img aria-describedby=\"caption-attachment-10178\" loading=\"lazy\" class=\"wp-image-10178 size-full\" src=\"https:\/\/static-blogs.diariosur.es\/wp-content\/uploads\/sites\/49\/2017\/09\/20170906__1504692196_XqeDwRtYYtn.jpg\" alt=\"20170906__1504692196_xqedwrtyytn\" width=\"600\" height=\"711\" srcset=\"https:\/\/static-blogs.diariosur.es\/wp-content\/uploads\/sites\/49\/2017\/09\/20170906__1504692196_XqeDwRtYYtn.jpg 600w, https:\/\/static-blogs.diariosur.es\/wp-content\/uploads\/sites\/49\/2017\/09\/20170906__1504692196_XqeDwRtYYtn-253x300.jpg 253w\" sizes=\"(max-width: 600px) 100vw, 600px\" \/><\/a><p id=\"caption-attachment-10178\" class=\"wp-caption-text\">Camiseta con mensaje idela para combinar con traje de chaqueta o falda midi<\/p><\/div>\n<div id=\"attachment_10177\" style=\"width: 610px\" class=\"wp-caption aligncenter\"><a href=\"https:\/\/static-blogs.diariosur.es\/wp-content\/uploads\/sites\/49\/2017\/09\/20170906__1504692196_wBZ.jpg\"><img aria-describedby=\"caption-attachment-10177\" loading=\"lazy\" class=\"wp-image-10177 size-full\" src=\"https:\/\/static-blogs.diariosur.es\/wp-content\/uploads\/sites\/49\/2017\/09\/20170906__1504692196_wBZ.jpg\" alt=\"20170906__1504692196_wbz\" width=\"600\" height=\"743\" srcset=\"https:\/\/static-blogs.diariosur.es\/wp-content\/uploads\/sites\/49\/2017\/09\/20170906__1504692196_wBZ.jpg 600w, https:\/\/static-blogs.diariosur.es\/wp-content\/uploads\/sites\/49\/2017\/09\/20170906__1504692196_wBZ-242x300.jpg 242w\" sizes=\"(max-width: 600px) 100vw, 600px\" \/><\/a><p id=\"caption-attachment-10177\" class=\"wp-caption-text\">Las camisas con lazada delantera son un &#8216;must&#8217;. Este oto\u00f1o son una plaga y este modelo me parece una buena inversi\u00f3n de fondo de armario<\/p><\/div>\n<div id=\"attachment_10175\" style=\"width: 310px\" class=\"wp-caption aligncenter\"><a href=\"https:\/\/static-blogs.diariosur.es\/wp-content\/uploads\/sites\/49\/2017\/09\/20170906__1504692196_S1Fkawg6em.jpg\"><img aria-describedby=\"caption-attachment-10175\" loading=\"lazy\" class=\"wp-image-10175 size-full\" src=\"https:\/\/static-blogs.diariosur.es\/wp-content\/uploads\/sites\/49\/2017\/09\/20170906__1504692196_S1Fkawg6em.jpg\" alt=\"20170906__1504692196_s1fkawg6em\" width=\"300\" height=\"450\" srcset=\"https:\/\/static-blogs.diariosur.es\/wp-content\/uploads\/sites\/49\/2017\/09\/20170906__1504692196_S1Fkawg6em.jpg 300w, https:\/\/static-blogs.diariosur.es\/wp-content\/uploads\/sites\/49\/2017\/09\/20170906__1504692196_S1Fkawg6em-200x300.jpg 200w\" sizes=\"(max-width: 300px) 100vw, 300px\" \/><\/a><p id=\"caption-attachment-10175\" class=\"wp-caption-text\">Las mangas de farol con volumen XL se resisten a dejarnos. \u00a1Me gusta este vestido para alegrar los d\u00edas grises de oto\u00f1o!<\/p><\/div>\n<p>&nbsp;<\/p>\n<div id=\"attachment_10174\" style=\"width: 610px\" class=\"wp-caption aligncenter\"><a href=\"https:\/\/static-blogs.diariosur.es\/wp-content\/uploads\/sites\/49\/2017\/09\/20170906__1504692196_qkzRQvY2F.jpg\"><img aria-describedby=\"caption-attachment-10174\" loading=\"lazy\" class=\"wp-image-10174 size-full\" src=\"https:\/\/static-blogs.diariosur.es\/wp-content\/uploads\/sites\/49\/2017\/09\/20170906__1504692196_qkzRQvY2F.jpg\" alt=\"20170906__1504692196_qkzrqvy2f\" width=\"600\" height=\"386\" srcset=\"https:\/\/static-blogs.diariosur.es\/wp-content\/uploads\/sites\/49\/2017\/09\/20170906__1504692196_qkzRQvY2F.jpg 600w, https:\/\/static-blogs.diariosur.es\/wp-content\/uploads\/sites\/49\/2017\/09\/20170906__1504692196_qkzRQvY2F-300x193.jpg 300w\" sizes=\"(max-width: 600px) 100vw, 600px\" \/><\/a><p id=\"caption-attachment-10174\" class=\"wp-caption-text\">Estilo minimal y sobrio con ese punto de estilo que marca la diferencia. Ideal para ir a la oficina<\/p><\/div>\n<div id=\"attachment_10180\" style=\"width: 610px\" class=\"wp-caption aligncenter\"><a href=\"https:\/\/static-blogs.diariosur.es\/wp-content\/uploads\/sites\/49\/2017\/09\/promook.jpg\"><img aria-describedby=\"caption-attachment-10180\" loading=\"lazy\" class=\"wp-image-10180 size-full\" src=\"https:\/\/static-blogs.diariosur.es\/wp-content\/uploads\/sites\/49\/2017\/09\/promook.jpg\" alt=\"promook\" width=\"600\" height=\"337\" srcset=\"https:\/\/static-blogs.diariosur.es\/wp-content\/uploads\/sites\/49\/2017\/09\/promook.jpg 600w, https:\/\/static-blogs.diariosur.es\/wp-content\/uploads\/sites\/49\/2017\/09\/promook-300x169.jpg 300w\" sizes=\"(max-width: 600px) 100vw, 600px\" \/><\/a><p id=\"caption-attachment-10180\" class=\"wp-caption-text\">Los top de terciopelo son unas de las apuestas de la colecci\u00f3n.<\/p><\/div>\n<div id=\"attachment_10173\" style=\"width: 610px\" class=\"wp-caption aligncenter\"><a href=\"https:\/\/static-blogs.diariosur.es\/wp-content\/uploads\/sites\/49\/2017\/09\/20170906__1504692196_NAaC.jpg\"><img aria-describedby=\"caption-attachment-10173\" loading=\"lazy\" class=\"wp-image-10173 size-full\" src=\"https:\/\/static-blogs.diariosur.es\/wp-content\/uploads\/sites\/49\/2017\/09\/20170906__1504692196_NAaC.jpg\" alt=\"20170906__1504692196_naac\" width=\"600\" height=\"812\" srcset=\"https:\/\/static-blogs.diariosur.es\/wp-content\/uploads\/sites\/49\/2017\/09\/20170906__1504692196_NAaC.jpg 600w, https:\/\/static-blogs.diariosur.es\/wp-content\/uploads\/sites\/49\/2017\/09\/20170906__1504692196_NAaC-222x300.jpg 222w\" sizes=\"(max-width: 600px) 100vw, 600px\" \/><\/a><p id=\"caption-attachment-10173\" class=\"wp-caption-text\">Los kimonos ser\u00e1n imprescindibles en los pr\u00f3ximos meses, especialmente en formato vestido. \u00a1Este me gusta!<\/p><\/div>\n<div id=\"attachment_10172\" style=\"width: 448px\" class=\"wp-caption aligncenter\"><a href=\"https:\/\/static-blogs.diariosur.es\/wp-content\/uploads\/sites\/49\/2017\/09\/20170906__1504692196_j4tdlz.jpg\"><img aria-describedby=\"caption-attachment-10172\" loading=\"lazy\" class=\"wp-image-10172 size-full\" src=\"https:\/\/static-blogs.diariosur.es\/wp-content\/uploads\/sites\/49\/2017\/09\/20170906__1504692196_j4tdlz.jpg\" alt=\"20170906__1504692196_j4tdlz\" width=\"438\" height=\"423\" srcset=\"https:\/\/static-blogs.diariosur.es\/wp-content\/uploads\/sites\/49\/2017\/09\/20170906__1504692196_j4tdlz.jpg 438w, https:\/\/static-blogs.diariosur.es\/wp-content\/uploads\/sites\/49\/2017\/09\/20170906__1504692196_j4tdlz-300x290.jpg 300w\" sizes=\"(max-width: 438px) 100vw, 438px\" \/><\/a><p id=\"caption-attachment-10172\" class=\"wp-caption-text\">Botines rosa, perfectos para poner una pincelada de color a looks m\u00e1s sobrios e invernales<\/p><\/div>\n<div id=\"attachment_10171\" style=\"width: 610px\" class=\"wp-caption aligncenter\"><a href=\"https:\/\/static-blogs.diariosur.es\/wp-content\/uploads\/sites\/49\/2017\/09\/20170906__1504692196_cwNRXacXPuh.jpg\"><img aria-describedby=\"caption-attachment-10171\" loading=\"lazy\" class=\"wp-image-10171 size-full\" src=\"https:\/\/static-blogs.diariosur.es\/wp-content\/uploads\/sites\/49\/2017\/09\/20170906__1504692196_cwNRXacXPuh.jpg\" alt=\"20170906__1504692196_cwnrxacxpuh\" width=\"600\" height=\"690\" srcset=\"https:\/\/static-blogs.diariosur.es\/wp-content\/uploads\/sites\/49\/2017\/09\/20170906__1504692196_cwNRXacXPuh.jpg 600w, https:\/\/static-blogs.diariosur.es\/wp-content\/uploads\/sites\/49\/2017\/09\/20170906__1504692196_cwNRXacXPuh-261x300.jpg 261w\" sizes=\"(max-width: 600px) 100vw, 600px\" \/><\/a><p id=\"caption-attachment-10171\" class=\"wp-caption-text\">Por 40 euros esta americana cruzada de cuadros Pr\u00edncipe de Gales me parece una compra top de temporada. \u00a1Le veo mil combinaciones!<\/p><\/div>\n<div id=\"attachment_10170\" style=\"width: 610px\" class=\"wp-caption aligncenter\"><a href=\"https:\/\/static-blogs.diariosur.es\/wp-content\/uploads\/sites\/49\/2017\/09\/20170906__1504692196_26r1SHS2pTk.jpg\"><img aria-describedby=\"caption-attachment-10170\" loading=\"lazy\" class=\"wp-image-10170 size-full\" src=\"https:\/\/static-blogs.diariosur.es\/wp-content\/uploads\/sites\/49\/2017\/09\/20170906__1504692196_26r1SHS2pTk.jpg\" alt=\"20170906__1504692196_26r1shs2ptk\" width=\"600\" height=\"814\" srcset=\"https:\/\/static-blogs.diariosur.es\/wp-content\/uploads\/sites\/49\/2017\/09\/20170906__1504692196_26r1SHS2pTk.jpg 600w, https:\/\/static-blogs.diariosur.es\/wp-content\/uploads\/sites\/49\/2017\/09\/20170906__1504692196_26r1SHS2pTk-221x300.jpg 221w\" sizes=\"(max-width: 600px) 100vw, 600px\" \/><\/a><p id=\"caption-attachment-10170\" class=\"wp-caption-text\">Las amantes de las estrellas no se podr\u00e1n resistir a este vestido cruzado tipo bat\u00f3n. Tiene mucho rollo<\/p><\/div>\n<div id=\"attachment_10169\" style=\"width: 610px\" class=\"wp-caption aligncenter\"><a href=\"https:\/\/static-blogs.diariosur.es\/wp-content\/uploads\/sites\/49\/2017\/09\/20170906__1504692196_1GhgzYfMmDG.jpg\"><img aria-describedby=\"caption-attachment-10169\" loading=\"lazy\" class=\"wp-image-10169 size-full\" src=\"https:\/\/static-blogs.diariosur.es\/wp-content\/uploads\/sites\/49\/2017\/09\/20170906__1504692196_1GhgzYfMmDG.jpg\" alt=\"20170906__1504692196_1ghgzyfmmdg\" width=\"600\" height=\"670\" srcset=\"https:\/\/static-blogs.diariosur.es\/wp-content\/uploads\/sites\/49\/2017\/09\/20170906__1504692196_1GhgzYfMmDG.jpg 600w, https:\/\/static-blogs.diariosur.es\/wp-content\/uploads\/sites\/49\/2017\/09\/20170906__1504692196_1GhgzYfMmDG-269x300.jpg 269w\" sizes=\"(max-width: 600px) 100vw, 600px\" \/><\/a><p id=\"caption-attachment-10169\" class=\"wp-caption-text\">Los metalizados siempre son un excelente comod\u00edn. esta chaqueta con interior de borreguito me parece muy estilosa y vers\u00e1til<\/p><\/div>\n","protected":false},"excerpt":{"rendered":"<p>El gigante tecnol\u00f3gico Amazon est\u00e1 dispuesto a seguir ampliando sus tent\u00e1culos. \u00bfSu nuevo reto? Conquistar los vestidores. Y, de paso, plantarle cara a los grandes de la industria textil &#8216;low cost&#8217;. Fruto de esta ambici\u00f3n es la nueva marca que pulula ya por su web reci\u00e9n salida del horno. Se denomina &#8216;Find&#8217; y ofrece prendas [&hellip;]<\/p>\n","protected":false},"author":54,"featured_media":0,"comment_status":"open","ping_status":"open","sticky":false,"template":"","format":"standard","meta":[],"categories":[1],"tags":[],"_links":{"self":[{"href":"https:\/\/blogs.diariosur.es\/pasarelaurbana\/wp-json\/wp\/v2\/posts\/10168"}],"collection":[{"href":"https:\/\/blogs.diariosur.es\/pasarelaurbana\/wp-json\/wp\/v2\/posts"}],"about":[{"href":"https:\/\/blogs.diariosur.es\/pasarelaurbana\/wp-json\/wp\/v2\/types\/post"}],"author":[{"embeddable":true,"href":"https:\/\/blogs.diariosur.es\/pasarelaurbana\/wp-json\/wp\/v2\/users\/54"}],"replies":[{"embeddable":true,"href":"https:\/\/blogs.diariosur.es\/pasarelaurbana\/wp-json\/wp\/v2\/comments?post=10168"}],"version-history":[{"count":3,"href":"https:\/\/blogs.diariosur.es\/pasarelaurbana\/wp-json\/wp\/v2\/posts\/10168\/revisions"}],"predecessor-version":[{"id":10182,"href":"https:\/\/blogs.diariosur.es\/pasarelaurbana\/wp-json\/wp\/v2\/posts\/10168\/revisions\/10182"}],"wp:attachment":[{"href":"https:\/\/blogs.diariosur.es\/pasarelaurbana\/wp-json\/wp\/v2\/media?parent=10168"}],"wp:term":[{"taxonomy":"category","embeddable":true,"href":"https:\/\/blogs.diariosur.es\/pasarelaurbana\/wp-json\/wp\/v2\/categories?post=10168"},{"taxonomy":"post_tag","embeddable":true,"href":"https:\/\/blogs.diariosur.es\/pasarelaurbana\/wp-json\/wp\/v2\/tags?post=10168"}],"curies":[{"name":"wp","href":"https:\/\/api.w.org\/{rel}","templated":true}]}}