{"id":10183,"date":"2017-09-14T15:06:13","date_gmt":"2017-09-14T13:06:13","guid":{"rendered":"http:\/\/blogs.diariosur.es\/pasarelaurbana\/?p=10183"},"modified":"2017-09-14T15:06:14","modified_gmt":"2017-09-14T13:06:14","slug":"guia-para-no-perderte-detalle-de-la-pasarela-larios-2017","status":"publish","type":"post","link":"https:\/\/blogs.diariosur.es\/pasarelaurbana\/2017\/09\/14\/guia-para-no-perderte-detalle-de-la-pasarela-larios-2017\/","title":{"rendered":"Gu\u00eda para no perderte detalle de la Pasarela Larios 2017"},"content":{"rendered":"<p><a href=\"https:\/\/static-blogs.diariosur.es\/wp-content\/uploads\/sites\/49\/2017\/09\/blog.jpg\"><img loading=\"lazy\" class=\"size-full wp-image-10184\" src=\"https:\/\/static-blogs.diariosur.es\/wp-content\/uploads\/sites\/49\/2017\/09\/blog.jpg\" alt=\"TFGP.\" width=\"600\" height=\"400\" srcset=\"https:\/\/static-blogs.diariosur.es\/wp-content\/uploads\/sites\/49\/2017\/09\/blog.jpg 600w, https:\/\/static-blogs.diariosur.es\/wp-content\/uploads\/sites\/49\/2017\/09\/blog-300x200.jpg 300w\" sizes=\"(max-width: 600px) 100vw, 600px\" \/><\/a><\/p>\n<p>M\u00e1laga celebra este fin de semana su gran cita con la moda. La capital desplegar\u00e1 sobre su coraz\u00f3n comercial -la calle Larios- la alfombra azul m\u00e1s larga de Europa para acoger las propuestas de destacados dise\u00f1adores locales e internacionales y a su vez servir de escaparate y lanzadera de agujas emergentes. \u00bfQuieres asistir? En esta gu\u00eda desgranamos todos los detalles de la s\u00e9ptima edici\u00f3n de la Pasarela Larios M\u00e1laga Fashion Week 2017. \u00a1Pasen y lean!<!--more--><\/p>\n<h3>D\u00f3nde y cu\u00e1ndo<\/h3>\n<p>La cita es <strong>en calle Larios, un escenario \u00fanico <\/strong>que hace que este evento sea \u00fanico en Europa. Se trata del desfile de mayor longitud celebrado en el viejo continente, sobre una alfombra azul de m\u00e1s de 300 metros. Las salidas de los modelos se realizan desde sus dos extremos: la plaza de la Constituci\u00f3n y el entorno del cruce con la calle Sancha de Lara. La Pasarela Larios Fashion Week 2017 <strong>arrancar\u00e1 el viernes a las 20.30 horas de la mano de dise\u00f1adores de alta costura<\/strong> y concluir\u00e1 el s\u00e1bado con las propuestas de firmas comerciales y nuevos talentos.<\/p>\n<p>El cartel<\/p>\n<p><strong>El viernes 15 la Pasarela Larios acoger\u00e1 un total de 11 desfiles<\/strong>. Sus protagonistas ser\u00e1n Sonia Pe\u00f1a, Protocolo, Carla Ruiz, V\u00e9rtize Gala, Gemma Mel\u00e9, \u00c1ngel Palazuelos, Rafael Urqu\u00edzar, Juan Segovia para Perlas y Bombones, Lucas Balboa, Ivana Picallo y Jes\u00fas Segado. <strong>El s\u00e1bado 16 coger\u00e1n el testigo las firmas<\/strong> Carmi\u00f1a Romero, Olimara, la cadena Dunnes Stores (con Savida, Costelloe Casual Men y Lennon Courtney), El Corte Ingl\u00e9s (que acudir\u00e1 a la cita con algunos de sus buques insignia como Gloria Ortiz, Yera, Emidio Tucci Black, Zendra o Tintoretto), la firma de ba\u00f1o Livia Monte Carlo e Impecable Modas. Adem\u00e1s, el segundo d\u00eda presentar\u00e1n sus colecciones una veintena de j\u00f3venes aspirantes al Premio Ribera del Duero.<\/p>\n<h3>\u00bfQu\u00e9 cambia en esta s\u00e9ptima edici\u00f3n?<\/h3>\n<p>Tras la apretada agenda de las pasadas ediciones (la anterior lleg\u00f3 a sumar 16 desfiles solo el viernes) la Pasarela Larios reduce el cartel de su d\u00eda de apertura a 11 pases dispuesta a ganar agilidad. <strong>La representaci\u00f3n de agujas de alta costura con sello local queda este a\u00f1o en 7<\/strong>. As\u00ed, el &#8216;hecho en M\u00e1laga&#8217; lo entonar\u00e1n Sonia Pe\u00f1a -que volver\u00e1 a ser la encargada de abrir los desfiles, como ya es tradici\u00f3n- Carla Ruiz, Gemma Mel\u00e9, \u00c1ngel Palazuelos, Rafael Urqu\u00edzar, Juan Segovia (que se estrena) y Jes\u00fas Segado. Si el a\u00f1o pasado se ech\u00f3 en falta la presencia de algunas de las &#8216;agujas&#8217; fieles a Larios como Montesco o Miguel \u00c1ngel Ruiz, en esta ocasi\u00f3n Javier Alc\u00e1ntara o Mario Teo <strong>ser\u00e1n algunas de las ausencias m\u00e1s sonadas<\/strong> sobre la alfombra azul que, por otra parte, se abre a dise\u00f1adores nacionales e internacionales. Adem\u00e1s, la moda nupcial y del sector ceremonia ganar\u00e1 peso con el debut de firmas como Protocolo, V\u00e9rtize Gala, Lucas Balboa o la argentina Ivana Picallo.<\/p>\n<h3>Los protagonistas del viernes, uno a uno<\/h3>\n<p>Como ya hemos apuntado, el viernes -el d\u00eda fuerte de Larios- los desfiles tendr\u00e1n 11 nombres propios. \u00a1Te presentamos a sus protagonistas uno a uno!:<\/p>\n<p><strong>Sonia Pe\u00f1a.<\/strong> La firma malague\u00f1a volver\u00e1 a ser la encargada de abrir un a\u00f1o m\u00e1s la Pasarela Larios Fashion Week. \u00bfSu filosof\u00eda? La &#8220;elegancia refinada lograda a trav\u00e9s de una cuidada selecci\u00f3n de tejidos, texturas exquisitas y una suave paleta de colores&#8221;. Creada en 2007 esta marca local viste a una mujer \u201cde hoy, real, independiente, segura de si misma, femenina y, sobre todo, elegante\u201d. Sus dise\u00f1os, reconocidos tanto a nivel nacional como internacional, se inspiran en la alegr\u00eda de M\u00e1laga.<\/p>\n<p><strong>Protocolo<\/strong>. La firma -que tiene su origen en Zaragoza- se estrena en Larios por la puerta grande: recibiendo una placa conmemorativa por su trayectoria. Protocolo naci\u00f3 en 1991 de manos de Mariano Garc\u00eda Forcada, empresario con un largo recorrido dentro del mundo textil. Est\u00e1 especializada en trajes de ceremonia y fiesta para caballero y, como curiosidad, fue la encargada de vestir al malague\u00f1o Dani Rovira en la gala de los Goya.<\/p>\n<p><strong>Carla Ruiz<\/strong>. Esta firma malague\u00f1a ha logrado posicionarse como una de las marcas l\u00edderes en el sector de la moda dedicada a fiesta, c\u00f3ctel y celebraciones tras su paso por alguna de las pasarelas m\u00e1s importantes de Espa\u00f1a como Gaud\u00ed Novias yo la Barcelona Bridal Week. Este ser\u00e1 su segundo a\u00f1o en Larios.<\/p>\n<p><strong>V\u00e9rtize Gala.<\/strong> Otras de las marcas debutantes que llevar\u00e1 a Larios modelos de novios y ceremonia. Su punto fuerte es la denominada moda nupcial &#8216;low cost&#8217;. La compa\u00f1\u00eda madrile\u00f1a, que opera con su marca propia y firmas de terceros, suma una docena de tiendas en toda Espa\u00f1a. En M\u00e1laga dispone de un factory.<\/p>\n<p><strong>Gemma Mel\u00e9<\/strong>. Reconocida dise\u00f1adora malague\u00f1a con una dilatada trayectoria. Mel\u00e9 es una de las fieles a Larios, cita a la que ha asistido desde sus inicios. La modista inici\u00f3 su carrera profesional en 1987, en su domicilio particular, y al a\u00f1o abri\u00f3 su atelier y taller en la plaza de las Flores. Sus propuestas destilan feminidad y elegancia.<\/p>\n<p><strong>\u00c1ngel Palazuelos<\/strong>. Al igual que Mel\u00e9, es otro de los nombres propios cl\u00e1sicos de este evento, al que no ha faltado desde sus or\u00edgenes. En 2015 recibi\u00f3 el Alfiler de Oro de la Pasarela Larios en reconocimiento a sus veinticinco a\u00f1os de trayectoria profesional. En esta ocasi\u00f3n regresar\u00e1 con sus propuestas para novios e invitados. Sus puestas en escena son de las m\u00e1s llamativas cada edici\u00f3n.<\/p>\n<p><strong>Rafael Urqu\u00edzar.<\/strong> El dise\u00f1ador recibi\u00f3 en 2014 el Alfiler de Oro de Larios y este 2017 vuelve a hacer el pase\u00edllo sobre la alfombra azul. Urqu\u00edzar naci\u00f3 en M\u00e1laga en febrero de 1971 y nada m\u00e1s terminar sus estudios secundarios empez\u00f3 a dise\u00f1ar ropa para un taller familiar. En 1999 abri\u00f3 su tienda atelier en calle San Juan, desde donde sigue comercializando sus colecciones de Alta Costura y Novias.<\/p>\n<p><strong>Juan Segovia<\/strong>. El dise\u00f1ador de &#8216;Perlas y Bombones&#8217; debuta sobre la Pasarela Larios con sus creaciones, ideadas y confeccionadas en M\u00e1laga. Formado en el mundo del Arte, Segovia ha compaginado su carrera art\u00edstica (que le ha llevado a exponer su obra en Espa\u00f1a, Europa y Am\u00e9rica) con la dedicaci\u00f3n como profesor de Dise\u00f1o en Madrid y en M\u00e1laga, desde donde ha formado a muchos destacados profesionales del sector de la moda.<\/p>\n<p><strong>Lucas Balboa<\/strong>. El dise\u00f1ador de Tenerife es otra de las novedades m\u00e1s esperadas de esta edici\u00f3n. El reputado creador ha colaborado como profesional en la casa Pedro del Hierro y m\u00e1s adelante en Loewe. En diciembre de 2013 y tras un par\u00f3n profesional regres\u00f3 a la moda masculina con marca propia (Lucas Balboa-Gentleman), cuyas propuestas desfilar\u00e1n por Larios este viernes.<\/p>\n<p><strong>Ivana Picallo<\/strong>. La creadora argentina se suma este a\u00f1o al cartel internacional de Larios. Con 20 a\u00f1os de trayectoria en su pa\u00eds, Picallo ofrece &#8220;prendas comerciales para todo estilo de mujer, sin perder de vista el detalle que haga a cada una exclusivo&#8221;. La dise\u00f1adora -que lanza 150 dise\u00f1os \u00fanicos e irrepetibles por temporada- fue elegida como revelaci\u00f3n en la pasarela de novias Madrid Bridal Show.<\/p>\n<p><strong>Jes\u00fas Segado<\/strong>. La delicadeza y el romanticisimo son la carta de presentaci\u00f3n del malague\u00f1o Jes\u00fas Segado, en cuyas piezas brillan los detalles elaborados a mano. Segado es uno de los abanderados de la alta costura artesanal, propiendo una revisi\u00f3n de las l\u00edneas cl\u00e1sicas depuradas a trav\u00e9s de un estilo actual. El dise\u00f1ador cuenta con una amplia trayectoria en su M\u00e1laga natal y ha llegado a presentar sus creaciones en el marco de la Semana de la Moda de Par\u00eds. Este a\u00f1o Larios reconoce su buen hacer otorg\u00e1ndole el &#8216;Alfiler de Oro&#8217;.<\/p>\n<h3>Jes\u00fas Segado. &#8216;Alfiler de oro&#8217;<\/h3>\n<p>El malague\u00f1o Jes\u00fas Segado recibir\u00e1 en el marco de la VII Pasarela Larios 2017, el \u2018Alfiler de Oro\u2019. Un premio patrocinado por \u2018El Pimpi\u2019 que reconoce su dilatada trayectoria en el mundo de la moda. El dise\u00f1ador, que contin\u00faa inmerso en su l\u00ednea de expansi\u00f3n creativa con el lanzamiento de su colecci\u00f3n de gafas de sol y de graduado, ha recalcado su \u201capuesta por la calidad en todos nuestros dise\u00f1os\u201d, un estilo propio que bien le ha valido el calificativo de \u2018escultor de los tejidos\u2019 por parte de la prensa.<\/p>\n<h3>La moda se viste de solidaridad<\/h3>\n<p>La Obra Social \u2018La Caixa\u2019 y Pasarela Larios M\u00e1laga Fashion Week se unen este a\u00f1o para desarrollar un proyecto social en el marco de esta s\u00e9ptima edici\u00f3n. Se trata de una actuaci\u00f3n social con un marcado car\u00e1cter coral, que se pondr\u00e1n en funcionamiento a trav\u00e9s de la fundaci\u00f3n del artista malague\u00f1o Antonio Banderas, \u2018L\u00e1grimas y Favores\u2019, y tendr\u00e1 como beneficiario a la Fundaci\u00f3n CUDECA y los programas desarrollados por \u00e9sta en la lucha contra el c\u00e1ncer.<\/p>\n<h3>Un impulso para nuevos talentos<\/h3>\n<p>La Pasarela Larios M\u00e1laga Fashion Week servir\u00e1 de escaparate para <strong>conocer de cerca el trabajo de 20 j\u00f3venes dise\u00f1adores <\/strong>gracias a una iniciativa realizada en conjunto con el Consejo Regulador de la Denominaci\u00f3n de Origen Ribera del Duero. Se trata de que las agujas emergentes dise\u00f1en y confeccionen vestidos inspirados en los vinos Ribera del Duero, que se dar\u00e1n a conocer durante la pasarela.<\/p>\n<p>En esta edici\u00f3n los elegidos son: Pedro V, Clotilde Prieto, Stefano Montarone, Alejandra Casals, Enri V\u00e1zquez, Huma Qrtban, Marina Garc\u00eda, Alejandro Robledo, Santiago Zambrana, Alba Carrasco, Carmen Moreno, Sara Rello, Eti\u00e4ne Maison, Celia P\u00e9rez, Ana Bueno, Pepa Mena, Cristina del Cerro, Sheila Rdc, Almudena Amate y D\u00e1nae L\u00f3pez. Entre el jurado se encuentra el dise\u00f1ador malague\u00f1o de alta costura Javier Alc\u00e1ntara .<\/p>\n<p>Sus dise\u00f1os -con un nexo com\u00fan: el color \u2018burgundy\u2019 que evoca los vinos Ribera del Duero- se podr\u00e1n descubrir durante Pasarela Larios en el stand expositivo habilitado durante ambos d\u00edas y en el desfile que se celebrar\u00e1 el s\u00e1bado 16 de septiembre. Al finalizar el pase, se entregar\u00e1 el premio Ribera del Duero al ganador de esta edici\u00f3n de j\u00f3venes dise\u00f1adores 2017.<\/p>\n<h3>C\u00f3mo asistir de p\u00fablico<\/h3>\n<p>Para poder asistir a este evento organizado por Nueva Moda Producciones y el Ayuntamiento de M\u00e1laga junto a una larga lista de patrocinadores basta con acudir a la cita y ocupar algunas de las m\u00faltiples sillas disponibles habilitadas para la ocasi\u00f3n a lo largo de m\u00e1s de 300 metros de calle Larios.<strong> La entrada es gratuita.<\/strong> Los organizadores ya han repartido unas 2.000 entradas entre distritos y colectivos sociales y culturales de la provincia pero a\u00fan quedan muchas sillas libres repartidas a lo largo de la pasarela azul. Eso s\u00ed, conviene acudir con tiempo para lograr sitio (el evento empieza a las 20.30 horas).<\/p>\n","protected":false},"excerpt":{"rendered":"<p>M\u00e1laga celebra este fin de semana su gran cita con la moda. La capital desplegar\u00e1 sobre su coraz\u00f3n comercial -la calle Larios- la alfombra azul m\u00e1s larga de Europa para acoger las propuestas de destacados dise\u00f1adores locales e internacionales y a su vez servir de escaparate y lanzadera de agujas emergentes. \u00bfQuieres asistir? En esta [&hellip;]<\/p>\n","protected":false},"author":54,"featured_media":0,"comment_status":"open","ping_status":"open","sticky":false,"template":"","format":"standard","meta":[],"categories":[1],"tags":[],"_links":{"self":[{"href":"https:\/\/blogs.diariosur.es\/pasarelaurbana\/wp-json\/wp\/v2\/posts\/10183"}],"collection":[{"href":"https:\/\/blogs.diariosur.es\/pasarelaurbana\/wp-json\/wp\/v2\/posts"}],"about":[{"href":"https:\/\/blogs.diariosur.es\/pasarelaurbana\/wp-json\/wp\/v2\/types\/post"}],"author":[{"embeddable":true,"href":"https:\/\/blogs.diariosur.es\/pasarelaurbana\/wp-json\/wp\/v2\/users\/54"}],"replies":[{"embeddable":true,"href":"https:\/\/blogs.diariosur.es\/pasarelaurbana\/wp-json\/wp\/v2\/comments?post=10183"}],"version-history":[{"count":1,"href":"https:\/\/blogs.diariosur.es\/pasarelaurbana\/wp-json\/wp\/v2\/posts\/10183\/revisions"}],"predecessor-version":[{"id":10185,"href":"https:\/\/blogs.diariosur.es\/pasarelaurbana\/wp-json\/wp\/v2\/posts\/10183\/revisions\/10185"}],"wp:attachment":[{"href":"https:\/\/blogs.diariosur.es\/pasarelaurbana\/wp-json\/wp\/v2\/media?parent=10183"}],"wp:term":[{"taxonomy":"category","embeddable":true,"href":"https:\/\/blogs.diariosur.es\/pasarelaurbana\/wp-json\/wp\/v2\/categories?post=10183"},{"taxonomy":"post_tag","embeddable":true,"href":"https:\/\/blogs.diariosur.es\/pasarelaurbana\/wp-json\/wp\/v2\/tags?post=10183"}],"curies":[{"name":"wp","href":"https:\/\/api.w.org\/{rel}","templated":true}]}}