{"id":10198,"date":"2017-11-08T13:27:36","date_gmt":"2017-11-08T12:27:36","guid":{"rendered":"http:\/\/blogs.diariosur.es\/pasarelaurbana\/?p=10198"},"modified":"2017-11-08T13:27:36","modified_gmt":"2017-11-08T12:27:36","slug":"montesco-repasa-su-trayectoria-en-un-desfile-benefico","status":"publish","type":"post","link":"https:\/\/blogs.diariosur.es\/pasarelaurbana\/2017\/11\/08\/montesco-repasa-su-trayectoria-en-un-desfile-benefico\/","title":{"rendered":"Montesco repasa su trayectoria en un desfile ben\u00e9fico"},"content":{"rendered":"<p><a href=\"https:\/\/static-blogs.diariosur.es\/wp-content\/uploads\/sites\/49\/2017\/11\/montescobuena.jpg\"><img loading=\"lazy\" class=\"aligncenter size-full wp-image-10202\" src=\"https:\/\/static-blogs.diariosur.es\/wp-content\/uploads\/sites\/49\/2017\/11\/montescobuena.jpg\" alt=\"montescobuena\" width=\"600\" height=\"623\" srcset=\"https:\/\/static-blogs.diariosur.es\/wp-content\/uploads\/sites\/49\/2017\/11\/montescobuena.jpg 600w, https:\/\/static-blogs.diariosur.es\/wp-content\/uploads\/sites\/49\/2017\/11\/montescobuena-289x300.jpg 289w\" sizes=\"(max-width: 600px) 100vw, 600px\" \/><\/a><\/p>\n<p>La moda malague\u00f1a se viste hoy con sus mejores galas: la solidaridad. La firma de moda Montesco Alta Costura ser\u00e1 la protagonista este mi\u00e9rcoles 8 de noviembre del <strong>desfile ben\u00e9fico a favor de la Asociaci\u00f3n para la promoci\u00f3n de la Investigaci\u00f3n Oncol\u00f3gica en M\u00e1laga<\/strong> (AIOM). La cita ser\u00e1 en un escenario \u00fanico: los salones del reci\u00e9n inaugurado Gran Hotel Miramar. El evento, que se celebrar\u00e1 esta tarde a partir de las 19.00 horas, est\u00e1 promovido por la Asociaci\u00f3n pro Tradiciones Malague\u00f1as La Coracha y su objetivo es recaudar fondos -los 20 euros que cuesta la entrada- para la investigaci\u00f3n contra el c\u00e1ncer que desarrolla AIOM.<\/p>\n<p>En el desfile, que estar\u00e1 presentado por la periodista Mari Luz Aguilar Galindo, Montesco repasar\u00e1 sus 30 a\u00f1os de trayectoria. Tres d\u00e9cadas en los que la reputada firma local se ha convertido en todo un referente en la moda malague\u00f1a. Para esta ocasi\u00f3n tan especial <strong>la casa de alta costura ha recuperado y restaurado modelos que no exhib\u00eda desde hace m\u00e1s de veinte a\u00f1os<\/strong> y que reflejan la evoluci\u00f3n de la firma desde los 80 hasta la actualidad. Treinta a\u00f1os de un cuidado trabajo artesanal al servicio de la feminidad y la elegancia, se\u00f1as de identidad del atelier.<\/p>\n<p>As\u00ed, el pase de esta tarde en el Miramar -que incluir\u00e1 una treintena de dise\u00f1os- arrancar\u00e1 con algunas de las primeras creaciones de la firma all\u00e1 por finales de los 80, justo despu\u00e9s de que Carlos Aguirre, aguja de Montesco, se alzara con el premio de la pasarela &#8216;ArtiModa&#8217;. Desde entonces Aguirre, Mario Camino y el resto del equipo (Antonio Delgado y Consuelo Ordu\u00f1a)<strong> han afianzado una trayectoria basada en el &#8216;savoir faire&#8217; y en la fidelidad a un reconocible sello propio<\/strong>, ajeno a las modas ef\u00edmeras y al paso del calendario.<\/p>\n<p>Y es que hablar de Montesco es hablar de elegancia y de estilo atemporal. Patrones exquisitos, tejidos lujosos, terminaciones artesanales y el gusto por los detalles han consagrado a esta firma que en 2018 cumplir\u00e1 30 a\u00f1os vistiendo a la mujer malague\u00f1a en algunos de los eventos m\u00e1s importantes de sus vidas desde su atelier en el n\u00famero 3 de calle Salvago.<\/p>\n<p>El objetivo del evento de hoy es recuperar esa esencia que Montesco ha sabido mimar y proteger con el paso de los a\u00f1os. Para ello se evocar\u00e1n los grandes desfiles de la \u00e9poca dorada de la alta costura, en los que se cuidaba hasta el m\u00e1s m\u00ednimo detalle, desde el espacio,a\u00a0 la recepci\u00f3n, la m\u00fasica o la puesta en escena. Una oportunidad para repasar la historia de la que es una de las firmas m\u00e1s destacadas de la moda local y a su vez colaborar con una buena causa.<\/p>\n<p>Las entradas -que tienen un precio de 20 euros- se pueden adquirir a trav\u00e9s de AIOM o de la Asociaci\u00f3n La Coracha. Y para aquellos que no puedan asistir, tambi\u00e9n pueden prestar su ayuda en la fila cero de AIOM: <strong>: ES49 2103 0146 9200 3005 0038. \u00bfTe animas?<\/strong><\/p>\n<p>&nbsp;<\/p>\n","protected":false},"excerpt":{"rendered":"<p>La moda malague\u00f1a se viste hoy con sus mejores galas: la solidaridad. La firma de moda Montesco Alta Costura ser\u00e1 la protagonista este mi\u00e9rcoles 8 de noviembre del desfile ben\u00e9fico a favor de la Asociaci\u00f3n para la promoci\u00f3n de la Investigaci\u00f3n Oncol\u00f3gica en M\u00e1laga (AIOM). La cita ser\u00e1 en un escenario \u00fanico: los salones del [&hellip;]<\/p>\n","protected":false},"author":54,"featured_media":0,"comment_status":"open","ping_status":"open","sticky":false,"template":"","format":"standard","meta":[],"categories":[1],"tags":[],"_links":{"self":[{"href":"https:\/\/blogs.diariosur.es\/pasarelaurbana\/wp-json\/wp\/v2\/posts\/10198"}],"collection":[{"href":"https:\/\/blogs.diariosur.es\/pasarelaurbana\/wp-json\/wp\/v2\/posts"}],"about":[{"href":"https:\/\/blogs.diariosur.es\/pasarelaurbana\/wp-json\/wp\/v2\/types\/post"}],"author":[{"embeddable":true,"href":"https:\/\/blogs.diariosur.es\/pasarelaurbana\/wp-json\/wp\/v2\/users\/54"}],"replies":[{"embeddable":true,"href":"https:\/\/blogs.diariosur.es\/pasarelaurbana\/wp-json\/wp\/v2\/comments?post=10198"}],"version-history":[{"count":7,"href":"https:\/\/blogs.diariosur.es\/pasarelaurbana\/wp-json\/wp\/v2\/posts\/10198\/revisions"}],"predecessor-version":[{"id":10208,"href":"https:\/\/blogs.diariosur.es\/pasarelaurbana\/wp-json\/wp\/v2\/posts\/10198\/revisions\/10208"}],"wp:attachment":[{"href":"https:\/\/blogs.diariosur.es\/pasarelaurbana\/wp-json\/wp\/v2\/media?parent=10198"}],"wp:term":[{"taxonomy":"category","embeddable":true,"href":"https:\/\/blogs.diariosur.es\/pasarelaurbana\/wp-json\/wp\/v2\/categories?post=10198"},{"taxonomy":"post_tag","embeddable":true,"href":"https:\/\/blogs.diariosur.es\/pasarelaurbana\/wp-json\/wp\/v2\/tags?post=10198"}],"curies":[{"name":"wp","href":"https:\/\/api.w.org\/{rel}","templated":true}]}}