{"id":10213,"date":"2017-12-17T13:24:31","date_gmt":"2017-12-17T12:24:31","guid":{"rendered":"http:\/\/blogs.diariosur.es\/pasarelaurbana\/?p=10213"},"modified":"2017-12-17T13:25:01","modified_gmt":"2017-12-17T12:25:01","slug":"modeslo-lomba-ofrece-una-charla-en-marbella","status":"publish","type":"post","link":"https:\/\/blogs.diariosur.es\/pasarelaurbana\/2017\/12\/17\/modeslo-lomba-ofrece-una-charla-en-marbella\/","title":{"rendered":"Modesto Lomba ofrece una charla en Marbella"},"content":{"rendered":"<p><a href=\"https:\/\/static-blogs.diariosur.es\/wp-content\/uploads\/sites\/49\/2017\/12\/modesto.jpg\"><img loading=\"lazy\" class=\"aligncenter size-full wp-image-10214\" src=\"https:\/\/static-blogs.diariosur.es\/wp-content\/uploads\/sites\/49\/2017\/12\/modesto.jpg\" alt=\"modesto\" width=\"600\" height=\"337\" srcset=\"https:\/\/static-blogs.diariosur.es\/wp-content\/uploads\/sites\/49\/2017\/12\/modesto.jpg 600w, https:\/\/static-blogs.diariosur.es\/wp-content\/uploads\/sites\/49\/2017\/12\/modesto-300x169.jpg 300w\" sizes=\"(max-width: 600px) 100vw, 600px\" \/><\/a><\/p>\n<p>La marca &#8216;M\u00e1laga de moda&#8217; sigue dando peque\u00f1os pasos para afianzarse como un sello de referencia en la provincia. Ese tim\u00f3n que pretende llevar al mejor puerto a la industria &#8216;fashionista&#8217; local. Un sector donde sobra potencial pero que sigue necesitado de escaparates. Y ello es precisamente el objetivo de esta iniciativa de la Diputaci\u00f3n de M\u00e1laga. Dentro de este proyecto,<strong> este lunes recalar\u00e1 en Marbella el dise\u00f1ador y presidente de la Asociaci\u00f3n de Creadores de Moda de Espa\u00f1a, Modesto Lomba.<\/strong> El creador ofrecer\u00e1 una charla en el Museo del Grabado Espa\u00f1ol Contempor\u00e1neo que adem\u00e1s representar\u00e1 la &#8216;primera piedra&#8217; de la colaboraci\u00f3n acordada entre la Milla de Oro y &#8216;M\u00e1laga de moda&#8217;.<\/p>\n<p>Bajo la ponencia &#8216;Estrategias de marca y objetivos de la Asociaci\u00f3n de Creadores de Moda de Espa\u00f1a&#8217;, Lomba expondr\u00e1 las nuevas acciones previstas de la organizaci\u00f3n que preside<strong>, una entidad profesional sin \u00e1nimo de lucro fundada en 1998 por el modisto junto a otros grandes<\/strong> de la industria textil nacional como Jes\u00fas del Pozo, Elio Berhanyer, Antonio Pernas, Angel Schlesser y Roberto Verino. \u00bfSu finalidad? Defender los intereses de la creaci\u00f3n de moda en nuestro pa\u00eds, ofreciendo herramientas para aumentar su competitividad as\u00ed como fomentar actividades que redunden en beneficio del sector del dise\u00f1o de moda en sus vertientes creativa y comercial, tanto dentro como fuera de nuestras fronteras.<\/p>\n<p>En lo que refiere a su presencia en Marbella, el diputado de Desarrollo Econ\u00f3mico y Productivo, Jacobo Florido, ha explicado que el acto, organizado por la Diputaci\u00f3n de M\u00e1laga y el Ayuntamiento de dicha localidad, <strong>va dirigido a medio centenar de dise\u00f1adores, empresarios, estilistas, periodistas especializados e &#8216;influencers&#8217;<\/strong>. Un punto de encuentro para los profesionales del mundo de la moda en el que se generar\u00e1 &#8216;networking&#8217;.<\/p>\n<p><a href=\"https:\/\/static-blogs.diariosur.es\/wp-content\/uploads\/sites\/49\/2017\/12\/malagamoda.jpg\"><img loading=\"lazy\" class=\"aligncenter size-full wp-image-10217\" src=\"https:\/\/static-blogs.diariosur.es\/wp-content\/uploads\/sites\/49\/2017\/12\/malagamoda.jpg\" alt=\"malagamoda\" width=\"600\" height=\"841\" srcset=\"https:\/\/static-blogs.diariosur.es\/wp-content\/uploads\/sites\/49\/2017\/12\/malagamoda.jpg 600w, https:\/\/static-blogs.diariosur.es\/wp-content\/uploads\/sites\/49\/2017\/12\/malagamoda-214x300.jpg 214w\" sizes=\"(max-width: 600px) 100vw, 600px\" \/><\/a><\/p>\n<p>&nbsp;<\/p>\n<p>&nbsp;<\/p>\n<p>&nbsp;<\/p>\n<p>&nbsp;<\/p>\n<p>&nbsp;<\/p>\n<p>&nbsp;<\/p>\n","protected":false},"excerpt":{"rendered":"<p>La marca &#8216;M\u00e1laga de moda&#8217; sigue dando peque\u00f1os pasos para afianzarse como un sello de referencia en la provincia. Ese tim\u00f3n que pretende llevar al mejor puerto a la industria &#8216;fashionista&#8217; local. Un sector donde sobra potencial pero que sigue necesitado de escaparates. Y ello es precisamente el objetivo de esta iniciativa de la Diputaci\u00f3n [&hellip;]<\/p>\n","protected":false},"author":54,"featured_media":0,"comment_status":"open","ping_status":"open","sticky":false,"template":"","format":"standard","meta":[],"categories":[1],"tags":[],"_links":{"self":[{"href":"https:\/\/blogs.diariosur.es\/pasarelaurbana\/wp-json\/wp\/v2\/posts\/10213"}],"collection":[{"href":"https:\/\/blogs.diariosur.es\/pasarelaurbana\/wp-json\/wp\/v2\/posts"}],"about":[{"href":"https:\/\/blogs.diariosur.es\/pasarelaurbana\/wp-json\/wp\/v2\/types\/post"}],"author":[{"embeddable":true,"href":"https:\/\/blogs.diariosur.es\/pasarelaurbana\/wp-json\/wp\/v2\/users\/54"}],"replies":[{"embeddable":true,"href":"https:\/\/blogs.diariosur.es\/pasarelaurbana\/wp-json\/wp\/v2\/comments?post=10213"}],"version-history":[{"count":4,"href":"https:\/\/blogs.diariosur.es\/pasarelaurbana\/wp-json\/wp\/v2\/posts\/10213\/revisions"}],"predecessor-version":[{"id":10219,"href":"https:\/\/blogs.diariosur.es\/pasarelaurbana\/wp-json\/wp\/v2\/posts\/10213\/revisions\/10219"}],"wp:attachment":[{"href":"https:\/\/blogs.diariosur.es\/pasarelaurbana\/wp-json\/wp\/v2\/media?parent=10213"}],"wp:term":[{"taxonomy":"category","embeddable":true,"href":"https:\/\/blogs.diariosur.es\/pasarelaurbana\/wp-json\/wp\/v2\/categories?post=10213"},{"taxonomy":"post_tag","embeddable":true,"href":"https:\/\/blogs.diariosur.es\/pasarelaurbana\/wp-json\/wp\/v2\/tags?post=10213"}],"curies":[{"name":"wp","href":"https:\/\/api.w.org\/{rel}","templated":true}]}}