{"id":10220,"date":"2018-01-25T16:47:50","date_gmt":"2018-01-25T15:47:50","guid":{"rendered":"http:\/\/blogs.diariosur.es\/pasarelaurbana\/?p=10220"},"modified":"2018-01-26T10:11:32","modified_gmt":"2018-01-26T09:11:32","slug":"la-moda-malaguena-se-pone-flamenca","status":"publish","type":"post","link":"https:\/\/blogs.diariosur.es\/pasarelaurbana\/2018\/01\/25\/la-moda-malaguena-se-pone-flamenca\/","title":{"rendered":"La moda malague\u00f1a se pone flamenca"},"content":{"rendered":"<div class=\"contenidoFicha\">\n<p><a href=\"https:\/\/static-blogs.diariosur.es\/wp-content\/uploads\/sites\/49\/2018\/01\/moda-flamenca.jpg\"><img loading=\"lazy\" class=\"aligncenter size-full wp-image-10221\" src=\"https:\/\/static-blogs.diariosur.es\/wp-content\/uploads\/sites\/49\/2018\/01\/moda-flamenca.jpg\" alt=\"moda-flamenca\" width=\"600\" height=\"400\" srcset=\"https:\/\/static-blogs.diariosur.es\/wp-content\/uploads\/sites\/49\/2018\/01\/moda-flamenca.jpg 600w, https:\/\/static-blogs.diariosur.es\/wp-content\/uploads\/sites\/49\/2018\/01\/moda-flamenca-300x200.jpg 300w\" sizes=\"(max-width: 600px) 100vw, 600px\" \/><\/a><\/p>\n<p>La moda malague\u00f1a se pone flamenca. Y es que con el calendario de febrero llega una cita clave para las agujas locales: la Feria Internacional de Moda Flamenca, <strong>FIMAF, que se celebrar\u00e1 en esta ocasi\u00f3n los d\u00edas 24 y 25 de febrero en el Museo Automovil\u00edstico de la capital<\/strong>. Esta tercera edici\u00f3n, adem\u00e1s, la marca promocional impulsada por la Diputaci\u00f3n de M\u00e1laga para respaldar a la industria textil local, \u2018M\u00e1laga de Moda\u2019, se suma a las actividades de este evento con un desfile de j\u00f3venes dise\u00f1adores locales especializados en moda flamenca. En \u00e9l no faltar\u00e1n nombres ya consagrados en esta materia como son<strong> Jote Mart\u00ednez, Roc\u00edo Monserrat, Jorge S\u00e1nchez o Pilar Arregui,<\/strong> entre otros, que tendr\u00e1n la oportunidad de mostrar sus \u00faltimas creaciones en este consolidado escaparate.<\/p>\n<p>El diputado de Desarrollo Econ\u00f3mico y Productivo, Jacobo Florido, ha presentado hoy junto al gerente del Museo Automovil\u00edstico, Joau Magalles,\u00a0 Patricia Olivares, de La Peque\u00f1a Agencia y las organizadoras de FIMAF (la\u00a0<span class=\"st\">directora de &#8216;<em>Makyre<\/em>, <em>eventos<\/em> con dos tacones&#8217;\u00a0 <\/span>Macarena Regueira y la directora de Nueva Moda Producciones, Mar\u00eda Jos\u00e9 Gonz\u00e1lez), esta nueva cita que contar\u00e1 con un calendario de desfiles\u00a0 de<strong> dise\u00f1adores de toda Andaluc\u00eda con una feria expositiva y la participaci\u00f3n de m\u00e1s de 40 firmas.<\/strong><\/p>\n<p>La iniciativa llega respaldada por el gran \u00e9xito de sus primeras ediciones, con un balance de m\u00e1s de 5.000 visitantes. La feria, la primera de este tipo que se ha desarrollado en M\u00e1laga, <strong>busca contribuir a la promoci\u00f3n de los j\u00f3venes dise\u00f1adores.<\/strong> &#8220;M\u00e1laga se merece ese espacio para la moda flamenca&#8221;, ha defendido Regueira. As\u00ed, en esta apuesta por apoyar el talento de las agujas emergentes , FIMAF y Caf\u00e9s Santa Cristina organizan por segundo a\u00f1o el <strong>concurso \u2018Dise\u00f1adores N\u00f3veles de Moda Flamenca Caf\u00e9s Santa Cristina<\/strong>\u2019. La iniciativa ofrece la posibilidad de dise\u00f1ar y confeccionar seis vestidos de flamenca que tengan como base el color verde de Caf\u00e9s Santa Cristina, el rojo, el blanco y el amarillo. Pudiendo ser usado de forma individual o combinados entre s\u00ed. Hasta el 31 de enero pueden consultarse las bases y los finalistas desfilar\u00e1n sus trajes en la gala inicial de la feria el pr\u00f3ximo 24 de febrero. Un jurado experto elegido por Caf\u00e9s Santa Cristina seleccionar\u00e1 al ganador que recibir\u00e1 el \u2018Premio a J\u00f3venes Dise\u00f1adores de Moda Flamenca\u2019. Este consistir\u00e1 en el dise\u00f1o y confecci\u00f3n de los 10 trajes de flamenca correspondientes a la promoci\u00f3n que Caf\u00e9s Santa Cristina llevar\u00e1 a cabo con motivo de la feria de M\u00e1laga.<\/p>\n<p>Este es el programa completo de la feria:<\/p>\n<p><strong>S\u00e1bado 25 febrero<\/strong><\/p>\n<p>12.30h- Desfile M\u00e1laga de Moda: Astrid Hohle, Jote Mart\u00ednez\u00a0 y Jos\u00e9 Galv\u00e1n<br \/>\n17.00h- Concurso de J\u00f3venes Dise\u00f1adores de Moda Flamenca de Caf\u00e9s Santa<br \/>\n19.00h- Morales<\/p>\n<p><strong>Domingo 26 febrero<\/strong><\/p>\n<p>11.30h- Desfile M\u00e1laga de Moda: Roc\u00edo Monserrat, Jorge S\u00e1nchez y Pilar Arregui.<br \/>\n12.30h- Colectivo Abanico de Colores<br \/>\n13.00h -Clotilde Prieto, Lourdes Paz y \u00c1ngela Campos.<br \/>\n17.00h \u2013 Mof &amp; Art Flamencas<\/p>\n<p><strong>Filigrana<\/strong><\/p>\n<p>M Jos\u00e9 Espinar<br \/>\nNuevo Montecarlo<br \/>\nCarmen Ca\u00f1aver<br \/>\nFabiola<br \/>\nPitusa gasul<br \/>\nLoli Vera<br \/>\nCarmen Vega<br \/>\nPilar Vera<br \/>\nSara de Benitez<br \/>\nM Carmen Cruz<br \/>\nPol Nu\u00f1ez<br \/>\nCarmen Acedo<br \/>\nMelisa Lozano<\/p>\n<p>19.00h \u2013 Pilar Vera<\/p>\n<p>Las entradas a los desfiles tendr\u00e1n un coste de entre 5 y 10 euros y\u00a0 se pueden comprar a trav\u00e9s del portal www.mientrada.net.<\/p>\n<\/div>\n","protected":false},"excerpt":{"rendered":"<p>La moda malague\u00f1a se pone flamenca. Y es que con el calendario de febrero llega una cita clave para las agujas locales: la Feria Internacional de Moda Flamenca, FIMAF, que se celebrar\u00e1 en esta ocasi\u00f3n los d\u00edas 24 y 25 de febrero en el Museo Automovil\u00edstico de la capital. Esta tercera edici\u00f3n, adem\u00e1s, la marca [&hellip;]<\/p>\n","protected":false},"author":54,"featured_media":0,"comment_status":"open","ping_status":"open","sticky":false,"template":"","format":"standard","meta":[],"categories":[1],"tags":[],"_links":{"self":[{"href":"https:\/\/blogs.diariosur.es\/pasarelaurbana\/wp-json\/wp\/v2\/posts\/10220"}],"collection":[{"href":"https:\/\/blogs.diariosur.es\/pasarelaurbana\/wp-json\/wp\/v2\/posts"}],"about":[{"href":"https:\/\/blogs.diariosur.es\/pasarelaurbana\/wp-json\/wp\/v2\/types\/post"}],"author":[{"embeddable":true,"href":"https:\/\/blogs.diariosur.es\/pasarelaurbana\/wp-json\/wp\/v2\/users\/54"}],"replies":[{"embeddable":true,"href":"https:\/\/blogs.diariosur.es\/pasarelaurbana\/wp-json\/wp\/v2\/comments?post=10220"}],"version-history":[{"count":5,"href":"https:\/\/blogs.diariosur.es\/pasarelaurbana\/wp-json\/wp\/v2\/posts\/10220\/revisions"}],"predecessor-version":[{"id":10226,"href":"https:\/\/blogs.diariosur.es\/pasarelaurbana\/wp-json\/wp\/v2\/posts\/10220\/revisions\/10226"}],"wp:attachment":[{"href":"https:\/\/blogs.diariosur.es\/pasarelaurbana\/wp-json\/wp\/v2\/media?parent=10220"}],"wp:term":[{"taxonomy":"category","embeddable":true,"href":"https:\/\/blogs.diariosur.es\/pasarelaurbana\/wp-json\/wp\/v2\/categories?post=10220"},{"taxonomy":"post_tag","embeddable":true,"href":"https:\/\/blogs.diariosur.es\/pasarelaurbana\/wp-json\/wp\/v2\/tags?post=10220"}],"curies":[{"name":"wp","href":"https:\/\/api.w.org\/{rel}","templated":true}]}}