{"id":10240,"date":"2018-02-23T15:30:40","date_gmt":"2018-02-23T14:30:40","guid":{"rendered":"http:\/\/blogs.diariosur.es\/pasarelaurbana\/?p=10240"},"modified":"2018-02-23T15:30:40","modified_gmt":"2018-02-23T14:30:40","slug":"cinco-modas-que-nunca-hubieras-deseado-que-volvieran","status":"publish","type":"post","link":"https:\/\/blogs.diariosur.es\/pasarelaurbana\/2018\/02\/23\/cinco-modas-que-nunca-hubieras-deseado-que-volvieran\/","title":{"rendered":"Cinco modas que nunca hubieras deseado que volvieran"},"content":{"rendered":"<p>La industria fashionista es un carrusel que gira y gira y siempre vuelve.\u00a0 Aquello de que la moda es c\u00edclica es, de hecho, una de las grandes verdades del universo &#8216;trendy&#8217;.\u00a0 <strong>Las tendencias no entienden de rencores y, pese a ser denostadas o miradas de reojo, acaban regresando<\/strong> por el mismo camino por el que se fueron dispuestas a atraer a nuevas generaciones y buscar una segunda (o tecera, cuarta o quinta&#8230;) oportunidad. Y sino que se lo pregunten a los &#8216;mom jeans&#8217; -v\u00e9ase vaqueros de tiro alto- a los bodys -hasta hace poco olvidados en los altillos del armario de nuestras madres- a los petos y a un largo suma y sigue. Eso s\u00ed, no todos los &#8216;revival&#8217; son igual de celebrados&#8230;He aqu\u00ed un listado con cinco tendencias que piden pista esta primavera y que (quiz\u00e1s) desear\u00edas que nunca hubieran salido del olvido. \u00bfLes dar\u00e1s un voto de confianza? \u00a1Pasen y lean!<\/p>\n<ol>\n<li><strong>Solo para atrevidas: el retorno de las medias de colores<\/strong><\/li>\n<\/ol>\n<div id=\"attachment_10246\" style=\"width: 610px\" class=\"wp-caption aligncenter\"><a href=\"https:\/\/static-blogs.diariosur.es\/wp-content\/uploads\/sites\/49\/2018\/02\/blog-fotos-1.jpg\"><img aria-describedby=\"caption-attachment-10246\" loading=\"lazy\" class=\"wp-image-10246 size-full\" src=\"https:\/\/static-blogs.diariosur.es\/wp-content\/uploads\/sites\/49\/2018\/02\/blog-fotos-1.jpg\" alt=\"blog-fotos-1\" width=\"600\" height=\"449\" srcset=\"https:\/\/static-blogs.diariosur.es\/wp-content\/uploads\/sites\/49\/2018\/02\/blog-fotos-1.jpg 600w, https:\/\/static-blogs.diariosur.es\/wp-content\/uploads\/sites\/49\/2018\/02\/blog-fotos-1-300x225.jpg 300w\" sizes=\"(max-width: 600px) 100vw, 600px\" \/><\/a><p id=\"caption-attachment-10246\" class=\"wp-caption-text\">Medias de colores de Zara<\/p><\/div>\n<p><a href=\"https:\/\/static-blogs.diariosur.es\/wp-content\/uploads\/sites\/49\/2018\/02\/blog-fotos-5.jpg\"><img loading=\"lazy\" class=\"aligncenter size-full wp-image-10250\" src=\"https:\/\/static-blogs.diariosur.es\/wp-content\/uploads\/sites\/49\/2018\/02\/blog-fotos-5.jpg\" alt=\"blog-fotos-5\" width=\"600\" height=\"743\" srcset=\"https:\/\/static-blogs.diariosur.es\/wp-content\/uploads\/sites\/49\/2018\/02\/blog-fotos-5.jpg 600w, https:\/\/static-blogs.diariosur.es\/wp-content\/uploads\/sites\/49\/2018\/02\/blog-fotos-5-242x300.jpg 242w\" sizes=\"(max-width: 600px) 100vw, 600px\" \/><\/a><\/p>\n<div id=\"attachment_10262\" style=\"width: 610px\" class=\"wp-caption aligncenter\"><a href=\"https:\/\/static-blogs.diariosur.es\/wp-content\/uploads\/sites\/49\/2018\/02\/blog-fotos-17.jpg\"><img aria-describedby=\"caption-attachment-10262\" loading=\"lazy\" class=\"wp-image-10262 size-full\" src=\"https:\/\/static-blogs.diariosur.es\/wp-content\/uploads\/sites\/49\/2018\/02\/blog-fotos-17.jpg\" alt=\"blog-fotos-17\" width=\"600\" height=\"504\" srcset=\"https:\/\/static-blogs.diariosur.es\/wp-content\/uploads\/sites\/49\/2018\/02\/blog-fotos-17.jpg 600w, https:\/\/static-blogs.diariosur.es\/wp-content\/uploads\/sites\/49\/2018\/02\/blog-fotos-17-300x252.jpg 300w\" sizes=\"(max-width: 600px) 100vw, 600px\" \/><\/a><p id=\"caption-attachment-10262\" class=\"wp-caption-text\">En rojo o azul, otras de las propuestas de Inditex<\/p><\/div>\n<p>Las medias de colores amenazan con volver. El todopoderoso &#8216;street style&#8217; de Nueva York ha hablado y en la \u00faltima semana de la moda de la Gran manzana han coloreado algunos de los estilismos m\u00e1s aplaudidos entre las &#8216;it girls&#8217; . As\u00ed que \u00a1ojo! Huele a &#8216;dej\u00e0 vu&#8217;. <em>Kendall Jenner<\/em> ya se ha atrevido con ellas. Hay quien dice que fue Balenciaga quien las resucit\u00f3, otros opinan que Versace pero si hay una firma dispuesta a rescatarlas para siempre del olvido esa es Zara. <strong>El buque insignia de Inditex las convierte en protagonistas en los estilismos de su nueva colecci\u00f3n de primavera<\/strong>, apostando por colores vibrantes y combinaciones estramb\u00f3ticas y atrevidas.<\/p>\n<p>Amarillas, azules, rosa, rojas, verdes&#8230; Y acompa\u00f1adas de sandalias joya. Esta es la propuesta de Zara, solo aptas para las menos discretas. Pasarelas y editoriales de moda ya han entonado el &#8216;s\u00ed quiero&#8217; a esta tendencia, que triunf\u00f3 en los 70 con la llegada de la minifalda y con el auge del color block de manos de algunas de las chicas m\u00e1s modernas de la \u00e9poca: Twiggy, Mary Quant, Jean Shrimpton\u2026 Todas ellas aunando rebeld\u00eda y diversi\u00f3n. Y t\u00fa, \u00bfte atreves?<\/p>\n<p><strong>2. La pesadilla de muchas: los pantalones pirata piden pista<\/strong><\/p>\n<div id=\"attachment_10247\" style=\"width: 610px\" class=\"wp-caption aligncenter\"><a href=\"https:\/\/static-blogs.diariosur.es\/wp-content\/uploads\/sites\/49\/2018\/02\/blog-fotos-2.jpg\"><img aria-describedby=\"caption-attachment-10247\" loading=\"lazy\" class=\"wp-image-10247 size-full\" src=\"https:\/\/static-blogs.diariosur.es\/wp-content\/uploads\/sites\/49\/2018\/02\/blog-fotos-2.jpg\" alt=\"blog-fotos-2\" width=\"600\" height=\"839\" srcset=\"https:\/\/static-blogs.diariosur.es\/wp-content\/uploads\/sites\/49\/2018\/02\/blog-fotos-2.jpg 600w, https:\/\/static-blogs.diariosur.es\/wp-content\/uploads\/sites\/49\/2018\/02\/blog-fotos-2-215x300.jpg 215w\" sizes=\"(max-width: 600px) 100vw, 600px\" \/><\/a><p id=\"caption-attachment-10247\" class=\"wp-caption-text\">Con los bajos en ondas, de Mango<\/p><\/div>\n<div id=\"attachment_10249\" style=\"width: 610px\" class=\"wp-caption aligncenter\"><a href=\"https:\/\/static-blogs.diariosur.es\/wp-content\/uploads\/sites\/49\/2018\/02\/blog-fotos-4.jpg\"><img aria-describedby=\"caption-attachment-10249\" loading=\"lazy\" class=\"wp-image-10249 size-full\" src=\"https:\/\/static-blogs.diariosur.es\/wp-content\/uploads\/sites\/49\/2018\/02\/blog-fotos-4.jpg\" alt=\"blog-fotos-4\" width=\"600\" height=\"839\" srcset=\"https:\/\/static-blogs.diariosur.es\/wp-content\/uploads\/sites\/49\/2018\/02\/blog-fotos-4.jpg 600w, https:\/\/static-blogs.diariosur.es\/wp-content\/uploads\/sites\/49\/2018\/02\/blog-fotos-4-215x300.jpg 215w\" sizes=\"(max-width: 600px) 100vw, 600px\" \/><\/a><p id=\"caption-attachment-10249\" class=\"wp-caption-text\">Pantalones pirata rojos de Mango<\/p><\/div>\n<div id=\"attachment_10261\" style=\"width: 610px\" class=\"wp-caption aligncenter\"><a href=\"https:\/\/static-blogs.diariosur.es\/wp-content\/uploads\/sites\/49\/2018\/02\/blog-fotos-16.jpg\"><img aria-describedby=\"caption-attachment-10261\" loading=\"lazy\" class=\"wp-image-10261 size-full\" src=\"https:\/\/static-blogs.diariosur.es\/wp-content\/uploads\/sites\/49\/2018\/02\/blog-fotos-16.jpg\" alt=\"blog-fotos-16\" width=\"600\" height=\"839\" srcset=\"https:\/\/static-blogs.diariosur.es\/wp-content\/uploads\/sites\/49\/2018\/02\/blog-fotos-16.jpg 600w, https:\/\/static-blogs.diariosur.es\/wp-content\/uploads\/sites\/49\/2018\/02\/blog-fotos-16-215x300.jpg 215w\" sizes=\"(max-width: 600px) 100vw, 600px\" \/><\/a><p id=\"caption-attachment-10261\" class=\"wp-caption-text\">Otra de las propuestas de la nueva colecci\u00f3n de Mango<\/p><\/div>\n<div id=\"attachment_10259\" style=\"width: 610px\" class=\"wp-caption aligncenter\"><a href=\"https:\/\/static-blogs.diariosur.es\/wp-content\/uploads\/sites\/49\/2018\/02\/blog-fotos-14.jpg\"><img aria-describedby=\"caption-attachment-10259\" loading=\"lazy\" class=\"wp-image-10259 size-full\" src=\"https:\/\/static-blogs.diariosur.es\/wp-content\/uploads\/sites\/49\/2018\/02\/blog-fotos-14.jpg\" alt=\"blog-fotos-14\" width=\"600\" height=\"455\" srcset=\"https:\/\/static-blogs.diariosur.es\/wp-content\/uploads\/sites\/49\/2018\/02\/blog-fotos-14.jpg 600w, https:\/\/static-blogs.diariosur.es\/wp-content\/uploads\/sites\/49\/2018\/02\/blog-fotos-14-300x228.jpg 300w\" sizes=\"(max-width: 600px) 100vw, 600px\" \/><\/a><p id=\"caption-attachment-10259\" class=\"wp-caption-text\">Las influencer ya apuestan por ellos<\/p><\/div>\n<div id=\"attachment_10258\" style=\"width: 610px\" class=\"wp-caption aligncenter\"><a href=\"https:\/\/static-blogs.diariosur.es\/wp-content\/uploads\/sites\/49\/2018\/02\/blog-fotos-13.jpg\"><img aria-describedby=\"caption-attachment-10258\" loading=\"lazy\" class=\"wp-image-10258 size-full\" src=\"https:\/\/static-blogs.diariosur.es\/wp-content\/uploads\/sites\/49\/2018\/02\/blog-fotos-13.jpg\" alt=\"blog-fotos-13\" width=\"600\" height=\"839\" srcset=\"https:\/\/static-blogs.diariosur.es\/wp-content\/uploads\/sites\/49\/2018\/02\/blog-fotos-13.jpg 600w, https:\/\/static-blogs.diariosur.es\/wp-content\/uploads\/sites\/49\/2018\/02\/blog-fotos-13-215x300.jpg 215w\" sizes=\"(max-width: 600px) 100vw, 600px\" \/><\/a><p id=\"caption-attachment-10258\" class=\"wp-caption-text\">En azules, tambi\u00e9n de Mango<\/p><\/div>\n<p>Una de las prendas m\u00e1s cuestionada y criticada en el mundo de la moda tambi\u00e9n coge impulso para regresar a la carga esta pr\u00f3xima primavera\/verano. Hablamos de los pantalones cortos entubados por debajo de la rodilla, popularmente conocidos como \u2018piratas\u2019. <strong>Sus or\u00edgenes se remontan a la d\u00e9cada de los 50 y los 60. Y desde entonces ha tenido varias idas y venidas.<\/strong> En los \u00faltimos a\u00f1os los &#8216;culotte&#8217; -por encima del tobillo, m\u00e1s largos- le hab\u00edan logrado ganar la batalla en los armarios. Pero su ciclo tambi\u00e9n podr\u00eda haberse agotado. \u00bfToca pues acortar los bajos de los pantalones? En pasarela firmas como Chlo\u00e9, Dolce&amp;Gabbana o Nina Ricci ya han sucumbido a ellos. \u00bfConquistar\u00e1n la calle? De momento marcas &#8216;low cost&#8217; como Mango ya le han hecho un hueco en sus nuevas colecciones.<\/p>\n<p><strong>3. \u00a1N0! Ri\u00f1oneras (\u00a1S\u00ed! las vas a ver hasta en la sopa)<\/strong><\/p>\n<div id=\"attachment_10263\" style=\"width: 610px\" class=\"wp-caption aligncenter\"><a href=\"https:\/\/static-blogs.diariosur.es\/wp-content\/uploads\/sites\/49\/2018\/02\/blog-fotos-18.jpg\"><img aria-describedby=\"caption-attachment-10263\" loading=\"lazy\" class=\"wp-image-10263 size-full\" src=\"https:\/\/static-blogs.diariosur.es\/wp-content\/uploads\/sites\/49\/2018\/02\/blog-fotos-18.jpg\" alt=\"blog-fotos-18\" width=\"600\" height=\"743\" srcset=\"https:\/\/static-blogs.diariosur.es\/wp-content\/uploads\/sites\/49\/2018\/02\/blog-fotos-18.jpg 600w, https:\/\/static-blogs.diariosur.es\/wp-content\/uploads\/sites\/49\/2018\/02\/blog-fotos-18-242x300.jpg 242w\" sizes=\"(max-width: 600px) 100vw, 600px\" \/><\/a><p id=\"caption-attachment-10263\" class=\"wp-caption-text\">En mostaza, de Zara<\/p><\/div>\n<div id=\"attachment_10254\" style=\"width: 610px\" class=\"wp-caption aligncenter\"><a href=\"https:\/\/static-blogs.diariosur.es\/wp-content\/uploads\/sites\/49\/2018\/02\/blog-fotos-9.jpg\"><img aria-describedby=\"caption-attachment-10254\" loading=\"lazy\" class=\"wp-image-10254 size-full\" src=\"https:\/\/static-blogs.diariosur.es\/wp-content\/uploads\/sites\/49\/2018\/02\/blog-fotos-9.jpg\" alt=\"blog-fotos-9\" width=\"600\" height=\"839\" srcset=\"https:\/\/static-blogs.diariosur.es\/wp-content\/uploads\/sites\/49\/2018\/02\/blog-fotos-9.jpg 600w, https:\/\/static-blogs.diariosur.es\/wp-content\/uploads\/sites\/49\/2018\/02\/blog-fotos-9-215x300.jpg 215w\" sizes=\"(max-width: 600px) 100vw, 600px\" \/><\/a><p id=\"caption-attachment-10254\" class=\"wp-caption-text\">Este modelo de Mango es un clon de Gucci<\/p><\/div>\n<div id=\"attachment_10268\" style=\"width: 610px\" class=\"wp-caption aligncenter\"><a href=\"https:\/\/static-blogs.diariosur.es\/wp-content\/uploads\/sites\/49\/2018\/02\/masmoda-1.jpg\"><img aria-describedby=\"caption-attachment-10268\" loading=\"lazy\" class=\"wp-image-10268 size-full\" src=\"https:\/\/static-blogs.diariosur.es\/wp-content\/uploads\/sites\/49\/2018\/02\/masmoda-1.jpg\" alt=\"masmoda-1\" width=\"600\" height=\"769\" srcset=\"https:\/\/static-blogs.diariosur.es\/wp-content\/uploads\/sites\/49\/2018\/02\/masmoda-1.jpg 600w, https:\/\/static-blogs.diariosur.es\/wp-content\/uploads\/sites\/49\/2018\/02\/masmoda-1-234x300.jpg 234w\" sizes=\"(max-width: 600px) 100vw, 600px\" \/><\/a><p id=\"caption-attachment-10268\" class=\"wp-caption-text\">De est\u00e9tica deportiva, de Bershka<\/p><\/div>\n<div id=\"attachment_10269\" style=\"width: 610px\" class=\"wp-caption aligncenter\"><a href=\"https:\/\/static-blogs.diariosur.es\/wp-content\/uploads\/sites\/49\/2018\/02\/masmoda-2.jpg\"><img aria-describedby=\"caption-attachment-10269\" loading=\"lazy\" class=\"wp-image-10269 size-full\" src=\"https:\/\/static-blogs.diariosur.es\/wp-content\/uploads\/sites\/49\/2018\/02\/masmoda-2.jpg\" alt=\"masmoda-2\" width=\"600\" height=\"769\" srcset=\"https:\/\/static-blogs.diariosur.es\/wp-content\/uploads\/sites\/49\/2018\/02\/masmoda-2.jpg 600w, https:\/\/static-blogs.diariosur.es\/wp-content\/uploads\/sites\/49\/2018\/02\/masmoda-2-234x300.jpg 234w\" sizes=\"(max-width: 600px) 100vw, 600px\" \/><\/a><p id=\"caption-attachment-10269\" class=\"wp-caption-text\">Bershka es la firma que m\u00e1s apuesta por las ri\u00f1oneras integr\u00e1ndolas hasta en sus looks m\u00e1s formales<\/p><\/div>\n<div id=\"attachment_10271\" style=\"width: 610px\" class=\"wp-caption aligncenter\"><a href=\"https:\/\/static-blogs.diariosur.es\/wp-content\/uploads\/sites\/49\/2018\/02\/masmoda-4.jpg\"><img aria-describedby=\"caption-attachment-10271\" loading=\"lazy\" class=\"wp-image-10271 size-full\" src=\"https:\/\/static-blogs.diariosur.es\/wp-content\/uploads\/sites\/49\/2018\/02\/masmoda-4.jpg\" alt=\"masmoda-4\" width=\"600\" height=\"769\" srcset=\"https:\/\/static-blogs.diariosur.es\/wp-content\/uploads\/sites\/49\/2018\/02\/masmoda-4.jpg 600w, https:\/\/static-blogs.diariosur.es\/wp-content\/uploads\/sites\/49\/2018\/02\/masmoda-4-234x300.jpg 234w\" sizes=\"(max-width: 600px) 100vw, 600px\" \/><\/a><p id=\"caption-attachment-10271\" class=\"wp-caption-text\">Transparente, de Bershka<\/p><\/div>\n<div id=\"attachment_10276\" style=\"width: 610px\" class=\"wp-caption aligncenter\"><a href=\"https:\/\/static-blogs.diariosur.es\/wp-content\/uploads\/sites\/49\/2018\/02\/pullbear.jpg\"><img aria-describedby=\"caption-attachment-10276\" loading=\"lazy\" class=\"wp-image-10276 size-full\" src=\"https:\/\/static-blogs.diariosur.es\/wp-content\/uploads\/sites\/49\/2018\/02\/pullbear.jpg\" alt=\"pullbear\" width=\"600\" height=\"767\" srcset=\"https:\/\/static-blogs.diariosur.es\/wp-content\/uploads\/sites\/49\/2018\/02\/pullbear.jpg 600w, https:\/\/static-blogs.diariosur.es\/wp-content\/uploads\/sites\/49\/2018\/02\/pullbear-235x300.jpg 235w\" sizes=\"(max-width: 600px) 100vw, 600px\" \/><\/a><p id=\"caption-attachment-10276\" class=\"wp-caption-text\">Negra, de Pull&amp;Bear<\/p><\/div>\n<p>La ri\u00f1onera, uno de los complementos m\u00e1s populares de los 90 \u00a1est\u00e1 m\u00e1s de moda que nunca! Y <strong>todo indica que esta vez ha llegado para quedarse (\u00a1s\u00ed! muy a tu pesar).<\/strong> Hace meses comenz\u00f3 a colarse t\u00edmidamente en las principales tiendas &#8216;low cost&#8217; pero esta temporada ya es una aut\u00e9ntica plaga (en webs como la de Bershka acompa\u00f1an a la mayor\u00eda de los looks). Eso s\u00ed, olv\u00eddate de combinarla con el ch\u00e1ndal para no pecar de hortera. Para todo lo dem\u00e1s no hay reglas y los &#8216;lookbook&#8217; la maridan con casi todo: trajes de chaqueta, jerseys &#8216;oversize&#8217;, sudaderas, faldas plisadas y hasta vestidos rom\u00e1nticos\u2026 Se llevan cruzadas y tipo cintur\u00f3n (esta \u00faltima opci\u00f3n aporta un toque m\u00e1s estiloso).<\/p>\n<p><strong>4.<\/strong> <strong>Desempolva el bolsos red de tu abuela<\/strong><\/p>\n<div id=\"attachment_10257\" style=\"width: 610px\" class=\"wp-caption aligncenter\"><a href=\"https:\/\/static-blogs.diariosur.es\/wp-content\/uploads\/sites\/49\/2018\/02\/blog-fotos-12.jpg\"><img aria-describedby=\"caption-attachment-10257\" loading=\"lazy\" class=\"wp-image-10257 size-full\" src=\"https:\/\/static-blogs.diariosur.es\/wp-content\/uploads\/sites\/49\/2018\/02\/blog-fotos-12.jpg\" alt=\"blog-fotos-12\" width=\"600\" height=\"839\" srcset=\"https:\/\/static-blogs.diariosur.es\/wp-content\/uploads\/sites\/49\/2018\/02\/blog-fotos-12.jpg 600w, https:\/\/static-blogs.diariosur.es\/wp-content\/uploads\/sites\/49\/2018\/02\/blog-fotos-12-215x300.jpg 215w\" sizes=\"(max-width: 600px) 100vw, 600px\" \/><\/a><p id=\"caption-attachment-10257\" class=\"wp-caption-text\">Dise\u00f1o de Mango<\/p><\/div>\n<div id=\"attachment_10260\" style=\"width: 610px\" class=\"wp-caption aligncenter\"><a href=\"https:\/\/static-blogs.diariosur.es\/wp-content\/uploads\/sites\/49\/2018\/02\/blog-fotos-15.jpg\"><img aria-describedby=\"caption-attachment-10260\" loading=\"lazy\" class=\"wp-image-10260 size-full\" src=\"https:\/\/static-blogs.diariosur.es\/wp-content\/uploads\/sites\/49\/2018\/02\/blog-fotos-15.jpg\" alt=\"blog-fotos-15\" width=\"600\" height=\"839\" srcset=\"https:\/\/static-blogs.diariosur.es\/wp-content\/uploads\/sites\/49\/2018\/02\/blog-fotos-15.jpg 600w, https:\/\/static-blogs.diariosur.es\/wp-content\/uploads\/sites\/49\/2018\/02\/blog-fotos-15-215x300.jpg 215w\" sizes=\"(max-width: 600px) 100vw, 600px\" \/><\/a><p id=\"caption-attachment-10260\" class=\"wp-caption-text\">Otra de las alternativas de la nueva colecci\u00f3n de Mango<\/p><\/div>\n<div id=\"attachment_10252\" style=\"width: 610px\" class=\"wp-caption aligncenter\"><a href=\"https:\/\/static-blogs.diariosur.es\/wp-content\/uploads\/sites\/49\/2018\/02\/blog-fotos-7.jpg\"><img aria-describedby=\"caption-attachment-10252\" loading=\"lazy\" class=\"wp-image-10252 size-full\" src=\"https:\/\/static-blogs.diariosur.es\/wp-content\/uploads\/sites\/49\/2018\/02\/blog-fotos-7.jpg\" alt=\"blog-fotos-7\" width=\"600\" height=\"743\" srcset=\"https:\/\/static-blogs.diariosur.es\/wp-content\/uploads\/sites\/49\/2018\/02\/blog-fotos-7.jpg 600w, https:\/\/static-blogs.diariosur.es\/wp-content\/uploads\/sites\/49\/2018\/02\/blog-fotos-7-242x300.jpg 242w\" sizes=\"(max-width: 600px) 100vw, 600px\" \/><\/a><p id=\"caption-attachment-10252\" class=\"wp-caption-text\">En negro, de Zara<\/p><\/div>\n<p><a href=\"https:\/\/static-blogs.diariosur.es\/wp-content\/uploads\/sites\/49\/2018\/02\/masmoda-3.jpg\"><img loading=\"lazy\" class=\"aligncenter size-full wp-image-10270\" src=\"https:\/\/static-blogs.diariosur.es\/wp-content\/uploads\/sites\/49\/2018\/02\/masmoda-3.jpg\" alt=\"masmoda-3\" width=\"600\" height=\"769\" srcset=\"https:\/\/static-blogs.diariosur.es\/wp-content\/uploads\/sites\/49\/2018\/02\/masmoda-3.jpg 600w, https:\/\/static-blogs.diariosur.es\/wp-content\/uploads\/sites\/49\/2018\/02\/masmoda-3-234x300.jpg 234w\" sizes=\"(max-width: 600px) 100vw, 600px\" \/><\/a><\/p>\n<p>Los <strong>bolsos que las abuelas usaban para ir a la compra<\/strong> son el nuevo furor de Instagram. \u00a1S\u00ed, como oyes! Si tienes uno en casa rebusca en el altillo y, sino, no te preocupes porque est\u00e1n cual plaga en las propuestas de nueva temporada de todas las franquicias de bajo coste. No hay colecci\u00f3n donde no sean protagonistas. La moda vuelve a mirar al pasado con nostalgia y ha hecho del bolso t\u00edpico para ir al mercado el &#8216;it bag&#8217; que todas desean tener cara al pr\u00f3ximo verano. \u00bfEl truco para que tu barra de labios no acabe por los suelos? Elegir un neceser vistoso y llevarla dentro.\u00a0 La clave para llevarlo con \u00e9xito fuera del supermercado es combinarlo con looks muy refinados donde generen contraste. El origen de estas bolsas se remonta a los pescadores franceses, aunque los mercados parisinos no tardaron en hacer de ellas las aliadas perfectas para comprar fruta y verduras.<\/p>\n<p><strong>5. Gafas estilo Matrix de silueta fina<\/strong><\/p>\n<div id=\"attachment_10251\" style=\"width: 610px\" class=\"wp-caption aligncenter\"><a href=\"https:\/\/static-blogs.diariosur.es\/wp-content\/uploads\/sites\/49\/2018\/02\/blog-fotos-6.jpg\"><img aria-describedby=\"caption-attachment-10251\" loading=\"lazy\" class=\"wp-image-10251 size-full\" src=\"https:\/\/static-blogs.diariosur.es\/wp-content\/uploads\/sites\/49\/2018\/02\/blog-fotos-6.jpg\" alt=\"blog-fotos-6\" width=\"600\" height=\"839\" srcset=\"https:\/\/static-blogs.diariosur.es\/wp-content\/uploads\/sites\/49\/2018\/02\/blog-fotos-6.jpg 600w, https:\/\/static-blogs.diariosur.es\/wp-content\/uploads\/sites\/49\/2018\/02\/blog-fotos-6-215x300.jpg 215w\" sizes=\"(max-width: 600px) 100vw, 600px\" \/><\/a><p id=\"caption-attachment-10251\" class=\"wp-caption-text\">Gafas de Mango<\/p><\/div>\n<div id=\"attachment_10248\" style=\"width: 610px\" class=\"wp-caption aligncenter\"><a href=\"https:\/\/static-blogs.diariosur.es\/wp-content\/uploads\/sites\/49\/2018\/02\/blog-fotos-3.jpg\"><img aria-describedby=\"caption-attachment-10248\" loading=\"lazy\" class=\"wp-image-10248 size-full\" src=\"https:\/\/static-blogs.diariosur.es\/wp-content\/uploads\/sites\/49\/2018\/02\/blog-fotos-3.jpg\" alt=\"blog-fotos-3\" width=\"600\" height=\"839\" srcset=\"https:\/\/static-blogs.diariosur.es\/wp-content\/uploads\/sites\/49\/2018\/02\/blog-fotos-3.jpg 600w, https:\/\/static-blogs.diariosur.es\/wp-content\/uploads\/sites\/49\/2018\/02\/blog-fotos-3-215x300.jpg 215w\" sizes=\"(max-width: 600px) 100vw, 600px\" \/><\/a><p id=\"caption-attachment-10248\" class=\"wp-caption-text\">Otro modelo de Mango<\/p><\/div>\n<div id=\"attachment_10293\" style=\"width: 610px\" class=\"wp-caption aligncenter\"><a href=\"https:\/\/static-blogs.diariosur.es\/wp-content\/uploads\/sites\/49\/2018\/02\/zarados.jpg\"><img aria-describedby=\"caption-attachment-10293\" loading=\"lazy\" class=\"wp-image-10293 size-full\" src=\"https:\/\/static-blogs.diariosur.es\/wp-content\/uploads\/sites\/49\/2018\/02\/zarados.jpg\" alt=\"zarados\" width=\"600\" height=\"743\" srcset=\"https:\/\/static-blogs.diariosur.es\/wp-content\/uploads\/sites\/49\/2018\/02\/zarados.jpg 600w, https:\/\/static-blogs.diariosur.es\/wp-content\/uploads\/sites\/49\/2018\/02\/zarados-242x300.jpg 242w\" sizes=\"(max-width: 600px) 100vw, 600px\" \/><\/a><p id=\"caption-attachment-10293\" class=\"wp-caption-text\">Modelo de Zara<\/p><\/div>\n<div id=\"attachment_10294\" style=\"width: 610px\" class=\"wp-caption aligncenter\"><a href=\"https:\/\/static-blogs.diariosur.es\/wp-content\/uploads\/sites\/49\/2018\/02\/zara.jpg\"><img aria-describedby=\"caption-attachment-10294\" loading=\"lazy\" class=\"wp-image-10294 size-full\" src=\"https:\/\/static-blogs.diariosur.es\/wp-content\/uploads\/sites\/49\/2018\/02\/zara.jpg\" alt=\"zara\" width=\"600\" height=\"744\" srcset=\"https:\/\/static-blogs.diariosur.es\/wp-content\/uploads\/sites\/49\/2018\/02\/zara.jpg 600w, https:\/\/static-blogs.diariosur.es\/wp-content\/uploads\/sites\/49\/2018\/02\/zara-242x300.jpg 242w\" sizes=\"(max-width: 600px) 100vw, 600px\" \/><\/a><p id=\"caption-attachment-10294\" class=\"wp-caption-text\">Otro modelo de Zara<\/p><\/div>\n<div id=\"attachment_10295\" style=\"width: 610px\" class=\"wp-caption aligncenter\"><a href=\"https:\/\/static-blogs.diariosur.es\/wp-content\/uploads\/sites\/49\/2018\/02\/bershka.jpg\"><img aria-describedby=\"caption-attachment-10295\" loading=\"lazy\" class=\"wp-image-10295 size-full\" src=\"https:\/\/static-blogs.diariosur.es\/wp-content\/uploads\/sites\/49\/2018\/02\/bershka.jpg\" alt=\"bershka\" width=\"600\" height=\"769\" srcset=\"https:\/\/static-blogs.diariosur.es\/wp-content\/uploads\/sites\/49\/2018\/02\/bershka.jpg 600w, https:\/\/static-blogs.diariosur.es\/wp-content\/uploads\/sites\/49\/2018\/02\/bershka-234x300.jpg 234w\" sizes=\"(max-width: 600px) 100vw, 600px\" \/><\/a><p id=\"caption-attachment-10295\" class=\"wp-caption-text\">Gafas de Bershka<\/p><\/div>\n<p>Estrechas y un poco extravagantes. As\u00ed son las gafas que han conquistado ya a las &#8216;it girls&#8217; m\u00e1s reputadas y que arrasan en el &#8216;street style&#8217; de las semanas de la moda. &#8216;Marca tendencias&#8217; por excelencia de la talla de Gigi y Bella Hadid, Hailey Baldwin o Kim Kardashian ya han ca\u00eddo en sus redes. <strong>Se trata de un modelo de silueta &#8216;cat eye&#8217; pero al m\u00e1s puro estilo a\u00f1os cincuenta.<\/strong> Las &#8216;influencers&#8217; miran al pasado para recuperar su versi\u00f3n m\u00e1s exagerada: ahora se llevan acabadas en punta (punt\u00edsima) y muy finas -como salidas de la pel\u00edcula de Matrix&#8230; Otra cosa es que favorezcan.<\/p>\n","protected":false},"excerpt":{"rendered":"<p>La industria fashionista es un carrusel que gira y gira y siempre vuelve.\u00a0 Aquello de que la moda es c\u00edclica es, de hecho, una de las grandes verdades del universo &#8216;trendy&#8217;.\u00a0 Las tendencias no entienden de rencores y, pese a ser denostadas o miradas de reojo, acaban regresando por el mismo camino por el que [&hellip;]<\/p>\n","protected":false},"author":54,"featured_media":0,"comment_status":"open","ping_status":"open","sticky":false,"template":"","format":"standard","meta":[],"categories":[1],"tags":[],"_links":{"self":[{"href":"https:\/\/blogs.diariosur.es\/pasarelaurbana\/wp-json\/wp\/v2\/posts\/10240"}],"collection":[{"href":"https:\/\/blogs.diariosur.es\/pasarelaurbana\/wp-json\/wp\/v2\/posts"}],"about":[{"href":"https:\/\/blogs.diariosur.es\/pasarelaurbana\/wp-json\/wp\/v2\/types\/post"}],"author":[{"embeddable":true,"href":"https:\/\/blogs.diariosur.es\/pasarelaurbana\/wp-json\/wp\/v2\/users\/54"}],"replies":[{"embeddable":true,"href":"https:\/\/blogs.diariosur.es\/pasarelaurbana\/wp-json\/wp\/v2\/comments?post=10240"}],"version-history":[{"count":29,"href":"https:\/\/blogs.diariosur.es\/pasarelaurbana\/wp-json\/wp\/v2\/posts\/10240\/revisions"}],"predecessor-version":[{"id":10296,"href":"https:\/\/blogs.diariosur.es\/pasarelaurbana\/wp-json\/wp\/v2\/posts\/10240\/revisions\/10296"}],"wp:attachment":[{"href":"https:\/\/blogs.diariosur.es\/pasarelaurbana\/wp-json\/wp\/v2\/media?parent=10240"}],"wp:term":[{"taxonomy":"category","embeddable":true,"href":"https:\/\/blogs.diariosur.es\/pasarelaurbana\/wp-json\/wp\/v2\/categories?post=10240"},{"taxonomy":"post_tag","embeddable":true,"href":"https:\/\/blogs.diariosur.es\/pasarelaurbana\/wp-json\/wp\/v2\/tags?post=10240"}],"curies":[{"name":"wp","href":"https:\/\/api.w.org\/{rel}","templated":true}]}}