{"id":10298,"date":"2018-03-21T15:01:45","date_gmt":"2018-03-21T14:01:45","guid":{"rendered":"http:\/\/blogs.diariosur.es\/pasarelaurbana\/?p=10298"},"modified":"2018-03-21T15:01:45","modified_gmt":"2018-03-21T14:01:45","slug":"asi-seras-la-invitada-perfecta","status":"publish","type":"post","link":"https:\/\/blogs.diariosur.es\/pasarelaurbana\/2018\/03\/21\/asi-seras-la-invitada-perfecta\/","title":{"rendered":"As\u00ed ser\u00e1s la invitada perfecta"},"content":{"rendered":"<p><a href=\"https:\/\/static-blogs.diariosur.es\/wp-content\/uploads\/sites\/49\/2018\/03\/eventomarbella-9.jpg\"><img loading=\"lazy\" class=\"aligncenter size-full wp-image-10307\" src=\"https:\/\/static-blogs.diariosur.es\/wp-content\/uploads\/sites\/49\/2018\/03\/eventomarbella-9.jpg\" alt=\"eventomarbella-9\" width=\"600\" height=\"800\" srcset=\"https:\/\/static-blogs.diariosur.es\/wp-content\/uploads\/sites\/49\/2018\/03\/eventomarbella-9.jpg 600w, https:\/\/static-blogs.diariosur.es\/wp-content\/uploads\/sites\/49\/2018\/03\/eventomarbella-9-225x300.jpg 225w\" sizes=\"(max-width: 600px) 100vw, 600px\" \/><\/a><\/p>\n<p>Ya es primavera. El calendario ya ha dado por inaugurada la estaci\u00f3n por excelencia de BBC -bodas, bautizos y comuniones- y , aunque el tiempo de momento no invite a ello, toca pensar en los looks con los que brillar en los eventos de la temporada. <strong>\u00bfC\u00f3mo ser la invitada perfecta? La respuesta es compleja y cada cual tiene su estilo y su propia f\u00f3rmula<\/strong>, si bien hay reglas que siempre funcionan como apostar por vestidos sencillos con un corte favorecedor y reservar el protagonismo a los complementos. En caso de duda, menos siempre es m\u00e1s.<\/p>\n<p>Para aquellas que busquen inspiraci\u00f3n,<strong> Marbella acoge este fin de semana un evento dirigido precisamente a aquellas que necesitan ideas para futuras bodas, bautizos, comuniones<\/strong> o cualquier otro acto destacado que se tercie y que obligue a salir a la caza de un &#8216;outfit&#8217; especial con el que deslumbrar. &#8216;Invitada perfecta&#8217; -como se denomina dicho encuentro- congregar\u00e1 este s\u00e1bado a firmas de referencia y expertos en moda en un evento pionero en la provincia. La jornada, organizada por CasaClub Marbella, pretende acercar al p\u00fablico las \u00faltimas tendencias en dise\u00f1o para eventos con el reto de constituirse como cita de referencia anual para dise\u00f1adores y marcas.<\/p>\n<p>La cita es, pues, este\u00a0 s\u00e1bado 24 de marzo. A lo largo de la jornada, <strong>entre las 11.00 y las 20.00 horas, presentar\u00e1n colecci\u00f3n una veintena de ense\u00f1as nacionales,<\/strong> entre las que destacan Vanderwilde, Panambi, Bruna, Etxar &amp;Panno, By Handel, Thirty30, Trepill\u00e9, Nat&amp;Bell, Logana, Masario y Pilar Ruiz, entre otras.<br \/>\nIgualmente, dise\u00f1adores como <strong>Montesco Alta Costura, Javier Alc\u00e1ntara, Jote Mart\u00ednez y Carla Ruiz<\/strong> mostrar\u00e1n sus \u00faltimas creaciones en un peque\u00f1o desfile conjunto que tendr\u00e1 lugar en las instalaciones de CasaClub a las 18.00 horas.<!--more--><\/p>\n<p>Fomentar el encuentro entre los diferentes actores del sector de la moda y generar sinergias entre ellos es otro de los objetivos de este evento social abierto al p\u00fablico, que <strong>para su acto central contar\u00e1 con la ponencia del dise\u00f1ador Rafa Garc\u00eda Forcada<\/strong>, quien compartir\u00e1 las vicisitudes de su trayectoria con expertos en imagen y blogueros, durante un brunch;. En la <strong>mesa de debate, conducida por la periodista Celia Bermejo<\/strong>, estar\u00e1n presentes referentes en asesor\u00eda de imagen como Gloria Arjona, de The Identity Image Club, wedding bloggers como Margarita, de Invitada Ideal, y la responsable del programa de apoyo al sector textil y del &#8216;<strong>M\u00e1laga de Moda<\/strong>&#8216; -de la Diputaci\u00f3n Provincial de M\u00e1laga- Inmaculada Arag\u00f3n, entre otras personalidades.<\/p>\n<p>&#8220;Contaremos con ense\u00f1as con una trayectoria impecable y para esta primera edici\u00f3n tenemos variedad de perfiles y tambi\u00e9n de \u00e1mbitos, desde complementos hasta vestidos de noche pasando por los cl\u00e1sicos trajes sastre o lo \u00faltimo en modelos para los eventos de d\u00eda\u201d, ha detallado la responsable de eventos de CasaClub Marbella, Elisa Alameda<\/p>\n<p>Adem\u00e1s, los asistentes al evento no s\u00f3lo podr\u00e1n conocer de primera mano las \u00faltimas colecciones de estas firmas y conjugar los dise\u00f1os con accesorios de tendencia, sino que<strong> tendr\u00e1n la oportunidad de ser asesorados por expertos en imagen<\/strong> de DNI School y The Identity Image Club, cuyos profesionales los aconsejar\u00e1n sobre el maquillaje y peinados m\u00e1s adecuados para crear un estilismo diez.<\/p>\n<p>La cita cuenta con la colaboraci\u00f3n y el apoyo del programa &#8216;M\u00e1laga de Moda&#8217;; de la Diputaci\u00f3n Provincial de M\u00e1laga, cuyas l\u00edneas generales son el apoyo e impulso a la industria de la moda y sus protagonistas en M\u00e1laga.<\/p>\n<p>Entre las firmas que presentar\u00e1n sus colecciones en la zona de pop up del evento se encuentran algunas de las m\u00e1s destacadas del panorama nacional, cuyas<strong> propuestas recogen las tendencias imprescindibles de la temporada.<\/strong> Por ejemplo, los tonos pasteles (que est\u00e1n presentes en las apuestas de Thirty30, Pilar Ruiz o Carla Ruiz) o el bautizado como &#8216;off shoulders&#8217; -escote con los hombros al aire-, muy protagonista en algunos dise\u00f1os de Panambi, Mioh o Vanderwilde. El cap\u00edtulo de complementos est\u00e1 representado por firmas con un estilo actual y fresco, como Trepill\u00e9 y sus joyas perfectas para eventos o Nat&amp;Belle, una alternativa joven y con personalidad. Logana pondr\u00e1 el punto de joyer\u00eda artesanal a los tocados para invitadas.<\/p>\n<p>Por su parte, Rafa Garc\u00eda Forcada presentar\u00e1 en &#8216;Invitada perfecta&#8217; su \u00faltima colecci\u00f3n, que sorprender\u00e1 a los asistentes por un cambio de registro sustancial con respecto a sus \u00faltimas creaciones. Ser\u00e1 uno de los nombres propios destacados de la ponencia-brunch que compartir\u00e1n dise\u00f1adores, bloggers y expertos en imagen.<\/p>\n<p>Y tu, \u00bfte lo vas a perder? \u00a1Suena a planazo! Y para muestra, una selecci\u00f3n de algunos de los looks de las firmas participantes:<\/p>\n<div id=\"attachment_10313\" style=\"width: 610px\" class=\"wp-caption aligncenter\"><a href=\"https:\/\/static-blogs.diariosur.es\/wp-content\/uploads\/sites\/49\/2018\/03\/eventomarbella-15.jpg\"><img aria-describedby=\"caption-attachment-10313\" loading=\"lazy\" class=\"wp-image-10313 size-full\" src=\"https:\/\/static-blogs.diariosur.es\/wp-content\/uploads\/sites\/49\/2018\/03\/eventomarbella-15.jpg\" alt=\"Dise\u00f1o de By Handel para Thirty 30\" width=\"600\" height=\"837\" srcset=\"https:\/\/static-blogs.diariosur.es\/wp-content\/uploads\/sites\/49\/2018\/03\/eventomarbella-15.jpg 600w, https:\/\/static-blogs.diariosur.es\/wp-content\/uploads\/sites\/49\/2018\/03\/eventomarbella-15-215x300.jpg 215w\" sizes=\"(max-width: 600px) 100vw, 600px\" \/><\/a><p id=\"caption-attachment-10313\" class=\"wp-caption-text\">Dise\u00f1o de By Handel para Thirty 30<\/p><\/div>\n<div id=\"attachment_10307\" style=\"width: 610px\" class=\"wp-caption aligncenter\"><a href=\"https:\/\/static-blogs.diariosur.es\/wp-content\/uploads\/sites\/49\/2018\/03\/eventomarbella-9.jpg\"><img aria-describedby=\"caption-attachment-10307\" loading=\"lazy\" class=\"wp-image-10307 size-full\" src=\"https:\/\/static-blogs.diariosur.es\/wp-content\/uploads\/sites\/49\/2018\/03\/eventomarbella-9.jpg\" alt=\"Dise\u00f1o de Mioh para Thirty 30\" width=\"600\" height=\"800\" srcset=\"https:\/\/static-blogs.diariosur.es\/wp-content\/uploads\/sites\/49\/2018\/03\/eventomarbella-9.jpg 600w, https:\/\/static-blogs.diariosur.es\/wp-content\/uploads\/sites\/49\/2018\/03\/eventomarbella-9-225x300.jpg 225w\" sizes=\"(max-width: 600px) 100vw, 600px\" \/><\/a><p id=\"caption-attachment-10307\" class=\"wp-caption-text\">Dise\u00f1o de Mioh para Thirty 30<\/p><\/div>\n<div id=\"attachment_10305\" style=\"width: 610px\" class=\"wp-caption aligncenter\"><a href=\"https:\/\/static-blogs.diariosur.es\/wp-content\/uploads\/sites\/49\/2018\/03\/eventomarbella-7.jpg\"><img aria-describedby=\"caption-attachment-10305\" loading=\"lazy\" class=\"wp-image-10305 size-full\" src=\"https:\/\/static-blogs.diariosur.es\/wp-content\/uploads\/sites\/49\/2018\/03\/eventomarbella-7.jpg\" alt=\"Vestido de lunares de By Handel de Thirty 30\" width=\"600\" height=\"601\" srcset=\"https:\/\/static-blogs.diariosur.es\/wp-content\/uploads\/sites\/49\/2018\/03\/eventomarbella-7.jpg 600w, https:\/\/static-blogs.diariosur.es\/wp-content\/uploads\/sites\/49\/2018\/03\/eventomarbella-7-150x150.jpg 150w, https:\/\/static-blogs.diariosur.es\/wp-content\/uploads\/sites\/49\/2018\/03\/eventomarbella-7-300x300.jpg 300w\" sizes=\"(max-width: 600px) 100vw, 600px\" \/><\/a><p id=\"caption-attachment-10305\" class=\"wp-caption-text\">Vestido de lunares de By Handel de Thirty 30<\/p><\/div>\n<div id=\"attachment_10310\" style=\"width: 610px\" class=\"wp-caption aligncenter\"><a href=\"https:\/\/static-blogs.diariosur.es\/wp-content\/uploads\/sites\/49\/2018\/03\/eventomarbella-12.jpg\"><img aria-describedby=\"caption-attachment-10310\" loading=\"lazy\" class=\"wp-image-10310 size-full\" src=\"https:\/\/static-blogs.diariosur.es\/wp-content\/uploads\/sites\/49\/2018\/03\/eventomarbella-12.jpg\" alt=\"Propuestas rom\u00e1nticas en salm\u00f3n de Pilar Ruiz\" width=\"600\" height=\"809\" srcset=\"https:\/\/static-blogs.diariosur.es\/wp-content\/uploads\/sites\/49\/2018\/03\/eventomarbella-12.jpg 600w, https:\/\/static-blogs.diariosur.es\/wp-content\/uploads\/sites\/49\/2018\/03\/eventomarbella-12-222x300.jpg 222w\" sizes=\"(max-width: 600px) 100vw, 600px\" \/><\/a><p id=\"caption-attachment-10310\" class=\"wp-caption-text\">Propuestas rom\u00e1nticas en salm\u00f3n de Pilar Ruiz<\/p><\/div>\n<div id=\"attachment_10306\" style=\"width: 610px\" class=\"wp-caption aligncenter\"><a href=\"https:\/\/static-blogs.diariosur.es\/wp-content\/uploads\/sites\/49\/2018\/03\/eventomarbella-8.jpg\"><img aria-describedby=\"caption-attachment-10306\" loading=\"lazy\" class=\"wp-image-10306 size-full\" src=\"https:\/\/static-blogs.diariosur.es\/wp-content\/uploads\/sites\/49\/2018\/03\/eventomarbella-8.jpg\" alt=\"Espectacular dise\u00f1o de Vanderwilde\" width=\"600\" height=\"848\" srcset=\"https:\/\/static-blogs.diariosur.es\/wp-content\/uploads\/sites\/49\/2018\/03\/eventomarbella-8.jpg 600w, https:\/\/static-blogs.diariosur.es\/wp-content\/uploads\/sites\/49\/2018\/03\/eventomarbella-8-212x300.jpg 212w\" sizes=\"(max-width: 600px) 100vw, 600px\" \/><\/a><p id=\"caption-attachment-10306\" class=\"wp-caption-text\">Espectacular dise\u00f1o de Vanderwilde<\/p><\/div>\n<div id=\"attachment_10302\" style=\"width: 610px\" class=\"wp-caption aligncenter\"><a href=\"https:\/\/static-blogs.diariosur.es\/wp-content\/uploads\/sites\/49\/2018\/03\/eventomarbella-4.jpg\"><img aria-describedby=\"caption-attachment-10302\" loading=\"lazy\" class=\"wp-image-10302 size-full\" src=\"https:\/\/static-blogs.diariosur.es\/wp-content\/uploads\/sites\/49\/2018\/03\/eventomarbella-4.jpg\" alt=\"Original propuesta de Nat&amp;Belle\" width=\"600\" height=\"728\" srcset=\"https:\/\/static-blogs.diariosur.es\/wp-content\/uploads\/sites\/49\/2018\/03\/eventomarbella-4.jpg 600w, https:\/\/static-blogs.diariosur.es\/wp-content\/uploads\/sites\/49\/2018\/03\/eventomarbella-4-247x300.jpg 247w\" sizes=\"(max-width: 600px) 100vw, 600px\" \/><\/a><p id=\"caption-attachment-10302\" class=\"wp-caption-text\">Original propuesta de Nat&amp;Belle<\/p><\/div>\n<div id=\"attachment_10300\" style=\"width: 610px\" class=\"wp-caption aligncenter\"><a href=\"https:\/\/static-blogs.diariosur.es\/wp-content\/uploads\/sites\/49\/2018\/03\/eventomarbella-2.jpg\"><img aria-describedby=\"caption-attachment-10300\" loading=\"lazy\" class=\"wp-image-10300 size-full\" src=\"https:\/\/static-blogs.diariosur.es\/wp-content\/uploads\/sites\/49\/2018\/03\/eventomarbella-2.jpg\" alt=\"Vestido agua marina con aplicaci\u00f3n floral de la malague\u00f1a Carla Ruiz\" width=\"600\" height=\"833\" srcset=\"https:\/\/static-blogs.diariosur.es\/wp-content\/uploads\/sites\/49\/2018\/03\/eventomarbella-2.jpg 600w, https:\/\/static-blogs.diariosur.es\/wp-content\/uploads\/sites\/49\/2018\/03\/eventomarbella-2-216x300.jpg 216w\" sizes=\"(max-width: 600px) 100vw, 600px\" \/><\/a><p id=\"caption-attachment-10300\" class=\"wp-caption-text\">Vestido agua marina con aplicaci\u00f3n floral de la malague\u00f1a Carla Ruiz<\/p><\/div>\n<div id=\"attachment_10301\" style=\"width: 610px\" class=\"wp-caption aligncenter\"><a href=\"https:\/\/static-blogs.diariosur.es\/wp-content\/uploads\/sites\/49\/2018\/03\/eventomarbella-3.jpg\"><img aria-describedby=\"caption-attachment-10301\" loading=\"lazy\" class=\"wp-image-10301 size-full\" src=\"https:\/\/static-blogs.diariosur.es\/wp-content\/uploads\/sites\/49\/2018\/03\/eventomarbella-3.jpg\" alt=\"Look favorecedor a m\u00e1s no poder de Panambi\" width=\"600\" height=\"347\" srcset=\"https:\/\/static-blogs.diariosur.es\/wp-content\/uploads\/sites\/49\/2018\/03\/eventomarbella-3.jpg 600w, https:\/\/static-blogs.diariosur.es\/wp-content\/uploads\/sites\/49\/2018\/03\/eventomarbella-3-300x174.jpg 300w\" sizes=\"(max-width: 600px) 100vw, 600px\" \/><\/a><p id=\"caption-attachment-10301\" class=\"wp-caption-text\">Look favorecedor a m\u00e1s no poder de Panambi<\/p><\/div>\n<div id=\"attachment_10308\" style=\"width: 610px\" class=\"wp-caption aligncenter\"><a href=\"https:\/\/static-blogs.diariosur.es\/wp-content\/uploads\/sites\/49\/2018\/03\/eventomarbella-10.jpg\"><img aria-describedby=\"caption-attachment-10308\" loading=\"lazy\" class=\"wp-image-10308 size-full\" src=\"https:\/\/static-blogs.diariosur.es\/wp-content\/uploads\/sites\/49\/2018\/03\/eventomarbella-10.jpg\" alt=\"Dise\u00f1o de Rafael Garc\u00eda Forcada\" width=\"600\" height=\"599\" srcset=\"https:\/\/static-blogs.diariosur.es\/wp-content\/uploads\/sites\/49\/2018\/03\/eventomarbella-10.jpg 600w, https:\/\/static-blogs.diariosur.es\/wp-content\/uploads\/sites\/49\/2018\/03\/eventomarbella-10-150x150.jpg 150w, https:\/\/static-blogs.diariosur.es\/wp-content\/uploads\/sites\/49\/2018\/03\/eventomarbella-10-300x300.jpg 300w\" sizes=\"(max-width: 600px) 100vw, 600px\" \/><\/a><p id=\"caption-attachment-10308\" class=\"wp-caption-text\">Dise\u00f1o de Rafael Garc\u00eda Forcada<\/p><\/div>\n<div id=\"attachment_10309\" style=\"width: 610px\" class=\"wp-caption aligncenter\"><a href=\"https:\/\/static-blogs.diariosur.es\/wp-content\/uploads\/sites\/49\/2018\/03\/eventomarbella-11.jpg\"><img aria-describedby=\"caption-attachment-10309\" loading=\"lazy\" class=\"wp-image-10309 size-full\" src=\"https:\/\/static-blogs.diariosur.es\/wp-content\/uploads\/sites\/49\/2018\/03\/eventomarbella-11.jpg\" alt=\"Otra de las propuestas para eventos de Rafa Garc\u00eda Forcada\" width=\"600\" height=\"400\" srcset=\"https:\/\/static-blogs.diariosur.es\/wp-content\/uploads\/sites\/49\/2018\/03\/eventomarbella-11.jpg 600w, https:\/\/static-blogs.diariosur.es\/wp-content\/uploads\/sites\/49\/2018\/03\/eventomarbella-11-300x200.jpg 300w\" sizes=\"(max-width: 600px) 100vw, 600px\" \/><\/a><p id=\"caption-attachment-10309\" class=\"wp-caption-text\">Otra de las propuestas de Rafa Garc\u00eda Forcada<\/p><\/div>\n<div id=\"attachment_10312\" style=\"width: 610px\" class=\"wp-caption aligncenter\"><a href=\"https:\/\/static-blogs.diariosur.es\/wp-content\/uploads\/sites\/49\/2018\/03\/eventomarbella-14.jpg\"><img aria-describedby=\"caption-attachment-10312\" loading=\"lazy\" class=\"wp-image-10312 size-full\" src=\"https:\/\/static-blogs.diariosur.es\/wp-content\/uploads\/sites\/49\/2018\/03\/eventomarbella-14.jpg\" alt=\"eventomarbella-14\" width=\"600\" height=\"950\" srcset=\"https:\/\/static-blogs.diariosur.es\/wp-content\/uploads\/sites\/49\/2018\/03\/eventomarbella-14.jpg 600w, https:\/\/static-blogs.diariosur.es\/wp-content\/uploads\/sites\/49\/2018\/03\/eventomarbella-14-189x300.jpg 189w\" sizes=\"(max-width: 600px) 100vw, 600px\" \/><\/a><p id=\"caption-attachment-10312\" class=\"wp-caption-text\">Modelo metalizado de la nueva colecci\u00f3n de Rafa Garc\u00eda Forcada<\/p><\/div>\n<div id=\"attachment_10315\" style=\"width: 610px\" class=\"wp-caption aligncenter\"><a href=\"https:\/\/static-blogs.diariosur.es\/wp-content\/uploads\/sites\/49\/2018\/03\/eventomarbella-17.jpg\"><img aria-describedby=\"caption-attachment-10315\" loading=\"lazy\" class=\"wp-image-10315 size-full\" src=\"https:\/\/static-blogs.diariosur.es\/wp-content\/uploads\/sites\/49\/2018\/03\/eventomarbella-17.jpg\" alt=\"eventomarbella-17\" width=\"600\" height=\"800\" srcset=\"https:\/\/static-blogs.diariosur.es\/wp-content\/uploads\/sites\/49\/2018\/03\/eventomarbella-17.jpg 600w, https:\/\/static-blogs.diariosur.es\/wp-content\/uploads\/sites\/49\/2018\/03\/eventomarbella-17-225x300.jpg 225w\" sizes=\"(max-width: 600px) 100vw, 600px\" \/><\/a><p id=\"caption-attachment-10315\" class=\"wp-caption-text\">Maquillaje de The Identity Image Club<\/p><\/div>\n<div id=\"attachment_10304\" style=\"width: 610px\" class=\"wp-caption aligncenter\"><a href=\"https:\/\/static-blogs.diariosur.es\/wp-content\/uploads\/sites\/49\/2018\/03\/eventomarbella-6.jpg\"><img aria-describedby=\"caption-attachment-10304\" loading=\"lazy\" class=\"wp-image-10304 size-full\" src=\"https:\/\/static-blogs.diariosur.es\/wp-content\/uploads\/sites\/49\/2018\/03\/eventomarbella-6.jpg\" alt=\"eventomarbella-6\" width=\"600\" height=\"940\" srcset=\"https:\/\/static-blogs.diariosur.es\/wp-content\/uploads\/sites\/49\/2018\/03\/eventomarbella-6.jpg 600w, https:\/\/static-blogs.diariosur.es\/wp-content\/uploads\/sites\/49\/2018\/03\/eventomarbella-6-191x300.jpg 191w\" sizes=\"(max-width: 600px) 100vw, 600px\" \/><\/a><p id=\"caption-attachment-10304\" class=\"wp-caption-text\">Dise\u00f1os de Trepill\u00e9 Complementos<\/p><\/div>\n<div id=\"attachment_10299\" style=\"width: 610px\" class=\"wp-caption aligncenter\"><a href=\"https:\/\/static-blogs.diariosur.es\/wp-content\/uploads\/sites\/49\/2018\/03\/eventomarbella-1.jpg\"><img aria-describedby=\"caption-attachment-10299\" loading=\"lazy\" class=\"wp-image-10299 size-full\" src=\"https:\/\/static-blogs.diariosur.es\/wp-content\/uploads\/sites\/49\/2018\/03\/eventomarbella-1.jpg\" alt=\"eventomarbella-1\" width=\"600\" height=\"901\" srcset=\"https:\/\/static-blogs.diariosur.es\/wp-content\/uploads\/sites\/49\/2018\/03\/eventomarbella-1.jpg 600w, https:\/\/static-blogs.diariosur.es\/wp-content\/uploads\/sites\/49\/2018\/03\/eventomarbella-1-200x300.jpg 200w\" sizes=\"(max-width: 600px) 100vw, 600px\" \/><\/a><p id=\"caption-attachment-10299\" class=\"wp-caption-text\">Propuesta de Logana<\/p><\/div>\n<div id=\"attachment_10311\" style=\"width: 610px\" class=\"wp-caption aligncenter\"><a href=\"https:\/\/static-blogs.diariosur.es\/wp-content\/uploads\/sites\/49\/2018\/03\/eventomarbella-13.jpg\"><img aria-describedby=\"caption-attachment-10311\" loading=\"lazy\" class=\"wp-image-10311 size-full\" src=\"https:\/\/static-blogs.diariosur.es\/wp-content\/uploads\/sites\/49\/2018\/03\/eventomarbella-13.jpg\" alt=\"eventomarbella-13\" width=\"600\" height=\"400\" srcset=\"https:\/\/static-blogs.diariosur.es\/wp-content\/uploads\/sites\/49\/2018\/03\/eventomarbella-13.jpg 600w, https:\/\/static-blogs.diariosur.es\/wp-content\/uploads\/sites\/49\/2018\/03\/eventomarbella-13-300x200.jpg 300w\" sizes=\"(max-width: 600px) 100vw, 600px\" \/><\/a><p id=\"caption-attachment-10311\" class=\"wp-caption-text\">Otra de las creaciones de Panambi<\/p><\/div>\n","protected":false},"excerpt":{"rendered":"<p>Ya es primavera. El calendario ya ha dado por inaugurada la estaci\u00f3n por excelencia de BBC -bodas, bautizos y comuniones- y , aunque el tiempo de momento no invite a ello, toca pensar en los looks con los que brillar en los eventos de la temporada. \u00bfC\u00f3mo ser la invitada perfecta? La respuesta es compleja [&hellip;]<\/p>\n","protected":false},"author":54,"featured_media":0,"comment_status":"open","ping_status":"open","sticky":false,"template":"","format":"standard","meta":[],"categories":[1],"tags":[],"_links":{"self":[{"href":"https:\/\/blogs.diariosur.es\/pasarelaurbana\/wp-json\/wp\/v2\/posts\/10298"}],"collection":[{"href":"https:\/\/blogs.diariosur.es\/pasarelaurbana\/wp-json\/wp\/v2\/posts"}],"about":[{"href":"https:\/\/blogs.diariosur.es\/pasarelaurbana\/wp-json\/wp\/v2\/types\/post"}],"author":[{"embeddable":true,"href":"https:\/\/blogs.diariosur.es\/pasarelaurbana\/wp-json\/wp\/v2\/users\/54"}],"replies":[{"embeddable":true,"href":"https:\/\/blogs.diariosur.es\/pasarelaurbana\/wp-json\/wp\/v2\/comments?post=10298"}],"version-history":[{"count":15,"href":"https:\/\/blogs.diariosur.es\/pasarelaurbana\/wp-json\/wp\/v2\/posts\/10298\/revisions"}],"predecessor-version":[{"id":10330,"href":"https:\/\/blogs.diariosur.es\/pasarelaurbana\/wp-json\/wp\/v2\/posts\/10298\/revisions\/10330"}],"wp:attachment":[{"href":"https:\/\/blogs.diariosur.es\/pasarelaurbana\/wp-json\/wp\/v2\/media?parent=10298"}],"wp:term":[{"taxonomy":"category","embeddable":true,"href":"https:\/\/blogs.diariosur.es\/pasarelaurbana\/wp-json\/wp\/v2\/categories?post=10298"},{"taxonomy":"post_tag","embeddable":true,"href":"https:\/\/blogs.diariosur.es\/pasarelaurbana\/wp-json\/wp\/v2\/tags?post=10298"}],"curies":[{"name":"wp","href":"https:\/\/api.w.org\/{rel}","templated":true}]}}