{"id":10332,"date":"2018-04-18T15:20:36","date_gmt":"2018-04-18T13:20:36","guid":{"rendered":"http:\/\/blogs.diariosur.es\/pasarelaurbana\/?p=10332"},"modified":"2018-04-18T15:23:28","modified_gmt":"2018-04-18T13:23:28","slug":"la-termica-celebra-una-fiesta-de-intercambio-de-ropa","status":"publish","type":"post","link":"https:\/\/blogs.diariosur.es\/pasarelaurbana\/2018\/04\/18\/la-termica-celebra-una-fiesta-de-intercambio-de-ropa\/","title":{"rendered":"La T\u00e9rmica celebra una fiesta de intercambio de ropa"},"content":{"rendered":"<p><a href=\"https:\/\/static-blogs.diariosur.es\/wp-content\/uploads\/sites\/49\/2018\/04\/ropa.jpg\"><img loading=\"lazy\" class=\"aligncenter size-full wp-image-10333\" src=\"https:\/\/static-blogs.diariosur.es\/wp-content\/uploads\/sites\/49\/2018\/04\/ropa.jpg\" alt=\"ropa\" width=\"600\" height=\"337\" srcset=\"https:\/\/static-blogs.diariosur.es\/wp-content\/uploads\/sites\/49\/2018\/04\/ropa.jpg 600w, https:\/\/static-blogs.diariosur.es\/wp-content\/uploads\/sites\/49\/2018\/04\/ropa-300x169.jpg 300w\" sizes=\"(max-width: 600px) 100vw, 600px\" \/><\/a><\/p>\n<p>Que levante la mano quien no tenga en su armario una monta\u00f1a de ropa que nunca use -pese al esfuerzo continuo de hacernos creer a nosotras mismas que s\u00ed, que nos ha acabaremos poniendo un d\u00eda de estos. Pues bien, ahora podremos intercambiarla y, de paso, ayudar al medio ambiente. Con esta filosof\u00eda nace<a href=\"http:\/\/www.latermicamalaga.com\/actividades\/fashion-revolution-swap-party-fiesta-de-intercambio-de-ropa-con-marina-lopez-dominguez\/\" rel=\"external nofollow\"> la &#8216;Swap Party&#8217;, una iniciativa impulsada por La T\u00e9rmica<\/a> como alternativa al consumo desmesurado de moda. La cita, que se celebra en la l\u00ednea de la campa\u00f1a Fashion Revolution que trabaja para mejorar las condiciones de trabajo y de producci\u00f3n en el sector textil, tendr\u00e1 lugar el pr\u00f3ximo 25 de abril de 13 a 20.00 horas.<\/p>\n<p>De esta forma, los asistentes podr\u00e1n entregar hasta siete prendas (de ropa o complementos) y a cambio recibir\u00e1n puntos que podr\u00e1n canjear por ropa de otros participantes. La entrada es libre hasta completar aforo y contar\u00e1 con un &#8216;photocall&#8217; para que quienes vayan posen con sus adquisiciones.<\/p>\n<p>Eso s\u00ed,\u00a0 la ropa debe de estar en buen estado y limpia. &#8216;No lleves algo que no te gustar\u00eda llevarte&#8217; es el lema de esta Swap Party, para todas las edades y sexos, seg\u00fan han informado desde la Diputaci\u00f3n en un comunicado. Detr\u00e1s de esta &#8216;fiesta&#8217; se encuentra Marina L\u00f3pez Dom\u00ednguez, dise\u00f1adora de moda sostenible de la marca &#8216;Mi Ropa Vintage&#8217; y presidenta de la Asociaci\u00f3n de Moda Sostenible de Espa\u00f1a. Tambi\u00e9n es delegada de la campa\u00f1a Fashion Revolution en Andaluc\u00eda.<\/p>\n<p>La campa\u00f1a Fashion Revolution surge tras el derrumbamiento del edificio Rana Plaza en Dhacca, Bangladesh, donde murieron 1.133 personas. Desde su fundaci\u00f3n en 2013 por Carry Somers y Orsola de Castro, son cientos las iniciativas y los voluntarios que trabajan en Espa\u00f1a para mejorar las condiciones de trabajo y de producci\u00f3n del sector de la moda en todo el mundo.<\/p>\n","protected":false},"excerpt":{"rendered":"<p>Que levante la mano quien no tenga en su armario una monta\u00f1a de ropa que nunca use -pese al esfuerzo continuo de hacernos creer a nosotras mismas que s\u00ed, que nos ha acabaremos poniendo un d\u00eda de estos. Pues bien, ahora podremos intercambiarla y, de paso, ayudar al medio ambiente. Con esta filosof\u00eda nace la [&hellip;]<\/p>\n","protected":false},"author":54,"featured_media":0,"comment_status":"open","ping_status":"open","sticky":false,"template":"","format":"standard","meta":[],"categories":[1],"tags":[],"_links":{"self":[{"href":"https:\/\/blogs.diariosur.es\/pasarelaurbana\/wp-json\/wp\/v2\/posts\/10332"}],"collection":[{"href":"https:\/\/blogs.diariosur.es\/pasarelaurbana\/wp-json\/wp\/v2\/posts"}],"about":[{"href":"https:\/\/blogs.diariosur.es\/pasarelaurbana\/wp-json\/wp\/v2\/types\/post"}],"author":[{"embeddable":true,"href":"https:\/\/blogs.diariosur.es\/pasarelaurbana\/wp-json\/wp\/v2\/users\/54"}],"replies":[{"embeddable":true,"href":"https:\/\/blogs.diariosur.es\/pasarelaurbana\/wp-json\/wp\/v2\/comments?post=10332"}],"version-history":[{"count":3,"href":"https:\/\/blogs.diariosur.es\/pasarelaurbana\/wp-json\/wp\/v2\/posts\/10332\/revisions"}],"predecessor-version":[{"id":10336,"href":"https:\/\/blogs.diariosur.es\/pasarelaurbana\/wp-json\/wp\/v2\/posts\/10332\/revisions\/10336"}],"wp:attachment":[{"href":"https:\/\/blogs.diariosur.es\/pasarelaurbana\/wp-json\/wp\/v2\/media?parent=10332"}],"wp:term":[{"taxonomy":"category","embeddable":true,"href":"https:\/\/blogs.diariosur.es\/pasarelaurbana\/wp-json\/wp\/v2\/categories?post=10332"},{"taxonomy":"post_tag","embeddable":true,"href":"https:\/\/blogs.diariosur.es\/pasarelaurbana\/wp-json\/wp\/v2\/tags?post=10332"}],"curies":[{"name":"wp","href":"https:\/\/api.w.org\/{rel}","templated":true}]}}