{"id":1091,"date":"2012-07-17T14:08:54","date_gmt":"2012-07-17T14:08:54","guid":{"rendered":"http:\/\/blogs.diariosur.es\/pasarelaurbana\/?p=1091"},"modified":"2012-07-17T14:08:54","modified_gmt":"2012-07-17T14:08:54","slug":"el-azul-klein-arrasa","status":"publish","type":"post","link":"https:\/\/blogs.diariosur.es\/pasarelaurbana\/2012\/07\/17\/el-azul-klein-arrasa\/","title":{"rendered":"El azul klein arrasa"},"content":{"rendered":"<p>A estas alturas del verano sobra deciros a los que segu\u00eds este blog que <strong>el azul klein es uno de los reyes de la paleta crom\u00e1tica de esta temporada<\/strong>. El color arrasa en las calles de M\u00e1laga, de ah\u00ed que haya protagonizado un buen n\u00famero de nuestras sesiones de street style.<\/p>\n<p>Como os coment\u00e9 en anteriores entradas, este tono tan favorecedor<strong> lo patent\u00f3 all\u00e1 por la d\u00e9cada de los 50 Yves Klein, un artista franc\u00e9s destacado dentro del movimiento neo-dada\u00edsm<\/strong>o. Famoso por su \u2018Antropometr\u00eda\u2019, Klein cubr\u00eda con pintura azul a sus modelos femeninas y las estampaba contra el lienzo en un verdadero espect\u00e1culo que acompa\u00f1aba\u00a0 de m\u00fasica y de p\u00fablico en lo que ser\u00eda el comienzo de las <em>performances<\/em>. Curioso, \u00bfno?<\/p>\n<p><strong>Hoy volvemos a pintar de esta tonalidad nuestro blog de manos de Tiscar Pe\u00f1a<\/strong>, que nos trae un total look azul klein. Esta estudiante de Contabilidad y Finanzas ti\u00f1e de este color su mono en versi\u00f3n short (otro must de estos d\u00edas), su reloj, sus gafas&#8230; \u00a1y hasta sus u\u00f1as! Una propuesta monocrom\u00e1tica divertida, casual y sobre todo muy veraniega. Os dejo con ella!<\/p>\n<p>&nbsp;<\/p>\n<p><a href=\"\/pasarelaurbana\/wp-content\/uploads\/sites\/49\/2012\/07\/115.jpg\"><img loading=\"lazy\" class=\"aligncenter size-full wp-image-1093\" title=\"1\" src=\"\/pasarelaurbana\/wp-content\/uploads\/sites\/49\/2012\/07\/115.jpg\" alt=\"\" width=\"600\" height=\"803\" srcset=\"https:\/\/static-blogs.diariosur.es\/wp-content\/uploads\/sites\/49\/2012\/07\/115.jpg 600w, https:\/\/static-blogs.diariosur.es\/wp-content\/uploads\/sites\/49\/2012\/07\/115-224x300.jpg 224w\" sizes=\"(max-width: 600px) 100vw, 600px\" \/><\/a><\/p>\n<p><!--more--><\/p>\n<p><a href=\"\/pasarelaurbana\/wp-content\/uploads\/sites\/49\/2012\/07\/29.jpg\"><img loading=\"lazy\" class=\"aligncenter size-full wp-image-1095\" title=\"2\" src=\"\/pasarelaurbana\/wp-content\/uploads\/sites\/49\/2012\/07\/29.jpg\" alt=\"\" width=\"600\" height=\"803\" srcset=\"https:\/\/static-blogs.diariosur.es\/wp-content\/uploads\/sites\/49\/2012\/07\/29.jpg 600w, https:\/\/static-blogs.diariosur.es\/wp-content\/uploads\/sites\/49\/2012\/07\/29-224x300.jpg 224w\" sizes=\"(max-width: 600px) 100vw, 600px\" \/><\/a><\/p>\n<p><a href=\"\/pasarelaurbana\/wp-content\/uploads\/sites\/49\/2012\/07\/35.jpg\"><img loading=\"lazy\" class=\"aligncenter size-full wp-image-1096\" title=\"3\" src=\"\/pasarelaurbana\/wp-content\/uploads\/sites\/49\/2012\/07\/35.jpg\" alt=\"\" width=\"600\" height=\"803\" srcset=\"https:\/\/static-blogs.diariosur.es\/wp-content\/uploads\/sites\/49\/2012\/07\/35.jpg 600w, https:\/\/static-blogs.diariosur.es\/wp-content\/uploads\/sites\/49\/2012\/07\/35-224x300.jpg 224w\" sizes=\"(max-width: 600px) 100vw, 600px\" \/><\/a><\/p>\n<p><a href=\"\/pasarelaurbana\/wp-content\/uploads\/sites\/49\/2012\/07\/42.jpg\"><img loading=\"lazy\" class=\"aligncenter size-full wp-image-1097\" title=\"4\" src=\"\/pasarelaurbana\/wp-content\/uploads\/sites\/49\/2012\/07\/42.jpg\" alt=\"\" width=\"600\" height=\"803\" srcset=\"https:\/\/static-blogs.diariosur.es\/wp-content\/uploads\/sites\/49\/2012\/07\/42.jpg 600w, https:\/\/static-blogs.diariosur.es\/wp-content\/uploads\/sites\/49\/2012\/07\/42-224x300.jpg 224w\" sizes=\"(max-width: 600px) 100vw, 600px\" \/><\/a><\/p>\n<p><a href=\"\/pasarelaurbana\/wp-content\/uploads\/sites\/49\/2012\/07\/511.jpg\"><img loading=\"lazy\" class=\"aligncenter size-full wp-image-1098\" title=\"5\" src=\"\/pasarelaurbana\/wp-content\/uploads\/sites\/49\/2012\/07\/511.jpg\" alt=\"\" width=\"600\" height=\"803\" srcset=\"https:\/\/static-blogs.diariosur.es\/wp-content\/uploads\/sites\/49\/2012\/07\/511.jpg 600w, https:\/\/static-blogs.diariosur.es\/wp-content\/uploads\/sites\/49\/2012\/07\/511-224x300.jpg 224w\" sizes=\"(max-width: 600px) 100vw, 600px\" \/><\/a><\/p>\n<p><a href=\"\/pasarelaurbana\/wp-content\/uploads\/sites\/49\/2012\/07\/610.jpg\"><img loading=\"lazy\" class=\"aligncenter size-full wp-image-1094\" title=\"6\" src=\"\/pasarelaurbana\/wp-content\/uploads\/sites\/49\/2012\/07\/610.jpg\" alt=\"\" width=\"600\" height=\"448\" srcset=\"https:\/\/static-blogs.diariosur.es\/wp-content\/uploads\/sites\/49\/2012\/07\/610.jpg 600w, https:\/\/static-blogs.diariosur.es\/wp-content\/uploads\/sites\/49\/2012\/07\/610-300x224.jpg 300w\" sizes=\"(max-width: 600px) 100vw, 600px\" \/><\/a><\/p>\n<p style=\"text-align: center;\"><strong>Tisca Pe\u00f1a Ruiz<\/strong>. Estudiante de Contabilidad y Finanzas. 21 a\u00f1os<\/p>\n<p style=\"text-align: center;\">Mono: Tienda de barrio (no recuerda el nombre)<\/p>\n<p style=\"text-align: center;\">Reloj: Caramelo<\/p>\n<p style=\"text-align: center;\">Chanclas: Primark<\/p>\n<p style=\"text-align: center;\">Bolso mochila: Primark<\/p>\n<p style=\"text-align: center;\">\n<p>&nbsp;<\/p>\n<p>&nbsp;<\/p>\n","protected":false},"excerpt":{"rendered":"<p>A estas alturas del verano sobra deciros a los que segu\u00eds este blog que el azul klein es uno de los reyes de la paleta crom\u00e1tica de esta temporada. El color arrasa en las calles de M\u00e1laga, de ah\u00ed que haya protagonizado un buen n\u00famero de nuestras sesiones de street style. Como os coment\u00e9 en [&hellip;]<\/p>\n","protected":false},"author":54,"featured_media":0,"comment_status":"open","ping_status":"closed","sticky":false,"template":"","format":"standard","meta":[],"categories":[2],"tags":[],"_links":{"self":[{"href":"https:\/\/blogs.diariosur.es\/pasarelaurbana\/wp-json\/wp\/v2\/posts\/1091"}],"collection":[{"href":"https:\/\/blogs.diariosur.es\/pasarelaurbana\/wp-json\/wp\/v2\/posts"}],"about":[{"href":"https:\/\/blogs.diariosur.es\/pasarelaurbana\/wp-json\/wp\/v2\/types\/post"}],"author":[{"embeddable":true,"href":"https:\/\/blogs.diariosur.es\/pasarelaurbana\/wp-json\/wp\/v2\/users\/54"}],"replies":[{"embeddable":true,"href":"https:\/\/blogs.diariosur.es\/pasarelaurbana\/wp-json\/wp\/v2\/comments?post=1091"}],"version-history":[{"count":0,"href":"https:\/\/blogs.diariosur.es\/pasarelaurbana\/wp-json\/wp\/v2\/posts\/1091\/revisions"}],"wp:attachment":[{"href":"https:\/\/blogs.diariosur.es\/pasarelaurbana\/wp-json\/wp\/v2\/media?parent=1091"}],"wp:term":[{"taxonomy":"category","embeddable":true,"href":"https:\/\/blogs.diariosur.es\/pasarelaurbana\/wp-json\/wp\/v2\/categories?post=1091"},{"taxonomy":"post_tag","embeddable":true,"href":"https:\/\/blogs.diariosur.es\/pasarelaurbana\/wp-json\/wp\/v2\/tags?post=1091"}],"curies":[{"name":"wp","href":"https:\/\/api.w.org\/{rel}","templated":true}]}}