{"id":1108,"date":"2012-07-19T15:35:39","date_gmt":"2012-07-19T15:35:39","guid":{"rendered":"http:\/\/blogs.diariosur.es\/pasarelaurbana\/?p=1108"},"modified":"2012-07-19T15:35:39","modified_gmt":"2012-07-19T15:35:39","slug":"pasarela-urbana-en-la-tele-de-mijas","status":"publish","type":"post","link":"https:\/\/blogs.diariosur.es\/pasarelaurbana\/2012\/07\/19\/pasarela-urbana-en-la-tele-de-mijas\/","title":{"rendered":"Pasarela urbana, en la tele de Mijas"},"content":{"rendered":"<p>Buenas! Encaramos la recta final de la semana. Y en mi caso con una buena noticia. El pasado lunes me realizaron una entrevista en la tele local del Mijas, la 3.40, para hablar de este blog, M\u00e1laga, pasarela urbana. \u00bfEl objetivo? Repasar qu\u00e9 se lleva en M\u00e1laga y conocer los estilismos con los que nos encontramos cada vez que hacemos nuestra sesi\u00f3n semanal de street style. La cita fue a las 20.00 horas y durante unos 20 minutos estuve en directo conversando con Nuria Luque, presentadora del magazine Bienvenidos. La charla fue bastante distendida y agradable (he de reconocer que me sent\u00ed muy c\u00f3moda). Mientras que transcurr\u00eda la conversaci\u00f3n iban pasando im\u00e1genes de archivo del blog con una selecci\u00f3n de los mejores outfit que han desfilado por este escaparate. As\u00ed que si hab\u00e9is salido por aqu\u00ed estad atentos porque puede que os ve\u00e1is en el montaje. Para la ocasi\u00f3n eleg\u00ed un look casual veraniego: camisa fl\u00faor rosa (pens\u00e9 que quedar\u00eda bien en c\u00e1mara y creo que fue un acierto), falda a la cintura de tejido denim satinado (ya os la he ense\u00f1ado en anteriores post, me encanta!), cu\u00f1as en ante y el llamativo collar de calaveras de colores de la firma malague\u00f1a No me llames mu\u00f1eca del que tambi\u00e9n os he hablado ya y que es una de las mejores adquisiciones que he hecho esta temporada en materia de complementos. Completo el look con una cartera tejida a mano con print floral que me compr\u00e9 en Tailandia y que es una de las joyas de mi armario.<\/p>\n<p><a href=\"http:\/\/www.mijascomunicacion.org\/index.php\/340tv\/bienvenidos\/item\/3063-bienvenidos-16-julio-2012\" rel=\"external nofollow\">Programa del 16 de julio<\/a><\/p>\n<p>&nbsp;<\/p>\n<p>&nbsp;<\/p>\n<p><a href=\"\/pasarelaurbana\/wp-content\/uploads\/sites\/49\/2012\/07\/p1.jpg.jpg\"><img loading=\"lazy\" class=\"aligncenter size-full wp-image-1110\" title=\"p1.jpg\" src=\"\/pasarelaurbana\/wp-content\/uploads\/sites\/49\/2012\/07\/p1.jpg.jpg\" alt=\"\" width=\"600\" height=\"462\" srcset=\"https:\/\/static-blogs.diariosur.es\/wp-content\/uploads\/sites\/49\/2012\/07\/p1.jpg.jpg 600w, https:\/\/static-blogs.diariosur.es\/wp-content\/uploads\/sites\/49\/2012\/07\/p1.jpg-300x231.jpg 300w\" sizes=\"(max-width: 600px) 100vw, 600px\" \/><\/a><!--more--><\/p>\n<p><a href=\"\/pasarelaurbana\/wp-content\/uploads\/sites\/49\/2012\/07\/p9.jpg\"><img loading=\"lazy\" class=\"aligncenter size-full wp-image-1116\" title=\"p9\" src=\"\/pasarelaurbana\/wp-content\/uploads\/sites\/49\/2012\/07\/p9.jpg\" alt=\"\" width=\"600\" height=\"457\" srcset=\"https:\/\/static-blogs.diariosur.es\/wp-content\/uploads\/sites\/49\/2012\/07\/p9.jpg 600w, https:\/\/static-blogs.diariosur.es\/wp-content\/uploads\/sites\/49\/2012\/07\/p9-300x229.jpg 300w\" sizes=\"(max-width: 600px) 100vw, 600px\" \/><\/a><\/p>\n<p><a href=\"\/pasarelaurbana\/wp-content\/uploads\/sites\/49\/2012\/07\/p2.jpg\"><img loading=\"lazy\" class=\"aligncenter size-full wp-image-1111\" title=\"p2\" src=\"\/pasarelaurbana\/wp-content\/uploads\/sites\/49\/2012\/07\/p2.jpg\" alt=\"\" width=\"600\" height=\"476\" srcset=\"https:\/\/static-blogs.diariosur.es\/wp-content\/uploads\/sites\/49\/2012\/07\/p2.jpg 600w, https:\/\/static-blogs.diariosur.es\/wp-content\/uploads\/sites\/49\/2012\/07\/p2-300x238.jpg 300w\" sizes=\"(max-width: 600px) 100vw, 600px\" \/><\/a><\/p>\n<p><a href=\"\/pasarelaurbana\/wp-content\/uploads\/sites\/49\/2012\/07\/p11.jpg\"><img loading=\"lazy\" class=\"aligncenter size-full wp-image-1114\" title=\"p11\" src=\"\/pasarelaurbana\/wp-content\/uploads\/sites\/49\/2012\/07\/p11.jpg\" alt=\"\" width=\"600\" height=\"462\" srcset=\"https:\/\/static-blogs.diariosur.es\/wp-content\/uploads\/sites\/49\/2012\/07\/p11.jpg 600w, https:\/\/static-blogs.diariosur.es\/wp-content\/uploads\/sites\/49\/2012\/07\/p11-300x231.jpg 300w\" sizes=\"(max-width: 600px) 100vw, 600px\" \/><\/a><\/p>\n<p><a href=\"\/pasarelaurbana\/wp-content\/uploads\/sites\/49\/2012\/07\/p6.jpg\"><img loading=\"lazy\" class=\"aligncenter size-full wp-image-1109\" title=\"p6\" src=\"\/pasarelaurbana\/wp-content\/uploads\/sites\/49\/2012\/07\/p6.jpg\" alt=\"\" width=\"600\" height=\"447\" srcset=\"https:\/\/static-blogs.diariosur.es\/wp-content\/uploads\/sites\/49\/2012\/07\/p6.jpg 600w, https:\/\/static-blogs.diariosur.es\/wp-content\/uploads\/sites\/49\/2012\/07\/p6-300x224.jpg 300w\" sizes=\"(max-width: 600px) 100vw, 600px\" \/><\/a><\/p>\n<p><a href=\"\/pasarelaurbana\/wp-content\/uploads\/sites\/49\/2012\/07\/p7.jpg\"><img loading=\"lazy\" class=\"aligncenter size-full wp-image-1115\" title=\"p7\" src=\"\/pasarelaurbana\/wp-content\/uploads\/sites\/49\/2012\/07\/p7.jpg\" alt=\"\" width=\"600\" height=\"465\" srcset=\"https:\/\/static-blogs.diariosur.es\/wp-content\/uploads\/sites\/49\/2012\/07\/p7.jpg 600w, https:\/\/static-blogs.diariosur.es\/wp-content\/uploads\/sites\/49\/2012\/07\/p7-300x233.jpg 300w\" sizes=\"(max-width: 600px) 100vw, 600px\" \/><\/a><\/p>\n<p><a href=\"\/pasarelaurbana\/wp-content\/uploads\/sites\/49\/2012\/07\/p4.jpg\"><img loading=\"lazy\" class=\"aligncenter size-full wp-image-1112\" title=\"p4\" src=\"\/pasarelaurbana\/wp-content\/uploads\/sites\/49\/2012\/07\/p4.jpg\" alt=\"\" width=\"600\" height=\"463\" srcset=\"https:\/\/static-blogs.diariosur.es\/wp-content\/uploads\/sites\/49\/2012\/07\/p4.jpg 600w, https:\/\/static-blogs.diariosur.es\/wp-content\/uploads\/sites\/49\/2012\/07\/p4-300x232.jpg 300w\" sizes=\"(max-width: 600px) 100vw, 600px\" \/><\/a><\/p>\n<p><a href=\"\/pasarelaurbana\/wp-content\/uploads\/sites\/49\/2012\/07\/p10.jpg\"><img loading=\"lazy\" class=\"aligncenter size-full wp-image-1117\" title=\"p10\" src=\"\/pasarelaurbana\/wp-content\/uploads\/sites\/49\/2012\/07\/p10.jpg\" alt=\"\" width=\"600\" height=\"464\" srcset=\"https:\/\/static-blogs.diariosur.es\/wp-content\/uploads\/sites\/49\/2012\/07\/p10.jpg 600w, https:\/\/static-blogs.diariosur.es\/wp-content\/uploads\/sites\/49\/2012\/07\/p10-300x232.jpg 300w\" sizes=\"(max-width: 600px) 100vw, 600px\" \/><\/a><\/p>\n","protected":false},"excerpt":{"rendered":"<p>Buenas! Encaramos la recta final de la semana. Y en mi caso con una buena noticia. El pasado lunes me realizaron una entrevista en la tele local del Mijas, la 3.40, para hablar de este blog, M\u00e1laga, pasarela urbana. \u00bfEl objetivo? Repasar qu\u00e9 se lleva en M\u00e1laga y conocer los estilismos con los que nos [&hellip;]<\/p>\n","protected":false},"author":54,"featured_media":0,"comment_status":"open","ping_status":"closed","sticky":false,"template":"","format":"standard","meta":[],"categories":[2],"tags":[],"_links":{"self":[{"href":"https:\/\/blogs.diariosur.es\/pasarelaurbana\/wp-json\/wp\/v2\/posts\/1108"}],"collection":[{"href":"https:\/\/blogs.diariosur.es\/pasarelaurbana\/wp-json\/wp\/v2\/posts"}],"about":[{"href":"https:\/\/blogs.diariosur.es\/pasarelaurbana\/wp-json\/wp\/v2\/types\/post"}],"author":[{"embeddable":true,"href":"https:\/\/blogs.diariosur.es\/pasarelaurbana\/wp-json\/wp\/v2\/users\/54"}],"replies":[{"embeddable":true,"href":"https:\/\/blogs.diariosur.es\/pasarelaurbana\/wp-json\/wp\/v2\/comments?post=1108"}],"version-history":[{"count":0,"href":"https:\/\/blogs.diariosur.es\/pasarelaurbana\/wp-json\/wp\/v2\/posts\/1108\/revisions"}],"wp:attachment":[{"href":"https:\/\/blogs.diariosur.es\/pasarelaurbana\/wp-json\/wp\/v2\/media?parent=1108"}],"wp:term":[{"taxonomy":"category","embeddable":true,"href":"https:\/\/blogs.diariosur.es\/pasarelaurbana\/wp-json\/wp\/v2\/categories?post=1108"},{"taxonomy":"post_tag","embeddable":true,"href":"https:\/\/blogs.diariosur.es\/pasarelaurbana\/wp-json\/wp\/v2\/tags?post=1108"}],"curies":[{"name":"wp","href":"https:\/\/api.w.org\/{rel}","templated":true}]}}