{"id":1457,"date":"2012-09-03T09:48:03","date_gmt":"2012-09-03T09:48:03","guid":{"rendered":"http:\/\/blogs.diariosur.es\/pasarelaurbana\/?p=1457"},"modified":"2012-09-03T09:48:03","modified_gmt":"2012-09-03T09:48:03","slug":"formas-vintage-y-tejidos-exclusivos-claves-de-la-nueva-coleccion-de-stella-rittwagen","status":"publish","type":"post","link":"https:\/\/blogs.diariosur.es\/pasarelaurbana\/2012\/09\/03\/formas-vintage-y-tejidos-exclusivos-claves-de-la-nueva-coleccion-de-stella-rittwagen\/","title":{"rendered":"Formas vintage y tejidos exclusivos, claves de la nueva coleccion de Stella Rittwagen"},"content":{"rendered":"<p><a href=\"\/pasarelaurbana\/wp-content\/uploads\/sites\/49\"><img loading=\"lazy\" class=\"aligncenter size-full wp-image-1476\" title=\"2\" src=\"\/pasarelaurbana\/wp-content\/uploads\/sites\/49\" alt=\"\" width=\"600\" height=\"400\" \/><\/a><\/p>\n<p>Se reconoce t\u00edmida y, de hecho, solo hay que bucear en los archivos para comprobar que<strong> Stella Rittwagen<\/strong> no es mujer de entrevistas. Discreta y reservada, esta empresaria malague\u00f1a de \u00e9xito prefiere mantenerse detr\u00e1s de las c\u00e1maras, trabajando como la que m\u00e1s y recogiendo los frutos que precisamente le ha dado su entrega, entusiasmo y dedicaci\u00f3n a <strong>una firma que en apenas dos a\u00f1os en el mercado ha alcanzado un \u00e9xito apabullante<\/strong> con el que ni la propia Stella contaba. &#8220;Ha sido demasiado. Confi\u00e1bamos en que ir\u00eda bien, \u00a1pero es que ha ido excesivamente bien!&#8221; confiesa sin ocultar su asombro.<\/p>\n<p>Y todo gracias a complementos de hilo y materiales naturales de aires hippy chic y al que ha sido la joya de su corona: el bolso Satchel inspirado en las carteras colegiales de los a\u00f1os 50 en tonos fl\u00faor que ha conquistado tanto a las principales bloggeras nacionales e internacionales como a las <em>it girls<\/em> del momento, entre las que se encuentra Paula Echevarria, fan incondicional de esta marca <em>made in M\u00e1laga<\/em>.<\/p>\n<p><!--more--><br \/>\nPues bien, <strong>el pasado mi\u00e9rcoles tuve la suerte de conocer a Stella, una mujer encantadora en las distancias cortas<\/strong>, simpatiqu\u00edsima y agradable cuya premisa es clara: seguir esforz\u00e1ndose d\u00eda a d\u00eda por mejorar sus productos, apostando por materia prima de primer\u00edsima calidad y todo ello sin perder de vista las tendencias del momento. Con estas premisas <strong>la dise\u00f1adora estuvo en SUR<\/strong> <strong>para presentarnos en exclusiva su nueva colecci\u00f3n de oto\u00f1o\/invierno<\/strong>. Ya nos avis\u00f3 de que nos iba a sorprender. Y no nos defraud\u00f3. Para empezar, ni rastro del Satchel. El que ha sido su bolso estrella de este verano seguir\u00e1 comercializ\u00e1ndose, pero deja paso a toda una nueva l\u00ednea de inspiraci\u00f3n vintage que gira en torno a form\u00e1s c\u00fabicas, de cofre, bandoleras y carteras con cadenas y tachuelas.<\/p>\n<p>El fl\u00faor tambi\u00e9n pasa a un segundo plano. Eso s\u00ed, no desaparece, simplemente queda relegado al bolsillo interior, donde luce en su versi\u00f3n lima en la mayor\u00eda de los modelos, &#8220;es nuestra insignia y como tal hemos querido mantenerla&#8221;, apunta Stella. En su nueva colecci\u00f3n destacan los tejidos (entre ellos la piel seda que la firma trabaja en exclusiva en Espa\u00f1a y que tiene un tacto espectacular), la combinaci\u00f3n de colores (muchos de sus productos juegan al <em>color block<\/em> mezclando tonalidades, unas m\u00e1s discretas y otras m\u00e1s chillonas como el rosa fucsia y el verde menta) y algunos gui\u00f1os al <em>print animal<\/em>, que viste por ejemplo uno de sus bolsos cofre, ideales para un evento especial o un look de noche.<\/p>\n<p>En definitiva, una l\u00ednea m\u00e1s sobria, funcional y elegante sin perder ese toque original y rompedor al que nos tiene acostumbrados Stella Rittwagen. A partir de septiembre llegar\u00e1 a las tiendas. \u00a1Os costar\u00e1 decididos por uno! Os dejo con la entrevista y con las fotos en exclusiva de la nueva colecci\u00f3n. Espero que os gusten tanto como a mi, que como sab\u00e9is soy muy fan y llevo toda la temporada pase\u00e1ndome con mi Satchel amarillo fl\u00faor.<\/p>\n<p>Os dejo con la entrevista. \u00a1No os la perd\u00e1is! Por cierto, la mayor\u00eda de las fotos que ilustran el post son de mi compa\u00f1era Patricia Merch\u00e1n. Gracias!!!<\/p>\n<p>&nbsp;<\/p>\n<p>&#8211;<strong> La nueva colecci\u00f3n acaba de salir de horno como qui\u00e9n dice. \u00bfCu\u00e1ndo la tendremos en las tiendas?<\/strong><\/p>\n<p>A partir del 1 de septiembre.<\/p>\n<p>&#8211;<strong>Tras el \u00e9xito que ha cosechado este verano, por lo que veo toca renovar el fl\u00faor&#8230;<\/strong><\/p>\n<p>Exacto, hemos querido mantener esa se\u00f1a de identidad manteniendo el fl\u00faor por dentro de los bolsos de la nueva colecci\u00f3n, pero por fuera tienen colores m\u00e1s invernales.<\/p>\n<p><strong>-Su modelo estrella ha sido el Satchel, \u00bfpor qu\u00e9 esta forma?<\/strong><\/p>\n<p>Pues no se. Lo primero que me sali\u00f3 fue el hacer este bolso pero en tonos fl\u00faor, que tambi\u00e9n llevamos a carteras, monederos, pasamanos&#8230; Hasta ahora en Espa\u00f1a este color no exist\u00eda en tejido 100% piel y ese creo que ha sido el \u00e9xito.<\/p>\n<p><strong>&#8211; \u00bfQu\u00e9 le transmite el fl\u00faor para que se haya convertido en la piedra angular de su colecci\u00f3n de verano?<\/strong><br \/>\nSobre todo alegr\u00eda y color en estas fechas en las que la gente anda deca\u00edda.<\/p>\n<p>&#8211; <strong>Sus bolsos y complementos se venden en las tiendas multimarca m\u00e1s destacadas de Espa\u00f1a e incluso en las galer\u00edas Lafayette en Par\u00eds. Ha vendido miles y miles de unidades y las principales bloggeras e <em>it girls<\/em> del momento como Paula Echevarr\u00eda presumen de ellos. \u00bfEsperaba una respuesta as\u00ed?<\/strong><\/p>\n<p>Ha sido demasiado, los resultados han desbordado todas nuestras expectativas la verdad. Confi\u00e1bamos en que ir\u00eda bien, pero es que ha ido excesivamente bien.<\/p>\n<p><strong>&#8211; Su tuvi\u00e9semos que elaborar un ranking con su top ten de ventas, \u00bfqu\u00e9 bolso ocupar\u00eda la pole?<\/strong><\/p>\n<p>Sin duda el amarillo lima, que ir\u00e1 por dentro de los nuevos bolsos de invierno para que nos de ese toque de alegr\u00eda al que antes hemos aludido al menos cuando lo abramos.<\/p>\n<p><strong>-Hablemos de la nueva colecci\u00f3n, \u00bfc\u00f3mo la definir\u00eda?<\/strong><\/p>\n<p>Bueno, ante todo he querido hacer una l\u00ednea de inspiraci\u00f3n vintage, un poquito retro. Est\u00e1 hecha con unas pieles de un tacto que hasta ahora tampoco exist\u00edan en el mercado, y por lo tanto en lo que hemos innovado, que es la piel seda. De hecho, la tenemos en exclusiva porque yo soy de las que pienso que el secreto y lo m\u00e1s importante es la base, la materia prima, porque lo otro al fin y al cabo puede estar al alcance de cualquiera. \u00a0Luego dentro de lo que es la l\u00ednea de tonos m\u00e1s invernales como puede ser el marr\u00f3n, el gris y el negro hemos querido dar tambi\u00e9n un punto de color diferente, hacerlos combinados, bicolores, tricolores, con tachuelitas, mucha serpiente&#8230;Son bolsos muy funcionales y sobre todo f\u00e1ciles de poner y de llevar.<\/p>\n<p><strong>&#8211; Son bolsos muy vers\u00e1tiles que sirven tanto para un look de d\u00eda como de noche, \u00bfes as\u00ed?<\/strong><\/p>\n<p>Exacto, y tambi\u00e9n para cualquier tipo de persona: m\u00e1s joven, m\u00e1s mayor&#8230;para gente de todos los \u00e1mbitos.<\/p>\n<p><strong>&#8211; \u00bfCu\u00e1l es su ni\u00f1a bonita de la nueva colecci\u00f3n?<\/strong><\/p>\n<p>A mi personalmente me gusta mucho el color cereza y tambi\u00e9n todas las tonalidades del verde, desde el agua marina al verde menta, el militar, el oliva&#8230;<\/p>\n<p><strong>&#8211; \u00bfCu\u00e1l cree que ha sido el secreto de su \u00e9xito?<\/strong><\/p>\n<p>Mucho, much\u00edsimo trabajo. Hasta el punto de llegar a convertirme en una madre casi imaginaria para mis hijos. No tengo tiempo para la casa pero este momento hay que aprovecharlo y hubiese sido un delito no hacerlo.<br \/>\n<strong>&#8211; Empez\u00f3 con los complementos, pompones, calaveras, piezas de aires hippies&#8230;\u00bfSeguir\u00e1 apostando por ellos?<\/strong><\/p>\n<p>Por supuesto. As\u00ed empec\u00e9 y me seguir\u00e1n acompa\u00f1ando. En la nueva colecci\u00f3n por ejemplo hemos sacado unos brazaletes ideales de ca\u00f1a flecha con un toque ind\u00edgena que me encanta y estas otras pulseras del Dios de Jap\u00f3n (se se\u00f1ala su mu\u00f1eca)\u00a0 que es el Dios de la vida, todo pintado a mano. A mi personalmente me ha encantado este modelo.<\/p>\n<p><strong>&#8211; \u00bfA qu\u00e9 mujer se dirige Stella Rittwagen?<\/strong><\/p>\n<p>A una mujer sencilla, que le gusta ir a la moda, sin que se le vaya la vida en ello, simplemente por sentirse bien con una misma, discreta pero a la vez mona y con su propia personalidad.<\/p>\n<p><strong>-\u00bfQu\u00e9 es para usted la moda?<\/strong><\/p>\n<p>Un punto de orientaci\u00f3n, pero sin seguirla a pie de la letra. La moda la tiene que imponer uno mismo y crearla una misma para que transmita tu personalidad.<\/p>\n<p><strong>&#8211; \u00bfAlg\u00fan proyecto de futuro que podamos contar?<\/strong><\/p>\n<p>Este a\u00f1o hemos incorporado la piel y otros tejidos y productos. Lo que vaya surgiendo sobre la marcha, nunca vamos a dejar de sacar cositas nuevas. Avanzamos sin prisa pero sin pausa.<\/p>\n<p>&nbsp;<\/p>\n<p><span style=\"text-decoration: underline;\">Y he aqu\u00ed una selecci\u00f3n de sus nuevos modelos: Os dejo con ellos!<\/span><\/p>\n<p>&nbsp;<\/p>\n<p><a href=\"\/pasarelaurbana\/wp-content\/uploads\/sites\/49\/2012\/09\/stella2.jpg\"><img loading=\"lazy\" class=\"aligncenter size-full wp-image-1460\" title=\"stella2\" src=\"\/pasarelaurbana\/wp-content\/uploads\/sites\/49\/2012\/09\/stella2.jpg\" alt=\"\" width=\"600\" height=\"637\" srcset=\"https:\/\/static-blogs.diariosur.es\/wp-content\/uploads\/sites\/49\/2012\/09\/stella2.jpg 600w, https:\/\/static-blogs.diariosur.es\/wp-content\/uploads\/sites\/49\/2012\/09\/stella2-283x300.jpg 283w\" sizes=\"(max-width: 600px) 100vw, 600px\" \/><\/a><\/p>\n<p>&nbsp;<\/p>\n<p><a href=\"\/pasarelaurbana\/wp-content\/uploads\/sites\/49\/2012\/09\/stella1.jpg\"><img loading=\"lazy\" class=\"aligncenter size-full wp-image-1459\" title=\"stella1\" src=\"\/pasarelaurbana\/wp-content\/uploads\/sites\/49\/2012\/09\/stella1.jpg\" alt=\"\" width=\"600\" height=\"664\" srcset=\"https:\/\/static-blogs.diariosur.es\/wp-content\/uploads\/sites\/49\/2012\/09\/stella1.jpg 600w, https:\/\/static-blogs.diariosur.es\/wp-content\/uploads\/sites\/49\/2012\/09\/stella1-271x300.jpg 271w\" sizes=\"(max-width: 600px) 100vw, 600px\" \/><\/a><a href=\"\/pasarelaurbana\/wp-content\/uploads\/sites\/49\/2012\/09\/stella3.jpg\"><img loading=\"lazy\" class=\"aligncenter size-full wp-image-1461\" title=\"stella3\" src=\"\/pasarelaurbana\/wp-content\/uploads\/sites\/49\/2012\/09\/stella3.jpg\" alt=\"\" width=\"600\" height=\"651\" srcset=\"https:\/\/static-blogs.diariosur.es\/wp-content\/uploads\/sites\/49\/2012\/09\/stella3.jpg 600w, https:\/\/static-blogs.diariosur.es\/wp-content\/uploads\/sites\/49\/2012\/09\/stella3-276x300.jpg 276w\" sizes=\"(max-width: 600px) 100vw, 600px\" \/><\/a><a href=\"\/pasarelaurbana\/wp-content\/uploads\/sites\/49\/2012\/09\/stella13.jpg\"><img loading=\"lazy\" class=\"aligncenter size-full wp-image-1468\" title=\"stella13\" src=\"\/pasarelaurbana\/wp-content\/uploads\/sites\/49\/2012\/09\/stella13.jpg\" alt=\"\" width=\"600\" height=\"803\" srcset=\"https:\/\/static-blogs.diariosur.es\/wp-content\/uploads\/sites\/49\/2012\/09\/stella13.jpg 600w, https:\/\/static-blogs.diariosur.es\/wp-content\/uploads\/sites\/49\/2012\/09\/stella13-224x300.jpg 224w\" sizes=\"(max-width: 600px) 100vw, 600px\" \/><\/a><\/p>\n<p><a href=\"\/pasarelaurbana\/wp-content\/uploads\/sites\/49\/2012\/09\/stella14.jpg\"><img loading=\"lazy\" class=\"aligncenter size-full wp-image-1469\" title=\"stella14\" src=\"\/pasarelaurbana\/wp-content\/uploads\/sites\/49\/2012\/09\/stella14.jpg\" alt=\"\" width=\"600\" height=\"803\" srcset=\"https:\/\/static-blogs.diariosur.es\/wp-content\/uploads\/sites\/49\/2012\/09\/stella14.jpg 600w, https:\/\/static-blogs.diariosur.es\/wp-content\/uploads\/sites\/49\/2012\/09\/stella14-224x300.jpg 224w\" sizes=\"(max-width: 600px) 100vw, 600px\" \/><\/a><\/p>\n<p>&nbsp;<\/p>\n<p><a href=\"\/pasarelaurbana\/wp-content\/uploads\/sites\/49\/2012\/09\/stella4.jpg\"><img loading=\"lazy\" class=\"aligncenter size-full wp-image-1462\" title=\"stella4\" src=\"\/pasarelaurbana\/wp-content\/uploads\/sites\/49\/2012\/09\/stella4.jpg\" alt=\"\" width=\"600\" height=\"629\" srcset=\"https:\/\/static-blogs.diariosur.es\/wp-content\/uploads\/sites\/49\/2012\/09\/stella4.jpg 600w, https:\/\/static-blogs.diariosur.es\/wp-content\/uploads\/sites\/49\/2012\/09\/stella4-286x300.jpg 286w\" sizes=\"(max-width: 600px) 100vw, 600px\" \/><\/a><\/p>\n<p><a href=\"\/pasarelaurbana\/wp-content\/uploads\/sites\/49\/2012\/09\/stella5.jpg\"><img loading=\"lazy\" class=\"aligncenter  wp-image-1463\" title=\"stella5\" src=\"\/pasarelaurbana\/wp-content\/uploads\/sites\/49\/2012\/09\/stella5.jpg\" alt=\"\" width=\"600\" height=\"613\" srcset=\"https:\/\/static-blogs.diariosur.es\/wp-content\/uploads\/sites\/49\/2012\/09\/stella5.jpg 600w, https:\/\/static-blogs.diariosur.es\/wp-content\/uploads\/sites\/49\/2012\/09\/stella5-294x300.jpg 294w\" sizes=\"(max-width: 600px) 100vw, 600px\" \/><\/a><\/p>\n<p>&nbsp;<\/p>\n<p><a href=\"\/pasarelaurbana\/wp-content\/uploads\/sites\/49\/2012\/09\/stella8.jpg\"><img loading=\"lazy\" class=\"aligncenter size-full wp-image-1464\" title=\"stella8\" src=\"\/pasarelaurbana\/wp-content\/uploads\/sites\/49\/2012\/09\/stella8.jpg\" alt=\"\" width=\"600\" height=\"542\" srcset=\"https:\/\/static-blogs.diariosur.es\/wp-content\/uploads\/sites\/49\/2012\/09\/stella8.jpg 600w, https:\/\/static-blogs.diariosur.es\/wp-content\/uploads\/sites\/49\/2012\/09\/stella8-300x271.jpg 300w\" sizes=\"(max-width: 600px) 100vw, 600px\" \/><\/a><\/p>\n<p><a href=\"\/pasarelaurbana\/wp-content\/uploads\/sites\/49\/2012\/09\/stella20.jpg\"><img loading=\"lazy\" class=\"aligncenter size-full wp-image-1472\" title=\"stella20\" src=\"\/pasarelaurbana\/wp-content\/uploads\/sites\/49\/2012\/09\/stella20.jpg\" alt=\"\" width=\"600\" height=\"540\" srcset=\"https:\/\/static-blogs.diariosur.es\/wp-content\/uploads\/sites\/49\/2012\/09\/stella20.jpg 600w, https:\/\/static-blogs.diariosur.es\/wp-content\/uploads\/sites\/49\/2012\/09\/stella20-300x270.jpg 300w\" sizes=\"(max-width: 600px) 100vw, 600px\" \/><\/a><\/p>\n<p><a href=\"\/pasarelaurbana\/wp-content\/uploads\/sites\/49\/2012\/09\/stella21.jpg\"><img loading=\"lazy\" class=\"aligncenter size-full wp-image-1473\" title=\"stella21\" src=\"\/pasarelaurbana\/wp-content\/uploads\/sites\/49\/2012\/09\/stella21.jpg\" alt=\"\" width=\"600\" height=\"524\" srcset=\"https:\/\/static-blogs.diariosur.es\/wp-content\/uploads\/sites\/49\/2012\/09\/stella21.jpg 600w, https:\/\/static-blogs.diariosur.es\/wp-content\/uploads\/sites\/49\/2012\/09\/stella21-300x262.jpg 300w\" sizes=\"(max-width: 600px) 100vw, 600px\" \/><\/a><\/p>\n<p><a href=\"\/pasarelaurbana\/wp-content\/uploads\/sites\/49\/2012\/09\/stella15.jpg\"><img loading=\"lazy\" class=\"aligncenter size-full wp-image-1470\" title=\"stella15\" src=\"\/pasarelaurbana\/wp-content\/uploads\/sites\/49\/2012\/09\/stella15.jpg\" alt=\"\" width=\"600\" height=\"448\" srcset=\"https:\/\/static-blogs.diariosur.es\/wp-content\/uploads\/sites\/49\/2012\/09\/stella15.jpg 600w, https:\/\/static-blogs.diariosur.es\/wp-content\/uploads\/sites\/49\/2012\/09\/stella15-300x224.jpg 300w\" sizes=\"(max-width: 600px) 100vw, 600px\" \/><\/a><\/p>\n<p>&nbsp;<\/p>\n<p><a href=\"\/pasarelaurbana\/wp-content\/uploads\/sites\/49\"><img loading=\"lazy\" class=\"aligncenter size-full wp-image-1474\" title=\"8\" src=\"\/pasarelaurbana\/wp-content\/uploads\/sites\/49\" alt=\"\" width=\"600\" height=\"610\" \/><\/a><\/p>\n<p><a href=\"\/pasarelaurbana\/wp-content\/uploads\/sites\/49\/2012\/09\/stella17.jpg\"><img loading=\"lazy\" class=\"aligncenter size-full wp-image-1467\" title=\"stella17\" src=\"\/pasarelaurbana\/wp-content\/uploads\/sites\/49\/2012\/09\/stella17.jpg\" alt=\"\" width=\"600\" height=\"448\" srcset=\"https:\/\/static-blogs.diariosur.es\/wp-content\/uploads\/sites\/49\/2012\/09\/stella17.jpg 600w, https:\/\/static-blogs.diariosur.es\/wp-content\/uploads\/sites\/49\/2012\/09\/stella17-300x224.jpg 300w\" sizes=\"(max-width: 600px) 100vw, 600px\" \/><\/a><\/p>\n<p><a href=\"\/pasarelaurbana\/wp-content\/uploads\/sites\/49\/2012\/09\/stella16.jpg\"><img loading=\"lazy\" class=\"aligncenter size-full wp-image-1471\" title=\"stella16\" src=\"\/pasarelaurbana\/wp-content\/uploads\/sites\/49\/2012\/09\/stella16.jpg\" alt=\"\" width=\"600\" height=\"448\" srcset=\"https:\/\/static-blogs.diariosur.es\/wp-content\/uploads\/sites\/49\/2012\/09\/stella16.jpg 600w, https:\/\/static-blogs.diariosur.es\/wp-content\/uploads\/sites\/49\/2012\/09\/stella16-300x224.jpg 300w\" sizes=\"(max-width: 600px) 100vw, 600px\" \/><\/a><\/p>\n<p><a href=\"\/pasarelaurbana\/wp-content\/uploads\/sites\/49\/2012\/09\/stella10.jpg\"><img loading=\"lazy\" class=\"aligncenter size-full wp-image-1466\" title=\"stella10\" src=\"\/pasarelaurbana\/wp-content\/uploads\/sites\/49\/2012\/09\/stella10.jpg\" alt=\"\" width=\"600\" height=\"449\" srcset=\"https:\/\/static-blogs.diariosur.es\/wp-content\/uploads\/sites\/49\/2012\/09\/stella10.jpg 600w, https:\/\/static-blogs.diariosur.es\/wp-content\/uploads\/sites\/49\/2012\/09\/stella10-300x225.jpg 300w\" sizes=\"(max-width: 600px) 100vw, 600px\" \/><\/a><\/p>\n<p><a href=\"\/pasarelaurbana\/wp-content\/uploads\/sites\/49\/2012\/09\/stella11.jpg\"><img loading=\"lazy\" class=\"aligncenter size-full wp-image-1458\" title=\"stella11\" src=\"\/pasarelaurbana\/wp-content\/uploads\/sites\/49\/2012\/09\/stella11.jpg\" alt=\"\" width=\"600\" height=\"484\" srcset=\"https:\/\/static-blogs.diariosur.es\/wp-content\/uploads\/sites\/49\/2012\/09\/stella11.jpg 600w, https:\/\/static-blogs.diariosur.es\/wp-content\/uploads\/sites\/49\/2012\/09\/stella11-300x242.jpg 300w\" sizes=\"(max-width: 600px) 100vw, 600px\" \/><\/a><\/p>\n<p>&nbsp;<\/p>\n<p><a href=\"\/pasarelaurbana\/wp-content\/uploads\/sites\/49\"><img loading=\"lazy\" class=\"aligncenter size-full wp-image-1481\" title=\"7\" src=\"\/pasarelaurbana\/wp-content\/uploads\/sites\/49\" alt=\"\" width=\"600\" height=\"455\" \/><\/a><\/p>\n<p style=\"text-align: center;\"><span style=\"text-decoration: underline;\">\u00a0Y, por \u00faltimos, unas fotos de la entrevista en SUR y una mia con Stella, a quien me encant\u00f3 conocer!<\/span><\/p>\n<p>&nbsp;<\/p>\n<p><a href=\"\/pasarelaurbana\/wp-content\/uploads\/sites\/49\"><img loading=\"lazy\" class=\"aligncenter size-full wp-image-1479\" title=\"5\" src=\"\/pasarelaurbana\/wp-content\/uploads\/sites\/49\" alt=\"\" width=\"600\" height=\"900\" \/><\/a><\/p>\n<p><a href=\"\/pasarelaurbana\/wp-content\/uploads\/sites\/49\"><img loading=\"lazy\" class=\"aligncenter size-full wp-image-1477\" title=\"3\" src=\"\/pasarelaurbana\/wp-content\/uploads\/sites\/49\" alt=\"\" width=\"600\" height=\"400\" \/><\/a><\/p>\n<p><a href=\"\/pasarelaurbana\/wp-content\/uploads\/sites\/49\"><img loading=\"lazy\" class=\"aligncenter size-full wp-image-1475\" title=\"1\" src=\"\/pasarelaurbana\/wp-content\/uploads\/sites\/49\" alt=\"\" width=\"600\" height=\"400\" \/><\/a><\/p>\n<p style=\"text-align: center;\">\u00a0Os ha gustado? Espero vuestros comentarios!<\/p>\n<p>&nbsp;<\/p>\n","protected":false},"excerpt":{"rendered":"<p>Se reconoce t\u00edmida y, de hecho, solo hay que bucear en los archivos para comprobar que Stella Rittwagen no es mujer de entrevistas. Discreta y reservada, esta empresaria malague\u00f1a de \u00e9xito prefiere mantenerse detr\u00e1s de las c\u00e1maras, trabajando como la que m\u00e1s y recogiendo los frutos que precisamente le ha dado su entrega, entusiasmo y [&hellip;]<\/p>\n","protected":false},"author":54,"featured_media":0,"comment_status":"open","ping_status":"closed","sticky":false,"template":"","format":"standard","meta":[],"categories":[2],"tags":[],"_links":{"self":[{"href":"https:\/\/blogs.diariosur.es\/pasarelaurbana\/wp-json\/wp\/v2\/posts\/1457"}],"collection":[{"href":"https:\/\/blogs.diariosur.es\/pasarelaurbana\/wp-json\/wp\/v2\/posts"}],"about":[{"href":"https:\/\/blogs.diariosur.es\/pasarelaurbana\/wp-json\/wp\/v2\/types\/post"}],"author":[{"embeddable":true,"href":"https:\/\/blogs.diariosur.es\/pasarelaurbana\/wp-json\/wp\/v2\/users\/54"}],"replies":[{"embeddable":true,"href":"https:\/\/blogs.diariosur.es\/pasarelaurbana\/wp-json\/wp\/v2\/comments?post=1457"}],"version-history":[{"count":0,"href":"https:\/\/blogs.diariosur.es\/pasarelaurbana\/wp-json\/wp\/v2\/posts\/1457\/revisions"}],"wp:attachment":[{"href":"https:\/\/blogs.diariosur.es\/pasarelaurbana\/wp-json\/wp\/v2\/media?parent=1457"}],"wp:term":[{"taxonomy":"category","embeddable":true,"href":"https:\/\/blogs.diariosur.es\/pasarelaurbana\/wp-json\/wp\/v2\/categories?post=1457"},{"taxonomy":"post_tag","embeddable":true,"href":"https:\/\/blogs.diariosur.es\/pasarelaurbana\/wp-json\/wp\/v2\/tags?post=1457"}],"curies":[{"name":"wp","href":"https:\/\/api.w.org\/{rel}","templated":true}]}}