{"id":1483,"date":"2012-09-04T17:02:17","date_gmt":"2012-09-04T17:02:17","guid":{"rendered":"http:\/\/blogs.diariosur.es\/pasarelaurbana\/?p=1483"},"modified":"2012-09-04T17:02:17","modified_gmt":"2012-09-04T17:02:17","slug":"de-traje-sporty-chic","status":"publish","type":"post","link":"https:\/\/blogs.diariosur.es\/pasarelaurbana\/2012\/09\/04\/de-traje-sporty-chic\/","title":{"rendered":"De traje sporty chic"},"content":{"rendered":"<p>Buenas! Como va esa semana! La mia no puede ir mejor! Empezamos con una exclusiva: la pesentaci\u00f3n en primicia de la colecci\u00f3n oto\u00f1o-invierno de la malague\u00f1a Stella Rittwagen y ya os adelanto que el jueves entrevistar\u00e9 a una de las top m\u00e1s prestigiosas del panorama nacional, empresaria y dise\u00f1adora, a la que me hace mucha ilusi\u00f3n conocer en persona (os mantendr\u00e9 informad@s). Dicho esto, hoy toca sesi\u00f3n de street style. Y masculina!!! Lo cual tambi\u00e9n me encanta dado que como sab\u00e9is siempre me quejo de lo que me cuesta encontrar por la calle a chicos que vayan vestidos diferente. Nuestro protagonista de hoy, Juan Carlos Cuevas, consigui\u00f3 captar mi atenci\u00f3n por calle Larios gracias a su combinaci\u00f3n de traje con zapatillas deportivas, que le dan un interesante punto sporty chic al outfit y logran restarle seriedad al uniforme de trabajo de este agente inmobiliario de 34 a\u00f1os, quien se considera atrevido en la manera de vestir y combinar prendas. &#8220;Mi estilo es muy casual, pero como por mi profesi\u00f3n tengo que llevar traje intento hacerlo m\u00e1s informal apostando por pantalones slip fit entubados y zapatos de l\u00edneas deportivas&#8221;, confiesa. \u00a1Y me parece bien! La moda, al fin y al cabo, est\u00e1 para divertirse, como siempre digo! Os dejo con \u00e9l!<\/p>\n<p><a href=\"\/pasarelaurbana\/wp-content\/uploads\/sites\/49\/2012\/09\/ej2.jpg\"><img loading=\"lazy\" class=\"aligncenter size-full wp-image-1486\" title=\"ej2\" src=\"\/pasarelaurbana\/wp-content\/uploads\/sites\/49\/2012\/09\/ej2.jpg\" alt=\"\" width=\"600\" height=\"803\" srcset=\"https:\/\/static-blogs.diariosur.es\/wp-content\/uploads\/sites\/49\/2012\/09\/ej2.jpg 600w, https:\/\/static-blogs.diariosur.es\/wp-content\/uploads\/sites\/49\/2012\/09\/ej2-224x300.jpg 224w\" sizes=\"(max-width: 600px) 100vw, 600px\" \/><\/a><!--more--><\/p>\n<p><a href=\"\/pasarelaurbana\/wp-content\/uploads\/sites\/49\/2012\/09\/ej5.jpg\"><img loading=\"lazy\" class=\"aligncenter size-full wp-image-1489\" title=\"ej5\" src=\"\/pasarelaurbana\/wp-content\/uploads\/sites\/49\/2012\/09\/ej5.jpg\" alt=\"\" width=\"600\" height=\"803\" srcset=\"https:\/\/static-blogs.diariosur.es\/wp-content\/uploads\/sites\/49\/2012\/09\/ej5.jpg 600w, https:\/\/static-blogs.diariosur.es\/wp-content\/uploads\/sites\/49\/2012\/09\/ej5-224x300.jpg 224w\" sizes=\"(max-width: 600px) 100vw, 600px\" \/><\/a><\/p>\n<p><a href=\"\/pasarelaurbana\/wp-content\/uploads\/sites\/49\/2012\/09\/ej4.jpg\"><img loading=\"lazy\" class=\"aligncenter size-full wp-image-1488\" title=\"ej4\" src=\"\/pasarelaurbana\/wp-content\/uploads\/sites\/49\/2012\/09\/ej4.jpg\" alt=\"\" width=\"600\" height=\"803\" srcset=\"https:\/\/static-blogs.diariosur.es\/wp-content\/uploads\/sites\/49\/2012\/09\/ej4.jpg 600w, https:\/\/static-blogs.diariosur.es\/wp-content\/uploads\/sites\/49\/2012\/09\/ej4-224x300.jpg 224w\" sizes=\"(max-width: 600px) 100vw, 600px\" \/><\/a><\/p>\n<p><a href=\"\/pasarelaurbana\/wp-content\/uploads\/sites\/49\/2012\/09\/ej3.jpg\"><img loading=\"lazy\" class=\"aligncenter size-full wp-image-1487\" title=\"ej3\" src=\"\/pasarelaurbana\/wp-content\/uploads\/sites\/49\/2012\/09\/ej3.jpg\" alt=\"\" width=\"600\" height=\"803\" srcset=\"https:\/\/static-blogs.diariosur.es\/wp-content\/uploads\/sites\/49\/2012\/09\/ej3.jpg 600w, https:\/\/static-blogs.diariosur.es\/wp-content\/uploads\/sites\/49\/2012\/09\/ej3-224x300.jpg 224w\" sizes=\"(max-width: 600px) 100vw, 600px\" \/><\/a><\/p>\n<p><a href=\"\/pasarelaurbana\/wp-content\/uploads\/sites\/49\/2012\/09\/ej1.jpg\"><img loading=\"lazy\" class=\"aligncenter size-full wp-image-1485\" title=\"ej1\" src=\"\/pasarelaurbana\/wp-content\/uploads\/sites\/49\/2012\/09\/ej1.jpg\" alt=\"\" width=\"600\" height=\"803\" srcset=\"https:\/\/static-blogs.diariosur.es\/wp-content\/uploads\/sites\/49\/2012\/09\/ej1.jpg 600w, https:\/\/static-blogs.diariosur.es\/wp-content\/uploads\/sites\/49\/2012\/09\/ej1-224x300.jpg 224w\" sizes=\"(max-width: 600px) 100vw, 600px\" \/><\/a><\/p>\n<p><a href=\"\/pasarelaurbana\/wp-content\/uploads\/sites\/49\/2012\/09\/ej6.jpg\"><img loading=\"lazy\" class=\"aligncenter size-full wp-image-1484\" title=\"ej6\" src=\"\/pasarelaurbana\/wp-content\/uploads\/sites\/49\/2012\/09\/ej6.jpg\" alt=\"\" width=\"600\" height=\"803\" srcset=\"https:\/\/static-blogs.diariosur.es\/wp-content\/uploads\/sites\/49\/2012\/09\/ej6.jpg 600w, https:\/\/static-blogs.diariosur.es\/wp-content\/uploads\/sites\/49\/2012\/09\/ej6-224x300.jpg 224w\" sizes=\"(max-width: 600px) 100vw, 600px\" \/><\/a><\/p>\n<p>Juan Carlos Cuevas. Agente inmobiliario. 34 a\u00f1os<br \/>\nCamisa: Morato<br \/>\nCorbata: Corporativa de la empresa<br \/>\nPantal\u00f3n: Morato<br \/>\nCintur\u00f3n: Sfera<br \/>\nZapatos: Pull&#038;Bear<\/p>\n","protected":false},"excerpt":{"rendered":"<p>Buenas! Como va esa semana! La mia no puede ir mejor! Empezamos con una exclusiva: la pesentaci\u00f3n en primicia de la colecci\u00f3n oto\u00f1o-invierno de la malague\u00f1a Stella Rittwagen y ya os adelanto que el jueves entrevistar\u00e9 a una de las top m\u00e1s prestigiosas del panorama nacional, empresaria y dise\u00f1adora, a la que me hace mucha [&hellip;]<\/p>\n","protected":false},"author":54,"featured_media":0,"comment_status":"open","ping_status":"closed","sticky":false,"template":"","format":"standard","meta":[],"categories":[2],"tags":[],"_links":{"self":[{"href":"https:\/\/blogs.diariosur.es\/pasarelaurbana\/wp-json\/wp\/v2\/posts\/1483"}],"collection":[{"href":"https:\/\/blogs.diariosur.es\/pasarelaurbana\/wp-json\/wp\/v2\/posts"}],"about":[{"href":"https:\/\/blogs.diariosur.es\/pasarelaurbana\/wp-json\/wp\/v2\/types\/post"}],"author":[{"embeddable":true,"href":"https:\/\/blogs.diariosur.es\/pasarelaurbana\/wp-json\/wp\/v2\/users\/54"}],"replies":[{"embeddable":true,"href":"https:\/\/blogs.diariosur.es\/pasarelaurbana\/wp-json\/wp\/v2\/comments?post=1483"}],"version-history":[{"count":0,"href":"https:\/\/blogs.diariosur.es\/pasarelaurbana\/wp-json\/wp\/v2\/posts\/1483\/revisions"}],"wp:attachment":[{"href":"https:\/\/blogs.diariosur.es\/pasarelaurbana\/wp-json\/wp\/v2\/media?parent=1483"}],"wp:term":[{"taxonomy":"category","embeddable":true,"href":"https:\/\/blogs.diariosur.es\/pasarelaurbana\/wp-json\/wp\/v2\/categories?post=1483"},{"taxonomy":"post_tag","embeddable":true,"href":"https:\/\/blogs.diariosur.es\/pasarelaurbana\/wp-json\/wp\/v2\/tags?post=1483"}],"curies":[{"name":"wp","href":"https:\/\/api.w.org\/{rel}","templated":true}]}}