{"id":1494,"date":"2012-09-05T13:55:21","date_gmt":"2012-09-05T13:55:21","guid":{"rendered":"http:\/\/blogs.diariosur.es\/pasarelaurbana\/?p=1494"},"modified":"2012-09-05T13:55:21","modified_gmt":"2012-09-05T13:55:21","slug":"marcando-cintura","status":"publish","type":"post","link":"https:\/\/blogs.diariosur.es\/pasarelaurbana\/2012\/09\/05\/marcando-cintura\/","title":{"rendered":"Marcando cintura"},"content":{"rendered":"<p>Hoy toca una nueva entrega de<em> street style.<\/em> Y la protagonista en esta ocasi\u00f3n es una falda vaquera de efecto tie dye (el desgadtado de toda la vida) y corte a la cintura (mi favorito!) con maxi lazada (mi debilidad!).\u00a0 Me encanta c\u00f3mo queda porque logra un resultado hiper femenino y sofisticado aunque se combine en este caso con una camiseta b\u00e1sica en azul\u00f3n. Nuestra modelo y autora de este estilismo es <strong>To\u00f1i Garc\u00eda<\/strong>, una estudiante de LADE de 26 a\u00f1os amante confesa del mundo de la moda y de las tendencias de aires &#8216;lady&#8217;. La combina con sandalias planas de <em>print<\/em> animal en tono frambuesa y\u00a0 bolso bandolera de piel trenzada. El resultado es un look casual, informal, juvenil y veraniego. Os dejo con ella! Ah! Y perdonad mi despiste, hab\u00eda mirado mal la agenda, la entrevista que os dije con una super top del panorma nacional ser\u00e1 la pr\u00f3xima semana. Os mantendr\u00e9 informad@s!<\/p>\n<p>&nbsp;<\/p>\n<p><a href=\"\/pasarelaurbana\/wp-content\/uploads\/sites\/49\/2012\/09\/81.jpg\"><img loading=\"lazy\" class=\"aligncenter size-full wp-image-1501\" title=\"8\" src=\"\/pasarelaurbana\/wp-content\/uploads\/sites\/49\/2012\/09\/81.jpg\" alt=\"\" width=\"600\" height=\"803\" srcset=\"https:\/\/static-blogs.diariosur.es\/wp-content\/uploads\/sites\/49\/2012\/09\/81.jpg 600w, https:\/\/static-blogs.diariosur.es\/wp-content\/uploads\/sites\/49\/2012\/09\/81-224x300.jpg 224w\" sizes=\"(max-width: 600px) 100vw, 600px\" \/><\/a><!--more--><\/p>\n<p><a href=\"\/pasarelaurbana\/wp-content\/uploads\/sites\/49\/2012\/09\/21.jpg\"><img loading=\"lazy\" class=\"aligncenter size-full wp-image-1496\" title=\"2\" src=\"\/pasarelaurbana\/wp-content\/uploads\/sites\/49\/2012\/09\/21.jpg\" alt=\"\" width=\"600\" height=\"803\" srcset=\"https:\/\/static-blogs.diariosur.es\/wp-content\/uploads\/sites\/49\/2012\/09\/21.jpg 600w, https:\/\/static-blogs.diariosur.es\/wp-content\/uploads\/sites\/49\/2012\/09\/21-224x300.jpg 224w\" sizes=\"(max-width: 600px) 100vw, 600px\" \/><\/a><\/p>\n<p><a href=\"\/pasarelaurbana\/wp-content\/uploads\/sites\/49\/2012\/09\/51.jpg\"><img loading=\"lazy\" class=\"aligncenter size-full wp-image-1499\" title=\"5\" src=\"\/pasarelaurbana\/wp-content\/uploads\/sites\/49\/2012\/09\/51.jpg\" alt=\"\" width=\"600\" height=\"803\" srcset=\"https:\/\/static-blogs.diariosur.es\/wp-content\/uploads\/sites\/49\/2012\/09\/51.jpg 600w, https:\/\/static-blogs.diariosur.es\/wp-content\/uploads\/sites\/49\/2012\/09\/51-224x300.jpg 224w\" sizes=\"(max-width: 600px) 100vw, 600px\" \/><\/a><\/p>\n<p><a href=\"\/pasarelaurbana\/wp-content\/uploads\/sites\/49\/2012\/09\/10.jpg\"><img loading=\"lazy\" class=\"aligncenter size-full wp-image-1495\" title=\"10\" src=\"\/pasarelaurbana\/wp-content\/uploads\/sites\/49\/2012\/09\/10.jpg\" alt=\"\" width=\"600\" height=\"803\" srcset=\"https:\/\/static-blogs.diariosur.es\/wp-content\/uploads\/sites\/49\/2012\/09\/10.jpg 600w, https:\/\/static-blogs.diariosur.es\/wp-content\/uploads\/sites\/49\/2012\/09\/10-224x300.jpg 224w\" sizes=\"(max-width: 600px) 100vw, 600px\" \/><\/a><\/p>\n<p><a href=\"\/pasarelaurbana\/wp-content\/uploads\/sites\/49\/2012\/09\/61.jpg\"><img loading=\"lazy\" class=\"aligncenter size-full wp-image-1500\" title=\"6\" src=\"\/pasarelaurbana\/wp-content\/uploads\/sites\/49\/2012\/09\/61.jpg\" alt=\"\" width=\"600\" height=\"803\" srcset=\"https:\/\/static-blogs.diariosur.es\/wp-content\/uploads\/sites\/49\/2012\/09\/61.jpg 600w, https:\/\/static-blogs.diariosur.es\/wp-content\/uploads\/sites\/49\/2012\/09\/61-224x300.jpg 224w\" sizes=\"(max-width: 600px) 100vw, 600px\" \/><\/a><\/p>\n<p><a href=\"\/pasarelaurbana\/wp-content\/uploads\/sites\/49\/2012\/09\/41.jpg\"><img loading=\"lazy\" class=\"aligncenter size-full wp-image-1498\" title=\"4\" src=\"\/pasarelaurbana\/wp-content\/uploads\/sites\/49\/2012\/09\/41.jpg\" alt=\"\" width=\"600\" height=\"448\" srcset=\"https:\/\/static-blogs.diariosur.es\/wp-content\/uploads\/sites\/49\/2012\/09\/41.jpg 600w, https:\/\/static-blogs.diariosur.es\/wp-content\/uploads\/sites\/49\/2012\/09\/41-300x224.jpg 300w\" sizes=\"(max-width: 600px) 100vw, 600px\" \/><\/a><\/p>\n<p><a href=\"\/pasarelaurbana\/wp-content\/uploads\/sites\/49\/2012\/09\/31.jpg\"><img loading=\"lazy\" class=\"aligncenter size-full wp-image-1497\" title=\"3\" src=\"\/pasarelaurbana\/wp-content\/uploads\/sites\/49\/2012\/09\/31.jpg\" alt=\"\" width=\"600\" height=\"803\" srcset=\"https:\/\/static-blogs.diariosur.es\/wp-content\/uploads\/sites\/49\/2012\/09\/31.jpg 600w, https:\/\/static-blogs.diariosur.es\/wp-content\/uploads\/sites\/49\/2012\/09\/31-224x300.jpg 224w\" sizes=\"(max-width: 600px) 100vw, 600px\" \/><\/a><\/p>\n<p style=\"text-align: center;\"><strong>To\u00f1i Garc\u00eda<\/strong>. Estudiante de LADE. 26 a\u00f1os<\/p>\n<p style=\"text-align: center;\">Camiseta: Stradivarius<\/p>\n<p style=\"text-align: center;\">Falda: Zara<\/p>\n<p style=\"text-align: center;\">Sandalias: Primark<\/p>\n<p style=\"text-align: center;\">Bolso: Misako<\/p>\n<p>&nbsp;<\/p>\n","protected":false},"excerpt":{"rendered":"<p>Hoy toca una nueva entrega de street style. Y la protagonista en esta ocasi\u00f3n es una falda vaquera de efecto tie dye (el desgadtado de toda la vida) y corte a la cintura (mi favorito!) con maxi lazada (mi debilidad!).\u00a0 Me encanta c\u00f3mo queda porque logra un resultado hiper femenino y sofisticado aunque se combine [&hellip;]<\/p>\n","protected":false},"author":54,"featured_media":0,"comment_status":"open","ping_status":"closed","sticky":false,"template":"","format":"standard","meta":[],"categories":[2],"tags":[],"_links":{"self":[{"href":"https:\/\/blogs.diariosur.es\/pasarelaurbana\/wp-json\/wp\/v2\/posts\/1494"}],"collection":[{"href":"https:\/\/blogs.diariosur.es\/pasarelaurbana\/wp-json\/wp\/v2\/posts"}],"about":[{"href":"https:\/\/blogs.diariosur.es\/pasarelaurbana\/wp-json\/wp\/v2\/types\/post"}],"author":[{"embeddable":true,"href":"https:\/\/blogs.diariosur.es\/pasarelaurbana\/wp-json\/wp\/v2\/users\/54"}],"replies":[{"embeddable":true,"href":"https:\/\/blogs.diariosur.es\/pasarelaurbana\/wp-json\/wp\/v2\/comments?post=1494"}],"version-history":[{"count":0,"href":"https:\/\/blogs.diariosur.es\/pasarelaurbana\/wp-json\/wp\/v2\/posts\/1494\/revisions"}],"wp:attachment":[{"href":"https:\/\/blogs.diariosur.es\/pasarelaurbana\/wp-json\/wp\/v2\/media?parent=1494"}],"wp:term":[{"taxonomy":"category","embeddable":true,"href":"https:\/\/blogs.diariosur.es\/pasarelaurbana\/wp-json\/wp\/v2\/categories?post=1494"},{"taxonomy":"post_tag","embeddable":true,"href":"https:\/\/blogs.diariosur.es\/pasarelaurbana\/wp-json\/wp\/v2\/tags?post=1494"}],"curies":[{"name":"wp","href":"https:\/\/api.w.org\/{rel}","templated":true}]}}