{"id":1503,"date":"2012-09-06T14:20:12","date_gmt":"2012-09-06T14:20:12","guid":{"rendered":"http:\/\/blogs.diariosur.es\/pasarelaurbana\/?p=1503"},"modified":"2012-09-06T14:20:12","modified_gmt":"2012-09-06T14:20:12","slug":"enamorada-de-josep-font","status":"publish","type":"post","link":"https:\/\/blogs.diariosur.es\/pasarelaurbana\/2012\/09\/06\/enamorada-de-josep-font\/","title":{"rendered":"Enamorada de Josep Font"},"content":{"rendered":"<p>Buenas! Se acab\u00f3 la Fashion Week! Y ten\u00eda una asignatura pendiente: hacer <strong>balance de\u00a0 Cibeles<\/strong> y seleccionaros los que a mi humilde parecer han sido <span style=\"text-decoration: underline;\">los <em>look<\/em> estrella<\/span> que hemos visto a lo largo de estos d\u00edas sobre la pasarela y que ya estoy deseando que las principales tiendas <em>low cos<\/em>t copien para poderme hacer al menos con una versi\u00f3n econ\u00f3mica. Han sido d\u00edas muy intensos en los que como buena fashion victim no me he despegado ni del Twitter ni de las principales web de moda para seguir minuto a minuto lo que se coc\u00eda en la MBFW, sin duda el principal escaparate nacional donde se dictan las tendencias que reinar\u00e1n en las pr\u00f3ximas temporadas sobre el asfalto y que a bien seguro veremos en nuestras sesiones de <em>street style<\/em> malague\u00f1o. Dicho esto, y despu\u00e9s de ver y estudiar con lupa los cerca de 40 desfiles el primer titular que os puedo dar es que me he ENAMORADO con may\u00fasculas de las propuestas de <strong>Josep Font<\/strong> para Jes\u00fas del Pozo.\u00a0 Siluetas modernistas, vol\u00famenes rom\u00e1nticos y cortes impecables dominan una colecci\u00f3n preciosa, plagada de detalles hiperfemeninos que no solo me han conquistado a mi sino a la cr\u00edtica practicamente en pleno gracias a sus vestidos de encajes exquisitos, sus\u00a0 pantalones de talle alto y sus blusas vaporosas.<\/p>\n<p>Junto a la colecci\u00f3n de Font, me han gustado bastante aunque a otro nivel, las de Ailanto, (inspirada en la obra del arquitecto italiano Gio Ponti ), Victorio&#038;Lucchino (con su apuesta por el lujo oriental) , las prendas blancas caladas de Sita Murt, los vestidos working girl en versi\u00f3n sobria de nuestro malague\u00f1o David Delf\u00edn o los outfits basados en el folclore espa\u00f1ol de Juana Mart\u00edn.<\/p>\n<p>Os dejo con mi selecci\u00f3n, espero que os guste!<\/p>\n<p>&nbsp;<\/p>\n<p style=\"text-align: center;\"><span style=\"text-decoration: underline;\"><strong>JOSEP FONT PARA JES\u00daS DEL POZO<\/strong><\/span><\/p>\n<p><a href=\"\/pasarelaurbana\/wp-content\/uploads\/sites\/49\/2012\/09\/font3.jpg\"><img loading=\"lazy\" class=\"aligncenter size-full wp-image-1520\" title=\"font3\" src=\"\/pasarelaurbana\/wp-content\/uploads\/sites\/49\/2012\/09\/font3.jpg\" alt=\"\" width=\"600\" height=\"900\" srcset=\"https:\/\/static-blogs.diariosur.es\/wp-content\/uploads\/sites\/49\/2012\/09\/font3.jpg 600w, https:\/\/static-blogs.diariosur.es\/wp-content\/uploads\/sites\/49\/2012\/09\/font3-200x300.jpg 200w\" sizes=\"(max-width: 600px) 100vw, 600px\" \/><\/a><!--more--><\/p>\n<p><a href=\"\/pasarelaurbana\/wp-content\/uploads\/sites\/49\/2012\/09\/font2.jpg\"><img loading=\"lazy\" class=\"aligncenter size-full wp-image-1519\" title=\"font2\" src=\"\/pasarelaurbana\/wp-content\/uploads\/sites\/49\/2012\/09\/font2.jpg\" alt=\"\" width=\"600\" height=\"900\" srcset=\"https:\/\/static-blogs.diariosur.es\/wp-content\/uploads\/sites\/49\/2012\/09\/font2.jpg 600w, https:\/\/static-blogs.diariosur.es\/wp-content\/uploads\/sites\/49\/2012\/09\/font2-200x300.jpg 200w\" sizes=\"(max-width: 600px) 100vw, 600px\" \/><\/a><\/p>\n<p><a href=\"\/pasarelaurbana\/wp-content\/uploads\/sites\/49\/2012\/09\/font1.jpg\"><img loading=\"lazy\" class=\"aligncenter size-full wp-image-1518\" title=\"font1\" src=\"\/pasarelaurbana\/wp-content\/uploads\/sites\/49\/2012\/09\/font1.jpg\" alt=\"\" width=\"600\" height=\"900\" srcset=\"https:\/\/static-blogs.diariosur.es\/wp-content\/uploads\/sites\/49\/2012\/09\/font1.jpg 600w, https:\/\/static-blogs.diariosur.es\/wp-content\/uploads\/sites\/49\/2012\/09\/font1-200x300.jpg 200w\" sizes=\"(max-width: 600px) 100vw, 600px\" \/><\/a><\/p>\n<p><a href=\"\/pasarelaurbana\/wp-content\/uploads\/sites\/49\/2012\/09\/font4.jpg\"><img loading=\"lazy\" class=\"aligncenter size-full wp-image-1521\" title=\"font4\" src=\"\/pasarelaurbana\/wp-content\/uploads\/sites\/49\/2012\/09\/font4.jpg\" alt=\"\" width=\"600\" height=\"900\" srcset=\"https:\/\/static-blogs.diariosur.es\/wp-content\/uploads\/sites\/49\/2012\/09\/font4.jpg 600w, https:\/\/static-blogs.diariosur.es\/wp-content\/uploads\/sites\/49\/2012\/09\/font4-200x300.jpg 200w\" sizes=\"(max-width: 600px) 100vw, 600px\" \/><\/a><\/p>\n<p><a href=\"\/pasarelaurbana\/wp-content\/uploads\/sites\/49\/2012\/09\/font5.jpg\"><img loading=\"lazy\" class=\"aligncenter size-full wp-image-1522\" title=\"font5\" src=\"\/pasarelaurbana\/wp-content\/uploads\/sites\/49\/2012\/09\/font5.jpg\" alt=\"\" width=\"600\" height=\"900\" srcset=\"https:\/\/static-blogs.diariosur.es\/wp-content\/uploads\/sites\/49\/2012\/09\/font5.jpg 600w, https:\/\/static-blogs.diariosur.es\/wp-content\/uploads\/sites\/49\/2012\/09\/font5-200x300.jpg 200w\" sizes=\"(max-width: 600px) 100vw, 600px\" \/><\/a><\/p>\n<p><a href=\"\/pasarelaurbana\/wp-content\/uploads\/sites\/49\/2012\/09\/font6.jpg\"><img loading=\"lazy\" class=\"aligncenter size-full wp-image-1523\" title=\"font6\" src=\"\/pasarelaurbana\/wp-content\/uploads\/sites\/49\/2012\/09\/font6.jpg\" alt=\"\" width=\"600\" height=\"900\" srcset=\"https:\/\/static-blogs.diariosur.es\/wp-content\/uploads\/sites\/49\/2012\/09\/font6.jpg 600w, https:\/\/static-blogs.diariosur.es\/wp-content\/uploads\/sites\/49\/2012\/09\/font6-200x300.jpg 200w\" sizes=\"(max-width: 600px) 100vw, 600px\" \/><\/a><\/p>\n<p style=\"text-align: center;\"><span style=\"text-decoration: underline;\"><strong>\u00a0VICTORIO &#038; LUCCHINO<\/strong><\/span><\/p>\n<p>&nbsp;<\/p>\n<p><a href=\"\/pasarelaurbana\/wp-content\/uploads\/sites\/49\/2012\/09\/vl21.jpg\"><img loading=\"lazy\" class=\"aligncenter size-full wp-image-1524\" title=\"vl2\" src=\"\/pasarelaurbana\/wp-content\/uploads\/sites\/49\/2012\/09\/vl21.jpg\" alt=\"\" width=\"600\" height=\"900\" srcset=\"https:\/\/static-blogs.diariosur.es\/wp-content\/uploads\/sites\/49\/2012\/09\/vl21.jpg 600w, https:\/\/static-blogs.diariosur.es\/wp-content\/uploads\/sites\/49\/2012\/09\/vl21-200x300.jpg 200w\" sizes=\"(max-width: 600px) 100vw, 600px\" \/><\/a><\/p>\n<p>&nbsp;<\/p>\n<p><a href=\"\/pasarelaurbana\/wp-content\/uploads\/sites\/49\/2012\/09\/vl1.jpg\"><img loading=\"lazy\" class=\"aligncenter size-full wp-image-1534\" title=\"vl1\" src=\"\/pasarelaurbana\/wp-content\/uploads\/sites\/49\/2012\/09\/vl1.jpg\" alt=\"\" width=\"600\" height=\"900\" srcset=\"https:\/\/static-blogs.diariosur.es\/wp-content\/uploads\/sites\/49\/2012\/09\/vl1.jpg 600w, https:\/\/static-blogs.diariosur.es\/wp-content\/uploads\/sites\/49\/2012\/09\/vl1-200x300.jpg 200w\" sizes=\"(max-width: 600px) 100vw, 600px\" \/><\/a><\/p>\n<p>&nbsp;<\/p>\n<p>&nbsp;<\/p>\n<p style=\"text-align: center;\"><span style=\"text-decoration: underline;\"><strong>\u00a0AILANTO<\/strong><\/span><\/p>\n<p>&nbsp;<\/p>\n<p><a href=\"\/pasarelaurbana\/wp-content\/uploads\/sites\/49\/2012\/09\/ailanto1.jpg\"><img loading=\"lazy\" class=\"aligncenter size-full wp-image-1515\" title=\"ailanto1\" src=\"\/pasarelaurbana\/wp-content\/uploads\/sites\/49\/2012\/09\/ailanto1.jpg\" alt=\"\" width=\"600\" height=\"900\" \/><\/a><\/p>\n<p><a href=\"\/pasarelaurbana\/wp-content\/uploads\/sites\/49\/2012\/09\/ailanto2.jpg\"><img loading=\"lazy\" class=\"aligncenter size-full wp-image-1506\" title=\"ailanto2\" src=\"\/pasarelaurbana\/wp-content\/uploads\/sites\/49\/2012\/09\/ailanto2.jpg\" alt=\"\" width=\"600\" height=\"900\" srcset=\"https:\/\/static-blogs.diariosur.es\/wp-content\/uploads\/sites\/49\/2012\/09\/ailanto2.jpg 600w, https:\/\/static-blogs.diariosur.es\/wp-content\/uploads\/sites\/49\/2012\/09\/ailanto2-200x300.jpg 200w\" sizes=\"(max-width: 600px) 100vw, 600px\" \/><\/a><\/p>\n<p><a href=\"\/pasarelaurbana\/wp-content\/uploads\/sites\/49\/2012\/09\/ailanto3.jpg\"><img loading=\"lazy\" class=\"aligncenter size-full wp-image-1507\" title=\"ailanto3\" src=\"\/pasarelaurbana\/wp-content\/uploads\/sites\/49\/2012\/09\/ailanto3.jpg\" alt=\"\" width=\"599\" height=\"899\" srcset=\"https:\/\/static-blogs.diariosur.es\/wp-content\/uploads\/sites\/49\/2012\/09\/ailanto3.jpg 599w, https:\/\/static-blogs.diariosur.es\/wp-content\/uploads\/sites\/49\/2012\/09\/ailanto3-200x300.jpg 200w\" sizes=\"(max-width: 599px) 100vw, 599px\" \/><\/a><\/p>\n<p><a href=\"\/pasarelaurbana\/wp-content\/uploads\/sites\/49\/2012\/09\/ailanto4.jpg\"><img loading=\"lazy\" class=\"aligncenter size-full wp-image-1516\" title=\"ailanto4\" src=\"\/pasarelaurbana\/wp-content\/uploads\/sites\/49\/2012\/09\/ailanto4.jpg\" alt=\"\" width=\"600\" height=\"900\" srcset=\"https:\/\/static-blogs.diariosur.es\/wp-content\/uploads\/sites\/49\/2012\/09\/ailanto4.jpg 600w, https:\/\/static-blogs.diariosur.es\/wp-content\/uploads\/sites\/49\/2012\/09\/ailanto4-200x300.jpg 200w\" sizes=\"(max-width: 600px) 100vw, 600px\" \/><\/a><\/p>\n<p style=\"text-align: center;\"><span style=\"text-decoration: underline;\"><strong>\u00a0DAVID DELF\u00cdN<\/strong><\/span><\/p>\n<p>&nbsp;<\/p>\n<p><a href=\"\/pasarelaurbana\/wp-content\/uploads\/sites\/49\/2012\/09\/daviddelfin.jpg\"><img loading=\"lazy\" class=\"aligncenter size-full wp-image-1512\" title=\"daviddelfin\" src=\"\/pasarelaurbana\/wp-content\/uploads\/sites\/49\/2012\/09\/daviddelfin.jpg\" alt=\"\" width=\"600\" height=\"900\" srcset=\"https:\/\/static-blogs.diariosur.es\/wp-content\/uploads\/sites\/49\/2012\/09\/daviddelfin.jpg 600w, https:\/\/static-blogs.diariosur.es\/wp-content\/uploads\/sites\/49\/2012\/09\/daviddelfin-200x300.jpg 200w\" sizes=\"(max-width: 600px) 100vw, 600px\" \/><\/a><\/p>\n<p><a href=\"\/pasarelaurbana\/wp-content\/uploads\/sites\/49\/2012\/09\/daviddelfin2.jpg\"><img loading=\"lazy\" class=\"aligncenter size-full wp-image-1511\" title=\"daviddelfin2\" src=\"\/pasarelaurbana\/wp-content\/uploads\/sites\/49\/2012\/09\/daviddelfin2.jpg\" alt=\"\" width=\"600\" height=\"900\" srcset=\"https:\/\/static-blogs.diariosur.es\/wp-content\/uploads\/sites\/49\/2012\/09\/daviddelfin2.jpg 600w, https:\/\/static-blogs.diariosur.es\/wp-content\/uploads\/sites\/49\/2012\/09\/daviddelfin2-200x300.jpg 200w\" sizes=\"(max-width: 600px) 100vw, 600px\" \/><\/a><\/p>\n<p style=\"text-align: center;\"><span style=\"text-decoration: underline;\"><strong>\u00a0ANA LOCKING<\/strong><\/span><\/p>\n<p><a href=\"\/pasarelaurbana\/wp-content\/uploads\/sites\/49\/2012\/09\/analocking1.jpg\"><img loading=\"lazy\" class=\"aligncenter size-full wp-image-1510\" title=\"analocking1\" src=\"\/pasarelaurbana\/wp-content\/uploads\/sites\/49\/2012\/09\/analocking1.jpg\" alt=\"\" width=\"600\" height=\"900\" srcset=\"https:\/\/static-blogs.diariosur.es\/wp-content\/uploads\/sites\/49\/2012\/09\/analocking1.jpg 600w, https:\/\/static-blogs.diariosur.es\/wp-content\/uploads\/sites\/49\/2012\/09\/analocking1-200x300.jpg 200w\" sizes=\"(max-width: 600px) 100vw, 600px\" \/><\/a><\/p>\n<p style=\"text-align: center;\">\n<p style=\"text-align: center;\"><span style=\"text-decoration: underline;\"><strong>DEVOTA &#038; LOMBA<\/strong><\/span><\/p>\n<p><a href=\"\/pasarelaurbana\/wp-content\/uploads\/sites\/49\/2012\/09\/hlaguna.jpg\"><img loading=\"lazy\" class=\"aligncenter size-full wp-image-1526\" title=\"hlaguna\" src=\"\/pasarelaurbana\/wp-content\/uploads\/sites\/49\/2012\/09\/hlaguna.jpg\" alt=\"\" width=\"600\" height=\"900\" srcset=\"https:\/\/static-blogs.diariosur.es\/wp-content\/uploads\/sites\/49\/2012\/09\/hlaguna.jpg 600w, https:\/\/static-blogs.diariosur.es\/wp-content\/uploads\/sites\/49\/2012\/09\/hlaguna-200x300.jpg 200w\" sizes=\"(max-width: 600px) 100vw, 600px\" \/><\/a><\/p>\n<p><a href=\"\/pasarelaurbana\/wp-content\/uploads\/sites\/49\/2012\/09\/devotalomba.jpg\"><img loading=\"lazy\" class=\"aligncenter size-full wp-image-1513\" title=\"devotalomba\" src=\"\/pasarelaurbana\/wp-content\/uploads\/sites\/49\/2012\/09\/devotalomba.jpg\" alt=\"\" width=\"600\" height=\"900\" srcset=\"https:\/\/static-blogs.diariosur.es\/wp-content\/uploads\/sites\/49\/2012\/09\/devotalomba.jpg 600w, https:\/\/static-blogs.diariosur.es\/wp-content\/uploads\/sites\/49\/2012\/09\/devotalomba-200x300.jpg 200w\" sizes=\"(max-width: 600px) 100vw, 600px\" \/><\/a><\/p>\n<p>&nbsp;<\/p>\n<p style=\"text-align: center;\"><span style=\"text-decoration: underline;\"><strong>\u00a0SITA MURT<\/strong><\/span><\/p>\n<p><a href=\"\/pasarelaurbana\/wp-content\/uploads\/sites\/49\/2012\/09\/sitamurt.jpg\"><img loading=\"lazy\" class=\"aligncenter size-full wp-image-1531\" title=\"sitamurt\" src=\"\/pasarelaurbana\/wp-content\/uploads\/sites\/49\/2012\/09\/sitamurt.jpg\" alt=\"\" width=\"600\" height=\"900\" srcset=\"https:\/\/static-blogs.diariosur.es\/wp-content\/uploads\/sites\/49\/2012\/09\/sitamurt.jpg 600w, https:\/\/static-blogs.diariosur.es\/wp-content\/uploads\/sites\/49\/2012\/09\/sitamurt-200x300.jpg 200w\" sizes=\"(max-width: 600px) 100vw, 600px\" \/><\/a><\/p>\n<p><a href=\"\/pasarelaurbana\/wp-content\/uploads\/sites\/49\/2012\/09\/sitamdosjpg.jpg\"><img loading=\"lazy\" class=\"aligncenter  wp-image-1530\" title=\"sitamdosjpg\" src=\"\/pasarelaurbana\/wp-content\/uploads\/sites\/49\/2012\/09\/sitamdosjpg.jpg\" alt=\"\" width=\"600\" height=\"900\" srcset=\"https:\/\/static-blogs.diariosur.es\/wp-content\/uploads\/sites\/49\/2012\/09\/sitamdosjpg.jpg 600w, https:\/\/static-blogs.diariosur.es\/wp-content\/uploads\/sites\/49\/2012\/09\/sitamdosjpg-200x300.jpg 200w\" sizes=\"(max-width: 600px) 100vw, 600px\" \/><\/a><\/p>\n<p style=\"text-align: center;\"><span style=\"text-decoration: underline;\"><strong>\u00a0ROBERTO VERINO<\/strong><\/span><\/p>\n<p><a href=\"\/pasarelaurbana\/wp-content\/uploads\/sites\/49\/2012\/09\/verino1jpg.jpg\"><img loading=\"lazy\" class=\"aligncenter size-full wp-image-1533\" title=\"verino1jpg\" src=\"\/pasarelaurbana\/wp-content\/uploads\/sites\/49\/2012\/09\/verino1jpg.jpg\" alt=\"\" width=\"600\" height=\"900\" srcset=\"https:\/\/static-blogs.diariosur.es\/wp-content\/uploads\/sites\/49\/2012\/09\/verino1jpg.jpg 600w, https:\/\/static-blogs.diariosur.es\/wp-content\/uploads\/sites\/49\/2012\/09\/verino1jpg-200x300.jpg 200w\" sizes=\"(max-width: 600px) 100vw, 600px\" \/><\/a><\/p>\n<p style=\"text-align: center;\"><span style=\"text-decoration: underline;\"><strong>\u00a0TERESA HELBIG<\/strong><\/span><\/p>\n<p><a href=\"\/pasarelaurbana\/wp-content\/uploads\/sites\/49\/2012\/09\/teresahelbig1jpg.jpg\"><img loading=\"lazy\" class=\"aligncenter size-full wp-image-1532\" title=\"teresahelbig1jpg\" src=\"\/pasarelaurbana\/wp-content\/uploads\/sites\/49\/2012\/09\/teresahelbig1jpg.jpg\" alt=\"\" width=\"600\" height=\"900\" srcset=\"https:\/\/static-blogs.diariosur.es\/wp-content\/uploads\/sites\/49\/2012\/09\/teresahelbig1jpg.jpg 600w, https:\/\/static-blogs.diariosur.es\/wp-content\/uploads\/sites\/49\/2012\/09\/teresahelbig1jpg-200x300.jpg 200w\" sizes=\"(max-width: 600px) 100vw, 600px\" \/><\/a><\/p>\n<p style=\"text-align: center;\">\n<p style=\"text-align: center;\"><span style=\"text-decoration: underline;\"><strong>\u00a0MARIA ESCOTE<\/strong><\/span><\/p>\n<p style=\"text-align: center;\"><a href=\"\/pasarelaurbana\/wp-content\/uploads\/sites\/49\/2012\/09\/mariaescote.jpg\"><img loading=\"lazy\" class=\"aligncenter size-full wp-image-1529\" title=\"mariaescote\" src=\"\/pasarelaurbana\/wp-content\/uploads\/sites\/49\/2012\/09\/mariaescote.jpg\" alt=\"\" width=\"600\" height=\"900\" srcset=\"https:\/\/static-blogs.diariosur.es\/wp-content\/uploads\/sites\/49\/2012\/09\/mariaescote.jpg 600w, https:\/\/static-blogs.diariosur.es\/wp-content\/uploads\/sites\/49\/2012\/09\/mariaescote-200x300.jpg 200w\" sizes=\"(max-width: 600px) 100vw, 600px\" \/><\/a><\/p>\n<p style=\"text-align: center;\"><strong><span style=\"text-decoration: underline;\">\u00a0JUANA MART\u00cdN<\/span><\/strong><\/p>\n<p style=\"text-align: center;\"><a href=\"\/pasarelaurbana\/wp-content\/uploads\/sites\/49\/2012\/09\/juanamartin.jpg\"><img loading=\"lazy\" class=\"aligncenter size-full wp-image-1527\" title=\"juanamartin\" src=\"\/pasarelaurbana\/wp-content\/uploads\/sites\/49\/2012\/09\/juanamartin.jpg\" alt=\"\" width=\"600\" height=\"900\" srcset=\"https:\/\/static-blogs.diariosur.es\/wp-content\/uploads\/sites\/49\/2012\/09\/juanamartin.jpg 600w, https:\/\/static-blogs.diariosur.es\/wp-content\/uploads\/sites\/49\/2012\/09\/juanamartin-200x300.jpg 200w\" sizes=\"(max-width: 600px) 100vw, 600px\" \/><\/a><\/p>\n<p style=\"text-align: center;\"><a href=\"\/pasarelaurbana\/wp-content\/uploads\/sites\/49\/2012\/09\/juanamartindos.jpg\"><img loading=\"lazy\" class=\"aligncenter size-full wp-image-1528\" title=\"juanamartindos\" src=\"\/pasarelaurbana\/wp-content\/uploads\/sites\/49\/2012\/09\/juanamartindos.jpg\" alt=\"\" width=\"600\" height=\"900\" srcset=\"https:\/\/static-blogs.diariosur.es\/wp-content\/uploads\/sites\/49\/2012\/09\/juanamartindos.jpg 600w, https:\/\/static-blogs.diariosur.es\/wp-content\/uploads\/sites\/49\/2012\/09\/juanamartindos-200x300.jpg 200w\" sizes=\"(max-width: 600px) 100vw, 600px\" \/><\/a><\/p>\n<p style=\"text-align: center;\"><span style=\"text-decoration: underline;\"><strong>\u00a0FRANCIS MONTESINOS<\/strong><\/span><\/p>\n<p>&nbsp;<\/p>\n<p><a href=\"\/pasarelaurbana\/wp-content\/uploads\/sites\/49\/2012\/09\/francsimontesinos.jpg\"><img loading=\"lazy\" class=\"aligncenter size-full wp-image-1525\" title=\"francsimontesinos\" src=\"\/pasarelaurbana\/wp-content\/uploads\/sites\/49\/2012\/09\/francsimontesinos.jpg\" alt=\"\" width=\"600\" height=\"900\" srcset=\"https:\/\/static-blogs.diariosur.es\/wp-content\/uploads\/sites\/49\/2012\/09\/francsimontesinos.jpg 600w, https:\/\/static-blogs.diariosur.es\/wp-content\/uploads\/sites\/49\/2012\/09\/francsimontesinos-200x300.jpg 200w\" sizes=\"(max-width: 600px) 100vw, 600px\" \/><\/a><\/p>\n<p style=\"text-align: center;\"><span style=\"text-decoration: underline;\"><strong>\u00a0DOLORES CORT\u00c9S<\/strong><\/span><\/p>\n<p>&nbsp;<\/p>\n<p><a href=\"\/pasarelaurbana\/wp-content\/uploads\/sites\/49\/2012\/09\/dolorescortes.jpg\"><img loading=\"lazy\" class=\"aligncenter size-full wp-image-1505\" title=\"dolorescortes\" src=\"\/pasarelaurbana\/wp-content\/uploads\/sites\/49\/2012\/09\/dolorescortes.jpg\" alt=\"\" width=\"600\" height=\"900\" srcset=\"https:\/\/static-blogs.diariosur.es\/wp-content\/uploads\/sites\/49\/2012\/09\/dolorescortes.jpg 600w, https:\/\/static-blogs.diariosur.es\/wp-content\/uploads\/sites\/49\/2012\/09\/dolorescortes-200x300.jpg 200w\" sizes=\"(max-width: 600px) 100vw, 600px\" \/><\/a><\/p>\n<p>&nbsp;<\/p>\n","protected":false},"excerpt":{"rendered":"<p>Buenas! Se acab\u00f3 la Fashion Week! Y ten\u00eda una asignatura pendiente: hacer balance de\u00a0 Cibeles y seleccionaros los que a mi humilde parecer han sido los look estrella que hemos visto a lo largo de estos d\u00edas sobre la pasarela y que ya estoy deseando que las principales tiendas low cost copien para poderme hacer [&hellip;]<\/p>\n","protected":false},"author":54,"featured_media":0,"comment_status":"open","ping_status":"closed","sticky":false,"template":"","format":"standard","meta":[],"categories":[2],"tags":[],"_links":{"self":[{"href":"https:\/\/blogs.diariosur.es\/pasarelaurbana\/wp-json\/wp\/v2\/posts\/1503"}],"collection":[{"href":"https:\/\/blogs.diariosur.es\/pasarelaurbana\/wp-json\/wp\/v2\/posts"}],"about":[{"href":"https:\/\/blogs.diariosur.es\/pasarelaurbana\/wp-json\/wp\/v2\/types\/post"}],"author":[{"embeddable":true,"href":"https:\/\/blogs.diariosur.es\/pasarelaurbana\/wp-json\/wp\/v2\/users\/54"}],"replies":[{"embeddable":true,"href":"https:\/\/blogs.diariosur.es\/pasarelaurbana\/wp-json\/wp\/v2\/comments?post=1503"}],"version-history":[{"count":0,"href":"https:\/\/blogs.diariosur.es\/pasarelaurbana\/wp-json\/wp\/v2\/posts\/1503\/revisions"}],"wp:attachment":[{"href":"https:\/\/blogs.diariosur.es\/pasarelaurbana\/wp-json\/wp\/v2\/media?parent=1503"}],"wp:term":[{"taxonomy":"category","embeddable":true,"href":"https:\/\/blogs.diariosur.es\/pasarelaurbana\/wp-json\/wp\/v2\/categories?post=1503"},{"taxonomy":"post_tag","embeddable":true,"href":"https:\/\/blogs.diariosur.es\/pasarelaurbana\/wp-json\/wp\/v2\/tags?post=1503"}],"curies":[{"name":"wp","href":"https:\/\/api.w.org\/{rel}","templated":true}]}}