{"id":1563,"date":"2012-09-07T16:20:02","date_gmt":"2012-09-07T16:20:02","guid":{"rendered":"http:\/\/blogs.diariosur.es\/pasarelaurbana\/?p=1563"},"modified":"2012-09-07T16:20:02","modified_gmt":"2012-09-07T16:20:02","slug":"reencuentro-con-tailandia-en-un-look-etnico","status":"publish","type":"post","link":"https:\/\/blogs.diariosur.es\/pasarelaurbana\/2012\/09\/07\/reencuentro-con-tailandia-en-un-look-etnico\/","title":{"rendered":"Reencuentro con Tailandia en un look \u00e9tnico"},"content":{"rendered":"<p>Buenas! Ya estamos a viernes! Acabo de dejar preparado el post especial de fin de semana que podr\u00e9is ver ma\u00f1ana en SUR.es y el domingo en el magn\u00edfico suplemento de SUR Gente de M\u00e1laga. Esta vez os traigo un nuevo armario de una dise\u00f1adora muy conocida en M\u00e1laga que hace un par de a\u00f1os desfil\u00f3 sus obras en Cibeles. \u00bfSab\u00e9is qui\u00e9n es? No os lo perd\u00e1is porque tiene looks bastante interesantes que a mi personalmente me han conquistado. Y mientras tanto, os dejo entretenidos esta tarde con un outfit de cosecha propia que me hace mucha ilusi\u00f3n ense\u00f1aros. Se trata de un estilismo de inspiraci\u00f3n \u00e9tnica con cintur\u00f3n joya que le da un toque a mi juicio muy especial al conjunto. La pieza clave del look es una falda negra bordada a mano por una tribu del norte de Tailandia que adquir\u00ed en mi viaje de novios hace tres a\u00f1os. En aquel momento me la compr\u00e9 b\u00e1sicamente por su valor artesanal, dado que la estaban cosiendo a mano unas mujeres y me pareci\u00f3 una maravilla solo por el trabajo que ten\u00eda, pero una vez que llegu\u00e9 a M\u00e1laga no volv\u00ed a pon\u00e9rmela porque no sab\u00eda bien c\u00f3mo combinarla para darle el efecto boho chic que deseaba. Pues bien, este verano la rescat\u00e9 del altillo y el otro d\u00eda al abrir mi armario se me encendi\u00f3 la bombilla y prob\u00e9 a mezclarla con una camisa entallada rojo coral de cuello mao, cintur\u00f3n con apliques cobre y zapatos rojos vintage. \u00a1El resultado me encant\u00f3! Lo que me pregunto es c\u00f3mo no se me hab\u00eda ocurrido antes porque me encanta!!! Y a partir de ahora pienso explotarla al m\u00e1ximo. Con lo que se llevar\u00e1 el rojo este oto\u00f1o ya estoy loca por comprarme un jersey para pon\u00e9rmelo con la falda y con algunas botas bajas. Seguir\u00e9 ideando!!!! Pero la falda no es el \u00fanico reencuentro que encierra este look, los zapatos tambi\u00e9n son otro descubrimiento. No soy de comprar cosas de segunda mano, pero  hace a\u00f1os en una boutique preciosa tipo anticuario encontr\u00e9 estos zapatos que me parecieron s\u00faper chulos y que estaban nuevos. Val\u00edan tres duros y me los llev\u00e9 a casa en uno de esos ataques consumistas, pero luego no se por qu\u00e9 tampoco les di uso. El otro d\u00eda cuando ideaba este outfit me acord\u00e9 de ellos y los rescat\u00e9 del fondo de armario de los zapatos. Y ahora me parecen mon\u00edsimos!!! Moraleja: Ahora que estamos en crisis, bucead en vuestros armarios porque seguro que ten\u00e9is aut\u00e9nticos tesoros olvidados!! Os dejo con mi experimento, a ver qu\u00e9 os parece! <\/p>\n<p><a href=\"\/pasarelaurbana\/wp-content\/uploads\/sites\/49\/2012\/09\/110.jpg\"><img loading=\"lazy\" class=\"aligncenter size-full wp-image-1565\" title=\"1\" src=\"\/pasarelaurbana\/wp-content\/uploads\/sites\/49\/2012\/09\/110.jpg\" alt=\"\" width=\"600\" height=\"804\" srcset=\"https:\/\/static-blogs.diariosur.es\/wp-content\/uploads\/sites\/49\/2012\/09\/110.jpg 600w, https:\/\/static-blogs.diariosur.es\/wp-content\/uploads\/sites\/49\/2012\/09\/110-224x300.jpg 224w\" sizes=\"(max-width: 600px) 100vw, 600px\" \/><\/a><\/p>\n<p><!--more--><\/p>\n<p><a href=\"\/pasarelaurbana\/wp-content\/uploads\/sites\/49\/2012\/09\/33.jpg\"><img loading=\"lazy\" class=\"aligncenter size-full wp-image-1567\" title=\"3\" src=\"\/pasarelaurbana\/wp-content\/uploads\/sites\/49\/2012\/09\/33.jpg\" alt=\"\" width=\"600\" height=\"804\" srcset=\"https:\/\/static-blogs.diariosur.es\/wp-content\/uploads\/sites\/49\/2012\/09\/33.jpg 600w, https:\/\/static-blogs.diariosur.es\/wp-content\/uploads\/sites\/49\/2012\/09\/33-224x300.jpg 224w\" sizes=\"(max-width: 600px) 100vw, 600px\" \/><\/a><\/p>\n<p><a href=\"\/pasarelaurbana\/wp-content\/uploads\/sites\/49\/2012\/09\/27.jpg\"><img loading=\"lazy\" class=\"aligncenter size-full wp-image-1566\" title=\"2\" src=\"\/pasarelaurbana\/wp-content\/uploads\/sites\/49\/2012\/09\/27.jpg\" alt=\"\" width=\"600\" height=\"804\" srcset=\"https:\/\/static-blogs.diariosur.es\/wp-content\/uploads\/sites\/49\/2012\/09\/27.jpg 600w, https:\/\/static-blogs.diariosur.es\/wp-content\/uploads\/sites\/49\/2012\/09\/27-224x300.jpg 224w\" sizes=\"(max-width: 600px) 100vw, 600px\" \/><\/a><\/p>\n<p><a href=\"\/pasarelaurbana\/wp-content\/uploads\/sites\/49\/2012\/09\/43.jpg\"><img loading=\"lazy\" class=\"aligncenter size-full wp-image-1568\" title=\"4\" src=\"\/pasarelaurbana\/wp-content\/uploads\/sites\/49\/2012\/09\/43.jpg\" alt=\"\" width=\"600\" height=\"804\" srcset=\"https:\/\/static-blogs.diariosur.es\/wp-content\/uploads\/sites\/49\/2012\/09\/43.jpg 600w, https:\/\/static-blogs.diariosur.es\/wp-content\/uploads\/sites\/49\/2012\/09\/43-224x300.jpg 224w\" sizes=\"(max-width: 600px) 100vw, 600px\" \/><\/a><\/p>\n<p><a href=\"\/pasarelaurbana\/wp-content\/uploads\/sites\/49\/2012\/09\/63.jpg\"><img loading=\"lazy\" class=\"aligncenter size-full wp-image-1570\" title=\"6\" src=\"\/pasarelaurbana\/wp-content\/uploads\/sites\/49\/2012\/09\/63.jpg\" alt=\"\" width=\"600\" height=\"448\" srcset=\"https:\/\/static-blogs.diariosur.es\/wp-content\/uploads\/sites\/49\/2012\/09\/63.jpg 600w, https:\/\/static-blogs.diariosur.es\/wp-content\/uploads\/sites\/49\/2012\/09\/63-300x224.jpg 300w\" sizes=\"(max-width: 600px) 100vw, 600px\" \/><\/a><\/p>\n<p><a href=\"\/pasarelaurbana\/wp-content\/uploads\/sites\/49\/2012\/09\/53.jpg\"><img loading=\"lazy\" class=\"aligncenter size-full wp-image-1569\" title=\"5\" src=\"\/pasarelaurbana\/wp-content\/uploads\/sites\/49\/2012\/09\/53.jpg\" alt=\"\" width=\"600\" height=\"804\" srcset=\"https:\/\/static-blogs.diariosur.es\/wp-content\/uploads\/sites\/49\/2012\/09\/53.jpg 600w, https:\/\/static-blogs.diariosur.es\/wp-content\/uploads\/sites\/49\/2012\/09\/53-224x300.jpg 224w\" sizes=\"(max-width: 600px) 100vw, 600px\" \/><\/a><\/p>\n<p><a href=\"\/pasarelaurbana\/wp-content\/uploads\/sites\/49\/2012\/09\/91.jpg\"><img loading=\"lazy\" class=\"aligncenter size-full wp-image-1564\" title=\"9\" src=\"\/pasarelaurbana\/wp-content\/uploads\/sites\/49\/2012\/09\/91.jpg\" alt=\"\" width=\"600\" height=\"804\" srcset=\"https:\/\/static-blogs.diariosur.es\/wp-content\/uploads\/sites\/49\/2012\/09\/91.jpg 600w, https:\/\/static-blogs.diariosur.es\/wp-content\/uploads\/sites\/49\/2012\/09\/91-224x300.jpg 224w\" sizes=\"(max-width: 600px) 100vw, 600px\" \/><\/a><\/p>\n<p><a href=\"\/pasarelaurbana\/wp-content\/uploads\/sites\/49\/2012\/09\/83.jpg\"><img loading=\"lazy\" class=\"aligncenter size-full wp-image-1571\" title=\"8\" src=\"\/pasarelaurbana\/wp-content\/uploads\/sites\/49\/2012\/09\/83.jpg\" alt=\"\" width=\"600\" height=\"448\" srcset=\"https:\/\/static-blogs.diariosur.es\/wp-content\/uploads\/sites\/49\/2012\/09\/83.jpg 600w, https:\/\/static-blogs.diariosur.es\/wp-content\/uploads\/sites\/49\/2012\/09\/83-300x224.jpg 300w\" sizes=\"(max-width: 600px) 100vw, 600px\" \/><\/a><\/p>\n<p><a href=\"\/pasarelaurbana\/wp-content\/uploads\/sites\/49\/2012\/09\/72.jpg\"><img loading=\"lazy\" class=\"aligncenter size-full wp-image-1572\" title=\"7\" src=\"\/pasarelaurbana\/wp-content\/uploads\/sites\/49\/2012\/09\/72.jpg\" alt=\"\" width=\"600\" height=\"804\" srcset=\"https:\/\/static-blogs.diariosur.es\/wp-content\/uploads\/sites\/49\/2012\/09\/72.jpg 600w, https:\/\/static-blogs.diariosur.es\/wp-content\/uploads\/sites\/49\/2012\/09\/72-224x300.jpg 224w\" sizes=\"(max-width: 600px) 100vw, 600px\" \/><\/a><\/p>\n<p style=\"text-align: center;\"><strong>Camisa<\/strong>: Zara<\/p>\n<p style=\"text-align: center;\"><strong>Falda<\/strong>: Tra\u00edda de Tailandia<\/p>\n<p style=\"text-align: center;\"><strong>Cintur\u00f3n<\/strong>: Sfera<\/p>\n<p style=\"text-align: center;\"><strong>Zapatos<\/strong>: Vintage, comprados en una tienda de segunda mano<\/p>\n<p>&nbsp;<\/p>\n","protected":false},"excerpt":{"rendered":"<p>Buenas! Ya estamos a viernes! Acabo de dejar preparado el post especial de fin de semana que podr\u00e9is ver ma\u00f1ana en SUR.es y el domingo en el magn\u00edfico suplemento de SUR Gente de M\u00e1laga. Esta vez os traigo un nuevo armario de una dise\u00f1adora muy conocida en M\u00e1laga que hace un par de a\u00f1os desfil\u00f3 [&hellip;]<\/p>\n","protected":false},"author":54,"featured_media":0,"comment_status":"open","ping_status":"closed","sticky":false,"template":"","format":"standard","meta":[],"categories":[2],"tags":[],"_links":{"self":[{"href":"https:\/\/blogs.diariosur.es\/pasarelaurbana\/wp-json\/wp\/v2\/posts\/1563"}],"collection":[{"href":"https:\/\/blogs.diariosur.es\/pasarelaurbana\/wp-json\/wp\/v2\/posts"}],"about":[{"href":"https:\/\/blogs.diariosur.es\/pasarelaurbana\/wp-json\/wp\/v2\/types\/post"}],"author":[{"embeddable":true,"href":"https:\/\/blogs.diariosur.es\/pasarelaurbana\/wp-json\/wp\/v2\/users\/54"}],"replies":[{"embeddable":true,"href":"https:\/\/blogs.diariosur.es\/pasarelaurbana\/wp-json\/wp\/v2\/comments?post=1563"}],"version-history":[{"count":0,"href":"https:\/\/blogs.diariosur.es\/pasarelaurbana\/wp-json\/wp\/v2\/posts\/1563\/revisions"}],"wp:attachment":[{"href":"https:\/\/blogs.diariosur.es\/pasarelaurbana\/wp-json\/wp\/v2\/media?parent=1563"}],"wp:term":[{"taxonomy":"category","embeddable":true,"href":"https:\/\/blogs.diariosur.es\/pasarelaurbana\/wp-json\/wp\/v2\/categories?post=1563"},{"taxonomy":"post_tag","embeddable":true,"href":"https:\/\/blogs.diariosur.es\/pasarelaurbana\/wp-json\/wp\/v2\/tags?post=1563"}],"curies":[{"name":"wp","href":"https:\/\/api.w.org\/{rel}","templated":true}]}}