{"id":1575,"date":"2012-09-10T18:48:19","date_gmt":"2012-09-10T18:48:19","guid":{"rendered":"http:\/\/blogs.diariosur.es\/pasarelaurbana\/?p=1575"},"modified":"2012-09-10T18:48:19","modified_gmt":"2012-09-10T18:48:19","slug":"100-post-10-looks-estamos-de-celebracion","status":"publish","type":"post","link":"https:\/\/blogs.diariosur.es\/pasarelaurbana\/2012\/09\/10\/100-post-10-looks-estamos-de-celebracion\/","title":{"rendered":"100 post 10 looks. Estamos de celebraci\u00f3n!!!"},"content":{"rendered":"<p>Suena a topicazo&#8230;\u00a1pero madre mia c\u00f3mo ha pasado el tiempo! Parece que fue ayer cuando comenc\u00e9 con esta aventura profesional y este blog acaba de cumplir sus primeras 100 entradas! Casi nada! Han sido seis meses muy intensos cargado de satisfacciones personales gracias a todos vosotros. No tengo palabras para describir la respuesta de la gente de M\u00e1laga con esta iniciativa de Sur.es. Recuerdo como si fuera ayer el primer d\u00eda que me plant\u00e9 en calle Larios para hacer mi primera sesi\u00f3n de street style malague\u00f1o. Iba s\u00faper ilusionada porque supon\u00eda hacer algo totalmente diferente a la labor que hab\u00eda desempe\u00f1ado durante mis \u00faltimo seis a\u00f1os de redactora en SUR, donde hasta entonces hab\u00eda estado especializada en temas de consumo y econom\u00eda dom\u00e9stica. El peri\u00f3dico, en su continua apuesta por reforzar los nuevos contenidos, hab\u00eda pensado en mi por mi afici\u00f3n por la moda para cubrir esta parcela. Y yo encantad\u00edsima. Eso s\u00ed, he de reconocer que aquella primera vez en calle Larios llegu\u00e9 cargada de escepticismo y recelos. Nunca imagin\u00e9 que la calle me sorprender\u00eda con una respuesta tan amable y generosa. A lo largo de estos meses he tenido la suerte de topar con gente encantadora y simpatiqu\u00edsima que ha aceptado sin reparos mi invitaci\u00f3n a mostrarnos su estilismo, posar para nuestra c\u00e1mara y detallarnos la procedencia de cada una de sus prendas. A todos y cada uno de vosotros un mill\u00f3n de gracias! Gracias por hacer posible este blog y gracias por lograr con vuestras visitas que esta pasarela urbana se convierta en el tercer blog m\u00e1s visitado de Sur.es.<br \/>\nBueno, y dicho esto y con la excusa de los 100 post, he decidido hacer balance y recopilar los diez looks que m\u00e1s me han gustado de estos seis meses. No est\u00e1n todos los que son pero s\u00ed son todos los que est\u00e1n&#8230;Revisando todos las entradas antiguas me he dado cuenta de las propuestas tan interesantes que me he encontrado por nuestras calles. Ha sido muy dif\u00edcil hacer la selecci\u00f3n pero finalmente he elegido estos diez outfits por las mezclas de prendas, por su originalidad y car\u00e1cter rompedor, porque me parecen estilosos, chic y sofisticados. Os dejo con ellos y con sus protagonistas&#8230;Y ma\u00f1ana seguir\u00e9 haciendo balance con los mejores looks masculinos y un repaso a los reportajes m\u00e1s interesantes de esta primera recta de andadura. Espero que os guste!!<\/p>\n<p><a href=\"\/pasarelaurbana\/wp-content\/uploads\/sites\/49\/2012\/09\/92.jpg\"><img loading=\"lazy\" class=\"aligncenter size-full wp-image-1583\" title=\"9\" src=\"\/pasarelaurbana\/wp-content\/uploads\/sites\/49\/2012\/09\/92.jpg\" alt=\"\" width=\"600\" height=\"998\" srcset=\"https:\/\/static-blogs.diariosur.es\/wp-content\/uploads\/sites\/49\/2012\/09\/92.jpg 600w, https:\/\/static-blogs.diariosur.es\/wp-content\/uploads\/sites\/49\/2012\/09\/92-180x300.jpg 180w\" sizes=\"(max-width: 600px) 100vw, 600px\" \/><\/a><!--more--><\/p>\n<p><a href=\"\/pasarelaurbana\/wp-content\/uploads\/sites\/49\/2012\/09\/102.jpg\"><img loading=\"lazy\" class=\"aligncenter size-full wp-image-1576\" title=\"10\" src=\"\/pasarelaurbana\/wp-content\/uploads\/sites\/49\/2012\/09\/102.jpg\" alt=\"\" width=\"600\" height=\"894\" srcset=\"https:\/\/static-blogs.diariosur.es\/wp-content\/uploads\/sites\/49\/2012\/09\/102.jpg 600w, https:\/\/static-blogs.diariosur.es\/wp-content\/uploads\/sites\/49\/2012\/09\/102-201x300.jpg 201w\" sizes=\"(max-width: 600px) 100vw, 600px\" \/><\/a><\/p>\n<p style=\"text-align: center;\"><strong>Loreto Robledo<\/strong>. Asesora fiscal. 39 a\u00f1os<\/p>\n<p style=\"text-align: center;\">Nos topamos con Loreto paseando por calle Larios junto a unas amigas. Su estilismo nos llam\u00f3 la atenci\u00f3n desde lejos por la fuerza y la sofisticaci\u00f3n que irradia. \u201cParece una actriz famosa\u201d, bromeaban sus amigas. \u201cHab\u00e9is dado con la persona id\u00f3nea porque le encanta la moda\u201d, agregaron. Superado el recelo inicial esta asesora fiscal malague\u00f1a acept\u00f3 desfilar por esta pasarela con su acertada combinaci\u00f3n de pantal\u00f3n tipo pijama (un must esta primavera) y chaqueta tweed en tonos rojizos y azules. \u201cTodo es de Zara y h&#038;M, a precios muy asequibles\u201d, indic\u00f3.<\/p>\n<p style=\"text-align: center;\">Chaqueta: Zara<\/p>\n<p style=\"text-align: center;\">Pantal\u00f3n: Zara<\/p>\n<p style=\"text-align: center;\">Bolso: H&#038;M<\/p>\n<p style=\"text-align: center;\">Zapatos: H&#038;M<\/p>\n<p style=\"text-align: center;\"><a href=\"\/pasarelaurbana\/wp-content\/uploads\/sites\/49\/2012\/09\/34.jpg\"><img loading=\"lazy\" class=\"aligncenter size-full wp-image-1579\" title=\"3\" src=\"\/pasarelaurbana\/wp-content\/uploads\/sites\/49\/2012\/09\/34.jpg\" alt=\"\" width=\"600\" height=\"800\" srcset=\"https:\/\/static-blogs.diariosur.es\/wp-content\/uploads\/sites\/49\/2012\/09\/34.jpg 600w, https:\/\/static-blogs.diariosur.es\/wp-content\/uploads\/sites\/49\/2012\/09\/34-225x300.jpg 225w\" sizes=\"(max-width: 600px) 100vw, 600px\" \/><\/a><\/p>\n<p style=\"text-align: center;\"><a href=\"\/pasarelaurbana\/wp-content\/uploads\/sites\/49\/2012\/09\/44.jpg\"><img loading=\"lazy\" class=\"aligncenter size-full wp-image-1580\" title=\"4\" src=\"\/pasarelaurbana\/wp-content\/uploads\/sites\/49\/2012\/09\/44.jpg\" alt=\"\" width=\"600\" height=\"800\" srcset=\"https:\/\/static-blogs.diariosur.es\/wp-content\/uploads\/sites\/49\/2012\/09\/44.jpg 600w, https:\/\/static-blogs.diariosur.es\/wp-content\/uploads\/sites\/49\/2012\/09\/44-225x300.jpg 225w\" sizes=\"(max-width: 600px) 100vw, 600px\" \/><\/a><\/p>\n<p style=\"text-align: center;\"><strong>Cintia Ortiz Moreno<\/strong>. 28 a\u00f1os. Dependienta de Zara<\/p>\n<p style=\"text-align: center;\">Pillamos a esta guap\u00edsima malague\u00f1a de 28 a\u00f1os a las puertas de la iglesia de San Gabriel en La Malagueta minutos antes de entrar a un bautizo. Para la ocasi\u00f3n eligi\u00f3 este mono blanco que combin\u00f3 con acierto con un llamativo blazer de pailletes azul pavo real. Me encant\u00f3 el toque de los botines de taconazo en color oro.<\/p>\n<p style=\"text-align: center;\">Todo el look es de Zara<\/p>\n<p style=\"text-align: center;\"><a href=\"\/pasarelaurbana\/wp-content\/uploads\/sites\/49\/2012\/09\/112.jpg\"><img loading=\"lazy\" class=\"aligncenter size-full wp-image-1577\" title=\"1\" src=\"\/pasarelaurbana\/wp-content\/uploads\/sites\/49\/2012\/09\/112.jpg\" alt=\"\" width=\"600\" height=\"900\" srcset=\"https:\/\/static-blogs.diariosur.es\/wp-content\/uploads\/sites\/49\/2012\/09\/112.jpg 600w, https:\/\/static-blogs.diariosur.es\/wp-content\/uploads\/sites\/49\/2012\/09\/112-200x300.jpg 200w\" sizes=\"(max-width: 600px) 100vw, 600px\" \/><\/a><\/p>\n<p style=\"text-align: center;\"><a href=\"\/pasarelaurbana\/wp-content\/uploads\/sites\/49\/2012\/09\/28.jpg\"><img loading=\"lazy\" class=\"aligncenter size-full wp-image-1578\" title=\"2\" src=\"\/pasarelaurbana\/wp-content\/uploads\/sites\/49\/2012\/09\/28.jpg\" alt=\"\" width=\"600\" height=\"400\" srcset=\"https:\/\/static-blogs.diariosur.es\/wp-content\/uploads\/sites\/49\/2012\/09\/28.jpg 600w, https:\/\/static-blogs.diariosur.es\/wp-content\/uploads\/sites\/49\/2012\/09\/28-300x200.jpg 300w\" sizes=\"(max-width: 600px) 100vw, 600px\" \/><\/a><\/p>\n<p style=\"text-align: center;\"><strong>Mar\u00eda Jos\u00e9 Olalla<\/strong>. Estudiante. 25 a\u00f1os<\/p>\n<p style=\"text-align: center;\">En el argot \u2018fashionista\u2019 se les denomina \u2018tail hem\u2019 y son, sin duda, uno de los cortes estrella de este verano y la prenda revelaci\u00f3n de la temporada. Las faldas y vestidos asim\u00e9tricos m\u00e1s cortos por delante y largos por detr\u00e1s arrasan en todas las tiendas. Mar\u00eda Jos\u00e9 Olalla, una joven colombiana afincada en M\u00e1laga desde hace ochos a\u00f1os, la lleva en su versi\u00f3n larga en rojo coral y con aires \u2018hippie chic\u2019. A ello contribuyen su camisa blanca de encajes (que tambi\u00e9n le imprime un cierto aire vintage), sus botas planas de estilo campero y su bolso bandolera que mezcla cuero y \u2018print\u2019 animal. Nos cruzamos con esta estudiante de 25 a\u00f1os por calle la Bolsa y nos explic\u00f3 que se viste \u00abcomo le pille el d\u00eda\u00bb. \u00abEstoy empezando a renovar mi armario y entre mis imprescindibles este verano est\u00e1n las faldas\u00bb, apunt\u00f3.<\/p>\n<p style=\"text-align: center;\">Camisa: Zara.<\/p>\n<p style=\"text-align: center;\">Falda: Zara.<\/p>\n<p style=\"text-align: center;\">Botas: Blanco.<\/p>\n<p style=\"text-align: center;\">Bolso: Comprado en Colombia.<\/p>\n<p style=\"text-align: center;\"><a href=\"\/pasarelaurbana\/wp-content\/uploads\/sites\/49\/2012\/09\/54.jpg\"><img loading=\"lazy\" class=\"aligncenter size-full wp-image-1581\" title=\"5\" src=\"\/pasarelaurbana\/wp-content\/uploads\/sites\/49\/2012\/09\/54.jpg\" alt=\"\" width=\"600\" height=\"900\" srcset=\"https:\/\/static-blogs.diariosur.es\/wp-content\/uploads\/sites\/49\/2012\/09\/54.jpg 600w, https:\/\/static-blogs.diariosur.es\/wp-content\/uploads\/sites\/49\/2012\/09\/54-200x300.jpg 200w\" sizes=\"(max-width: 600px) 100vw, 600px\" \/><\/a><\/p>\n<p style=\"text-align: center;\"><a href=\"\/pasarelaurbana\/wp-content\/uploads\/sites\/49\/2012\/09\/84.jpg\"><img loading=\"lazy\" class=\"aligncenter size-full wp-image-1582\" title=\"8\" src=\"\/pasarelaurbana\/wp-content\/uploads\/sites\/49\/2012\/09\/84.jpg\" alt=\"\" width=\"600\" height=\"900\" srcset=\"https:\/\/static-blogs.diariosur.es\/wp-content\/uploads\/sites\/49\/2012\/09\/84.jpg 600w, https:\/\/static-blogs.diariosur.es\/wp-content\/uploads\/sites\/49\/2012\/09\/84-200x300.jpg 200w\" sizes=\"(max-width: 600px) 100vw, 600px\" \/><\/a><\/p>\n<p style=\"text-align: center;\">A <strong>Belen del Campo<\/strong>, una malague\u00f1a de 43 a\u00f1os, la moda le corre por las venas. A ella se dedica profesionalmente (es asesora de estilismo) y en ella invierte su tiempo libre a trav\u00e9s de su blog D\u00edas de Muselina. Su estilo, como ella misma define, es claramente \u00ablady, con toques retro. \u00abYo voy siempre as\u00ed a trabajar. No me siento disfrazada para nada. Vivo de la moda y me gusta estar impecable a la vez que natural. Para mi es fundamental expresar lo que soy y c\u00f3mo me siento con las prendas que llevo a diario\u00bb, afirma. Su truco consiste en mezclar prendas \u2018low cost\u2019 con complementos de marca, como el bolso de Louis Vuitton.<\/p>\n<p style=\"text-align: center;\">Vestido: Zara<\/p>\n<p style=\"text-align: center;\">Chaqueta: Mango<\/p>\n<p style=\"text-align: center;\">Bolero: Hecho a mano por ella misma<\/p>\n<p style=\"text-align: center;\">Zapatos: Stradivarius<\/p>\n<p style=\"text-align: center;\">Bolso: Louis Vuitton<\/p>\n<p style=\"text-align: center;\">Pulseras: Loewe<\/p>\n<p style=\"text-align: center;\"><a href=\"\/pasarelaurbana\/wp-content\/uploads\/sites\/49\/2012\/09\/113.jpg\"><img loading=\"lazy\" class=\"aligncenter size-full wp-image-1585\" title=\"11\" src=\"\/pasarelaurbana\/wp-content\/uploads\/sites\/49\/2012\/09\/113.jpg\" alt=\"\" width=\"600\" height=\"758\" srcset=\"https:\/\/static-blogs.diariosur.es\/wp-content\/uploads\/sites\/49\/2012\/09\/113.jpg 600w, https:\/\/static-blogs.diariosur.es\/wp-content\/uploads\/sites\/49\/2012\/09\/113-237x300.jpg 237w\" sizes=\"(max-width: 600px) 100vw, 600px\" \/><\/a><\/p>\n<p style=\"text-align: center;\"><a href=\"\/pasarelaurbana\/wp-content\/uploads\/sites\/49\/2012\/09\/121.jpg\"><img loading=\"lazy\" class=\"aligncenter size-full wp-image-1586\" title=\"12\" src=\"\/pasarelaurbana\/wp-content\/uploads\/sites\/49\/2012\/09\/121.jpg\" alt=\"\" width=\"600\" height=\"816\" srcset=\"https:\/\/static-blogs.diariosur.es\/wp-content\/uploads\/sites\/49\/2012\/09\/121.jpg 600w, https:\/\/static-blogs.diariosur.es\/wp-content\/uploads\/sites\/49\/2012\/09\/121-221x300.jpg 221w\" sizes=\"(max-width: 600px) 100vw, 600px\" \/><\/a><\/p>\n<p style=\"text-align: center;\"><strong>Cristina Mart\u00edn<\/strong>. Economista. 36 a\u00f1os<\/p>\n<p style=\"text-align: center;\">Camisa: Cool<\/p>\n<p style=\"text-align: center;\">Chaqueta: Zara<\/p>\n<p style=\"text-align: center;\">Falda: Cool<\/p>\n<p style=\"text-align: center;\">Collar: Cool<\/p>\n<p style=\"text-align: center;\">Gafas: Persol<\/p>\n<p style=\"text-align: center;\">Botas: Pinsapo Shoes<\/p>\n<p style=\"text-align: center;\"><a href=\"\/pasarelaurbana\/wp-content\/uploads\/sites\/49\/2012\/09\/141.jpg\"><img loading=\"lazy\" class=\"aligncenter size-full wp-image-1588\" title=\"14\" src=\"\/pasarelaurbana\/wp-content\/uploads\/sites\/49\/2012\/09\/141.jpg\" alt=\"\" width=\"600\" height=\"891\" srcset=\"https:\/\/static-blogs.diariosur.es\/wp-content\/uploads\/sites\/49\/2012\/09\/141.jpg 600w, https:\/\/static-blogs.diariosur.es\/wp-content\/uploads\/sites\/49\/2012\/09\/141-202x300.jpg 202w\" sizes=\"(max-width: 600px) 100vw, 600px\" \/><\/a><\/p>\n<p style=\"text-align: center;\"><a href=\"\/pasarelaurbana\/wp-content\/uploads\/sites\/49\/2012\/09\/151.jpg\"><img loading=\"lazy\" class=\"aligncenter size-full wp-image-1589\" title=\"15\" src=\"\/pasarelaurbana\/wp-content\/uploads\/sites\/49\/2012\/09\/151.jpg\" alt=\"\" width=\"600\" height=\"408\" srcset=\"https:\/\/static-blogs.diariosur.es\/wp-content\/uploads\/sites\/49\/2012\/09\/151.jpg 600w, https:\/\/static-blogs.diariosur.es\/wp-content\/uploads\/sites\/49\/2012\/09\/151-300x204.jpg 300w\" sizes=\"(max-width: 600px) 100vw, 600px\" \/><\/a><\/p>\n<p style=\"text-align: center;\"><strong>Candela Garc\u00eda<\/strong>. Estudiante de tercer curso de Derecho. 20 a\u00f1os<\/p>\n<p style=\"text-align: center;\">Amante declarada de la moda, a Candela le encanta ir de tiendas y mirar escaparates. La pillamos echando un vistazo al de Massimo Dutti de calle Larios. Sus jornadas de \u2018shopping\u2019 suelen ser largas, as\u00ed que para la ocasi\u00f3n esta estudiante malague\u00f1a de 20 a\u00f1os eligi\u00f3 un \u2018look c\u00f3modo\u2019 y a la vez sofisticado y de tendencia. En un mismo estilismo mezcl\u00f3 el animal print (abrigo) con colores fl\u00faor (en falda entubada y pa\u00f1uelo al cuello) y encajes, uno de los acabados estrella de la temporada. \u201cMe encanta seguir las tendencias, pero no a ciegas, sino que elijo las que van bien con mi estilo\u201d, puntualiza.<\/p>\n<p style=\"text-align: center;\">Abrigo: Zara<\/p>\n<p style=\"text-align: center;\">Camisa: Zara<\/p>\n<p style=\"text-align: center;\">Falda: Zara<\/p>\n<p style=\"text-align: center;\">Manoletinas: Fosco<\/p>\n<p style=\"text-align: center;\">Pa\u00f1uelo: Uterq\u00fce<\/p>\n<p style=\"text-align: center;\">Bolso: Bimba y Lola<\/p>\n<p style=\"text-align: center;\"><a href=\"\/pasarelaurbana\/wp-content\/uploads\/sites\/49\/2012\/09\/161.jpg\"><img loading=\"lazy\" class=\"aligncenter size-full wp-image-1590\" title=\"16\" src=\"\/pasarelaurbana\/wp-content\/uploads\/sites\/49\/2012\/09\/161.jpg\" alt=\"\" width=\"600\" height=\"927\" srcset=\"https:\/\/static-blogs.diariosur.es\/wp-content\/uploads\/sites\/49\/2012\/09\/161.jpg 600w, https:\/\/static-blogs.diariosur.es\/wp-content\/uploads\/sites\/49\/2012\/09\/161-194x300.jpg 194w\" sizes=\"(max-width: 600px) 100vw, 600px\" \/><\/a><\/p>\n<p style=\"text-align: center;\"><a href=\"\/pasarelaurbana\/wp-content\/uploads\/sites\/49\/2012\/09\/171.jpg\"><img loading=\"lazy\" class=\"aligncenter size-full wp-image-1591\" title=\"17\" src=\"\/pasarelaurbana\/wp-content\/uploads\/sites\/49\/2012\/09\/171.jpg\" alt=\"\" width=\"600\" height=\"854\" srcset=\"https:\/\/static-blogs.diariosur.es\/wp-content\/uploads\/sites\/49\/2012\/09\/171.jpg 600w, https:\/\/static-blogs.diariosur.es\/wp-content\/uploads\/sites\/49\/2012\/09\/171-211x300.jpg 211w\" sizes=\"(max-width: 600px) 100vw, 600px\" \/><\/a><\/p>\n<p style=\"text-align: center;\"><strong>Maite Mart\u00ednez<\/strong>. Responsable de marketing de Stella Rittwagen. 29 a\u00f1os.<\/p>\n<p style=\"text-align: center;\">A la hora de elegir estilismos, esta malague\u00f1a asegura que apuesta siempre por la comodidad. Para esta temporada que ya acaba su apuesta han sido las prendas en tonos fl\u00faor (ella los llevaba en pulseras). Para ello opta por un look sencillo en cuanto a ropa para destacar con los complementos. \u201cLos bolsos grandes por ejemplo me encantan\u201d.<\/p>\n<p style=\"text-align: center;\">Abrigo: H&#038;M<\/p>\n<p style=\"text-align: center;\">Pantal\u00f3n: Zara<\/p>\n<p style=\"text-align: center;\">Manoletinas: Zara<\/p>\n<p style=\"text-align: center;\">Collar: SU<\/p>\n<p style=\"text-align: center;\">Pulseras: SU y Stella Rittwagen<\/p>\n<p style=\"text-align: center;\">Bolso: Stella Rittwagen<\/p>\n<p style=\"text-align: center;\"><a href=\"\/pasarelaurbana\/wp-content\/uploads\/sites\/49\/2012\/09\/201.jpg\"><img loading=\"lazy\" class=\"aligncenter size-full wp-image-1584\" title=\"20\" src=\"\/pasarelaurbana\/wp-content\/uploads\/sites\/49\/2012\/09\/201.jpg\" alt=\"\" width=\"600\" height=\"900\" srcset=\"https:\/\/static-blogs.diariosur.es\/wp-content\/uploads\/sites\/49\/2012\/09\/201.jpg 600w, https:\/\/static-blogs.diariosur.es\/wp-content\/uploads\/sites\/49\/2012\/09\/201-200x300.jpg 200w\" sizes=\"(max-width: 600px) 100vw, 600px\" \/><\/a><\/p>\n<p style=\"text-align: center;\"><a href=\"\/pasarelaurbana\/wp-content\/uploads\/sites\/49\/2012\/09\/212.jpg\"><img loading=\"lazy\" class=\"aligncenter size-full wp-image-1593\" title=\"21\" src=\"\/pasarelaurbana\/wp-content\/uploads\/sites\/49\/2012\/09\/212.jpg\" alt=\"\" width=\"600\" height=\"400\" srcset=\"https:\/\/static-blogs.diariosur.es\/wp-content\/uploads\/sites\/49\/2012\/09\/212.jpg 600w, https:\/\/static-blogs.diariosur.es\/wp-content\/uploads\/sites\/49\/2012\/09\/212-300x200.jpg 300w\" sizes=\"(max-width: 600px) 100vw, 600px\" \/><\/a><\/p>\n<p style=\"text-align: center;\"><strong>Marta Garrido<\/strong>. Estudiante de Derecho. 26 a\u00f1os<\/p>\n<p style=\"text-align: center;\">Como si de una exploradora se tratara, nos cruzamos por calle Larios con Marta Garrido con un acertado \u2018look\u2019 de inspiraci\u00f3n safari contruido en torno a una elegante camisa verde militar de Massimo Dutti anudada a la cadera. \u00abEstaba loca por estrenarla, as\u00ed que he abierto el armario y he seleccionado todas las prendas que he visto que le iban\u00bb.\u00a0 Esta estudiante de Derecho de 26 a\u00f1os elige para la ocasi\u00f3n un vaquero entubado de Zara y unas c\u00f3moda manoletinas de Pull&#038;Bear. Sorprende con los complementos: un maxi bolso negro con los laterales de print animal y una llamativa pulsera trenzada de colores de Bimba y Lola que refuerza el punto \u00e9tnico de su \u2018outfit\u2019. \u00abMe encantan los tonos tierra y los verdes y sobre todo busco la comodidad\u00bb, explica Marta.<\/p>\n<p style=\"text-align: center;\">Camisa: Massimo Dutti.<\/p>\n<p style=\"text-align: center;\">Vaqueros: Zara.<\/p>\n<p style=\"text-align: center;\">Zapatos: Pull&#038;Bear.<\/p>\n<p style=\"text-align: center;\">Bolso: Zara.<\/p>\n<p style=\"text-align: center;\">Pulsera: Bimba y Lola.<\/p>\n<p style=\"text-align: center;\">Gafas: Ray-Ban<\/p>\n<p><a href=\"\/pasarelaurbana\/wp-content\/uploads\/sites\/49\/2012\/09\/222.jpg\"><img loading=\"lazy\" class=\"aligncenter size-full wp-image-1594\" title=\"22\" src=\"\/pasarelaurbana\/wp-content\/uploads\/sites\/49\/2012\/09\/222.jpg\" alt=\"\" width=\"600\" height=\"400\" srcset=\"https:\/\/static-blogs.diariosur.es\/wp-content\/uploads\/sites\/49\/2012\/09\/222.jpg 600w, https:\/\/static-blogs.diariosur.es\/wp-content\/uploads\/sites\/49\/2012\/09\/222-300x200.jpg 300w\" sizes=\"(max-width: 600px) 100vw, 600px\" \/><\/a><\/p>\n<p style=\"text-align: center;\"><a href=\"\/pasarelaurbana\/wp-content\/uploads\/sites\/49\/2012\/09\/231.jpg\"><img loading=\"lazy\" class=\"aligncenter size-full wp-image-1595\" title=\"23\" src=\"\/pasarelaurbana\/wp-content\/uploads\/sites\/49\/2012\/09\/231.jpg\" alt=\"\" width=\"600\" height=\"900\" srcset=\"https:\/\/static-blogs.diariosur.es\/wp-content\/uploads\/sites\/49\/2012\/09\/231.jpg 600w, https:\/\/static-blogs.diariosur.es\/wp-content\/uploads\/sites\/49\/2012\/09\/231-200x300.jpg 200w\" sizes=\"(max-width: 600px) 100vw, 600px\" \/><\/a><\/p>\n<p style=\"text-align: center;\"><strong>Marta Mart\u00edn<\/strong>. 25 a\u00f1os. Dependienta en paro<\/p>\n<p style=\"text-align: center;\">Camiseta: H&#038;M<\/p>\n<p style=\"text-align: center;\">Camisa: Pinkie<\/p>\n<p style=\"text-align: center;\">Pantal\u00f3n: Zara<\/p>\n<p style=\"text-align: center;\">Zapatos: Primark<\/p>\n<p style=\"text-align: center;\">Collar: Primark<\/p>\n<p style=\"text-align: center;\">Bolso: Bimba y Lola<\/p>\n<p style=\"text-align: center;\">Pulseras: Hechas por ella<\/p>\n<p style=\"text-align: center;\">Gafas: Ray-Ban<\/p>\n<p style=\"text-align: center;\"><a href=\"\/pasarelaurbana\/wp-content\/uploads\/sites\/49\/2012\/09\/181.jpg\"><img loading=\"lazy\" class=\"size-full wp-image-1599 aligncenter\" title=\"18\" src=\"\/pasarelaurbana\/wp-content\/uploads\/sites\/49\/2012\/09\/181.jpg\" alt=\"\" width=\"600\" height=\"800\" srcset=\"https:\/\/static-blogs.diariosur.es\/wp-content\/uploads\/sites\/49\/2012\/09\/181.jpg 600w, https:\/\/static-blogs.diariosur.es\/wp-content\/uploads\/sites\/49\/2012\/09\/181-225x300.jpg 225w\" sizes=\"(max-width: 600px) 100vw, 600px\" \/><\/a><\/p>\n<p style=\"text-align: center;\"><a href=\"\/pasarelaurbana\/wp-content\/uploads\/sites\/49\/2012\/09\/mche.jpg\"><img loading=\"lazy\" class=\"aligncenter size-full wp-image-1598\" title=\"mche\" src=\"\/pasarelaurbana\/wp-content\/uploads\/sites\/49\/2012\/09\/mche.jpg\" alt=\"\" width=\"600\" height=\"450\" srcset=\"https:\/\/static-blogs.diariosur.es\/wp-content\/uploads\/sites\/49\/2012\/09\/mche.jpg 600w, https:\/\/static-blogs.diariosur.es\/wp-content\/uploads\/sites\/49\/2012\/09\/mche-300x225.jpg 300w\" sizes=\"(max-width: 600px) 100vw, 600px\" \/><\/a><\/p>\n<p style=\"text-align: center;\"><strong>Mari Ch\u00e9 Mat\u00edn<\/strong>. Periodista.<\/p>\n<p style=\"text-align: center;\">Camisa: Primark<\/p>\n<p style=\"text-align: center;\">Chaqueta: H&#038;M<\/p>\n<p style=\"text-align: center;\">Camiseta: Primark<\/p>\n<p style=\"text-align: center;\">Pantal\u00f3n: H&#038;M<\/p>\n<p style=\"text-align: center;\">Zapatos: Chocolat d\u2019or<\/p>\n<p style=\"text-align: center;\">Gafas: Bimba y Lola<\/p>\n<p style=\"text-align: center;\">Bolso: Custo Barcelona<\/p>\n<p style=\"text-align: center;\">C\u00e1mara: LOMO<\/p>\n","protected":false},"excerpt":{"rendered":"<p>Suena a topicazo&#8230;\u00a1pero madre mia c\u00f3mo ha pasado el tiempo! Parece que fue ayer cuando comenc\u00e9 con esta aventura profesional y este blog acaba de cumplir sus primeras 100 entradas! Casi nada! Han sido seis meses muy intensos cargado de satisfacciones personales gracias a todos vosotros. No tengo palabras para describir la respuesta de la [&hellip;]<\/p>\n","protected":false},"author":54,"featured_media":0,"comment_status":"open","ping_status":"closed","sticky":false,"template":"","format":"standard","meta":[],"categories":[2],"tags":[],"_links":{"self":[{"href":"https:\/\/blogs.diariosur.es\/pasarelaurbana\/wp-json\/wp\/v2\/posts\/1575"}],"collection":[{"href":"https:\/\/blogs.diariosur.es\/pasarelaurbana\/wp-json\/wp\/v2\/posts"}],"about":[{"href":"https:\/\/blogs.diariosur.es\/pasarelaurbana\/wp-json\/wp\/v2\/types\/post"}],"author":[{"embeddable":true,"href":"https:\/\/blogs.diariosur.es\/pasarelaurbana\/wp-json\/wp\/v2\/users\/54"}],"replies":[{"embeddable":true,"href":"https:\/\/blogs.diariosur.es\/pasarelaurbana\/wp-json\/wp\/v2\/comments?post=1575"}],"version-history":[{"count":0,"href":"https:\/\/blogs.diariosur.es\/pasarelaurbana\/wp-json\/wp\/v2\/posts\/1575\/revisions"}],"wp:attachment":[{"href":"https:\/\/blogs.diariosur.es\/pasarelaurbana\/wp-json\/wp\/v2\/media?parent=1575"}],"wp:term":[{"taxonomy":"category","embeddable":true,"href":"https:\/\/blogs.diariosur.es\/pasarelaurbana\/wp-json\/wp\/v2\/categories?post=1575"},{"taxonomy":"post_tag","embeddable":true,"href":"https:\/\/blogs.diariosur.es\/pasarelaurbana\/wp-json\/wp\/v2\/tags?post=1575"}],"curies":[{"name":"wp","href":"https:\/\/api.w.org\/{rel}","templated":true}]}}