{"id":1600,"date":"2012-09-11T14:06:08","date_gmt":"2012-09-11T14:06:08","guid":{"rendered":"http:\/\/blogs.diariosur.es\/pasarelaurbana\/?p=1600"},"modified":"2012-09-11T14:06:08","modified_gmt":"2012-09-11T14:06:08","slug":"flecos-y-bolso-vintage","status":"publish","type":"post","link":"https:\/\/blogs.diariosur.es\/pasarelaurbana\/2012\/09\/11\/flecos-y-bolso-vintage\/","title":{"rendered":"Flecos y bolso vintage"},"content":{"rendered":"<p style=\"text-align: center;\">Buenas!!! Tras el balance de ayer (celebramos nuestros primeros 100 post de street style malague\u00f1o!) volvemos con nuevos looks y energ\u00edas renovadas, ya con las miras puestas en las nuevas tendencias de oto\u00f1o que empiezan a asomar timidamente por la pasarela urbana. Nuestra proganista de hoy es <strong>Esther Crespo<\/strong>, una periodista de 33 a\u00f1os. La pieza estrella de su <em>outfit<\/em> sin duda es su precioso bolso vintage adquirido en una tienda de Barcelona y que le da un toque muy especial a un estilismo sencillo, casual y veraniego compuesto de short vaquero (uno de los imprescindibles de este verano que ya da sus \u00faltimos coletazos en el calendario), sandalias de inspiraci\u00f3n \u00e9tnica atadas al tobillo y camiseta negra de flecos. \u00a1Ojo con los flecos! Porque este oto\u00f1o\/invierno arrasar\u00e1n. Os dejo con nuestra modelo espont\u00e1nea de hoy y os animo a que ma\u00f1ana os pas\u00e9is por aqu\u00ed para repasar los mejores <em>looks<\/em> masculinos de estos seis primeros meses de andadura del blog y los mejores reportajes (pretend\u00eda hacerlo hoy pero he tenido la ma\u00f1ana ajetreada de trabajo y me ha sido imposible!).<\/p>\n<p style=\"text-align: center;\">\n<p><a href=\"\/pasarelaurbana\/wp-content\/uploads\/sites\/49\/2012\/09\/35.jpg\"><img loading=\"lazy\" class=\"aligncenter size-full wp-image-1604\" title=\"3\" src=\"\/pasarelaurbana\/wp-content\/uploads\/sites\/49\/2012\/09\/35.jpg\" alt=\"\" width=\"600\" height=\"803\" srcset=\"https:\/\/static-blogs.diariosur.es\/wp-content\/uploads\/sites\/49\/2012\/09\/35.jpg 600w, https:\/\/static-blogs.diariosur.es\/wp-content\/uploads\/sites\/49\/2012\/09\/35-224x300.jpg 224w\" sizes=\"(max-width: 600px) 100vw, 600px\" \/><\/a><!--more--><\/p>\n<p><a href=\"\/pasarelaurbana\/wp-content\/uploads\/sites\/49\/2012\/09\/29.jpg\"><img loading=\"lazy\" class=\"aligncenter size-full wp-image-1603\" title=\"2\" src=\"\/pasarelaurbana\/wp-content\/uploads\/sites\/49\/2012\/09\/29.jpg\" alt=\"\" width=\"600\" height=\"803\" srcset=\"https:\/\/static-blogs.diariosur.es\/wp-content\/uploads\/sites\/49\/2012\/09\/29.jpg 600w, https:\/\/static-blogs.diariosur.es\/wp-content\/uploads\/sites\/49\/2012\/09\/29-224x300.jpg 224w\" sizes=\"(max-width: 600px) 100vw, 600px\" \/><\/a><\/p>\n<p><a href=\"\/pasarelaurbana\/wp-content\/uploads\/sites\/49\/2012\/09\/73.jpg\"><img loading=\"lazy\" class=\"aligncenter size-full wp-image-1601\" title=\"7\" src=\"\/pasarelaurbana\/wp-content\/uploads\/sites\/49\/2012\/09\/73.jpg\" alt=\"\" width=\"600\" height=\"803\" srcset=\"https:\/\/static-blogs.diariosur.es\/wp-content\/uploads\/sites\/49\/2012\/09\/73.jpg 600w, https:\/\/static-blogs.diariosur.es\/wp-content\/uploads\/sites\/49\/2012\/09\/73-224x300.jpg 224w\" sizes=\"(max-width: 600px) 100vw, 600px\" \/><\/a><\/p>\n<p><a href=\"\/pasarelaurbana\/wp-content\/uploads\/sites\/49\/2012\/09\/45.jpg\"><img loading=\"lazy\" class=\"aligncenter size-full wp-image-1605\" title=\"4\" src=\"\/pasarelaurbana\/wp-content\/uploads\/sites\/49\/2012\/09\/45.jpg\" alt=\"\" width=\"600\" height=\"803\" srcset=\"https:\/\/static-blogs.diariosur.es\/wp-content\/uploads\/sites\/49\/2012\/09\/45.jpg 600w, https:\/\/static-blogs.diariosur.es\/wp-content\/uploads\/sites\/49\/2012\/09\/45-224x300.jpg 224w\" sizes=\"(max-width: 600px) 100vw, 600px\" \/><\/a><\/p>\n<p><a href=\"\/pasarelaurbana\/wp-content\/uploads\/sites\/49\/2012\/09\/55.jpg\"><img loading=\"lazy\" class=\"aligncenter size-full wp-image-1606\" title=\"5\" src=\"\/pasarelaurbana\/wp-content\/uploads\/sites\/49\/2012\/09\/55.jpg\" alt=\"\" width=\"600\" height=\"448\" srcset=\"https:\/\/static-blogs.diariosur.es\/wp-content\/uploads\/sites\/49\/2012\/09\/55.jpg 600w, https:\/\/static-blogs.diariosur.es\/wp-content\/uploads\/sites\/49\/2012\/09\/55-300x224.jpg 300w\" sizes=\"(max-width: 600px) 100vw, 600px\" \/><\/a><\/p>\n<p><a href=\"\/pasarelaurbana\/wp-content\/uploads\/sites\/49\/2012\/09\/64.jpg\"><img loading=\"lazy\" class=\"aligncenter size-full wp-image-1607\" title=\"6\" src=\"\/pasarelaurbana\/wp-content\/uploads\/sites\/49\/2012\/09\/64.jpg\" alt=\"\" width=\"600\" height=\"803\" srcset=\"https:\/\/static-blogs.diariosur.es\/wp-content\/uploads\/sites\/49\/2012\/09\/64.jpg 600w, https:\/\/static-blogs.diariosur.es\/wp-content\/uploads\/sites\/49\/2012\/09\/64-224x300.jpg 224w\" sizes=\"(max-width: 600px) 100vw, 600px\" \/><\/a><\/p>\n<p><a href=\"\/pasarelaurbana\/wp-content\/uploads\/sites\/49\/2012\/09\/114.jpg\"><img loading=\"lazy\" class=\"aligncenter size-full wp-image-1602\" title=\"1\" src=\"\/pasarelaurbana\/wp-content\/uploads\/sites\/49\/2012\/09\/114.jpg\" alt=\"\" width=\"600\" height=\"803\" srcset=\"https:\/\/static-blogs.diariosur.es\/wp-content\/uploads\/sites\/49\/2012\/09\/114.jpg 600w, https:\/\/static-blogs.diariosur.es\/wp-content\/uploads\/sites\/49\/2012\/09\/114-224x300.jpg 224w\" sizes=\"(max-width: 600px) 100vw, 600px\" \/><\/a><\/p>\n<p style=\"text-align: center;\"><strong>Esther Crespo<\/strong>. Periodista. 33 a\u00f1os<\/p>\n<p style=\"text-align: center;\">Camiseta: Sfera<\/p>\n<p style=\"text-align: center;\">Shorts: Zara<\/p>\n<p style=\"text-align: center;\">Sandalias: Zara<\/p>\n<p style=\"text-align: center;\">Bolso: Vintage, comprado en Barcelona<\/p>\n<p style=\"text-align: center;\">Pulseras: Uno de 50<\/p>\n<p style=\"text-align: center;\">Anillos: Sfera\/Zara<\/p>\n<p>&nbsp;<\/p>\n<p>&nbsp;<\/p>\n","protected":false},"excerpt":{"rendered":"<p>Buenas!!! Tras el balance de ayer (celebramos nuestros primeros 100 post de street style malague\u00f1o!) volvemos con nuevos looks y energ\u00edas renovadas, ya con las miras puestas en las nuevas tendencias de oto\u00f1o que empiezan a asomar timidamente por la pasarela urbana. Nuestra proganista de hoy es Esther Crespo, una periodista de 33 a\u00f1os. La [&hellip;]<\/p>\n","protected":false},"author":54,"featured_media":0,"comment_status":"open","ping_status":"closed","sticky":false,"template":"","format":"standard","meta":[],"categories":[2],"tags":[],"_links":{"self":[{"href":"https:\/\/blogs.diariosur.es\/pasarelaurbana\/wp-json\/wp\/v2\/posts\/1600"}],"collection":[{"href":"https:\/\/blogs.diariosur.es\/pasarelaurbana\/wp-json\/wp\/v2\/posts"}],"about":[{"href":"https:\/\/blogs.diariosur.es\/pasarelaurbana\/wp-json\/wp\/v2\/types\/post"}],"author":[{"embeddable":true,"href":"https:\/\/blogs.diariosur.es\/pasarelaurbana\/wp-json\/wp\/v2\/users\/54"}],"replies":[{"embeddable":true,"href":"https:\/\/blogs.diariosur.es\/pasarelaurbana\/wp-json\/wp\/v2\/comments?post=1600"}],"version-history":[{"count":0,"href":"https:\/\/blogs.diariosur.es\/pasarelaurbana\/wp-json\/wp\/v2\/posts\/1600\/revisions"}],"wp:attachment":[{"href":"https:\/\/blogs.diariosur.es\/pasarelaurbana\/wp-json\/wp\/v2\/media?parent=1600"}],"wp:term":[{"taxonomy":"category","embeddable":true,"href":"https:\/\/blogs.diariosur.es\/pasarelaurbana\/wp-json\/wp\/v2\/categories?post=1600"},{"taxonomy":"post_tag","embeddable":true,"href":"https:\/\/blogs.diariosur.es\/pasarelaurbana\/wp-json\/wp\/v2\/tags?post=1600"}],"curies":[{"name":"wp","href":"https:\/\/api.w.org\/{rel}","templated":true}]}}