{"id":1609,"date":"2012-09-14T23:49:02","date_gmt":"2012-09-14T23:49:02","guid":{"rendered":"http:\/\/blogs.diariosur.es\/pasarelaurbana\/?p=1609"},"modified":"2012-09-14T23:49:02","modified_gmt":"2012-09-14T23:49:02","slug":"tendencias-de-otono","status":"publish","type":"post","link":"https:\/\/blogs.diariosur.es\/pasarelaurbana\/2012\/09\/14\/tendencias-de-otono\/","title":{"rendered":"Tendencias de oto\u00f1o"},"content":{"rendered":"<p>A\u00fan queda una semana para que el calendario de el pistoletazo de salida oficial al oto\u00f1o, pero<strong> las tendencias de la nueva temporada ya pisan con fuerza la pasarela urbana<\/strong>. Los escaparates animan a desafiar las altas temperaturas y enfundarse pantalones y mangas largas, aunque solo sea por tantear en probadores las prendas que ser\u00e1n clave en los pr\u00f3ximos meses, que llegan te\u00f1idos de rojo. Este color calentar\u00e1 los looks invernales con toda su variedad crom\u00e1tica, desde el burdeos, pasando por el ciruela, el granate o el tinto.<br \/>\nY si el rojo ser\u00e1 la estrella de la paleta (combinado con el blanco y el negro y estampados de print animal como el que lleva Elena Miranda en la foto de la derecha), en lo que a tem\u00e1ticas se refiere <strong>triunfar\u00e1 el estilo militar relanzado por dise\u00f1adores como Salvatore Ferragamo e Isabel Marant<\/strong>. \u00bfLa prenda clave? La casaca de pa\u00f1o con doble botonadura disponible ya en las principales tiendas low cost. La moda se pone guerrera este oto\u00f1o y nos transporta a \u00e9pocas pasadas como el Barroco.<strong> El estilo recargado impuesto por Dolce &#038; Gabbana, Balmain o Lanvin desembarca en forma de bordados, telas tapiceras, pedrer\u00edas o botones joya<\/strong> que hacen que la sencillez y el minimalismo dejen paso a una est\u00e9tica recargada delujo y ostentaci\u00f3n.<br \/>\nPero no es el \u00fanico viaje que propone esta temporada la m\u00e1quina del tiempo de la moda, que <strong>tambi\u00e9n har\u00e1 escala en los 70 con sus ic\u00f3nicos pantalones de campana y en los 80 con el cuero y las tachuelas, convertidas este a\u00f1o en un <em>must<\/em><\/strong>. En materia de complementos, las joyas de la corona ser\u00e1n los <strong>cuellos beb\u00e9<\/strong> (como el que lleva Marta Almagro), que vestir\u00e1n los <em>looks<\/em> m\u00e1s femeninos y rom\u00e1nticos, y los <strong>maxi collares de cadenas doradas<\/strong>, como el que luce Celia Pedrajas. Os dejo con nuestras cuatro modelos de hoy y sus <em>outfits<\/em> de tendencias oto\u00f1ales!<\/p>\n<p>&nbsp;<\/p>\n<p><a href=\"\/pasarelaurbana\/wp-content\/uploads\/sites\/49\/2012\/09\/115.jpg\"><img loading=\"lazy\" class=\"aligncenter size-full wp-image-1611\" title=\"1\" src=\"\/pasarelaurbana\/wp-content\/uploads\/sites\/49\/2012\/09\/115.jpg\" alt=\"\" width=\"600\" height=\"803\" srcset=\"https:\/\/static-blogs.diariosur.es\/wp-content\/uploads\/sites\/49\/2012\/09\/115.jpg 600w, https:\/\/static-blogs.diariosur.es\/wp-content\/uploads\/sites\/49\/2012\/09\/115-224x300.jpg 224w\" sizes=\"(max-width: 600px) 100vw, 600px\" \/><\/a><!--more--><\/p>\n<p><a href=\"\/pasarelaurbana\/wp-content\/uploads\/sites\/49\/2012\/09\/210.jpg\"><img loading=\"lazy\" class=\"aligncenter size-full wp-image-1612\" title=\"2\" src=\"\/pasarelaurbana\/wp-content\/uploads\/sites\/49\/2012\/09\/210.jpg\" alt=\"\" width=\"600\" height=\"803\" srcset=\"https:\/\/static-blogs.diariosur.es\/wp-content\/uploads\/sites\/49\/2012\/09\/210.jpg 600w, https:\/\/static-blogs.diariosur.es\/wp-content\/uploads\/sites\/49\/2012\/09\/210-224x300.jpg 224w\" sizes=\"(max-width: 600px) 100vw, 600px\" \/><\/a><\/p>\n<p><a href=\"\/pasarelaurbana\/wp-content\/uploads\/sites\/49\/2012\/09\/56.jpg\"><img loading=\"lazy\" class=\"aligncenter size-full wp-image-1615\" title=\"5\" src=\"\/pasarelaurbana\/wp-content\/uploads\/sites\/49\/2012\/09\/56.jpg\" alt=\"\" width=\"600\" height=\"803\" srcset=\"https:\/\/static-blogs.diariosur.es\/wp-content\/uploads\/sites\/49\/2012\/09\/56.jpg 600w, https:\/\/static-blogs.diariosur.es\/wp-content\/uploads\/sites\/49\/2012\/09\/56-224x300.jpg 224w\" sizes=\"(max-width: 600px) 100vw, 600px\" \/><\/a><\/p>\n<p><a href=\"\/pasarelaurbana\/wp-content\/uploads\/sites\/49\/2012\/09\/46.jpg\"><img loading=\"lazy\" class=\"aligncenter size-full wp-image-1614\" title=\"4\" src=\"\/pasarelaurbana\/wp-content\/uploads\/sites\/49\/2012\/09\/46.jpg\" alt=\"\" width=\"600\" height=\"448\" srcset=\"https:\/\/static-blogs.diariosur.es\/wp-content\/uploads\/sites\/49\/2012\/09\/46.jpg 600w, https:\/\/static-blogs.diariosur.es\/wp-content\/uploads\/sites\/49\/2012\/09\/46-300x224.jpg 300w\" sizes=\"(max-width: 600px) 100vw, 600px\" \/><\/a><\/p>\n<p><a href=\"\/pasarelaurbana\/wp-content\/uploads\/sites\/49\/2012\/09\/74.jpg\"><img loading=\"lazy\" class=\"aligncenter size-full wp-image-1610\" title=\"7\" src=\"\/pasarelaurbana\/wp-content\/uploads\/sites\/49\/2012\/09\/74.jpg\" alt=\"\" width=\"600\" height=\"803\" srcset=\"https:\/\/static-blogs.diariosur.es\/wp-content\/uploads\/sites\/49\/2012\/09\/74.jpg 600w, https:\/\/static-blogs.diariosur.es\/wp-content\/uploads\/sites\/49\/2012\/09\/74-224x300.jpg 224w\" sizes=\"(max-width: 600px) 100vw, 600px\" \/><\/a><\/p>\n<p><a href=\"\/pasarelaurbana\/wp-content\/uploads\/sites\/49\/2012\/09\/65.jpg\"><img loading=\"lazy\" class=\"aligncenter size-full wp-image-1616\" title=\"6\" src=\"\/pasarelaurbana\/wp-content\/uploads\/sites\/49\/2012\/09\/65.jpg\" alt=\"\" width=\"600\" height=\"803\" srcset=\"https:\/\/static-blogs.diariosur.es\/wp-content\/uploads\/sites\/49\/2012\/09\/65.jpg 600w, https:\/\/static-blogs.diariosur.es\/wp-content\/uploads\/sites\/49\/2012\/09\/65-224x300.jpg 224w\" sizes=\"(max-width: 600px) 100vw, 600px\" \/><\/a><\/p>\n<p style=\"text-align: center;\"><strong>Marta Almagro<\/strong>. Licenciada en Medicina. 24 a\u00f1os<\/p>\n<p style=\"text-align: center;\"><span style=\"text-decoration: underline;\">Los cuellos beb\u00e9, los reyes de la est\u00e9tica babydoll<\/span><br \/>\nLos cuellos deluxe ser\u00e1n un detalle clave a tener en cuenta en los outfits de este oto\u00f1o\/ invierno. Los denominados cuellos beb\u00e9 o Peter Pan ser\u00e1n imprescindibles en la nueva temporada aportando un toque naif y babydoll a los looks m\u00e1s rom\u00e1nticos y femeninos. Se llevan en su versi\u00f3n m\u00e1s barroca, con pedrer\u00eda y cristal, adornando desde cazadoras a camisas vaporosas o vestidos inspirados en los 60 como el de Massimo Dutti que luce Marta Almagro, una licenciada en Medicina de 24 a\u00f1os que anda estos d\u00edas prepar\u00e1ndose el MIR. Lo combina con manoletinas metalizadas tambi\u00e9n de Massimo Dutti y bolso y pulsera en tono burdeos de Misako y Carolina Herrera.<\/p>\n<p style=\"text-align: center;\">Vestido: Massimo Dutti<\/p>\n<p style=\"text-align: center;\">Bolso:Misako<\/p>\n<p style=\"text-align: center;\">Sandalias: Massimo Dutti<\/p>\n<p style=\"text-align: center;\">Pulsera: Carolina Herrera<\/p>\n<p style=\"text-align: center;\">Reloj: Cartier<\/p>\n<p style=\"text-align: center;\"><a href=\"\/pasarelaurbana\/wp-content\/uploads\/sites\/49\/2012\/09\/85.jpg\"><img loading=\"lazy\" class=\"aligncenter size-full wp-image-1618\" title=\"8\" src=\"\/pasarelaurbana\/wp-content\/uploads\/sites\/49\/2012\/09\/85.jpg\" alt=\"\" width=\"600\" height=\"803\" srcset=\"https:\/\/static-blogs.diariosur.es\/wp-content\/uploads\/sites\/49\/2012\/09\/85.jpg 600w, https:\/\/static-blogs.diariosur.es\/wp-content\/uploads\/sites\/49\/2012\/09\/85-224x300.jpg 224w\" sizes=\"(max-width: 600px) 100vw, 600px\" \/><\/a><\/p>\n<p style=\"text-align: center;\"><a href=\"\/pasarelaurbana\/wp-content\/uploads\/sites\/49\/2012\/09\/93.jpg\"><img loading=\"lazy\" class=\"aligncenter size-full wp-image-1619\" title=\"9\" src=\"\/pasarelaurbana\/wp-content\/uploads\/sites\/49\/2012\/09\/93.jpg\" alt=\"\" width=\"600\" height=\"803\" srcset=\"https:\/\/static-blogs.diariosur.es\/wp-content\/uploads\/sites\/49\/2012\/09\/93.jpg 600w, https:\/\/static-blogs.diariosur.es\/wp-content\/uploads\/sites\/49\/2012\/09\/93-224x300.jpg 224w\" sizes=\"(max-width: 600px) 100vw, 600px\" \/><\/a><\/p>\n<p style=\"text-align: center;\"><a href=\"\/pasarelaurbana\/wp-content\/uploads\/sites\/49\/2012\/09\/103.jpg\"><img loading=\"lazy\" class=\"aligncenter size-full wp-image-1620\" title=\"10\" src=\"\/pasarelaurbana\/wp-content\/uploads\/sites\/49\/2012\/09\/103.jpg\" alt=\"\" width=\"600\" height=\"803\" srcset=\"https:\/\/static-blogs.diariosur.es\/wp-content\/uploads\/sites\/49\/2012\/09\/103.jpg 600w, https:\/\/static-blogs.diariosur.es\/wp-content\/uploads\/sites\/49\/2012\/09\/103-224x300.jpg 224w\" sizes=\"(max-width: 600px) 100vw, 600px\" \/><\/a><\/p>\n<p style=\"text-align: center;\"><a href=\"\/pasarelaurbana\/wp-content\/uploads\/sites\/49\/2012\/09\/122.jpg\"><img loading=\"lazy\" class=\"aligncenter size-full wp-image-1621\" title=\"12\" src=\"\/pasarelaurbana\/wp-content\/uploads\/sites\/49\/2012\/09\/122.jpg\" alt=\"\" width=\"600\" height=\"448\" srcset=\"https:\/\/static-blogs.diariosur.es\/wp-content\/uploads\/sites\/49\/2012\/09\/122.jpg 600w, https:\/\/static-blogs.diariosur.es\/wp-content\/uploads\/sites\/49\/2012\/09\/122-300x224.jpg 300w\" sizes=\"(max-width: 600px) 100vw, 600px\" \/><\/a><\/p>\n<p style=\"text-align: center;\"><a href=\"\/pasarelaurbana\/wp-content\/uploads\/sites\/49\/2012\/09\/132.jpg\"><img loading=\"lazy\" class=\"aligncenter size-full wp-image-1622\" title=\"13\" src=\"\/pasarelaurbana\/wp-content\/uploads\/sites\/49\/2012\/09\/132.jpg\" alt=\"\" width=\"600\" height=\"803\" srcset=\"https:\/\/static-blogs.diariosur.es\/wp-content\/uploads\/sites\/49\/2012\/09\/132.jpg 600w, https:\/\/static-blogs.diariosur.es\/wp-content\/uploads\/sites\/49\/2012\/09\/132-224x300.jpg 224w\" sizes=\"(max-width: 600px) 100vw, 600px\" \/><\/a><\/p>\n<p style=\"text-align: center;\"><a href=\"\/pasarelaurbana\/wp-content\/uploads\/sites\/49\/2012\/09\/142.jpg\"><img loading=\"lazy\" class=\"aligncenter size-full wp-image-1623\" title=\"14\" src=\"\/pasarelaurbana\/wp-content\/uploads\/sites\/49\/2012\/09\/142.jpg\" alt=\"\" width=\"600\" height=\"803\" srcset=\"https:\/\/static-blogs.diariosur.es\/wp-content\/uploads\/sites\/49\/2012\/09\/142.jpg 600w, https:\/\/static-blogs.diariosur.es\/wp-content\/uploads\/sites\/49\/2012\/09\/142-224x300.jpg 224w\" sizes=\"(max-width: 600px) 100vw, 600px\" \/><\/a><\/p>\n<p style=\"text-align: center;\"><strong>Celia Pedrajas<\/strong>. Interiorista y traductora. 38 a\u00f1os<\/p>\n<p style=\"text-align: center;\"><span style=\"text-decoration: underline;\">El complemento estrella: las maxi cadenas doradas<\/span><\/p>\n<p style=\"text-align: center;\">Los complementos ser\u00e1n protagonistas en los meses de fr\u00edo. Su presencia ser\u00e1 fundamental para darle el acabado perfecto a cualquier estilismo, tanto de d\u00eda como de noche. La clave es que sean prominentes, tipo joya y con acabados metalizados. Las maxi cadenas doradas, como la que lleva Celia Pedrajas, se impondr\u00e1n como las joyas de la corona. \u00abMe gusta porque le da un toque especial a un look simple\u00bb, destaca esta interiorista embarazada de cuatro meses.<\/p>\n<p style=\"text-align: center;\">Vestido camisero: Zara<\/p>\n<p style=\"text-align: center;\">Collar: Mango<\/p>\n<p style=\"text-align: center;\">Bolso: Mango<\/p>\n<p style=\"text-align: center;\">Sandalias: Zapater\u00eda del Centro (no recuerda el nombre)<\/p>\n<p style=\"text-align: center;\"><a href=\"\/pasarelaurbana\/wp-content\/uploads\/sites\/49\/2012\/09\/152.jpg\"><img loading=\"lazy\" class=\"aligncenter size-full wp-image-1624\" title=\"15\" src=\"\/pasarelaurbana\/wp-content\/uploads\/sites\/49\/2012\/09\/152.jpg\" alt=\"\" width=\"600\" height=\"803\" srcset=\"https:\/\/static-blogs.diariosur.es\/wp-content\/uploads\/sites\/49\/2012\/09\/152.jpg 600w, https:\/\/static-blogs.diariosur.es\/wp-content\/uploads\/sites\/49\/2012\/09\/152-224x300.jpg 224w\" sizes=\"(max-width: 600px) 100vw, 600px\" \/><\/a><\/p>\n<p style=\"text-align: center;\"><a href=\"\/pasarelaurbana\/wp-content\/uploads\/sites\/49\/2012\/09\/172.jpg\"><img loading=\"lazy\" class=\"aligncenter size-full wp-image-1626\" title=\"17\" src=\"\/pasarelaurbana\/wp-content\/uploads\/sites\/49\/2012\/09\/172.jpg\" alt=\"\" width=\"600\" height=\"803\" srcset=\"https:\/\/static-blogs.diariosur.es\/wp-content\/uploads\/sites\/49\/2012\/09\/172.jpg 600w, https:\/\/static-blogs.diariosur.es\/wp-content\/uploads\/sites\/49\/2012\/09\/172-224x300.jpg 224w\" sizes=\"(max-width: 600px) 100vw, 600px\" \/><\/a><\/p>\n<p style=\"text-align: center;\"><a href=\"\/pasarelaurbana\/wp-content\/uploads\/sites\/49\/2012\/09\/162.jpg\"><img loading=\"lazy\" class=\"aligncenter size-full wp-image-1625\" title=\"16\" src=\"\/pasarelaurbana\/wp-content\/uploads\/sites\/49\/2012\/09\/162.jpg\" alt=\"\" width=\"600\" height=\"803\" srcset=\"https:\/\/static-blogs.diariosur.es\/wp-content\/uploads\/sites\/49\/2012\/09\/162.jpg 600w, https:\/\/static-blogs.diariosur.es\/wp-content\/uploads\/sites\/49\/2012\/09\/162-224x300.jpg 224w\" sizes=\"(max-width: 600px) 100vw, 600px\" \/><\/a><\/p>\n<p style=\"text-align: center;\"><a href=\"\/pasarelaurbana\/wp-content\/uploads\/sites\/49\/2012\/09\/182.jpg\"><img loading=\"lazy\" class=\"aligncenter size-full wp-image-1627\" title=\"18\" src=\"\/pasarelaurbana\/wp-content\/uploads\/sites\/49\/2012\/09\/182.jpg\" alt=\"\" width=\"600\" height=\"803\" srcset=\"https:\/\/static-blogs.diariosur.es\/wp-content\/uploads\/sites\/49\/2012\/09\/182.jpg 600w, https:\/\/static-blogs.diariosur.es\/wp-content\/uploads\/sites\/49\/2012\/09\/182-224x300.jpg 224w\" sizes=\"(max-width: 600px) 100vw, 600px\" \/><\/a><\/p>\n<p style=\"text-align: center;\"><a href=\"\/pasarelaurbana\/wp-content\/uploads\/sites\/49\/2012\/09\/191.jpg\"><img loading=\"lazy\" class=\"aligncenter size-full wp-image-1628\" title=\"19\" src=\"\/pasarelaurbana\/wp-content\/uploads\/sites\/49\/2012\/09\/191.jpg\" alt=\"\" width=\"600\" height=\"448\" srcset=\"https:\/\/static-blogs.diariosur.es\/wp-content\/uploads\/sites\/49\/2012\/09\/191.jpg 600w, https:\/\/static-blogs.diariosur.es\/wp-content\/uploads\/sites\/49\/2012\/09\/191-300x224.jpg 300w\" sizes=\"(max-width: 600px) 100vw, 600px\" \/><\/a><\/p>\n<p style=\"text-align: center;\"><a href=\"\/pasarelaurbana\/wp-content\/uploads\/sites\/49\/2012\/09\/202.jpg\"><img loading=\"lazy\" class=\"aligncenter size-full wp-image-1617\" title=\"20\" src=\"\/pasarelaurbana\/wp-content\/uploads\/sites\/49\/2012\/09\/202.jpg\" alt=\"\" width=\"600\" height=\"448\" srcset=\"https:\/\/static-blogs.diariosur.es\/wp-content\/uploads\/sites\/49\/2012\/09\/202.jpg 600w, https:\/\/static-blogs.diariosur.es\/wp-content\/uploads\/sites\/49\/2012\/09\/202-300x224.jpg 300w\" sizes=\"(max-width: 600px) 100vw, 600px\" \/><\/a><\/p>\n<p style=\"text-align: center;\"><strong>Inmaculada Mar\u00edn<\/strong>. Estudiante de Magisterio. 22 a\u00f1os<\/p>\n<p style=\"text-align: center;\"><span style=\"text-decoration: underline;\">Los pantalones pijama de tejidos satinados, un must<\/span><\/p>\n<p style=\"text-align: center;\">En el argot de la moda, tan dado a los t\u00e9rminos anglosajones, se les conoce como pantalones baggy. Se caracterizan por ser holgados de tiro, amplios y de cintura el\u00e1stica y este oto\u00f1o dominar\u00e1n el street style al ser una prenda perfecta para el entretiempo por su tejido ligero. Triunfan los de corte pijama de seda con estampados pa\u00f1uelo o abstractos como el de Zara que lleva Inmaculada Mar\u00edn, una estudiante de Magisterio de 22 a\u00f1os.<\/p>\n<p style=\"text-align: center;\">Camiseta b\u00e1sica: Zara<\/p>\n<p style=\"text-align: center;\">Pantal\u00f3n: Zara<\/p>\n<p style=\"text-align: center;\">Bolso: Mango<\/p>\n<p style=\"text-align: center;\">Pulseras: Tous<\/p>\n<p style=\"text-align: center;\">Sandalias: Zara<\/p>\n<p style=\"text-align: center;\">Reloj: Casio<\/p>\n<p style=\"text-align: center;\"><a href=\"\/pasarelaurbana\/wp-content\/uploads\/sites\/49\/2012\/09\/60.jpg\"><img loading=\"lazy\" class=\"aligncenter size-full wp-image-1630\" title=\"60\" src=\"\/pasarelaurbana\/wp-content\/uploads\/sites\/49\/2012\/09\/60.jpg\" alt=\"\" width=\"600\" height=\"803\" srcset=\"https:\/\/static-blogs.diariosur.es\/wp-content\/uploads\/sites\/49\/2012\/09\/60.jpg 600w, https:\/\/static-blogs.diariosur.es\/wp-content\/uploads\/sites\/49\/2012\/09\/60-224x300.jpg 224w\" sizes=\"(max-width: 600px) 100vw, 600px\" \/><\/a><\/p>\n<p style=\"text-align: center;\"><a href=\"\/pasarelaurbana\/wp-content\/uploads\/sites\/49\/2012\/09\/611.jpg\"><img loading=\"lazy\" class=\"aligncenter size-full wp-image-1631\" title=\"61\" src=\"\/pasarelaurbana\/wp-content\/uploads\/sites\/49\/2012\/09\/611.jpg\" alt=\"\" width=\"600\" height=\"803\" srcset=\"https:\/\/static-blogs.diariosur.es\/wp-content\/uploads\/sites\/49\/2012\/09\/611.jpg 600w, https:\/\/static-blogs.diariosur.es\/wp-content\/uploads\/sites\/49\/2012\/09\/611-224x300.jpg 224w\" sizes=\"(max-width: 600px) 100vw, 600px\" \/><\/a><\/p>\n<p style=\"text-align: center;\"><a href=\"\/pasarelaurbana\/wp-content\/uploads\/sites\/49\/2012\/09\/621.jpg\"><img loading=\"lazy\" class=\"aligncenter size-full wp-image-1632\" title=\"62\" src=\"\/pasarelaurbana\/wp-content\/uploads\/sites\/49\/2012\/09\/621.jpg\" alt=\"\" width=\"600\" height=\"803\" srcset=\"https:\/\/static-blogs.diariosur.es\/wp-content\/uploads\/sites\/49\/2012\/09\/621.jpg 600w, https:\/\/static-blogs.diariosur.es\/wp-content\/uploads\/sites\/49\/2012\/09\/621-224x300.jpg 224w\" sizes=\"(max-width: 600px) 100vw, 600px\" \/><\/a><\/p>\n<p style=\"text-align: center;\"><a href=\"\/pasarelaurbana\/wp-content\/uploads\/sites\/49\/2012\/09\/631.jpg\"><img loading=\"lazy\" class=\"aligncenter size-full wp-image-1633\" title=\"63\" src=\"\/pasarelaurbana\/wp-content\/uploads\/sites\/49\/2012\/09\/631.jpg\" alt=\"\" width=\"600\" height=\"803\" srcset=\"https:\/\/static-blogs.diariosur.es\/wp-content\/uploads\/sites\/49\/2012\/09\/631.jpg 600w, https:\/\/static-blogs.diariosur.es\/wp-content\/uploads\/sites\/49\/2012\/09\/631-224x300.jpg 224w\" sizes=\"(max-width: 600px) 100vw, 600px\" \/><\/a><\/p>\n<p style=\"text-align: center;\"><a href=\"\/pasarelaurbana\/wp-content\/uploads\/sites\/49\/2012\/09\/651.jpg\"><img loading=\"lazy\" class=\"aligncenter size-full wp-image-1635\" title=\"65\" src=\"\/pasarelaurbana\/wp-content\/uploads\/sites\/49\/2012\/09\/651.jpg\" alt=\"\" width=\"600\" height=\"803\" srcset=\"https:\/\/static-blogs.diariosur.es\/wp-content\/uploads\/sites\/49\/2012\/09\/651.jpg 600w, https:\/\/static-blogs.diariosur.es\/wp-content\/uploads\/sites\/49\/2012\/09\/651-224x300.jpg 224w\" sizes=\"(max-width: 600px) 100vw, 600px\" \/><\/a><br \/>\n<a href=\"\/pasarelaurbana\/wp-content\/uploads\/sites\/49\/2012\/09\/66.jpg\"><img loading=\"lazy\" class=\"aligncenter size-full wp-image-1629\" title=\"66\" src=\"\/pasarelaurbana\/wp-content\/uploads\/sites\/49\/2012\/09\/66.jpg\" alt=\"\" width=\"600\" height=\"448\" srcset=\"https:\/\/static-blogs.diariosur.es\/wp-content\/uploads\/sites\/49\/2012\/09\/66.jpg 600w, https:\/\/static-blogs.diariosur.es\/wp-content\/uploads\/sites\/49\/2012\/09\/66-300x224.jpg 300w\" sizes=\"(max-width: 600px) 100vw, 600px\" \/><\/a><\/p>\n<p style=\"text-align: center;\"><strong>Elena Miranda<\/strong>. Estudiante de Odontolog\u00eda. 20 a\u00f1os<\/p>\n<p style=\"text-align: center;\"><span style=\"text-decoration: underline;\">El print animal viste los looks m\u00e1s salvajes<\/span><\/p>\n<p style=\"text-align: center;\">El estampado de leopardo ha sido tendencia absoluta este verano y lo seguir\u00e1 siendo este oto\u00f1o, cuando se mantendr\u00e1 imbatible en el podio de los must-have a tenor de las nuevas colecciones que empiezan a invadir las tiendas. Quien busque un estilismo salvaje tendr\u00e1 un sinf\u00edn de posibilidades para elegir: desde faldas l\u00e1piz a camisas, jerseys, vaqueros, bolsos o botines. Este tejido arrasa. Elena Miranda, una estudiante de Odontolog\u00eda a la que ya os present\u00e9 hace unas semanas, eligi\u00f3 un <em>outfit<\/em> felino para su jornada de shopping por calle Larios, donde nos la topamos hace unas semanas. Nos conquist\u00f3 su short de print animal de raso, un tejido super fresco y elegante. Lo firma La Maison, boutique situada en calle Mart\u00ednez parada obligada de toda fashionista que se precie. Esta joven de 20 a\u00f1os apasionada de la moda lo combina con acierto con camisa vaporosa blanca de Thirty30 y unas preciosas sandalias joya de Gloria Ortiz, dise\u00f1adora que tambi\u00e9n firma su bolso, un b\u00e1sico de fondo de armario. \u00abMe encanta combinar prendas e invertir en complementos de m\u00e1s calidad\u00bb, se\u00f1ala.<\/p>\n<p style=\"text-align: center;\">Camisa:Thirty30<\/p>\n<p style=\"text-align: center;\">Shorts: La Maison<\/p>\n<p style=\"text-align: center;\">Sandalias y bolso: Gloria Ortiz<\/p>\n<p style=\"text-align: center;\">Gafas: Persol<\/p>\n","protected":false},"excerpt":{"rendered":"<p>A\u00fan queda una semana para que el calendario de el pistoletazo de salida oficial al oto\u00f1o, pero las tendencias de la nueva temporada ya pisan con fuerza la pasarela urbana. Los escaparates animan a desafiar las altas temperaturas y enfundarse pantalones y mangas largas, aunque solo sea por tantear en probadores las prendas que ser\u00e1n [&hellip;]<\/p>\n","protected":false},"author":54,"featured_media":0,"comment_status":"open","ping_status":"closed","sticky":false,"template":"","format":"standard","meta":[],"categories":[2],"tags":[],"_links":{"self":[{"href":"https:\/\/blogs.diariosur.es\/pasarelaurbana\/wp-json\/wp\/v2\/posts\/1609"}],"collection":[{"href":"https:\/\/blogs.diariosur.es\/pasarelaurbana\/wp-json\/wp\/v2\/posts"}],"about":[{"href":"https:\/\/blogs.diariosur.es\/pasarelaurbana\/wp-json\/wp\/v2\/types\/post"}],"author":[{"embeddable":true,"href":"https:\/\/blogs.diariosur.es\/pasarelaurbana\/wp-json\/wp\/v2\/users\/54"}],"replies":[{"embeddable":true,"href":"https:\/\/blogs.diariosur.es\/pasarelaurbana\/wp-json\/wp\/v2\/comments?post=1609"}],"version-history":[{"count":0,"href":"https:\/\/blogs.diariosur.es\/pasarelaurbana\/wp-json\/wp\/v2\/posts\/1609\/revisions"}],"wp:attachment":[{"href":"https:\/\/blogs.diariosur.es\/pasarelaurbana\/wp-json\/wp\/v2\/media?parent=1609"}],"wp:term":[{"taxonomy":"category","embeddable":true,"href":"https:\/\/blogs.diariosur.es\/pasarelaurbana\/wp-json\/wp\/v2\/categories?post=1609"},{"taxonomy":"post_tag","embeddable":true,"href":"https:\/\/blogs.diariosur.es\/pasarelaurbana\/wp-json\/wp\/v2\/tags?post=1609"}],"curies":[{"name":"wp","href":"https:\/\/api.w.org\/{rel}","templated":true}]}}