{"id":1637,"date":"2012-09-12T13:51:34","date_gmt":"2012-09-12T13:51:34","guid":{"rendered":"http:\/\/blogs.diariosur.es\/pasarelaurbana\/?p=1637"},"modified":"2012-09-12T13:51:34","modified_gmt":"2012-09-12T13:51:34","slug":"100-post-5-looks-masculinos","status":"publish","type":"post","link":"https:\/\/blogs.diariosur.es\/pasarelaurbana\/2012\/09\/12\/100-post-5-looks-masculinos\/","title":{"rendered":"100 post, 5 looks masculinos"},"content":{"rendered":"<p style=\"text-align: center;\">Lo prometido es deuda! Esta semana hemos cumplido 100 post y tras el balance de los mejores estilismos femeninos fichados durante mis sesiones de street style malague\u00f1o os promet\u00ed recapitular <strong>los <em>outfit<\/em> masculinos m\u00e1s interesantes.<\/strong> Y aqu\u00ed los ten\u00e9is! Como siempre digo (me he quejado de esto hasta la saciedad en este espacio!!!) me cuesta muchiiiiiisimo toparme con hombres que vayan vestidos con algo diferente que rompa un poco con los <em>looks<\/em> masculinos cl\u00e1sicos a los que todos estamos acostumbrados (v\u00e9ase vaquero y polito \/ camisa y pantal\u00f3n chino con americana o traje de chaqueta al uso). Desde aqu\u00ed mi cr\u00edtica a lo conservador que es el sector varonil en esta ciudad! Dicho esto, os dejo con cinco protagonistas del blog de los \u00faltimos seis meses cuyos atuendos lograron captar mi atenci\u00f3n, la mayor\u00eda por atreverse con complementos llamativos como un bolso Satchel (s\u00ed!, los bolsos tambi\u00e9n son para ellos, como ha propuesto la pasarela en innumerables ocasiones!), pulseras, gorro o pajarita. En otros casos fue la mezcla de estilos lo que a mi juicio hizo que consiguieran despuntar, como la apuesta de traje sporty chic de Juan Carlos Cuevas, un agente inmobiliario con el que me top\u00e9 por calle Larios hace solo unas semanas. Os dejo con ellos!!!!<\/p>\n<p>&nbsp;<\/p>\n<p><a href=\"\/pasarelaurbana\/wp-content\/uploads\/sites\/49\/2012\/09\/116.jpg\"><img loading=\"lazy\" class=\"aligncenter size-full wp-image-1639\" title=\"1\" src=\"\/pasarelaurbana\/wp-content\/uploads\/sites\/49\/2012\/09\/116.jpg\" alt=\"\" width=\"600\" height=\"1137\" srcset=\"https:\/\/static-blogs.diariosur.es\/wp-content\/uploads\/sites\/49\/2012\/09\/116.jpg 600w, https:\/\/static-blogs.diariosur.es\/wp-content\/uploads\/sites\/49\/2012\/09\/116-158x300.jpg 158w, https:\/\/static-blogs.diariosur.es\/wp-content\/uploads\/sites\/49\/2012\/09\/116-540x1024.jpg 540w\" sizes=\"(max-width: 600px) 100vw, 600px\" \/><\/a><!--more--><\/p>\n<p><a href=\"\/pasarelaurbana\/wp-content\/uploads\/sites\/49\/2012\/09\/116.jpg\"><img loading=\"lazy\" class=\"aligncenter size-full wp-image-1639\" title=\"1\" src=\"\/pasarelaurbana\/wp-content\/uploads\/sites\/49\/2012\/09\/116.jpg\" alt=\"\" width=\"600\" height=\"1137\" srcset=\"https:\/\/static-blogs.diariosur.es\/wp-content\/uploads\/sites\/49\/2012\/09\/116.jpg 600w, https:\/\/static-blogs.diariosur.es\/wp-content\/uploads\/sites\/49\/2012\/09\/116-158x300.jpg 158w, https:\/\/static-blogs.diariosur.es\/wp-content\/uploads\/sites\/49\/2012\/09\/116-540x1024.jpg 540w\" sizes=\"(max-width: 600px) 100vw, 600px\" \/><\/a><\/p>\n<p><a href=\"\/pasarelaurbana\/wp-content\/uploads\/sites\/49\/2012\/09\/213.jpg\"><img loading=\"lazy\" class=\"aligncenter size-full wp-image-1640\" title=\"2\" src=\"\/pasarelaurbana\/wp-content\/uploads\/sites\/49\/2012\/09\/213.jpg\" alt=\"\" width=\"600\" height=\"1550\" srcset=\"https:\/\/static-blogs.diariosur.es\/wp-content\/uploads\/sites\/49\/2012\/09\/213.jpg 600w, https:\/\/static-blogs.diariosur.es\/wp-content\/uploads\/sites\/49\/2012\/09\/213-116x300.jpg 116w, https:\/\/static-blogs.diariosur.es\/wp-content\/uploads\/sites\/49\/2012\/09\/213-396x1024.jpg 396w\" sizes=\"(max-width: 600px) 100vw, 600px\" \/><\/a><\/p>\n<p><a href=\"\/pasarelaurbana\/wp-content\/uploads\/sites\/49\/2012\/09\/37.jpg\"><img loading=\"lazy\" class=\"aligncenter size-full wp-image-1641\" title=\"3\" src=\"\/pasarelaurbana\/wp-content\/uploads\/sites\/49\/2012\/09\/37.jpg\" alt=\"\" width=\"600\" height=\"400\" srcset=\"https:\/\/static-blogs.diariosur.es\/wp-content\/uploads\/sites\/49\/2012\/09\/37.jpg 600w, https:\/\/static-blogs.diariosur.es\/wp-content\/uploads\/sites\/49\/2012\/09\/37-300x200.jpg 300w\" sizes=\"(max-width: 600px) 100vw, 600px\" \/><\/a><\/p>\n<p>&nbsp;<\/p>\n<p style=\"text-align: center;\"><strong>Demetrio de la Torre<\/strong>. Estudiante de Periodismo. 21 a\u00f1os<\/p>\n<p style=\"text-align: center;\">A la hora de arreglarse, la m\u00e1xima de Demetrio de la Torre, un estudiante de Periodismo y blogguer de moda al que conoc\u00ed durante la pasada edici\u00f3n del Festival de Cine de M\u00e1laga, es \u00abno pasar inadvertido\u00bb. \u00abMe gusta divertirme con la moda\u00bb, me confes\u00f3 este jovend e 21 a\u00f1os. En la foto lo logra con una americana vintage de los a\u00f1os 60, pitillos beige y bolso Satchel en coral, una apuesta arriesgada que capt\u00f3 mi atenci\u00f3n esta primavera.<\/p>\n<p style=\"text-align: center;\">Chaqueta: Vintage de Find De Luxe<\/p>\n<p style=\"text-align: center;\">Pantalones: H&#038;M<\/p>\n<p style=\"text-align: center;\">Camisa: Zara<\/p>\n<p style=\"text-align: center;\">Bambas: Bershka<\/p>\n<p style=\"text-align: center;\">Bolso: H&#038;M<\/p>\n<p style=\"text-align: center;\">Pulsera: Mezcla de muchas distintas, la mayor\u00eda handmade<\/p>\n<p>&nbsp;<\/p>\n<p><a href=\"\/pasarelaurbana\/wp-content\/uploads\/sites\/49\/2012\/09\/47.jpg\"><img loading=\"lazy\" class=\"aligncenter size-full wp-image-1642\" title=\"4\" src=\"\/pasarelaurbana\/wp-content\/uploads\/sites\/49\/2012\/09\/47.jpg\" alt=\"\" width=\"600\" height=\"803\" srcset=\"https:\/\/static-blogs.diariosur.es\/wp-content\/uploads\/sites\/49\/2012\/09\/47.jpg 600w, https:\/\/static-blogs.diariosur.es\/wp-content\/uploads\/sites\/49\/2012\/09\/47-224x300.jpg 224w\" sizes=\"(max-width: 600px) 100vw, 600px\" \/><\/a><\/p>\n<p><a href=\"\/pasarelaurbana\/wp-content\/uploads\/sites\/49\/2012\/09\/4b.jpg\"><img loading=\"lazy\" class=\"aligncenter size-full wp-image-1643\" title=\"4b\" src=\"\/pasarelaurbana\/wp-content\/uploads\/sites\/49\/2012\/09\/4b.jpg\" alt=\"\" width=\"600\" height=\"803\" srcset=\"https:\/\/static-blogs.diariosur.es\/wp-content\/uploads\/sites\/49\/2012\/09\/4b.jpg 600w, https:\/\/static-blogs.diariosur.es\/wp-content\/uploads\/sites\/49\/2012\/09\/4b-224x300.jpg 224w\" sizes=\"(max-width: 600px) 100vw, 600px\" \/><\/a><\/p>\n<p><a href=\"\/pasarelaurbana\/wp-content\/uploads\/sites\/49\/2012\/09\/67.jpg\"><img loading=\"lazy\" class=\"aligncenter size-full wp-image-1645\" title=\"6\" src=\"\/pasarelaurbana\/wp-content\/uploads\/sites\/49\/2012\/09\/67.jpg\" alt=\"\" width=\"600\" height=\"448\" srcset=\"https:\/\/static-blogs.diariosur.es\/wp-content\/uploads\/sites\/49\/2012\/09\/67.jpg 600w, https:\/\/static-blogs.diariosur.es\/wp-content\/uploads\/sites\/49\/2012\/09\/67-300x224.jpg 300w\" sizes=\"(max-width: 600px) 100vw, 600px\" \/><\/a><\/p>\n<p style=\"text-align: center;\"><strong>\u00a0Alberto F\u00e1brega<\/strong>. Personal shopper y visual merchandising. 27 a\u00f1os<\/p>\n<p style=\"text-align: center;\">Alberto F\u00e1brega es un visual merchandising y personal shopper encargado de organizar y\u00a0presentar los productos en tienda para que nos entren por los ojos, nos seduzcan y nos empujen a pasar por caja. Pues bien, nos topamos con este apasionado de la moda (como no pod\u00eda ser de otra manera, porque vive de ella) a las puertas de Mango de calle Larios, donde acababa de hacer un trabajo. Desde que lo vi me conquist\u00f3 su <em>outfit<\/em>: fresco, atrevido, diferente, con un punto canalla, dandy y a la vez muy juvenil y urbano. Sin duda, la pajarita de cuadros, muy british,\u00a0es la pieza clave sobre la que gira un total look <em>denim<\/em> de camisa remangada y bermudas vaqueras. El look de Alberto se inspira en la corriente <em>heritage<\/em>, que nos transporta a la \u00e9poca de los 50 y como \u00e9l mismo nos explic\u00f3, \u201ccoge elementos de la moda tejana, del oeste y se basa en tonos tierra y azules\u201d, destac\u00f3.\u00a0\u201cSoy muy ecl\u00e9ctico en lo que a estilo se refiere, me gusta mezclar y soy super atrevido, sde los que\u00a0se ponen\u00a0corbata con camiseta\u201d, brome\u00f3.<\/p>\n<p style=\"text-align: center;\">Camisa: Pull&#038;Bear<\/p>\n<p style=\"text-align: center;\">Bermudas: Bershka<\/p>\n<p style=\"text-align: center;\">Cintur\u00f3n: Comprado en Londres<\/p>\n<p style=\"text-align: center;\">Zapatos: Comprados en Londres<\/p>\n<p style=\"text-align: center;\">Pajarita: H&#038;M<\/p>\n<p>&nbsp;<\/p>\n<p><a href=\"\/pasarelaurbana\/wp-content\/uploads\/sites\/49\/2012\/09\/75.jpg\"><img loading=\"lazy\" class=\"aligncenter size-full wp-image-1646\" title=\"7\" src=\"\/pasarelaurbana\/wp-content\/uploads\/sites\/49\/2012\/09\/75.jpg\" alt=\"\" width=\"600\" height=\"900\" srcset=\"https:\/\/static-blogs.diariosur.es\/wp-content\/uploads\/sites\/49\/2012\/09\/75.jpg 600w, https:\/\/static-blogs.diariosur.es\/wp-content\/uploads\/sites\/49\/2012\/09\/75-200x300.jpg 200w\" sizes=\"(max-width: 600px) 100vw, 600px\" \/><\/a><\/p>\n<p><a href=\"\/pasarelaurbana\/wp-content\/uploads\/sites\/49\/2012\/09\/86.jpg\"><img loading=\"lazy\" class=\"aligncenter size-full wp-image-1647\" title=\"8\" src=\"\/pasarelaurbana\/wp-content\/uploads\/sites\/49\/2012\/09\/86.jpg\" alt=\"\" width=\"600\" height=\"400\" srcset=\"https:\/\/static-blogs.diariosur.es\/wp-content\/uploads\/sites\/49\/2012\/09\/86.jpg 600w, https:\/\/static-blogs.diariosur.es\/wp-content\/uploads\/sites\/49\/2012\/09\/86-300x200.jpg 300w\" sizes=\"(max-width: 600px) 100vw, 600px\" \/><\/a><\/p>\n<p style=\"text-align: center;\"><strong>Hamza El Yamlahi<\/strong>. Empleado de una red social danesa y bailar\u00edn de hip hop. 30 a\u00f1os<\/p>\n<p style=\"text-align: center;\">El sombrero y\u00a0 las bambas blancas aportan un toque informal y desenfadado al resto del look de Hamza El Yamlah, que s\u00ed es m\u00e1s\u00a0tradicionales (v\u00e9ase camisa y pantalones en crudo). Me gust\u00f3\u00a0el\u00a0punto gentleman-vacil\u00f3n de este empleado de una red social danesa afincado en M\u00e1laga dede hace nueve meses que en sus ratos libres da clases gratuitas de hip hop en el recinto ferial. Nos topamos con \u00e9l paseando por calle Larios y acept\u00f3 encantado a ense\u00f1arnos su \u2018outfit\u2019 durante una breve sesi\u00f3n de fotos en la plaza de las Flores. Hamza reconoci\u00f3 que le gusta la moda y defini\u00f3 su estilo como \u201ccamale\u00f3nico\u201d.<\/p>\n<p style=\"text-align: center;\">Camisa: Grant<\/p>\n<p style=\"text-align: center;\">Pantal\u00f3n: no recuerda d\u00f3nde lo compr\u00f3<\/p>\n<p style=\"text-align: center;\">Cintur\u00f3n: Grant<\/p>\n<p style=\"text-align: center;\">Sombrero: House<\/p>\n<p style=\"text-align: center;\">Relok: Ck<\/p>\n<p style=\"text-align: center;\">Tenis: fueron un regalo y no recuerda la marca<\/p>\n<p>&nbsp;<\/p>\n<p><a href=\"\/pasarelaurbana\/wp-content\/uploads\/sites\/49\/2012\/09\/104.jpg\"><img loading=\"lazy\" class=\"aligncenter size-full wp-image-1649\" title=\"10\" src=\"\/pasarelaurbana\/wp-content\/uploads\/sites\/49\/2012\/09\/104.jpg\" alt=\"\" width=\"600\" height=\"900\" srcset=\"https:\/\/static-blogs.diariosur.es\/wp-content\/uploads\/sites\/49\/2012\/09\/104.jpg 600w, https:\/\/static-blogs.diariosur.es\/wp-content\/uploads\/sites\/49\/2012\/09\/104-200x300.jpg 200w\" sizes=\"(max-width: 600px) 100vw, 600px\" \/><\/a><\/p>\n<p><a href=\"\/pasarelaurbana\/wp-content\/uploads\/sites\/49\/2012\/09\/94.jpg\"><img loading=\"lazy\" class=\"aligncenter size-full wp-image-1648\" title=\"9\" src=\"\/pasarelaurbana\/wp-content\/uploads\/sites\/49\/2012\/09\/94.jpg\" alt=\"\" width=\"600\" height=\"900\" srcset=\"https:\/\/static-blogs.diariosur.es\/wp-content\/uploads\/sites\/49\/2012\/09\/94.jpg 600w, https:\/\/static-blogs.diariosur.es\/wp-content\/uploads\/sites\/49\/2012\/09\/94-200x300.jpg 200w\" sizes=\"(max-width: 600px) 100vw, 600px\" \/><\/a><\/p>\n<p><a href=\"\/pasarelaurbana\/wp-content\/uploads\/sites\/49\/2012\/09\/117.jpg\"><img loading=\"lazy\" class=\"aligncenter size-full wp-image-1650\" title=\"11\" src=\"\/pasarelaurbana\/wp-content\/uploads\/sites\/49\/2012\/09\/117.jpg\" alt=\"\" width=\"600\" height=\"400\" srcset=\"https:\/\/static-blogs.diariosur.es\/wp-content\/uploads\/sites\/49\/2012\/09\/117.jpg 600w, https:\/\/static-blogs.diariosur.es\/wp-content\/uploads\/sites\/49\/2012\/09\/117-300x200.jpg 300w\" sizes=\"(max-width: 600px) 100vw, 600px\" \/><\/a><\/p>\n<p style=\"text-align: center;\"><strong>Manuel Galero<\/strong>. Banquero. 35 a\u00f1os<\/p>\n<p style=\"text-align: center;\">En marzo, paseando por calle Larios me top\u00e9 con Manuel Galero, un banquero malague\u00f1o de 35 a\u00f1os que se define a si mismo como un aut\u00e9ntico \u2018fashion victim\u2019. Su pasi\u00f3n por la moda salta a la vista. Desde que lo vi andando con paso firme con su americana de cuatro bolsillo y su cintur\u00f3n rojo rompiendo su estilismo dandi supe que ten\u00eda que desfilar por esta pasarela virtual, invitaci\u00f3n que \u00e9l acept\u00f3 encantado.\u00a0\u201dLa clave de\u00a0mi estilo es saber mezclar\u201d me confes\u00f3 para acto seguido\u00a0animarme a visitar su p\u00e1gina de Facebook dedicada a la moda masculina: La Divina Ortograf\u00eda.\u00a0 Me quedo con su pa\u00f1uelo estampado de seda al cuello que da un toque de color y\u00a0altera la sobriedad del traje. Una propuesta arriesgada pero acertada.<\/p>\n<p style=\"text-align: center;\">Pantal\u00f3n: Zara<\/p>\n<p style=\"text-align: center;\">Camisa: H&#038;M<\/p>\n<p style=\"text-align: center;\">Chaqueta: Zara<\/p>\n<p style=\"text-align: center;\">Cintur\u00f3n: Bershka<\/p>\n<p style=\"text-align: center;\">Zapatos: Zara<\/p>\n<p style=\"text-align: center;\">Pa\u00f1uelo: Mercadillo de Marruecos<\/p>\n<p style=\"text-align: center;\"><a href=\"\/pasarelaurbana\/wp-content\/uploads\/sites\/49\/2012\/09\/123.jpg\"><img loading=\"lazy\" class=\"aligncenter size-full wp-image-1651\" title=\"12\" src=\"\/pasarelaurbana\/wp-content\/uploads\/sites\/49\/2012\/09\/123.jpg\" alt=\"\" width=\"600\" height=\"803\" srcset=\"https:\/\/static-blogs.diariosur.es\/wp-content\/uploads\/sites\/49\/2012\/09\/123.jpg 600w, https:\/\/static-blogs.diariosur.es\/wp-content\/uploads\/sites\/49\/2012\/09\/123-224x300.jpg 224w\" sizes=\"(max-width: 600px) 100vw, 600px\" \/><\/a><\/p>\n<p style=\"text-align: center;\"><a href=\"\/pasarelaurbana\/wp-content\/uploads\/sites\/49\/2012\/09\/133.jpg\"><img loading=\"lazy\" class=\"aligncenter size-full wp-image-1652\" title=\"13\" src=\"\/pasarelaurbana\/wp-content\/uploads\/sites\/49\/2012\/09\/133.jpg\" alt=\"\" width=\"600\" height=\"803\" srcset=\"https:\/\/static-blogs.diariosur.es\/wp-content\/uploads\/sites\/49\/2012\/09\/133.jpg 600w, https:\/\/static-blogs.diariosur.es\/wp-content\/uploads\/sites\/49\/2012\/09\/133-224x300.jpg 224w\" sizes=\"(max-width: 600px) 100vw, 600px\" \/><\/a><\/p>\n<p style=\"text-align: center;\"><a href=\"\/pasarelaurbana\/wp-content\/uploads\/sites\/49\/2012\/09\/143.jpg\"><img loading=\"lazy\" class=\"aligncenter size-full wp-image-1638\" title=\"14\" src=\"\/pasarelaurbana\/wp-content\/uploads\/sites\/49\/2012\/09\/143.jpg\" alt=\"\" width=\"600\" height=\"803\" srcset=\"https:\/\/static-blogs.diariosur.es\/wp-content\/uploads\/sites\/49\/2012\/09\/143.jpg 600w, https:\/\/static-blogs.diariosur.es\/wp-content\/uploads\/sites\/49\/2012\/09\/143-224x300.jpg 224w\" sizes=\"(max-width: 600px) 100vw, 600px\" \/><\/a><\/p>\n<p style=\"text-align: center;\"><strong>Juan Carlos Cuevas<\/strong>. Agente inmobiliario. 34 a\u00f1os<\/p>\n<p style=\"text-align: center;\">A Juan Carlos Cuevas os lo present\u00e9 hace solo una semana. Consigui\u00f3 captar mi atenci\u00f3n por calle Larios gracias a su combinaci\u00f3n de traje con zapatillas deportivas, que le dan un interesante punto sporty chic al outfit y logran restarle seriedad al uniforme de trabajo de este agente inmobiliario de 34 a\u00f1os, quien se considera atrevido en la manera de vestir y combinar prendas. \u201cMi estilo es muy casual, pero como por mi profesi\u00f3n tengo que llevar traje intento hacerlo m\u00e1s informal apostando por pantalones slip fit entubados y zapatos de l\u00edneas deportivas\u201d, nos dijo.<\/p>\n<p style=\"text-align: center;\">Camisa: Morato<\/p>\n<p style=\"text-align: center;\">Corbata: Corporativa de la empresa<\/p>\n<p style=\"text-align: center;\">Pantal\u00f3n: Morato<\/p>\n<p style=\"text-align: center;\">Cintur\u00f3n: Sfera<\/p>\n<p style=\"text-align: center;\">Zapatos: Pull&#038;Bear<\/p>\n","protected":false},"excerpt":{"rendered":"<p>Lo prometido es deuda! Esta semana hemos cumplido 100 post y tras el balance de los mejores estilismos femeninos fichados durante mis sesiones de street style malague\u00f1o os promet\u00ed recapitular los outfit masculinos m\u00e1s interesantes. Y aqu\u00ed los ten\u00e9is! Como siempre digo (me he quejado de esto hasta la saciedad en este espacio!!!) me cuesta [&hellip;]<\/p>\n","protected":false},"author":54,"featured_media":0,"comment_status":"open","ping_status":"closed","sticky":false,"template":"","format":"standard","meta":[],"categories":[2],"tags":[],"_links":{"self":[{"href":"https:\/\/blogs.diariosur.es\/pasarelaurbana\/wp-json\/wp\/v2\/posts\/1637"}],"collection":[{"href":"https:\/\/blogs.diariosur.es\/pasarelaurbana\/wp-json\/wp\/v2\/posts"}],"about":[{"href":"https:\/\/blogs.diariosur.es\/pasarelaurbana\/wp-json\/wp\/v2\/types\/post"}],"author":[{"embeddable":true,"href":"https:\/\/blogs.diariosur.es\/pasarelaurbana\/wp-json\/wp\/v2\/users\/54"}],"replies":[{"embeddable":true,"href":"https:\/\/blogs.diariosur.es\/pasarelaurbana\/wp-json\/wp\/v2\/comments?post=1637"}],"version-history":[{"count":0,"href":"https:\/\/blogs.diariosur.es\/pasarelaurbana\/wp-json\/wp\/v2\/posts\/1637\/revisions"}],"wp:attachment":[{"href":"https:\/\/blogs.diariosur.es\/pasarelaurbana\/wp-json\/wp\/v2\/media?parent=1637"}],"wp:term":[{"taxonomy":"category","embeddable":true,"href":"https:\/\/blogs.diariosur.es\/pasarelaurbana\/wp-json\/wp\/v2\/categories?post=1637"},{"taxonomy":"post_tag","embeddable":true,"href":"https:\/\/blogs.diariosur.es\/pasarelaurbana\/wp-json\/wp\/v2\/tags?post=1637"}],"curies":[{"name":"wp","href":"https:\/\/api.w.org\/{rel}","templated":true}]}}