{"id":1669,"date":"2012-09-13T18:24:00","date_gmt":"2012-09-13T18:24:00","guid":{"rendered":"http:\/\/blogs.diariosur.es\/pasarelaurbana\/?p=1669"},"modified":"2012-09-13T18:24:00","modified_gmt":"2012-09-13T18:24:00","slug":"camisa-fluor-y-collar-joya","status":"publish","type":"post","link":"https:\/\/blogs.diariosur.es\/pasarelaurbana\/2012\/09\/13\/camisa-fluor-y-collar-joya\/","title":{"rendered":"Camisa fl\u00faor y collar joya"},"content":{"rendered":"<p>Buenas!!! Ya estamos acabando la semana! Qu\u00e9 r\u00e1pido ha pasado! Hoy os traigo un look veraniego ideal para apurar los rayos de sol y disfrutar de un buen escote trasero antes de que el frio nos obligue a arrinconar este tipo de camisetas en el armario. Nuestra protagonista es Alba Carrasco, una estudiante de Traducci\u00f3n de 27 a\u00f1os a la que conocimos el pasado martes cuando paseaba con su hermana por calle Larios durante una jornada de shopping. Me gusta el tono fl\u00faor de su camiseta, su apertura de espalda y el toque que le da el collar joya de H&#038;M, como os he comentado un must de la nueva temporada que ya tenemos a la vuelta de la esquina. Combina la camiseta con short y unas sandalias de tiras negras de Bimba y Lola que me parecen perfectas para tener de fondo de armario. Os dejo con ella! Y ma\u00f1ana no os perd\u00e1is una entrevista muy especial. \u00bfOs acord\u00e1is de la s\u00faper modelo internacional a la que iba a entrevistar para hablar de moda? Pues acabo de volver de estar con ella y como aperitivo solo adelantaros que me ha parecido simpatiqu\u00edsima, cercana y s\u00faper natural. Ma\u00f1ana os doy todas las claves de esta cita tan especial! <\/p>\n<p><a href=\"\/pasarelaurbana\/wp-content\/uploads\/sites\/49\/2012\/09\/30.jpg\"><img loading=\"lazy\" class=\"aligncenter size-full wp-image-1671\" title=\"30\" src=\"\/pasarelaurbana\/wp-content\/uploads\/sites\/49\/2012\/09\/30.jpg\" alt=\"\" width=\"600\" height=\"803\" srcset=\"https:\/\/static-blogs.diariosur.es\/wp-content\/uploads\/sites\/49\/2012\/09\/30.jpg 600w, https:\/\/static-blogs.diariosur.es\/wp-content\/uploads\/sites\/49\/2012\/09\/30-224x300.jpg 224w\" sizes=\"(max-width: 600px) 100vw, 600px\" \/><\/a><!--more--><\/p>\n<p><a href=\"\/pasarelaurbana\/wp-content\/uploads\/sites\/49\/2012\/09\/311.jpg\"><img loading=\"lazy\" class=\"aligncenter size-full wp-image-1672\" title=\"31\" src=\"\/pasarelaurbana\/wp-content\/uploads\/sites\/49\/2012\/09\/311.jpg\" alt=\"\" width=\"600\" height=\"803\" srcset=\"https:\/\/static-blogs.diariosur.es\/wp-content\/uploads\/sites\/49\/2012\/09\/311.jpg 600w, https:\/\/static-blogs.diariosur.es\/wp-content\/uploads\/sites\/49\/2012\/09\/311-224x300.jpg 224w\" sizes=\"(max-width: 600px) 100vw, 600px\" \/><\/a><\/p>\n<p><a href=\"\/pasarelaurbana\/wp-content\/uploads\/sites\/49\/2012\/09\/331.jpg\"><img loading=\"lazy\" class=\"aligncenter size-full wp-image-1674\" title=\"33\" src=\"\/pasarelaurbana\/wp-content\/uploads\/sites\/49\/2012\/09\/331.jpg\" alt=\"\" width=\"600\" height=\"803\" srcset=\"https:\/\/static-blogs.diariosur.es\/wp-content\/uploads\/sites\/49\/2012\/09\/331.jpg 600w, https:\/\/static-blogs.diariosur.es\/wp-content\/uploads\/sites\/49\/2012\/09\/331-224x300.jpg 224w\" sizes=\"(max-width: 600px) 100vw, 600px\" \/><\/a><\/p>\n<p><a href=\"\/pasarelaurbana\/wp-content\/uploads\/sites\/49\/2012\/09\/351.jpg\"><img loading=\"lazy\" class=\"aligncenter size-full wp-image-1670\" title=\"35\" src=\"\/pasarelaurbana\/wp-content\/uploads\/sites\/49\/2012\/09\/351.jpg\" alt=\"\" width=\"600\" height=\"803\" srcset=\"https:\/\/static-blogs.diariosur.es\/wp-content\/uploads\/sites\/49\/2012\/09\/351.jpg 600w, https:\/\/static-blogs.diariosur.es\/wp-content\/uploads\/sites\/49\/2012\/09\/351-224x300.jpg 224w\" sizes=\"(max-width: 600px) 100vw, 600px\" \/><\/a><\/p>\n<p><a href=\"\/pasarelaurbana\/wp-content\/uploads\/sites\/49\/2012\/09\/341.jpg\"><img loading=\"lazy\" class=\"aligncenter size-full wp-image-1675\" title=\"34\" src=\"\/pasarelaurbana\/wp-content\/uploads\/sites\/49\/2012\/09\/341.jpg\" alt=\"\" width=\"600\" height=\"803\" srcset=\"https:\/\/static-blogs.diariosur.es\/wp-content\/uploads\/sites\/49\/2012\/09\/341.jpg 600w, https:\/\/static-blogs.diariosur.es\/wp-content\/uploads\/sites\/49\/2012\/09\/341-224x300.jpg 224w\" sizes=\"(max-width: 600px) 100vw, 600px\" \/><\/a><\/p>\n<p style=\"text-align: center;\"><strong>Alba Carrasco<\/strong>. Estudiante de Traducci\u00f3n. 27 a\u00f1os<\/p>\n<p style=\"text-align: center;\">Camisa: Zara<\/p>\n<p style=\"text-align: center;\">Shorts: H&#038;M<\/p>\n<p style=\"text-align: center;\">Collar: H&#038;M<\/p>\n<p style=\"text-align: center;\">Sandalias: Bimba y Lola<\/p>\n<p style=\"text-align: center;\">Bolso: Imitaci\u00f3n de Loewe<\/p>\n<p>&nbsp;<\/p>\n","protected":false},"excerpt":{"rendered":"<p>Buenas!!! Ya estamos acabando la semana! Qu\u00e9 r\u00e1pido ha pasado! Hoy os traigo un look veraniego ideal para apurar los rayos de sol y disfrutar de un buen escote trasero antes de que el frio nos obligue a arrinconar este tipo de camisetas en el armario. Nuestra protagonista es Alba Carrasco, una estudiante de Traducci\u00f3n [&hellip;]<\/p>\n","protected":false},"author":54,"featured_media":0,"comment_status":"open","ping_status":"closed","sticky":false,"template":"","format":"standard","meta":[],"categories":[2],"tags":[],"_links":{"self":[{"href":"https:\/\/blogs.diariosur.es\/pasarelaurbana\/wp-json\/wp\/v2\/posts\/1669"}],"collection":[{"href":"https:\/\/blogs.diariosur.es\/pasarelaurbana\/wp-json\/wp\/v2\/posts"}],"about":[{"href":"https:\/\/blogs.diariosur.es\/pasarelaurbana\/wp-json\/wp\/v2\/types\/post"}],"author":[{"embeddable":true,"href":"https:\/\/blogs.diariosur.es\/pasarelaurbana\/wp-json\/wp\/v2\/users\/54"}],"replies":[{"embeddable":true,"href":"https:\/\/blogs.diariosur.es\/pasarelaurbana\/wp-json\/wp\/v2\/comments?post=1669"}],"version-history":[{"count":0,"href":"https:\/\/blogs.diariosur.es\/pasarelaurbana\/wp-json\/wp\/v2\/posts\/1669\/revisions"}],"wp:attachment":[{"href":"https:\/\/blogs.diariosur.es\/pasarelaurbana\/wp-json\/wp\/v2\/media?parent=1669"}],"wp:term":[{"taxonomy":"category","embeddable":true,"href":"https:\/\/blogs.diariosur.es\/pasarelaurbana\/wp-json\/wp\/v2\/categories?post=1669"},{"taxonomy":"post_tag","embeddable":true,"href":"https:\/\/blogs.diariosur.es\/pasarelaurbana\/wp-json\/wp\/v2\/tags?post=1669"}],"curies":[{"name":"wp","href":"https:\/\/api.w.org\/{rel}","templated":true}]}}