{"id":1679,"date":"2012-09-14T08:22:14","date_gmt":"2012-09-14T08:22:14","guid":{"rendered":"http:\/\/blogs.diariosur.es\/pasarelaurbana\/?p=1679"},"modified":"2012-09-14T08:22:14","modified_gmt":"2012-09-14T08:22:14","slug":"nieves-alvarez-en-epoca-de-crisis-hay-que-tirar-del-armario-y-reciclar","status":"publish","type":"post","link":"https:\/\/blogs.diariosur.es\/pasarelaurbana\/2012\/09\/14\/nieves-alvarez-en-epoca-de-crisis-hay-que-tirar-del-armario-y-reciclar\/","title":{"rendered":"Nieves \u00c1lvarez: &#8220;En \u00e9poca de crisis hay que tirar del armario y reciclar&#8221;"},"content":{"rendered":"<p><a href=\"\/pasarelaurbana\/wp-content\/uploads\/sites\/49\/2012\/09\/120.jpg\"><img loading=\"lazy\" class=\"aligncenter size-full wp-image-1682\" title=\"1\" src=\"\/pasarelaurbana\/wp-content\/uploads\/sites\/49\/2012\/09\/120.jpg\" alt=\"\" width=\"600\" height=\"428\" srcset=\"https:\/\/static-blogs.diariosur.es\/wp-content\/uploads\/sites\/49\/2012\/09\/120.jpg 600w, https:\/\/static-blogs.diariosur.es\/wp-content\/uploads\/sites\/49\/2012\/09\/120-300x214.jpg 300w\" sizes=\"(max-width: 600px) 100vw, 600px\" \/><\/a><\/p>\n<p>Feliz viernes a todos! Para darle el pistoletazo de salida al fin de semana hoy os traigo un post muy especial, una entrevista con la top internacional Nieves \u00c1lvarez. Una mujer sencilla que a pesar de atesorar m\u00e1s de veinte a\u00f1os de carrera, haber desfilado en las mejores pasarelas y haber sido musa del genio Yves Saint Laurent derrocha naturalidad y cercan\u00eda en las distancias cortas. &#8220;Soy una persona muy normal. Llevo a mis ni\u00f1os al cole, hago con ellos los deberes, salgo con mi marido, disfruto con mi familia y amigos&#8230;Solo que me pintan y me transformo pero insisto, soy muy normal&#8221;, destaca. Y lo demuestra en el tu a tu con sus confesiones: &#8220;Soy de las que llega a casa con un taconazo de 14 cent\u00edmetros y me lo quito en el portal&#8221;, bromea. La modelo, dise\u00f1adora de ropa infantil y desde hace poco tambi\u00e9n presentadora de televisi\u00f3n, inaugur\u00f3 ayer la primera tienda Pandora en M\u00e1laga en el centro comercial Larios con una reivindicaci\u00f3n bajo el brazo: que se deje de ver la moda como algo fr\u00edvolo, &#8220;porque adem\u00e1s de ser cultura es una industria que genera muchos puestos de trabajo&#8221;, recuerda. (Y no puedo estar m\u00e1s de acuerdo!) Para \u00c1lvarez, la moda es diversi\u00f3n y una forma de proyectar la personalidad de cada cual. Adora las mezclas, tendencia que considera un arte y en la que, dice, la gran maestra es Nati Abascal.&#8221;No hay nadie que mezcle tantas cosas y tan bien como ella&#8221;, subraya. Preguntada por sus must have de la pr\u00f3xima temporada, la top admite que le pierden las tachuelas. &#8220;No me pegan nada pero me encantan!&#8221;, asevera al tiempo que anima a explotar el ingenio en \u00e9poca de crisis, &#8220;yo misma rescato chaquetas de hace diez a\u00f1os o renuevo prendas cambi\u00e1ndole los botones. Hay que reciclar&#8221;, propone. Os dejo con la entrevista al completo! Espero que la disfrut\u00e9is!<\/p>\n<p><!--more--><\/p>\n<p><strong>-Lleva 20 a\u00f1os vinculada al mundo de la moda, \u00bfqu\u00e9 gran lecci\u00f3n le ha dado este sector?<\/strong><br \/>\n\u00a1Uf! \u00a1Es que me ha dado tantas! Me ha ense\u00f1ado a conocerme a mi misma, a aprender a madurar, a saber diferenciar las cosas que quiero, a elegir siempre mi camino. Sobre todo me ha ense\u00f1ado que en este negocio tienes que ser tu misma. Eres tu la que maneja tu carrera y la que decide si estar aqu\u00ed hoy o no. No siempre es f\u00e1cil, pero a mi me ha dado mucho este trabajo.<br \/>\n<strong>-\u00bfTe molesta que se asocie tu trabajo con la frivolidad?<\/strong><br \/>\nMe molesta, pero no tanto por la imagen, sino por lo que hay detr\u00e1s. Mi empe\u00f1o es concienciar a la gente, y por eso tambi\u00e9n me he embarcado en el proyecto de televisi\u00f3n como presentadora, de que la moda es industria, es cultura, da muchos puestos de trabajo, se aprende de ella y te forma. Forma parte de nuestro d\u00eda a d\u00eda, de nuestra identidad y nuestra personalidad. A veces expresamos y reflejamos lo que somos a trav\u00e9s de nuestra forma de vestirnos.<br \/>\n<strong>-&#8230;Y es un reflejo de la sociedad. Como tal, no escapa de la crisis.<\/strong><br \/>\nEn \u00e9poca de crisis el ingenio se desarrolla. Pero s\u00ed que se nota inevitablemente la crisis en todos los sectores y quiz\u00e1s el de la moda es uno de los que m\u00e1s. Esto nos afecta a todos, pero es importante que todos marchemos poquito a poco para salvar esto y salir, porque si dejamos de hacer cosas y de reinventarnos esto se hunde. Y en \u00e9poca de crisis todos sabemos que gastando menos tambi\u00e9n se puede ir estupenda.<br \/>\n<strong>-\u00bfCu\u00e1l es su truco?<\/strong><br \/>\nTodos tenemos armarios estupendos a los que se les puede sacar mucho partido. A mi hay a veces amigas que me dicen: &#8220;\u00a1ay, qu\u00e9 chaqueta m\u00e1s estupenda! \u00bfD\u00f3nde te la has comprado?&#8221; Y yo digo: \u00a1tiene diez a\u00f1os! A mi me encanta tirar del armario y reciclar, inventar&#8230;Las mujeres somos mucho de decir eso de que no tenemos nada que ponernos, \u00bfpero c\u00f3mo que no? Siempre puedes jugar, y el mismo vestido que ten\u00edas hace diez a\u00f1os le cambias el cintur\u00f3n, yo a veces le cambio los botones a las chaquetas. Es cuesti\u00f3n de echarle imaginaci\u00f3n, y las mujeres tenemos mucho ingenio.<br \/>\n<strong>-\u00bfC\u00f3mo vestir\u00eda a la crisis?<\/strong><br \/>\nDe rojo pasi\u00f3n (Risas) A ver si as\u00ed nos acercamos a ella con mas ganas. De negro nunca, de rojo.<br \/>\n<strong>-Cuando llega a casa y se baja de los taconazos, \u00bfC\u00f3mo es Nieves \u00c1lvarez?<\/strong><br \/>\nPues soy una mujer muy alegre a la que le encanta estar en familia, con mis hijos, mis amigas&#8230;La verdad es que soy muy normal, cercana con la gente que me para. A veces en la pantalla o en las revistas se me puede ver como fr\u00eda y distante, pero para nada. Ni soy altiva \u00a0ni nada de eso. Llevo a mis ni\u00f1os al cole, les recojo, hago los deberes con ellos, salgo, estoy con mis amigos&#8230;como cualquier mujer normal, solo que me pintan, me visto y me transformo para trabajar, pero no hay nada mas.<br \/>\n<strong>&#8211; Hace poco una persona vinculada al mundo de la moda me confes\u00f3 que no ten\u00eda nI pijamas ni zapatillas porque dec\u00eda que la imagen hay que proyectarla desde el hogar. \u00bfEs de esas?<\/strong><br \/>\nRisas. Mira, yo soy de las que llega de una fiesta con un taconazo de 14 cent\u00edmetros y no aguanta ni a llegar a casa. En el mismo portal me los quito y voy descalza en el ascensor. El glamour no tiene nada que ver con eso. En mi casa me ver\u00e1s muy sencilla, con mis camisetas, mis jeans&#8230;soy de lo mas normal.<br \/>\n<strong>-\u00bfLa moda tiene un componente de diversi\u00f3n?<\/strong><br \/>\n\u00a1Claro! Yo hoy he venido al sur y digo \u00a1alegr\u00eda! Y me he colocado unos tacones fl\u00faor. La moda refleja tu estado de \u00e1nimo, como est\u00e1s, es una proyecci\u00f3n de tu mundo. Es un arte saber mezclar, combinar colores, texturas, encajes&#8230;Es muy divertida y hay maestras en eso como Nati Abascal. No hay nadie que mezcle tantas cosas y tan bien como ella.<br \/>\n<strong>-La nueva temporada llega cargada de tachuelas, prendas militares, inspiraci\u00f3n barroca&#8230;\u00bfCu\u00e1les son sus <em>must have<\/em> de este oto\u00f1o?<\/strong><br \/>\nPues no me pegan nada&#8230;\u00a1pero me encantan las tachuelas!<br \/>\n<strong>-\u00bfEs rockera?<\/strong><br \/>\nRisas. S\u00ed, s\u00ed, me pierden las tachuelas, las calaveras&#8230;me gustan much\u00edsimo.<br \/>\n<strong>&#8211; Ha venido a inaugurar la primera tienda Pandora de M\u00e1laga, \u00bfqu\u00e9 importancia tienen los complementos en sus outfits?<\/strong><br \/>\nEs que un complemento te cambia un look. Las joyas para la mujer adem\u00e1s son muy importantes, por su valor personal y sentimental. Puedes llevar un look sencillo y adornarlo con ellas, transformarlo por completo por el colorido de una joya. Llevo un\u00a0a\u00f1o como embajadora de Pandora, una marca holandesa que conozco desde hace mucho tiempo y como toda mujer el poder crear tu propia joya, personalizarla y hacerla tuya sabiendo que nadie m\u00e1s la va a llevar como tu me encanta. Es una marca con la que me identifico y con la que es un placer trabajar.<br \/>\n<strong>-Ahora es dise\u00f1adora de ropa infantil de la firma N+V, \u00bfc\u00f3mo viste a los ni\u00f1os este invierno?<\/strong><br \/>\nLlevo ya tres colecciones, acabamos de abrir c\u00f3rner en el Corte Ingl\u00e9s de Castellana y la verdad es que muy ilusionada. Este invierno encontraremos cazadoras de ni\u00f1o tipo aviador, me gustan las ni\u00f1as bien vestidas pero con un toque bohemio y divertido&#8230;Sobre todo ni\u00f1os que vayan vestido como ni\u00f1os, c\u00f3modos&#8230;que no vayan vestidos como adultos. Con un punto cool y diferente. Al fin y al cabo son los clientes m\u00e1s exigentes, nadie mejor que ellos para decirte las cosas, si una prenda pica, si le molesta un cuello&#8230;<br \/>\n<strong>&#8211; H\u00e1bleme de su nueva aventura profesional como presentadora del magac\u00edn Solo moda&#8230;<\/strong><br \/>\nPues estoy s\u00faper ilusionada. Estoy en una cadena fant\u00e1stica con un equipo buen\u00edsimo y lo que se intenta es que el p\u00fablico vea la moda como lo que es, como cultura. Entrevistamos a grandes dise\u00f1adores, todo el mundo nos ha abierto las puertas. Hemos sido los \u00fanicos en entrevistar a Roberto Cavalli as\u00ed de tu a tu, sentado como estamos nosotros ahora. Y yo con las ganas y la fuerza de aprender gracias a un equipo muy bonito que me ayuda y me ense\u00f1a.<br \/>\n<strong>&#8211; Siempre aparece en las listas de las m\u00e1s elegantes, \u00bfqu\u00e9 es para usted la elegancia?<\/strong> Es que son tantas cosas&#8230;La elegancia es una actitud. Es educaci\u00f3n. No significa llevar un traje de Yves Saint Laurant. Es como hablas, como te comportas, como te mueves, como transmites, eso es la elegancia.<br \/>\n<strong>-Hace tiempo que no salen modelos de renombre, \u00bfqu\u00e9 le\u00a0pasa a\u00a0la cantera?<\/strong><br \/>\nHay una cantera buen\u00edsima de modelos espa\u00f1olas pero esto es una cosa que ocurre a nivel internacional. Las modelos hoy en d\u00eda trabajan mucho pero tienen carreras m\u00e1s cortas. Quiz\u00e1s no han tenido esa repercusi\u00f3n medi\u00e1tica que tuvimos nosotras, no porque nosotras seamos mejores que ellas.Quiz\u00e1s tambi\u00e9n los dise\u00f1adores tampoco est\u00e9n favoreciendo ese protagonismo que tuvieron en su d\u00eda mujeres \u00fanicas como una Claudia Schiffer, eso es irrepetible.<\/p>\n<p>&nbsp;<\/p>\n<p><a href=\"\/pasarelaurbana\/wp-content\/uploads\/sites\/49\/2012\/09\/215.jpg\"><img loading=\"lazy\" class=\"aligncenter size-full wp-image-1683\" title=\"2\" src=\"\/pasarelaurbana\/wp-content\/uploads\/sites\/49\/2012\/09\/215.jpg\" alt=\"\" width=\"600\" height=\"427\" srcset=\"https:\/\/static-blogs.diariosur.es\/wp-content\/uploads\/sites\/49\/2012\/09\/215.jpg 600w, https:\/\/static-blogs.diariosur.es\/wp-content\/uploads\/sites\/49\/2012\/09\/215-300x214.jpg 300w\" sizes=\"(max-width: 600px) 100vw, 600px\" \/><\/a><\/p>\n<p><a href=\"\/pasarelaurbana\/wp-content\/uploads\/sites\/49\/2012\/09\/39.jpg\"><img loading=\"lazy\" class=\"aligncenter size-full wp-image-1684\" title=\"3\" src=\"\/pasarelaurbana\/wp-content\/uploads\/sites\/49\/2012\/09\/39.jpg\" alt=\"\" width=\"600\" height=\"421\" srcset=\"https:\/\/static-blogs.diariosur.es\/wp-content\/uploads\/sites\/49\/2012\/09\/39.jpg 600w, https:\/\/static-blogs.diariosur.es\/wp-content\/uploads\/sites\/49\/2012\/09\/39-300x211.jpg 300w\" sizes=\"(max-width: 600px) 100vw, 600px\" \/><\/a><\/p>\n<p><a href=\"\/pasarelaurbana\/wp-content\/uploads\/sites\/49\/2012\/09\/49.jpg\"><img loading=\"lazy\" class=\"aligncenter size-full wp-image-1685\" title=\"4\" src=\"\/pasarelaurbana\/wp-content\/uploads\/sites\/49\/2012\/09\/49.jpg\" alt=\"\" width=\"600\" height=\"413\" srcset=\"https:\/\/static-blogs.diariosur.es\/wp-content\/uploads\/sites\/49\/2012\/09\/49.jpg 600w, https:\/\/static-blogs.diariosur.es\/wp-content\/uploads\/sites\/49\/2012\/09\/49-300x207.jpg 300w\" sizes=\"(max-width: 600px) 100vw, 600px\" \/><\/a><\/p>\n<p><a href=\"\/pasarelaurbana\/wp-content\/uploads\/sites\/49\/2012\/09\/59.jpg\"><img loading=\"lazy\" class=\"aligncenter size-full wp-image-1680\" title=\"5\" src=\"\/pasarelaurbana\/wp-content\/uploads\/sites\/49\/2012\/09\/59.jpg\" alt=\"\" width=\"600\" height=\"398\" srcset=\"https:\/\/static-blogs.diariosur.es\/wp-content\/uploads\/sites\/49\/2012\/09\/59.jpg 600w, https:\/\/static-blogs.diariosur.es\/wp-content\/uploads\/sites\/49\/2012\/09\/59-300x199.jpg 300w\" sizes=\"(max-width: 600px) 100vw, 600px\" \/><\/a><\/p>\n<p><a href=\"\/pasarelaurbana\/wp-content\/uploads\/sites\/49\/2012\/09\/69.jpg\"><img loading=\"lazy\" class=\"aligncenter size-full wp-image-1681\" title=\"6\" src=\"\/pasarelaurbana\/wp-content\/uploads\/sites\/49\/2012\/09\/69.jpg\" alt=\"\" width=\"600\" height=\"1005\" srcset=\"https:\/\/static-blogs.diariosur.es\/wp-content\/uploads\/sites\/49\/2012\/09\/69.jpg 600w, https:\/\/static-blogs.diariosur.es\/wp-content\/uploads\/sites\/49\/2012\/09\/69-179x300.jpg 179w\" sizes=\"(max-width: 600px) 100vw, 600px\" \/><\/a><\/p>\n<p style=\"text-align: center;\">Nieves acudi\u00f3 espectacular a su cita con Pandora con un vestido bicolor black&#038;white (tendencia absoluta de este oto\u00f1o\/invierno) con cuidados detalles de encajes. Para romper la sobriedad del look se decant\u00f3 por unos taconazos en naranja fl\u00faor que pusieron la nota divertida, veraniega y desenfadada a su acertado outfit. &#8220;Como ven\u00eda al sur me he dicho a mi misma: hay que poner una nota de color, que transmita alegr\u00eda&#8221;, brome\u00f3 Nieves durante la entrevista. En mi caso, llev\u00e9 camisa y falda de inspiraci\u00f3n militar de Zara, collar multi charm de Accessorize, cu\u00f1as de Oysho y bolso Satchel de Stella Rittwagen. Parecemos el punto y la i \u00a1\u00a1lo se!! Pero no porque yo sea bajita (que tambi\u00e9n, pero con estas cu\u00f1as disimulo) sino porque Nieves es alt\u00ediiisima. Una mujer simpatiqu\u00edsima en el trato de tu a tu a la que me encant\u00f3 conocer!<\/p>\n<p>&nbsp;<\/p>\n<p>&nbsp;<\/p>\n<p>&nbsp;<\/p>\n","protected":false},"excerpt":{"rendered":"<p>Feliz viernes a todos! Para darle el pistoletazo de salida al fin de semana hoy os traigo un post muy especial, una entrevista con la top internacional Nieves \u00c1lvarez. Una mujer sencilla que a pesar de atesorar m\u00e1s de veinte a\u00f1os de carrera, haber desfilado en las mejores pasarelas y haber sido musa del genio [&hellip;]<\/p>\n","protected":false},"author":54,"featured_media":0,"comment_status":"open","ping_status":"closed","sticky":false,"template":"","format":"standard","meta":[],"categories":[2],"tags":[],"_links":{"self":[{"href":"https:\/\/blogs.diariosur.es\/pasarelaurbana\/wp-json\/wp\/v2\/posts\/1679"}],"collection":[{"href":"https:\/\/blogs.diariosur.es\/pasarelaurbana\/wp-json\/wp\/v2\/posts"}],"about":[{"href":"https:\/\/blogs.diariosur.es\/pasarelaurbana\/wp-json\/wp\/v2\/types\/post"}],"author":[{"embeddable":true,"href":"https:\/\/blogs.diariosur.es\/pasarelaurbana\/wp-json\/wp\/v2\/users\/54"}],"replies":[{"embeddable":true,"href":"https:\/\/blogs.diariosur.es\/pasarelaurbana\/wp-json\/wp\/v2\/comments?post=1679"}],"version-history":[{"count":0,"href":"https:\/\/blogs.diariosur.es\/pasarelaurbana\/wp-json\/wp\/v2\/posts\/1679\/revisions"}],"wp:attachment":[{"href":"https:\/\/blogs.diariosur.es\/pasarelaurbana\/wp-json\/wp\/v2\/media?parent=1679"}],"wp:term":[{"taxonomy":"category","embeddable":true,"href":"https:\/\/blogs.diariosur.es\/pasarelaurbana\/wp-json\/wp\/v2\/categories?post=1679"},{"taxonomy":"post_tag","embeddable":true,"href":"https:\/\/blogs.diariosur.es\/pasarelaurbana\/wp-json\/wp\/v2\/tags?post=1679"}],"curies":[{"name":"wp","href":"https:\/\/api.w.org\/{rel}","templated":true}]}}