{"id":1687,"date":"2012-09-16T13:56:57","date_gmt":"2012-09-16T13:56:57","guid":{"rendered":"http:\/\/blogs.diariosur.es\/pasarelaurbana\/?p=1687"},"modified":"2012-09-16T13:56:57","modified_gmt":"2012-09-16T13:56:57","slug":"jesus-sesgado-lo-borda","status":"publish","type":"post","link":"https:\/\/blogs.diariosur.es\/pasarelaurbana\/2012\/09\/16\/jesus-sesgado-lo-borda\/","title":{"rendered":"Jes\u00fas Segado borda la noche de la moda malague\u00f1a"},"content":{"rendered":"<div>\n<div id=\"noticia-pestanas\">\n<div id=\"ccronica\">\n<div>\n<div style=\"text-align: left;\">M\u00e1laga se ha vestido este fin de semana de moda. El coraz\u00f3n de la ciudad se ha rendido a los dise\u00f1os malague\u00f1os a su elegancia, a su creatividad, a su sofisticaci\u00f3n y, por qu\u00e9 no, a ese punto de locura y excentricidad que tiene la alta costura y que tanta falta hace en ciertos momentos para salir de la rutina. Porque al fin y al cabo, la moda es eso, diversi\u00f3n. Y M\u00e1laga se ha divertido y ha so\u00f1ado con las interesantes propuestas de los principales dise\u00f1adores locales, que han derrochado talento a lo largo y ancho de los 300 metros de una espectacular calle Larios donde no cab\u00eda literalmente ni un alfiler. Lo mejor: el ambiente exquisito. Lo peor: unos desfiles poco \u00e1giles con demasiados parones y con una animaci\u00f3n circense que pec\u00f3 de aburrida y previsible. En la pasarela, mucho rojo (el color estrella de este oto\u00f1o), mucho azul klein y una clara apuesta por el bicolor en su formato black&#038;white. Reinaron los cortes asim\u00e9tricos (hiperpresentes en la colecci\u00f3n de Antonia Galiano), los cinturones joya (muy recurrentes y acertados en los dise\u00f1os de Montesco), los vol\u00famenes, las plumas, los encajes con cuidadas incrustaciones de pedrer\u00eda, las colas, las telas tapiceras de inspiraci\u00f3n barroca o los gui\u00f1os a Andaluc\u00eda, en forma de volantes o lunares (preciosos algunos modelos de Sonia Pe\u00f1a). Diez desfiles y una misma premisa: vestir a una mujer hiperfemenina, marcando al m\u00e1ximo su silueta y en ocasiones mostrando m\u00e1s que insinuando con escotes traseros extremos y transparencias totales (protagonistas en la l\u00ednea de Gemma Mel\u00e9).<\/div>\n<div style=\"text-align: left;\"><\/div>\n<div>Pero sin duda, la gran sorpresa de la noche lleg\u00f3 de la mano de Jes\u00fas Segado, que firm\u00f3 a mi juicio la colecci\u00f3n m\u00e1s espectacular y rom\u00e1ntica. Ideales sus abrigos con pailletes, sus apliques de flores cobre o sus cortes babydoll que en ciertos momentos me recordaron a la preciosa colecci\u00f3n de Josep Font para Jes\u00fas del Pozo tan aplaudida en la \u00faltima Madrid Fashion Week. Javier Alc\u00e1ntara tambi\u00e9n lo bord\u00f3 con sus cuidados apliques de pedrer\u00eda mientras que Rafael Urquizar deslumbr\u00f3 con una colecci\u00f3n 100% blanco nuclear donde los turbantes pusieron el toque original. \u00c1ngel Palazuelos puso la nota m\u00e1s rompedora con sus extravagantes dise\u00f1os en blanco y negro en una noche donde la moda malague\u00f1a demostr\u00f3 que tiene mucho que decir.<\/div>\n<\/div>\n<div><\/div>\n<div>Fue una noche m\u00e1gica en la que he de reconocer que me sorprend\u00ed gratamente. En la pasarela se vieron estilismos espectaculares de esos que a una le hacen\u00a0 sacar pecho y sentirse orgullosa de lo que se cuece y se cose en su ciudad. Sin duda, todo un acierto haber rescatado este evento, que cual Ave F\u00e9nix, resurgi\u00f3 de sus cenizas el pasado a\u00f1o tras ocho a\u00f1os de par\u00f3n de la mano de Nueva Moda Producciones. Este a\u00f1o, en su segunda edici\u00f3n, se ha ampliado la cita a dos jornadas y se ha reforzado la presencia femenina (en 2011 solo estuvo Gemma Mel\u00e9) con nuevas participantes como Antonia Galiano, Sonia Pe\u00f1a y Susana Hidalgo. El lleno total que registraron los d\u00edas de desfile atestigua que los malague\u00f1os est\u00e1n \u00e1vidos de moda, un sector tradicionalmente arrinconado que necesita encontrar el sitio que se merece dentro de un fant\u00e1stico escaparate como en M\u00e1laga.<\/div>\n<div><\/div>\n<div>Os dejo con mi resumen del desfile de dise\u00f1adores malague\u00f1os! Espero que os guste!<\/div>\n<div><\/div>\n<div style=\"text-align: center;\"><span style=\"text-decoration: underline;\"><strong>MIGUEL \u00c1NGEL RUIZ<\/strong><\/span><\/div>\n<div><\/div>\n<\/div>\n<\/div>\n<\/div>\n<p><a href=\"\/pasarelaurbana\/wp-content\/uploads\/sites\/49\/2012\/09\/127.jpg\"><img loading=\"lazy\" class=\"aligncenter size-full wp-image-1709\" title=\"1\" src=\"\/pasarelaurbana\/wp-content\/uploads\/sites\/49\/2012\/09\/127.jpg\" alt=\"\" width=\"600\" height=\"440\" srcset=\"https:\/\/static-blogs.diariosur.es\/wp-content\/uploads\/sites\/49\/2012\/09\/127.jpg 600w, https:\/\/static-blogs.diariosur.es\/wp-content\/uploads\/sites\/49\/2012\/09\/127-300x220.jpg 300w\" sizes=\"(max-width: 600px) 100vw, 600px\" \/><\/a><!--more--><\/p>\n<p style=\"text-align: center;\"><a href=\"\/pasarelaurbana\/wp-content\/uploads\/sites\/49\/2012\/09\/218.jpg\"><img loading=\"lazy\" class=\"aligncenter size-full wp-image-1710\" title=\"2\" src=\"\/pasarelaurbana\/wp-content\/uploads\/sites\/49\/2012\/09\/218.jpg\" alt=\"\" width=\"600\" height=\"420\" srcset=\"https:\/\/static-blogs.diariosur.es\/wp-content\/uploads\/sites\/49\/2012\/09\/218.jpg 600w, https:\/\/static-blogs.diariosur.es\/wp-content\/uploads\/sites\/49\/2012\/09\/218-300x210.jpg 300w\" sizes=\"(max-width: 600px) 100vw, 600px\" \/><\/a><\/p>\n<p style=\"text-align: center;\">Vestidos largos, de estampados lisos y tejidos nobles como la seda protagonizaron las propuestas de este modisto malague\u00f1o que en 1983 fue pionero al abrir el primer atelier de alta costura en la capital junto a su hermano el tambi\u00e9n dise\u00f1ador Paco Ruiz. Sobre la pasarela, prendas elegantes, pureza de l\u00edneas y una clara apuesta por los vol\u00famenes en faldas y mangas con un claro objetivo: realzar el atractivo femenino. Los tonos salm\u00f3n y azul fueron protagonistas en sus looks, rematados con acierto con extravagantes tocados oversize de <em>Laura Olea<\/em>.<\/p>\n<p style=\"text-align: center;\"><span style=\"text-decoration: underline;\"><strong>SUSANA HIDALGO<\/strong><\/span><\/p>\n<p><a href=\"\/pasarelaurbana\/wp-content\/uploads\/sites\/49\/2012\/09\/312.jpg\"><img loading=\"lazy\" class=\"aligncenter size-full wp-image-1711\" title=\"3\" src=\"\/pasarelaurbana\/wp-content\/uploads\/sites\/49\/2012\/09\/312.jpg\" alt=\"\" width=\"600\" height=\"428\" srcset=\"https:\/\/static-blogs.diariosur.es\/wp-content\/uploads\/sites\/49\/2012\/09\/312.jpg 600w, https:\/\/static-blogs.diariosur.es\/wp-content\/uploads\/sites\/49\/2012\/09\/312-300x214.jpg 300w\" sizes=\"(max-width: 600px) 100vw, 600px\" \/><\/a><\/p>\n<p style=\"text-align: center;\">Hidalgo debut\u00f3 en la pasarela Larios con tocados y complementos de Rosario Berrocal.\u00a0 Los cortes asim\u00e9tricos, las transparencias y los trajes de chaqueta con toque lady mimados al mil\u00edmetro fueron las notas destacas del desfile de esta malague\u00f1a que prepara ya la mudanza de su taller de dise\u00f1o en el PTA al Centro de M\u00e1laga.<\/p>\n<p style=\"text-align: center;\"><span style=\"text-decoration: underline;\"><strong>RAFAEL URQU\u00cdZAR<\/strong><\/span><\/p>\n<p><a href=\"\/pasarelaurbana\/wp-content\/uploads\/sites\/49\/2012\/09\/271.jpg\"><img loading=\"lazy\" class=\"aligncenter size-full wp-image-1716\" title=\"27\" src=\"\/pasarelaurbana\/wp-content\/uploads\/sites\/49\/2012\/09\/271.jpg\" alt=\"\" width=\"600\" height=\"857\" srcset=\"https:\/\/static-blogs.diariosur.es\/wp-content\/uploads\/sites\/49\/2012\/09\/271.jpg 600w, https:\/\/static-blogs.diariosur.es\/wp-content\/uploads\/sites\/49\/2012\/09\/271-210x300.jpg 210w\" sizes=\"(max-width: 600px) 100vw, 600px\" \/><\/a><\/p>\n<p><a href=\"\/pasarelaurbana\/wp-content\/uploads\/sites\/49\/2012\/09\/125.jpg\"><img loading=\"lazy\" class=\"aligncenter size-full wp-image-1689\" title=\"1\" src=\"\/pasarelaurbana\/wp-content\/uploads\/sites\/49\/2012\/09\/125.jpg\" alt=\"\" width=\"600\" height=\"448\" srcset=\"https:\/\/static-blogs.diariosur.es\/wp-content\/uploads\/sites\/49\/2012\/09\/125.jpg 600w, https:\/\/static-blogs.diariosur.es\/wp-content\/uploads\/sites\/49\/2012\/09\/125-300x224.jpg 300w\" sizes=\"(max-width: 600px) 100vw, 600px\" \/><\/a><\/p>\n<p><a href=\"\/pasarelaurbana\/wp-content\/uploads\/sites\/49\/2012\/09\/216.jpg\"><img loading=\"lazy\" class=\"aligncenter size-full wp-image-1690\" title=\"2\" src=\"\/pasarelaurbana\/wp-content\/uploads\/sites\/49\/2012\/09\/216.jpg\" alt=\"\" width=\"600\" height=\"448\" srcset=\"https:\/\/static-blogs.diariosur.es\/wp-content\/uploads\/sites\/49\/2012\/09\/216.jpg 600w, https:\/\/static-blogs.diariosur.es\/wp-content\/uploads\/sites\/49\/2012\/09\/216-300x224.jpg 300w\" sizes=\"(max-width: 600px) 100vw, 600px\" \/><\/a><\/p>\n<p><a href=\"\/pasarelaurbana\/wp-content\/uploads\/sites\/49\/2012\/09\/232.jpg\"><img loading=\"lazy\" class=\"aligncenter size-full wp-image-1712\" title=\"23\" src=\"\/pasarelaurbana\/wp-content\/uploads\/sites\/49\/2012\/09\/232.jpg\" alt=\"\" width=\"600\" height=\"388\" srcset=\"https:\/\/static-blogs.diariosur.es\/wp-content\/uploads\/sites\/49\/2012\/09\/232.jpg 600w, https:\/\/static-blogs.diariosur.es\/wp-content\/uploads\/sites\/49\/2012\/09\/232-300x194.jpg 300w\" sizes=\"(max-width: 600px) 100vw, 600px\" \/><\/a><\/p>\n<p style=\"text-align: center;\">\u00a0El blanco domin\u00f3 el desfile de Urquizar, con sus propuestas de alta costura para novias. Vestidos hiperfemeninos ce\u00f1idos a la cintura con preciosos cinturones joya y mucha ca\u00edda\u00a0 fueron sus se\u00f1as de identidad. Espectaculares sus tocados tipo turbante con flores o aplicaciones doradas. Me enamor\u00f3 el modelo de la primera foto que os pongo, con camisa abierta transparente, detalles florales en los hombros y falda super voluminosa atada a la cintura con un cord\u00f3n en blanco roto.<\/p>\n<p>&nbsp;<\/p>\n<p style=\"text-align: center;\"><span style=\"text-decoration: underline;\"><strong>MONTESCO<\/strong><\/span><\/p>\n<p>&nbsp;<\/p>\n<p><a href=\"\/pasarelaurbana\/wp-content\/uploads\/sites\/49\/2012\/09\/76.jpg\"><img loading=\"lazy\" class=\"aligncenter size-full wp-image-1694\" title=\"7\" src=\"\/pasarelaurbana\/wp-content\/uploads\/sites\/49\/2012\/09\/76.jpg\" alt=\"\" width=\"600\" height=\"803\" srcset=\"https:\/\/static-blogs.diariosur.es\/wp-content\/uploads\/sites\/49\/2012\/09\/76.jpg 600w, https:\/\/static-blogs.diariosur.es\/wp-content\/uploads\/sites\/49\/2012\/09\/76-224x300.jpg 224w\" sizes=\"(max-width: 600px) 100vw, 600px\" \/><\/a><\/p>\n<p><a href=\"\/pasarelaurbana\/wp-content\/uploads\/sites\/49\/2012\/09\/88.jpg\"><img loading=\"lazy\" class=\"aligncenter size-full wp-image-1695\" title=\"8\" src=\"\/pasarelaurbana\/wp-content\/uploads\/sites\/49\/2012\/09\/88.jpg\" alt=\"\" width=\"600\" height=\"803\" srcset=\"https:\/\/static-blogs.diariosur.es\/wp-content\/uploads\/sites\/49\/2012\/09\/88.jpg 600w, https:\/\/static-blogs.diariosur.es\/wp-content\/uploads\/sites\/49\/2012\/09\/88-224x300.jpg 224w\" sizes=\"(max-width: 600px) 100vw, 600px\" \/><\/a><\/p>\n<p><a href=\"\/pasarelaurbana\/wp-content\/uploads\/sites\/49\/2012\/09\/96.jpg\"><img loading=\"lazy\" class=\"aligncenter size-full wp-image-1696\" title=\"9\" src=\"\/pasarelaurbana\/wp-content\/uploads\/sites\/49\/2012\/09\/96.jpg\" alt=\"\" width=\"600\" height=\"803\" srcset=\"https:\/\/static-blogs.diariosur.es\/wp-content\/uploads\/sites\/49\/2012\/09\/96.jpg 600w, https:\/\/static-blogs.diariosur.es\/wp-content\/uploads\/sites\/49\/2012\/09\/96-224x300.jpg 224w\" sizes=\"(max-width: 600px) 100vw, 600px\" \/><\/a><\/p>\n<p><a href=\"\/pasarelaurbana\/wp-content\/uploads\/sites\/49\/2012\/09\/510.jpg\"><img loading=\"lazy\" class=\"aligncenter size-full wp-image-1693\" title=\"5\" src=\"\/pasarelaurbana\/wp-content\/uploads\/sites\/49\/2012\/09\/510.jpg\" alt=\"\" width=\"600\" height=\"803\" srcset=\"https:\/\/static-blogs.diariosur.es\/wp-content\/uploads\/sites\/49\/2012\/09\/510.jpg 600w, https:\/\/static-blogs.diariosur.es\/wp-content\/uploads\/sites\/49\/2012\/09\/510-224x300.jpg 224w\" sizes=\"(max-width: 600px) 100vw, 600px\" \/><\/a><\/p>\n<p><a href=\"\/pasarelaurbana\/wp-content\/uploads\/sites\/49\/2012\/09\/106.jpg\"><img loading=\"lazy\" class=\"aligncenter size-full wp-image-1697\" title=\"10\" src=\"\/pasarelaurbana\/wp-content\/uploads\/sites\/49\/2012\/09\/106.jpg\" alt=\"\" width=\"600\" height=\"803\" srcset=\"https:\/\/static-blogs.diariosur.es\/wp-content\/uploads\/sites\/49\/2012\/09\/106.jpg 600w, https:\/\/static-blogs.diariosur.es\/wp-content\/uploads\/sites\/49\/2012\/09\/106-224x300.jpg 224w\" sizes=\"(max-width: 600px) 100vw, 600px\" \/><\/a><\/p>\n<p style=\"text-align: center;\">Con Montesco lleg\u00f3 el color (muy dominante el rojo, el color revelaci\u00f3n de este oto\u00f1o que ti\u00f1\u00f3 vestidos con flecos y pedrer\u00eda) y la inspiraci\u00f3n barroca. Su desfile fue uno de los m\u00e1s espectaculares por la fuerza de sus dise\u00f1os. No faltaron las telas tapiceras, los encajes, la pedrer\u00eda y los brocados para demostrar que m\u00e1s tambi\u00e9s es m\u00e1s. Y esta temporada m\u00e1s a\u00fan, que se lleva el lujo por el lujo y la ostentaci\u00f3n. Precioso su propuesta de novia, con cuidado chantillo y lazada celeste a la cintura (que pena que no tenga foto!). Sus tocados tambi\u00e9n los firm\u00f3 Laura Olea (super bonitos). Para ellos, el malague\u00f1o se decant\u00f3 por la moda british, con cuadros escoceses y mon\u00edsimos ositos Teddy.<\/p>\n<p style=\"text-align: center;\"><span style=\"text-decoration: underline;\"><strong>GEMMA MEL\u00c9<\/strong><\/span><\/p>\n<p><a href=\"\/pasarelaurbana\/wp-content\/uploads\/sites\/49\/2012\/09\/252.jpg\"><img loading=\"lazy\" class=\"aligncenter size-full wp-image-1714\" title=\"25\" src=\"\/pasarelaurbana\/wp-content\/uploads\/sites\/49\/2012\/09\/252.jpg\" alt=\"\" width=\"600\" height=\"871\" srcset=\"https:\/\/static-blogs.diariosur.es\/wp-content\/uploads\/sites\/49\/2012\/09\/252.jpg 600w, https:\/\/static-blogs.diariosur.es\/wp-content\/uploads\/sites\/49\/2012\/09\/252-207x300.jpg 207w\" sizes=\"(max-width: 600px) 100vw, 600px\" \/><\/a><\/p>\n<p><a href=\"\/pasarelaurbana\/wp-content\/uploads\/sites\/49\/2012\/09\/262.jpg\"><img loading=\"lazy\" class=\"aligncenter size-full wp-image-1715\" title=\"26\" src=\"\/pasarelaurbana\/wp-content\/uploads\/sites\/49\/2012\/09\/262.jpg\" alt=\"\" width=\"600\" height=\"899\" srcset=\"https:\/\/static-blogs.diariosur.es\/wp-content\/uploads\/sites\/49\/2012\/09\/262.jpg 600w, https:\/\/static-blogs.diariosur.es\/wp-content\/uploads\/sites\/49\/2012\/09\/262-200x300.jpg 200w\" sizes=\"(max-width: 600px) 100vw, 600px\" \/><\/a><\/p>\n<p><a href=\"\/pasarelaurbana\/wp-content\/uploads\/sites\/49\/2012\/09\/126.jpg\"><img loading=\"lazy\" class=\"aligncenter size-full wp-image-1699\" title=\"12\" src=\"\/pasarelaurbana\/wp-content\/uploads\/sites\/49\/2012\/09\/126.jpg\" alt=\"\" width=\"600\" height=\"803\" srcset=\"https:\/\/static-blogs.diariosur.es\/wp-content\/uploads\/sites\/49\/2012\/09\/126.jpg 600w, https:\/\/static-blogs.diariosur.es\/wp-content\/uploads\/sites\/49\/2012\/09\/126-224x300.jpg 224w\" sizes=\"(max-width: 600px) 100vw, 600px\" \/><\/a><\/p>\n<p><a href=\"\/pasarelaurbana\/wp-content\/uploads\/sites\/49\/2012\/09\/1110.jpg\"><img loading=\"lazy\" class=\"aligncenter size-full wp-image-1698\" title=\"11\" src=\"\/pasarelaurbana\/wp-content\/uploads\/sites\/49\/2012\/09\/1110.jpg\" alt=\"\" width=\"600\" height=\"803\" srcset=\"https:\/\/static-blogs.diariosur.es\/wp-content\/uploads\/sites\/49\/2012\/09\/1110.jpg 600w, https:\/\/static-blogs.diariosur.es\/wp-content\/uploads\/sites\/49\/2012\/09\/1110-224x300.jpg 224w\" sizes=\"(max-width: 600px) 100vw, 600px\" \/><\/a><\/p>\n<p style=\"text-align: center;\">El azul klein fue protagonista en su colecci\u00f3n donde hubo otra nota dominante: las transparencias extremas y los vertiginosos escotes traseros para las mujeres m\u00e1s atrevidas y sensuales. Sobre la pasarela, juego de vol\u00famenes, tejidos metalizados, cortes asim\u00e9tricos y detalles cuidados al mil\u00edmetro para realzar la belleza femenina. Me conquist\u00f3 uno de sus vestidos largos en azul klein conpedrer\u00eda y maxi lazada a la cadera. Mi favorito de su l\u00ednea.<\/p>\n<p style=\"text-align: center;\"><span style=\"text-decoration: underline;\"><strong>JES\u00daS SEGADO<\/strong><\/span><\/p>\n<p><a href=\"\/pasarelaurbana\/wp-content\/uploads\/sites\/49\/2012\/09\/145.jpg\"><img loading=\"lazy\" class=\"aligncenter size-full wp-image-1700\" title=\"14\" src=\"\/pasarelaurbana\/wp-content\/uploads\/sites\/49\/2012\/09\/145.jpg\" alt=\"\" width=\"600\" height=\"803\" srcset=\"https:\/\/static-blogs.diariosur.es\/wp-content\/uploads\/sites\/49\/2012\/09\/145.jpg 600w, https:\/\/static-blogs.diariosur.es\/wp-content\/uploads\/sites\/49\/2012\/09\/145-224x300.jpg 224w\" sizes=\"(max-width: 600px) 100vw, 600px\" \/><\/a><\/p>\n<p><a href=\"\/pasarelaurbana\/wp-content\/uploads\/sites\/49\/2012\/09\/153.jpg\"><img loading=\"lazy\" class=\"aligncenter size-full wp-image-1701\" title=\"15\" src=\"\/pasarelaurbana\/wp-content\/uploads\/sites\/49\/2012\/09\/153.jpg\" alt=\"\" width=\"600\" height=\"803\" srcset=\"https:\/\/static-blogs.diariosur.es\/wp-content\/uploads\/sites\/49\/2012\/09\/153.jpg 600w, https:\/\/static-blogs.diariosur.es\/wp-content\/uploads\/sites\/49\/2012\/09\/153-224x300.jpg 224w\" sizes=\"(max-width: 600px) 100vw, 600px\" \/><\/a><\/p>\n<p><a href=\"\/pasarelaurbana\/wp-content\/uploads\/sites\/49\/2012\/09\/192.jpg\"><img loading=\"lazy\" class=\"aligncenter size-full wp-image-1705\" title=\"19\" src=\"\/pasarelaurbana\/wp-content\/uploads\/sites\/49\/2012\/09\/192.jpg\" alt=\"\" width=\"600\" height=\"803\" srcset=\"https:\/\/static-blogs.diariosur.es\/wp-content\/uploads\/sites\/49\/2012\/09\/192.jpg 600w, https:\/\/static-blogs.diariosur.es\/wp-content\/uploads\/sites\/49\/2012\/09\/192-224x300.jpg 224w\" sizes=\"(max-width: 600px) 100vw, 600px\" \/><\/a><\/p>\n<p><a href=\"\/pasarelaurbana\/wp-content\/uploads\/sites\/49\/2012\/09\/173.jpg\"><img loading=\"lazy\" class=\"aligncenter size-full wp-image-1703\" title=\"17\" src=\"\/pasarelaurbana\/wp-content\/uploads\/sites\/49\/2012\/09\/173.jpg\" alt=\"\" width=\"600\" height=\"803\" srcset=\"https:\/\/static-blogs.diariosur.es\/wp-content\/uploads\/sites\/49\/2012\/09\/173.jpg 600w, https:\/\/static-blogs.diariosur.es\/wp-content\/uploads\/sites\/49\/2012\/09\/173-224x300.jpg 224w\" sizes=\"(max-width: 600px) 100vw, 600px\" \/><\/a><\/p>\n<p><a href=\"\/pasarelaurbana\/wp-content\/uploads\/sites\/49\/2012\/09\/203.jpg\"><img loading=\"lazy\" class=\"aligncenter size-full wp-image-1706\" title=\"20\" src=\"\/pasarelaurbana\/wp-content\/uploads\/sites\/49\/2012\/09\/203.jpg\" alt=\"\" width=\"600\" height=\"803\" srcset=\"https:\/\/static-blogs.diariosur.es\/wp-content\/uploads\/sites\/49\/2012\/09\/203.jpg 600w, https:\/\/static-blogs.diariosur.es\/wp-content\/uploads\/sites\/49\/2012\/09\/203-224x300.jpg 224w\" sizes=\"(max-width: 600px) 100vw, 600px\" \/><\/a><\/p>\n<p style=\"text-align: center;\">A mi humilde juicio, Jes\u00fas Segado firm\u00f3 la colecci\u00f3n m\u00e1s bonita de la noche. Abrigos cuajados de pedrer\u00eda con efecto tie dye espectaculares, vestidos con aplicaciones de flores cobre en los hombros, pailletes, cortes babydoll y una propuesta de novia original y preciosa con cuerpo de punto con bordados en relieve. Me encant\u00f3 y me entusiasm\u00f3!!!<\/p>\n<p style=\"text-align: center;\"><span style=\"text-decoration: underline;\"><strong>ANTONIA GALIANO<\/strong><\/span><\/p>\n<p style=\"text-align: center;\"><a href=\"\/pasarelaurbana\/wp-content\/uploads\/sites\/49\/2012\/09\/301.jpg\"><img loading=\"lazy\" class=\"aligncenter size-full wp-image-1718\" title=\"30\" src=\"\/pasarelaurbana\/wp-content\/uploads\/sites\/49\/2012\/09\/301.jpg\" alt=\"\" width=\"600\" height=\"397\" srcset=\"https:\/\/static-blogs.diariosur.es\/wp-content\/uploads\/sites\/49\/2012\/09\/301.jpg 600w, https:\/\/static-blogs.diariosur.es\/wp-content\/uploads\/sites\/49\/2012\/09\/301-300x199.jpg 300w\" sizes=\"(max-width: 600px) 100vw, 600px\" \/><\/a><\/p>\n<p style=\"text-align: center;\">Vestidos asim\u00e9tricos, encajes, pedrer\u00eda y cuellos chimenea marcaron el debut de Antonia Delgado en la pasarela Larios. La dise\u00f1adora no olvid\u00f3 la isnpiraci\u00f3n m\u00e1s andaluza con tejidos tipo mant\u00f3n de manila que deslumbraron. Mucho escote coraz\u00f3n y, de nuevo, cinturones joya que fueron clave. El rojo ti\u00f1\u00f3 tambi\u00e9n su desfile del que me quedo con su vestido de novia con pronunciado escote de espalda y encajes delanteros. Era precioso!!!!<\/p>\n<p>&nbsp;<\/p>\n<p style=\"text-align: center;\"><span style=\"text-decoration: underline;\"><strong>SONIA PE\u00d1A<\/strong><\/span><\/p>\n<p style=\"text-align: center;\"><a href=\"\/pasarelaurbana\/wp-content\/uploads\/sites\/49\/2012\/09\/242.jpg\"><img loading=\"lazy\" class=\"aligncenter size-full wp-image-1713\" title=\"24\" src=\"\/pasarelaurbana\/wp-content\/uploads\/sites\/49\/2012\/09\/242.jpg\" alt=\"\" width=\"600\" height=\"999\" srcset=\"https:\/\/static-blogs.diariosur.es\/wp-content\/uploads\/sites\/49\/2012\/09\/242.jpg 600w, https:\/\/static-blogs.diariosur.es\/wp-content\/uploads\/sites\/49\/2012\/09\/242-180x300.jpg 180w\" sizes=\"(max-width: 600px) 100vw, 600px\" \/><\/a><\/p>\n<p style=\"text-align: center;\">La modelo Elisabeth Reyes desfil\u00f3 para la malague\u00f1a con un bonito vestido de estampado abstracto floral en tonos verdes y azules y estola de plumas. Una propuesta muy favorecedora.<\/p>\n<p>&nbsp;<\/p>\n<p style=\"text-align: center;\"><span style=\"text-decoration: underline;\"><strong>\u00a0JAVIER ALC\u00c1NTARA Y \u00c1NGEL PALAZUELOS<\/strong><\/span><\/p>\n<p style=\"text-align: center;\">Javier Alc\u00e1ntara fue otro de mis favoritos. La pena es que no tengo fotos porque mi c\u00e1mara se qued\u00f3 sin bater\u00eda y el fot\u00f3grafo de SUR no capt\u00f3 este momento del desfile! De su colecci\u00f3n me quedo con las incrustaciones de pedrer\u00eda en las hombreras que me parecieron una delicia. Palazuelos (del que tampoco tengo im\u00e1genes) fue en mi opini\u00f3n el m\u00e1s extravagante y rompedor de la noche, con una apuesta por el bicolor en su formato Black&#038;white, l\u00edneas asim\u00e9tricas y tambi\u00e9n juego de vol\u00famenes.<\/p>\n<p style=\"text-align: center;\"><span style=\"text-decoration: underline;\"><strong>\u00a0Y CERR\u00d3 EL DESFILE \u00c1GATHA RUIZ DE LA PRADA<\/strong><\/span><\/p>\n<p style=\"text-align: center;\">Con su explosi\u00f3n de color, su apuesta por el color block (que ha arrasado este verano) y c\u00f3mo no, sus corazones. He de reconocer que \u00c1gatha no suele convencerme, pero algunos vestidos y uno de sus jerseys con un maxi coraz\u00f3n fucsia s\u00ed que me gustaron.<\/p>\n<p>&nbsp;<\/p>\n<p><a href=\"\/pasarelaurbana\/wp-content\/uploads\/sites\/49\/2012\/09\/313.jpg\"><img loading=\"lazy\" class=\"aligncenter size-full wp-image-1719\" title=\"31\" src=\"\/pasarelaurbana\/wp-content\/uploads\/sites\/49\/2012\/09\/313.jpg\" alt=\"\" width=\"600\" height=\"478\" srcset=\"https:\/\/static-blogs.diariosur.es\/wp-content\/uploads\/sites\/49\/2012\/09\/313.jpg 600w, https:\/\/static-blogs.diariosur.es\/wp-content\/uploads\/sites\/49\/2012\/09\/313-300x239.jpg 300w\" sizes=\"(max-width: 600px) 100vw, 600px\" \/><\/a><\/p>\n<p style=\"text-align: center;\"><span style=\"text-decoration: underline;\"><strong>\u00a0Y ME DESPIDO CON UNAS FOTILLOS DE AMBIENTE Y UNAS FOTOS DE UNA SERVIDORA<\/strong><\/span><\/p>\n<p>&nbsp;<\/p>\n<p><a href=\"\/pasarelaurbana\/wp-content\/uploads\/sites\/49\/2012\/09\/410.jpg\"><img loading=\"lazy\" class=\"aligncenter size-full wp-image-1692\" title=\"4\" src=\"\/pasarelaurbana\/wp-content\/uploads\/sites\/49\/2012\/09\/410.jpg\" alt=\"\" width=\"600\" height=\"448\" srcset=\"https:\/\/static-blogs.diariosur.es\/wp-content\/uploads\/sites\/49\/2012\/09\/410.jpg 600w, https:\/\/static-blogs.diariosur.es\/wp-content\/uploads\/sites\/49\/2012\/09\/410-300x224.jpg 300w\" sizes=\"(max-width: 600px) 100vw, 600px\" \/><\/a><\/p>\n<p><a href=\"\/pasarelaurbana\/wp-content\/uploads\/sites\/49\/2012\/09\/217.jpg\"><img loading=\"lazy\" class=\"aligncenter size-full wp-image-1707\" title=\"21\" src=\"\/pasarelaurbana\/wp-content\/uploads\/sites\/49\/2012\/09\/217.jpg\" alt=\"\" width=\"600\" height=\"803\" srcset=\"https:\/\/static-blogs.diariosur.es\/wp-content\/uploads\/sites\/49\/2012\/09\/217.jpg 600w, https:\/\/static-blogs.diariosur.es\/wp-content\/uploads\/sites\/49\/2012\/09\/217-224x300.jpg 224w\" sizes=\"(max-width: 600px) 100vw, 600px\" \/><\/a><\/p>\n<p><a href=\"\/pasarelaurbana\/wp-content\/uploads\/sites\/49\/2012\/09\/223.jpg\"><img loading=\"lazy\" class=\"aligncenter size-full wp-image-1688\" title=\"22\" src=\"\/pasarelaurbana\/wp-content\/uploads\/sites\/49\/2012\/09\/223.jpg\" alt=\"\" width=\"600\" height=\"803\" srcset=\"https:\/\/static-blogs.diariosur.es\/wp-content\/uploads\/sites\/49\/2012\/09\/223.jpg 600w, https:\/\/static-blogs.diariosur.es\/wp-content\/uploads\/sites\/49\/2012\/09\/223-224x300.jpg 224w\" sizes=\"(max-width: 600px) 100vw, 600px\" \/><\/a><\/p>\n<p><a href=\"\/pasarelaurbana\/wp-content\/uploads\/sites\/49\/2012\/09\/352.jpg\"><img loading=\"lazy\" class=\"aligncenter size-full wp-image-1708\" title=\"35\" src=\"\/pasarelaurbana\/wp-content\/uploads\/sites\/49\/2012\/09\/352.jpg\" alt=\"\" width=\"600\" height=\"802\" srcset=\"https:\/\/static-blogs.diariosur.es\/wp-content\/uploads\/sites\/49\/2012\/09\/352.jpg 600w, https:\/\/static-blogs.diariosur.es\/wp-content\/uploads\/sites\/49\/2012\/09\/352-224x300.jpg 224w\" sizes=\"(max-width: 600px) 100vw, 600px\" \/><\/a><\/p>\n<p style=\"text-align: center;\">En esta \u00faltima estoy con mi compi de SUR Ana P\u00e9rez Bryan que hizo una fant\u00e1stica cobertura para el papel. \u00a1Qu\u00e9 bien lo pasamos! Para la ocasi\u00f3n eleg\u00ed vestido peplum de Mango de print abstracto b&#038;n, cintur\u00f3n rojo y maxi collar joya con pedrer\u00eda. Mi compa\u00f1era Ana, otra fashionista de las m\u00edas, llevaba vestido boho chic de Zara y bolso Furla.<\/p>\n","protected":false},"excerpt":{"rendered":"<p>M\u00e1laga se ha vestido este fin de semana de moda. El coraz\u00f3n de la ciudad se ha rendido a los dise\u00f1os malague\u00f1os a su elegancia, a su creatividad, a su sofisticaci\u00f3n y, por qu\u00e9 no, a ese punto de locura y excentricidad que tiene la alta costura y que tanta falta hace en ciertos momentos [&hellip;]<\/p>\n","protected":false},"author":54,"featured_media":0,"comment_status":"open","ping_status":"closed","sticky":false,"template":"","format":"standard","meta":[],"categories":[2],"tags":[],"_links":{"self":[{"href":"https:\/\/blogs.diariosur.es\/pasarelaurbana\/wp-json\/wp\/v2\/posts\/1687"}],"collection":[{"href":"https:\/\/blogs.diariosur.es\/pasarelaurbana\/wp-json\/wp\/v2\/posts"}],"about":[{"href":"https:\/\/blogs.diariosur.es\/pasarelaurbana\/wp-json\/wp\/v2\/types\/post"}],"author":[{"embeddable":true,"href":"https:\/\/blogs.diariosur.es\/pasarelaurbana\/wp-json\/wp\/v2\/users\/54"}],"replies":[{"embeddable":true,"href":"https:\/\/blogs.diariosur.es\/pasarelaurbana\/wp-json\/wp\/v2\/comments?post=1687"}],"version-history":[{"count":0,"href":"https:\/\/blogs.diariosur.es\/pasarelaurbana\/wp-json\/wp\/v2\/posts\/1687\/revisions"}],"wp:attachment":[{"href":"https:\/\/blogs.diariosur.es\/pasarelaurbana\/wp-json\/wp\/v2\/media?parent=1687"}],"wp:term":[{"taxonomy":"category","embeddable":true,"href":"https:\/\/blogs.diariosur.es\/pasarelaurbana\/wp-json\/wp\/v2\/categories?post=1687"},{"taxonomy":"post_tag","embeddable":true,"href":"https:\/\/blogs.diariosur.es\/pasarelaurbana\/wp-json\/wp\/v2\/tags?post=1687"}],"curies":[{"name":"wp","href":"https:\/\/api.w.org\/{rel}","templated":true}]}}