{"id":1724,"date":"2012-09-18T09:38:53","date_gmt":"2012-09-18T09:38:53","guid":{"rendered":"http:\/\/blogs.diariosur.es\/pasarelaurbana\/?p=1724"},"modified":"2012-09-18T09:38:53","modified_gmt":"2012-09-18T09:38:53","slug":"las-faldas-plisadas-claves-en-la-nueva-temporada","status":"publish","type":"post","link":"https:\/\/blogs.diariosur.es\/pasarelaurbana\/2012\/09\/18\/las-faldas-plisadas-claves-en-la-nueva-temporada\/","title":{"rendered":"Las faldas plisadas, claves en la nueva temporada"},"content":{"rendered":"<p>Buenas!!!! Arrancamos una nueva semana. Perdonad mi ausencia de ayer pero el ritmo de trabajo en SUR digital me impidi\u00f3 sacar tiempo para actualizar el blog (y en mi casa me es imposible porque se me ha roto el port\u00e1til y estoy incomunicada ya que el ipad no me deja subir fotos&#8230;). En los \u00faltimos d\u00edas hemos tenido post muy especiales: la <a href=\"https:\/\/blogs.diariosur.es\/pasarelaurbana\/2012\/09\/14\/nieves-alvarez-en-epoca-de-crisis-hay-que-tirar-del-armario-y-reciclar\/\">entrevista con Nieves \u00c1lvarez <\/a>y la <a href=\"https:\/\/blogs.diariosur.es\/pasarelaurbana\/2012\/09\/16\/jesus-sesgado-lo-borda\/\">cr\u00edtica de la Pasarela Larios<\/a>, que ha vestido este fin de semana a M\u00e1laga de moda con las propuestas de alta costura de los mejores dise\u00f1adores locales. Hoy, volvemos a la carga con nueva sesi\u00f3n de street style. En esta ocasi\u00f3n con sabor vintage. Me encanta el look de <strong>Estrella Carrasco<\/strong>, una asesora de imagen malague\u00f1a de 31 a\u00f1os a la que conocimos durante una jornada de shopping por el Centro. La prenda clave de su outfit es una preciosa falda plisada (corte estrella de la nueva temporada) de tejido satinado en un favorecedor verde agua marina que, como nos confes\u00f3, adquiri\u00f3 en un mercadillo de segunda mano &#8220;aunque tiene etiqueta de <em>El Corte Ingl\u00e9s<\/em>&#8220;, dice. La combina con una camiseta b\u00e1sica con detalle de encaje en el escote, de <em>Vero Moda<\/em>, sandalias planas de tiras marrones de <em>Sandro<\/em> y otra espectacular pieza vintage: un bolso de mimbre comprado tambi\u00e9n en un <em>mercadillo de segunda mano<\/em>. \u00bfEl resultado? Un estilismo muy chic, sofisticado y femenino. Y aviso: ma\u00f1ana sobre las 10.30 estar\u00e9 por el Centro para hacer nuevas fotos y quedar con el que ser\u00e1 el protagonista de este fin de semana de nuestro reportaje &#8216;El armario de&#8217;. \u00bfQuer\u00e9is alguna pista? Se trata del director de uno de los hoteles con m\u00e1s solera de M\u00e1laga. El s\u00e1bado podr\u00e9is fichar sus claves de moda. Os dejo con el misterio y con Estrella! Hasta ma\u00f1ana!!!!<\/p>\n<p>&nbsp;<\/p>\n<p><a href=\"\/pasarelaurbana\/wp-content\/uploads\/sites\/49\/2012\/09\/40.jpg\"><img loading=\"lazy\" class=\"aligncenter size-full wp-image-1725\" title=\"40\" src=\"\/pasarelaurbana\/wp-content\/uploads\/sites\/49\/2012\/09\/40.jpg\" alt=\"\" width=\"600\" height=\"803\" srcset=\"https:\/\/static-blogs.diariosur.es\/wp-content\/uploads\/sites\/49\/2012\/09\/40.jpg 600w, https:\/\/static-blogs.diariosur.es\/wp-content\/uploads\/sites\/49\/2012\/09\/40-224x300.jpg 224w\" sizes=\"(max-width: 600px) 100vw, 600px\" \/><\/a><\/p>\n<p><!--more--><\/p>\n<p><a href=\"\/pasarelaurbana\/wp-content\/uploads\/sites\/49\/2012\/09\/411.jpg\"><img loading=\"lazy\" class=\"aligncenter size-full wp-image-1726\" title=\"41\" src=\"\/pasarelaurbana\/wp-content\/uploads\/sites\/49\/2012\/09\/411.jpg\" alt=\"\" width=\"600\" height=\"803\" srcset=\"https:\/\/static-blogs.diariosur.es\/wp-content\/uploads\/sites\/49\/2012\/09\/411.jpg 600w, https:\/\/static-blogs.diariosur.es\/wp-content\/uploads\/sites\/49\/2012\/09\/411-224x300.jpg 224w\" sizes=\"(max-width: 600px) 100vw, 600px\" \/><\/a><\/p>\n<p><a href=\"\/pasarelaurbana\/wp-content\/uploads\/sites\/49\/2012\/09\/421.jpg\"><img loading=\"lazy\" class=\"aligncenter size-full wp-image-1727\" title=\"42\" src=\"\/pasarelaurbana\/wp-content\/uploads\/sites\/49\/2012\/09\/421.jpg\" alt=\"\" width=\"600\" height=\"803\" srcset=\"https:\/\/static-blogs.diariosur.es\/wp-content\/uploads\/sites\/49\/2012\/09\/421.jpg 600w, https:\/\/static-blogs.diariosur.es\/wp-content\/uploads\/sites\/49\/2012\/09\/421-224x300.jpg 224w\" sizes=\"(max-width: 600px) 100vw, 600px\" \/><\/a><\/p>\n<p><a href=\"\/pasarelaurbana\/wp-content\/uploads\/sites\/49\/2012\/09\/431.jpg\"><img loading=\"lazy\" class=\"aligncenter size-full wp-image-1728\" title=\"43\" src=\"\/pasarelaurbana\/wp-content\/uploads\/sites\/49\/2012\/09\/431.jpg\" alt=\"\" width=\"600\" height=\"803\" srcset=\"https:\/\/static-blogs.diariosur.es\/wp-content\/uploads\/sites\/49\/2012\/09\/431.jpg 600w, https:\/\/static-blogs.diariosur.es\/wp-content\/uploads\/sites\/49\/2012\/09\/431-224x300.jpg 224w\" sizes=\"(max-width: 600px) 100vw, 600px\" \/><\/a><\/p>\n<p><a href=\"\/pasarelaurbana\/wp-content\/uploads\/sites\/49\/2012\/09\/461.jpg\"><img loading=\"lazy\" class=\"aligncenter size-full wp-image-1731\" title=\"46\" src=\"\/pasarelaurbana\/wp-content\/uploads\/sites\/49\/2012\/09\/461.jpg\" alt=\"\" width=\"600\" height=\"803\" srcset=\"https:\/\/static-blogs.diariosur.es\/wp-content\/uploads\/sites\/49\/2012\/09\/461.jpg 600w, https:\/\/static-blogs.diariosur.es\/wp-content\/uploads\/sites\/49\/2012\/09\/461-224x300.jpg 224w\" sizes=\"(max-width: 600px) 100vw, 600px\" \/><\/a><\/p>\n<p><a href=\"\/pasarelaurbana\/wp-content\/uploads\/sites\/49\/2012\/09\/441.jpg\"><img loading=\"lazy\" class=\"aligncenter size-full wp-image-1729\" title=\"44\" src=\"\/pasarelaurbana\/wp-content\/uploads\/sites\/49\/2012\/09\/441.jpg\" alt=\"\" width=\"600\" height=\"803\" srcset=\"https:\/\/static-blogs.diariosur.es\/wp-content\/uploads\/sites\/49\/2012\/09\/441.jpg 600w, https:\/\/static-blogs.diariosur.es\/wp-content\/uploads\/sites\/49\/2012\/09\/441-224x300.jpg 224w\" sizes=\"(max-width: 600px) 100vw, 600px\" \/><\/a><\/p>\n<p style=\"text-align: center;\"><strong>Esther Carrasco<\/strong>. Asesora de imagen. 31 a\u00f1os<\/p>\n<p style=\"text-align: center;\">Camiseta: Vero Moda<\/p>\n<p style=\"text-align: center;\">Falda: De mercadillo, con etiqueta de El Corte Ingl\u00e9s<\/p>\n<p style=\"text-align: center;\">Sandalias: Sandro<\/p>\n<p style=\"text-align: center;\">Bolso: Vintage, de segunda mano de mercadillo<\/p>\n<p style=\"text-align: center;\">Anillos: H&#038;M<\/p>\n<p style=\"text-align: center;\">\n","protected":false},"excerpt":{"rendered":"<p>Buenas!!!! Arrancamos una nueva semana. Perdonad mi ausencia de ayer pero el ritmo de trabajo en SUR digital me impidi\u00f3 sacar tiempo para actualizar el blog (y en mi casa me es imposible porque se me ha roto el port\u00e1til y estoy incomunicada ya que el ipad no me deja subir fotos&#8230;). En los \u00faltimos [&hellip;]<\/p>\n","protected":false},"author":54,"featured_media":0,"comment_status":"open","ping_status":"closed","sticky":false,"template":"","format":"standard","meta":[],"categories":[2],"tags":[],"_links":{"self":[{"href":"https:\/\/blogs.diariosur.es\/pasarelaurbana\/wp-json\/wp\/v2\/posts\/1724"}],"collection":[{"href":"https:\/\/blogs.diariosur.es\/pasarelaurbana\/wp-json\/wp\/v2\/posts"}],"about":[{"href":"https:\/\/blogs.diariosur.es\/pasarelaurbana\/wp-json\/wp\/v2\/types\/post"}],"author":[{"embeddable":true,"href":"https:\/\/blogs.diariosur.es\/pasarelaurbana\/wp-json\/wp\/v2\/users\/54"}],"replies":[{"embeddable":true,"href":"https:\/\/blogs.diariosur.es\/pasarelaurbana\/wp-json\/wp\/v2\/comments?post=1724"}],"version-history":[{"count":0,"href":"https:\/\/blogs.diariosur.es\/pasarelaurbana\/wp-json\/wp\/v2\/posts\/1724\/revisions"}],"wp:attachment":[{"href":"https:\/\/blogs.diariosur.es\/pasarelaurbana\/wp-json\/wp\/v2\/media?parent=1724"}],"wp:term":[{"taxonomy":"category","embeddable":true,"href":"https:\/\/blogs.diariosur.es\/pasarelaurbana\/wp-json\/wp\/v2\/categories?post=1724"},{"taxonomy":"post_tag","embeddable":true,"href":"https:\/\/blogs.diariosur.es\/pasarelaurbana\/wp-json\/wp\/v2\/tags?post=1724"}],"curies":[{"name":"wp","href":"https:\/\/api.w.org\/{rel}","templated":true}]}}