{"id":1733,"date":"2012-09-19T14:10:30","date_gmt":"2012-09-19T14:10:30","guid":{"rendered":"http:\/\/blogs.diariosur.es\/pasarelaurbana\/?p=1733"},"modified":"2012-09-19T14:10:30","modified_gmt":"2012-09-19T14:10:30","slug":"romanticas-flores-para-despedir-el-verano","status":"publish","type":"post","link":"https:\/\/blogs.diariosur.es\/pasarelaurbana\/2012\/09\/19\/romanticas-flores-para-despedir-el-verano\/","title":{"rendered":"Rom\u00e1nticas flores para despedir el verano"},"content":{"rendered":"<p style=\"text-align: left;\">Buenas! Qu\u00e9 poquito le queda la verano! Los d\u00edas cada vez son m\u00e1s cortos, las temperaturas se suavizan, las playas se descongestionan&#8230;y despedimos a las que han sido las tendencias clave de los \u00faltimos meses para dar la bienvenida a los nuevos<em> must have<\/em>. Eso s\u00ed, en este periodo de transici\u00f3n a\u00fan podemos exprimir algunas prendas, como es el caso del vestido de rom\u00e1ntico <em>print<\/em> floral que lleva esta joven malague\u00f1a, a la que nos encontramos en la c\u00e9ntrica\u00a0 plaza del Siglo. El estampado de flores, adem\u00e1s, seguir\u00e1 estando muy que pero que muy presente en los meses de fr\u00edo, gracia a las propuestas de muchas de las firmas low cost, que apuestan por mantenerlo en los armarios, eso s\u00ed, en colores m\u00e1s discretos y formato mini. Y yo encantada, porque me parece muy femenino y alegre. Nuestra protagonista de hoy, toda una fashionista, lleva modelo de Massimo Dutti, de gasa y con capas, (a\u00a0 mi juicio precioso y super ponible) y lo combina con sandalias de tiras en el color revelaci\u00f3n de la pasada primavera (el tangerina tango)\u00a0 compradas por Internet en Asos (un portal de referencia para toda amante de la moda que se precie) y bolso vintage rescatado nada menos que del fondo de armario de su madre y que me parece ideal.<\/p>\n<p style=\"text-align: left;\">Os dejo con ella!!<\/p>\n<p>&nbsp;<\/p>\n<p><a href=\"\/pasarelaurbana\/wp-content\/uploads\/sites\/49\/2012\/09\/50.jpg\"><img loading=\"lazy\" class=\"aligncenter size-full wp-image-1735\" title=\"50\" src=\"\/pasarelaurbana\/wp-content\/uploads\/sites\/49\/2012\/09\/50.jpg\" alt=\"\" width=\"600\" height=\"803\" srcset=\"https:\/\/static-blogs.diariosur.es\/wp-content\/uploads\/sites\/49\/2012\/09\/50.jpg 600w, https:\/\/static-blogs.diariosur.es\/wp-content\/uploads\/sites\/49\/2012\/09\/50-224x300.jpg 224w\" sizes=\"(max-width: 600px) 100vw, 600px\" \/><\/a><!--more--><\/p>\n<p><a href=\"\/pasarelaurbana\/wp-content\/uploads\/sites\/49\/2012\/09\/531.jpg\"><img loading=\"lazy\" class=\"aligncenter size-full wp-image-1738\" title=\"53\" src=\"\/pasarelaurbana\/wp-content\/uploads\/sites\/49\/2012\/09\/531.jpg\" alt=\"\" width=\"600\" height=\"803\" srcset=\"https:\/\/static-blogs.diariosur.es\/wp-content\/uploads\/sites\/49\/2012\/09\/531.jpg 600w, https:\/\/static-blogs.diariosur.es\/wp-content\/uploads\/sites\/49\/2012\/09\/531-224x300.jpg 224w\" sizes=\"(max-width: 600px) 100vw, 600px\" \/><\/a><\/p>\n<p><a href=\"\/pasarelaurbana\/wp-content\/uploads\/sites\/49\/2012\/09\/541.jpg\"><img loading=\"lazy\" class=\"aligncenter size-full wp-image-1739\" title=\"54\" src=\"\/pasarelaurbana\/wp-content\/uploads\/sites\/49\/2012\/09\/541.jpg\" alt=\"\" width=\"600\" height=\"803\" srcset=\"https:\/\/static-blogs.diariosur.es\/wp-content\/uploads\/sites\/49\/2012\/09\/541.jpg 600w, https:\/\/static-blogs.diariosur.es\/wp-content\/uploads\/sites\/49\/2012\/09\/541-224x300.jpg 224w\" sizes=\"(max-width: 600px) 100vw, 600px\" \/><\/a><\/p>\n<p><a href=\"\/pasarelaurbana\/wp-content\/uploads\/sites\/49\/2012\/09\/551.jpg\"><img loading=\"lazy\" class=\"aligncenter size-full wp-image-1734\" title=\"55\" src=\"\/pasarelaurbana\/wp-content\/uploads\/sites\/49\/2012\/09\/551.jpg\" alt=\"\" width=\"600\" height=\"803\" srcset=\"https:\/\/static-blogs.diariosur.es\/wp-content\/uploads\/sites\/49\/2012\/09\/551.jpg 600w, https:\/\/static-blogs.diariosur.es\/wp-content\/uploads\/sites\/49\/2012\/09\/551-224x300.jpg 224w\" sizes=\"(max-width: 600px) 100vw, 600px\" \/><\/a><\/p>\n<p><a href=\"\/pasarelaurbana\/wp-content\/uploads\/sites\/49\/2012\/09\/511.jpg\"><img loading=\"lazy\" class=\"aligncenter size-full wp-image-1736\" title=\"51\" src=\"\/pasarelaurbana\/wp-content\/uploads\/sites\/49\/2012\/09\/511.jpg\" alt=\"\" width=\"600\" height=\"803\" srcset=\"https:\/\/static-blogs.diariosur.es\/wp-content\/uploads\/sites\/49\/2012\/09\/511.jpg 600w, https:\/\/static-blogs.diariosur.es\/wp-content\/uploads\/sites\/49\/2012\/09\/511-224x300.jpg 224w\" sizes=\"(max-width: 600px) 100vw, 600px\" \/><\/a><\/p>\n<p style=\"text-align: center;\"><a href=\"\/pasarelaurbana\/wp-content\/uploads\/sites\/49\/2012\/09\/521.jpg\"><img loading=\"lazy\" class=\"aligncenter size-full wp-image-1737\" title=\"52\" src=\"\/pasarelaurbana\/wp-content\/uploads\/sites\/49\/2012\/09\/521.jpg\" alt=\"\" width=\"600\" height=\"803\" srcset=\"https:\/\/static-blogs.diariosur.es\/wp-content\/uploads\/sites\/49\/2012\/09\/521.jpg 600w, https:\/\/static-blogs.diariosur.es\/wp-content\/uploads\/sites\/49\/2012\/09\/521-224x300.jpg 224w\" sizes=\"(max-width: 600px) 100vw, 600px\" \/><\/a><\/p>\n<p style=\"text-align: center;\">Vestido: Massimo Dutti<\/p>\n<p style=\"text-align: center;\">Sandalias: Asos<\/p>\n<p style=\"text-align: center;\">Bolso: Vintage, del fondo de armario de su madre<\/p>\n","protected":false},"excerpt":{"rendered":"<p>Buenas! Qu\u00e9 poquito le queda la verano! Los d\u00edas cada vez son m\u00e1s cortos, las temperaturas se suavizan, las playas se descongestionan&#8230;y despedimos a las que han sido las tendencias clave de los \u00faltimos meses para dar la bienvenida a los nuevos must have. Eso s\u00ed, en este periodo de transici\u00f3n a\u00fan podemos exprimir algunas [&hellip;]<\/p>\n","protected":false},"author":54,"featured_media":0,"comment_status":"open","ping_status":"closed","sticky":false,"template":"","format":"standard","meta":[],"categories":[2],"tags":[],"_links":{"self":[{"href":"https:\/\/blogs.diariosur.es\/pasarelaurbana\/wp-json\/wp\/v2\/posts\/1733"}],"collection":[{"href":"https:\/\/blogs.diariosur.es\/pasarelaurbana\/wp-json\/wp\/v2\/posts"}],"about":[{"href":"https:\/\/blogs.diariosur.es\/pasarelaurbana\/wp-json\/wp\/v2\/types\/post"}],"author":[{"embeddable":true,"href":"https:\/\/blogs.diariosur.es\/pasarelaurbana\/wp-json\/wp\/v2\/users\/54"}],"replies":[{"embeddable":true,"href":"https:\/\/blogs.diariosur.es\/pasarelaurbana\/wp-json\/wp\/v2\/comments?post=1733"}],"version-history":[{"count":0,"href":"https:\/\/blogs.diariosur.es\/pasarelaurbana\/wp-json\/wp\/v2\/posts\/1733\/revisions"}],"wp:attachment":[{"href":"https:\/\/blogs.diariosur.es\/pasarelaurbana\/wp-json\/wp\/v2\/media?parent=1733"}],"wp:term":[{"taxonomy":"category","embeddable":true,"href":"https:\/\/blogs.diariosur.es\/pasarelaurbana\/wp-json\/wp\/v2\/categories?post=1733"},{"taxonomy":"post_tag","embeddable":true,"href":"https:\/\/blogs.diariosur.es\/pasarelaurbana\/wp-json\/wp\/v2\/tags?post=1733"}],"curies":[{"name":"wp","href":"https:\/\/api.w.org\/{rel}","templated":true}]}}