{"id":1749,"date":"2012-09-22T08:06:00","date_gmt":"2012-09-22T08:06:00","guid":{"rendered":"http:\/\/blogs.diariosur.es\/pasarelaurbana\/?p=1749"},"modified":"2012-09-22T08:06:00","modified_gmt":"2012-09-22T08:06:00","slug":"el-armario-de-jorge-gonzalez-director-del-malaga-palacio","status":"publish","type":"post","link":"https:\/\/blogs.diariosur.es\/pasarelaurbana\/2012\/09\/22\/el-armario-de-jorge-gonzalez-director-del-malaga-palacio\/","title":{"rendered":"El armario de Jorge Gonz\u00e1lez, director del M\u00e1laga Palacio"},"content":{"rendered":"<p>Para <strong>Jorge Gonz\u00e1lez<\/strong> el traje es mucho m\u00e1s que una prenda. Es una carta de presentaci\u00f3n que le ayuda a reforzar la seguridad en s\u00ed mismo y el uniforme que le impone a diario su trabajo como <strong>director del hotel M\u00e1laga Palacio<\/strong>, escenario donde transcurre este reportaje. En una imponente suite con vistas a la bah\u00eda de M\u00e1laga Jorge nos confiesa que tiene alrededor de 35 modelos, en los que dominan el azul marino, \u00abel que mejor queda siempre\u00bb, la raya diplom\u00e1tica, los cuadros de gales y su corte preferido: el cruzado, \u00abtotalmente indispensable\u00bb, destaca. A la pregunta de si el traje es aburrido, no tarda en salir a su defensa: \u00ab\u00a1Para nada! Hay mil formas de llevarlo y m\u00faltiples combinaciones. Los hay de d\u00eda, de noche, con brillo, con solapas m\u00e1s atrevidas&#8230;Aburrido nunca\u00bb, insiste. Eso s\u00ed, con lo que no comulga es con el maridarlo con zapatilas, \u00abeso est\u00e1 totalmente fuera de lugar. Es como ir a la playa en tacones bajo la excusa de ser moderno\u00bb.<br \/>\nFashionista reconocido, el director del AC(<strong>un leon\u00e9s que aterriz\u00f3 en M\u00e1laga hace seis a\u00f1os<\/strong> para capitanear el hotel m\u00e1s emblem\u00e1tico de la ciudad) admite que sigue las tendencias, aunque no a pies juntillas. La clave, dice, es adaptarlas al estilo propio y comprar con sentido com\u00fan. \u00abSoy de los que compra poco, eligiendo prendas que perduren en el tiempo. Soy muy de rebajas, de outlets y de reciclar. Me gustan las marcas pero no por fardar de logo sino por su dise\u00f1o y calidad\u00bb.<br \/>\nDe lunes a viernes, Jorge se decanta por looks m\u00e1s formales con un marcado estilo dandi. Los complementos ponen la nota de distinci\u00f3n en sus outfits, en los que pa\u00f1uelos, su \u00abdebilidad\u00bb, y gemelos desempe\u00f1an un papel protagonista. De los primeros tiene m\u00e1s de medio centenar (\u00abson super elegantes y valen tanto para verano como para invierno\u00bb) y de los segundos atesora piezas \u00fanicas, como el modelo azul esmaltado por Pepe Mateu firmado por los Reyes de Espa\u00f1a regalo de la misma Casa Real. \u00abYo le envi\u00e9 a don Juan Carlos unos de biznaga y \u00e9l me remiti\u00f3 estos\u00bb, dice. Los fines de semana, cuando se quita el traje, Jorge \u00abse transforma\u00bb, en sus propias palabras. Camisetas, vaqueros y zapatillas (\u00abme encantan en todas sus versiones, hay piezas maravillosas\u00bb), centran sus estilismos, de aires sporty chic e inspiraci\u00f3n motera.\u00a0 Americanas y pantalones chinos completan las apuestas desenfadados de Gonz\u00e1lez, que se considera cl\u00e1sico pero con un punto atrevido. \u00abTodo depende del tipo de acto y de la etiqueta del evento\u00bb, matiza. Y comparte una an\u00e9cdota: \u00abFui de los primeros en ponerme slippers en M\u00e1laga hace cinco a\u00f1os y nada m\u00e1s llegar a la fiesta me espetaron: \u2018\u00bfSabes que vas en zapatillas?\u2019. \u00a1He tardado en volver a pon\u00e9rmelas!\u00bb, bromea. \u00bfLo que nunca encontrar\u00e9is en su armario? Camisas de manga corta, &#8220;Me parecen horribles. Para llevar manga corta, mejor un polo o una camisa remangada siempre&#8221;, concluye.<br \/>\nOs dejo con el reportaje ilustrado con unas preciosas fotos de mi compa\u00f1ero \u00c1lvaro Cabrera.<\/p>\n<p><a href=\"\/pasarelaurbana\/wp-content\/uploads\/sites\/49\/2012\/09\/263.jpg\"><img loading=\"lazy\" class=\"aligncenter size-full wp-image-1750\" title=\"26\" src=\"\/pasarelaurbana\/wp-content\/uploads\/sites\/49\/2012\/09\/263.jpg\" alt=\"\" width=\"600\" height=\"408\" srcset=\"https:\/\/static-blogs.diariosur.es\/wp-content\/uploads\/sites\/49\/2012\/09\/263.jpg 600w, https:\/\/static-blogs.diariosur.es\/wp-content\/uploads\/sites\/49\/2012\/09\/263-300x204.jpg 300w\" sizes=\"(max-width: 600px) 100vw, 600px\" \/><\/a><!--more--><\/p>\n<p style=\"text-align: center;\"><strong>LOOK DE D\u00cdA<\/strong>: Traje cruzado azul marino para un outfit de inspiraci\u00f3n mediterr\u00e1nea<\/p>\n<p><a href=\"\/pasarelaurbana\/wp-content\/uploads\/sites\/49\/2012\/09\/220.jpg\"><img loading=\"lazy\" class=\"aligncenter size-full wp-image-1753\" title=\"2\" src=\"\/pasarelaurbana\/wp-content\/uploads\/sites\/49\/2012\/09\/220.jpg\" alt=\"\" width=\"600\" height=\"881\" srcset=\"https:\/\/static-blogs.diariosur.es\/wp-content\/uploads\/sites\/49\/2012\/09\/220.jpg 600w, https:\/\/static-blogs.diariosur.es\/wp-content\/uploads\/sites\/49\/2012\/09\/220-204x300.jpg 204w\" sizes=\"(max-width: 600px) 100vw, 600px\" \/><\/a><\/p>\n<p><a href=\"\/pasarelaurbana\/wp-content\/uploads\/sites\/49\/2012\/09\/315.jpg\"><img loading=\"lazy\" class=\"aligncenter size-full wp-image-1754\" title=\"3\" src=\"\/pasarelaurbana\/wp-content\/uploads\/sites\/49\/2012\/09\/315.jpg\" alt=\"\" width=\"600\" height=\"861\" srcset=\"https:\/\/static-blogs.diariosur.es\/wp-content\/uploads\/sites\/49\/2012\/09\/315.jpg 600w, https:\/\/static-blogs.diariosur.es\/wp-content\/uploads\/sites\/49\/2012\/09\/315-209x300.jpg 209w\" sizes=\"(max-width: 600px) 100vw, 600px\" \/><\/a><\/p>\n<p><a href=\"\/pasarelaurbana\/wp-content\/uploads\/sites\/49\/2012\/09\/413.jpg\"><img loading=\"lazy\" class=\"aligncenter size-full wp-image-1755\" title=\"4\" src=\"\/pasarelaurbana\/wp-content\/uploads\/sites\/49\/2012\/09\/413.jpg\" alt=\"\" width=\"600\" height=\"413\" srcset=\"https:\/\/static-blogs.diariosur.es\/wp-content\/uploads\/sites\/49\/2012\/09\/413.jpg 600w, https:\/\/static-blogs.diariosur.es\/wp-content\/uploads\/sites\/49\/2012\/09\/413-300x207.jpg 300w\" sizes=\"(max-width: 600px) 100vw, 600px\" \/><\/a><\/p>\n<p><a href=\"\/pasarelaurbana\/wp-content\/uploads\/sites\/49\/2012\/09\/513.jpg\"><img loading=\"lazy\" class=\"aligncenter size-full wp-image-1756\" title=\"5\" src=\"\/pasarelaurbana\/wp-content\/uploads\/sites\/49\/2012\/09\/513.jpg\" alt=\"\" width=\"600\" height=\"398\" srcset=\"https:\/\/static-blogs.diariosur.es\/wp-content\/uploads\/sites\/49\/2012\/09\/513.jpg 600w, https:\/\/static-blogs.diariosur.es\/wp-content\/uploads\/sites\/49\/2012\/09\/513-300x199.jpg 300w\" sizes=\"(max-width: 600px) 100vw, 600px\" \/><\/a><\/p>\n<p style=\"text-align: center;\">Elegant\u00edsima la propuesta formal de Gonz\u00e1lez para un look de diario para ir a trabajar al hotel. En este caso, el director del AC elige un traje de chaqueta cruzada en azul marino firmado por <strong>Purificaci\u00f3n Garc\u00eda<\/strong> (mi corte favorito, me parece super sofisticado y un imprescindible en cualquier armario masculino que se precie). Lo combina con una original corbata con bordados rojos de <strong>Versace<\/strong> que a mi juicio le da un toque <em>navy<\/em> al <em>outfit<\/em>. \u00c9l, sin embargo, discrepa, &#8220;yo le veo m\u00e1s inspiraci\u00f3n mediterr\u00e1nea&#8221;, sostiene. Completa el estilismo con cintur\u00f3n y gemelos de <strong>Loewe<\/strong> plateados con un punto azul y zapatos de ante en azul marino de <strong>Yanko.<\/strong> &#8220;Me parece una combinaci\u00f3n ideal para esta \u00e9poca del a\u00f1o. Es formal pero tiene un toque distinto gracias a la corbata&#8221;, describe el protagonista.<\/p>\n<p style=\"text-align: center;\"><strong>OUTFIT PARA UN ACTO M\u00c1S INFORMAL<\/strong>: Americana+chinos con el toque chic de las slippers<\/p>\n<p><a href=\"\/pasarelaurbana\/wp-content\/uploads\/sites\/49\/2012\/09\/204.jpg\"><img loading=\"lazy\" class=\"aligncenter size-full wp-image-1771\" title=\"20\" src=\"\/pasarelaurbana\/wp-content\/uploads\/sites\/49\/2012\/09\/204.jpg\" alt=\"\" width=\"600\" height=\"927\" srcset=\"https:\/\/static-blogs.diariosur.es\/wp-content\/uploads\/sites\/49\/2012\/09\/204.jpg 600w, https:\/\/static-blogs.diariosur.es\/wp-content\/uploads\/sites\/49\/2012\/09\/204-194x300.jpg 194w\" sizes=\"(max-width: 600px) 100vw, 600px\" \/><\/a><\/p>\n<p><a href=\"\/pasarelaurbana\/wp-content\/uploads\/sites\/49\/2012\/09\/107.jpg\"><img loading=\"lazy\" class=\"aligncenter size-full wp-image-1761\" title=\"10\" src=\"\/pasarelaurbana\/wp-content\/uploads\/sites\/49\/2012\/09\/107.jpg\" alt=\"\" width=\"600\" height=\"951\" srcset=\"https:\/\/static-blogs.diariosur.es\/wp-content\/uploads\/sites\/49\/2012\/09\/107.jpg 600w, https:\/\/static-blogs.diariosur.es\/wp-content\/uploads\/sites\/49\/2012\/09\/107-189x300.jpg 189w\" sizes=\"(max-width: 600px) 100vw, 600px\" \/><\/a><\/p>\n<p><a href=\"\/pasarelaurbana\/wp-content\/uploads\/sites\/49\/2012\/09\/1111.jpg\"><img loading=\"lazy\" class=\"aligncenter size-full wp-image-1762\" title=\"11\" src=\"\/pasarelaurbana\/wp-content\/uploads\/sites\/49\/2012\/09\/1111.jpg\" alt=\"\" width=\"600\" height=\"381\" srcset=\"https:\/\/static-blogs.diariosur.es\/wp-content\/uploads\/sites\/49\/2012\/09\/1111.jpg 600w, https:\/\/static-blogs.diariosur.es\/wp-content\/uploads\/sites\/49\/2012\/09\/1111-300x191.jpg 300w\" sizes=\"(max-width: 600px) 100vw, 600px\" \/><\/a><\/p>\n<p><a href=\"\/pasarelaurbana\/wp-content\/uploads\/sites\/49\/2012\/09\/1210.jpg\"><img loading=\"lazy\" class=\"aligncenter size-full wp-image-1763\" title=\"12\" src=\"\/pasarelaurbana\/wp-content\/uploads\/sites\/49\/2012\/09\/1210.jpg\" alt=\"\" width=\"600\" height=\"886\" srcset=\"https:\/\/static-blogs.diariosur.es\/wp-content\/uploads\/sites\/49\/2012\/09\/1210.jpg 600w, https:\/\/static-blogs.diariosur.es\/wp-content\/uploads\/sites\/49\/2012\/09\/1210-203x300.jpg 203w\" sizes=\"(max-width: 600px) 100vw, 600px\" \/><\/a><\/p>\n<p><a href=\"\/pasarelaurbana\/wp-content\/uploads\/sites\/49\/2012\/09\/135.jpg\"><img loading=\"lazy\" class=\"aligncenter size-full wp-image-1764\" title=\"13\" src=\"\/pasarelaurbana\/wp-content\/uploads\/sites\/49\/2012\/09\/135.jpg\" alt=\"\" width=\"600\" height=\"877\" srcset=\"https:\/\/static-blogs.diariosur.es\/wp-content\/uploads\/sites\/49\/2012\/09\/135.jpg 600w, https:\/\/static-blogs.diariosur.es\/wp-content\/uploads\/sites\/49\/2012\/09\/135-205x300.jpg 205w\" sizes=\"(max-width: 600px) 100vw, 600px\" \/><\/a><\/p>\n<p style=\"text-align: center;\">\u00a0Para un acto menos formal, &#8220;por ejemplo, una reuni\u00f3n de trabajo o un evento de tarde&#8221;, Jorge elige camisa a rayas celestes de <strong>Dolce&#038;Gabbana <\/strong>(me encanta porque no es la t\u00edpica, ya que es lisa por la parte\u00a0 del costado y del lateral de las mangas), americana en azul\u00f3n con coderas en crema de <strong>Carolina Herrera<\/strong>, pa\u00f1uelo de <strong>Pedro del Hierro<\/strong> de mini print floral (super elegante y con un estampado de tendencia absoluta), cintur\u00f3n de <strong>Gucci<\/strong> (el modelo cl\u00e1sico verde y rojo que nunca pasa de moda, ideal pata tener de fondo armario) y pantal\u00f3n tipo chino en azul marino de Massimo Dutti (otro b\u00e1sico). El toque chic y atrevido lo ponen las slippers de terciopelo azul con bordado de flor de lis de la marca <strong>Bow-Tie, <\/strong>solo aptas para los m\u00e1s fashionistas y que a mi personalmente me encantan, tambi\u00e9n para ellos.<\/p>\n<p style=\"text-align: center;\"><strong>SU APUESTA PARA UN EVENTO:<\/strong> Esmoqu\u00edn con camisa de jaretas<strong><br \/>\n<\/strong><\/p>\n<p><a href=\"\/pasarelaurbana\/wp-content\/uploads\/sites\/49\/2012\/09\/612.jpg\"><img loading=\"lazy\" class=\"aligncenter size-full wp-image-1757\" title=\"6\" src=\"\/pasarelaurbana\/wp-content\/uploads\/sites\/49\/2012\/09\/612.jpg\" alt=\"\" width=\"600\" height=\"923\" srcset=\"https:\/\/static-blogs.diariosur.es\/wp-content\/uploads\/sites\/49\/2012\/09\/612.jpg 600w, https:\/\/static-blogs.diariosur.es\/wp-content\/uploads\/sites\/49\/2012\/09\/612-195x300.jpg 195w\" sizes=\"(max-width: 600px) 100vw, 600px\" \/><\/a><\/p>\n<p><a href=\"\/pasarelaurbana\/wp-content\/uploads\/sites\/49\/2012\/09\/78.jpg\"><img loading=\"lazy\" class=\"aligncenter size-full wp-image-1758\" title=\"7\" src=\"\/pasarelaurbana\/wp-content\/uploads\/sites\/49\/2012\/09\/78.jpg\" alt=\"\" width=\"600\" height=\"872\" srcset=\"https:\/\/static-blogs.diariosur.es\/wp-content\/uploads\/sites\/49\/2012\/09\/78.jpg 600w, https:\/\/static-blogs.diariosur.es\/wp-content\/uploads\/sites\/49\/2012\/09\/78-206x300.jpg 206w\" sizes=\"(max-width: 600px) 100vw, 600px\" \/><\/a><\/p>\n<p><a href=\"\/pasarelaurbana\/wp-content\/uploads\/sites\/49\/2012\/09\/89.jpg\"><img loading=\"lazy\" class=\"aligncenter size-full wp-image-1759\" title=\"8\" src=\"\/pasarelaurbana\/wp-content\/uploads\/sites\/49\/2012\/09\/89.jpg\" alt=\"\" width=\"600\" height=\"408\" srcset=\"https:\/\/static-blogs.diariosur.es\/wp-content\/uploads\/sites\/49\/2012\/09\/89.jpg 600w, https:\/\/static-blogs.diariosur.es\/wp-content\/uploads\/sites\/49\/2012\/09\/89-300x204.jpg 300w\" sizes=\"(max-width: 600px) 100vw, 600px\" \/><\/a><\/p>\n<p><a href=\"\/pasarelaurbana\/wp-content\/uploads\/sites\/49\/2012\/09\/97.jpg\"><img loading=\"lazy\" class=\"aligncenter size-full wp-image-1760\" title=\"9\" src=\"\/pasarelaurbana\/wp-content\/uploads\/sites\/49\/2012\/09\/97.jpg\" alt=\"\" width=\"600\" height=\"366\" srcset=\"https:\/\/static-blogs.diariosur.es\/wp-content\/uploads\/sites\/49\/2012\/09\/97.jpg 600w, https:\/\/static-blogs.diariosur.es\/wp-content\/uploads\/sites\/49\/2012\/09\/97-300x183.jpg 300w\" sizes=\"(max-width: 600px) 100vw, 600px\" \/><\/a><\/p>\n<p style=\"text-align: center;\">\u00a0La propuesta de Jaime para un evento me parece realmente impecable y de un gusto exquisito. En este caso, este leon\u00e9s se decanta por un esmoquin informal de <strong>Purificaci\u00f3n Garc\u00eda<\/strong> &#8220;al tener los botones forrados y la solapa en raso con los picos hacia arriba es diferente al modelo cl\u00e1sico&#8221;, explica. Lo\u00a0 combina con una preciosa camisa blanca con jaretas de <strong>Paco Rabanne<\/strong>,\u00a0 zapatos de ante de <strong>Camiser\u00eda Espa\u00f1ola<\/strong> (ideal el detalle de los cordones en malva), cintur\u00f3n de <strong>Salvatore Ferragamo<\/strong> y gemelos de <strong>Yanes<\/strong>. La nota divertida y de color la ponen la pajarita y el pa\u00f1uelo a juego en tonos rojos, fucsias y verdes, ambas de\u00a0 Mario Teo, una preciosa tienda malague\u00f1a sita en calle Santos (en el entorno del Museo Thyssen) de la que <a href=\"https:\/\/blogs.diariosur.es\/pasarelaurbana\/2012\/06\/12\/para-dandis-muy-british\/\">os habl\u00e9 en el blog<\/a>. &#8220;En mi caso soy mucho de jugar con los complementos, ya que son capaces de transformar por completo cualquier look. Seg\u00fan la etiqueta del evento apuesto por piezas m\u00e1s sobrias o m\u00e1s atrevidas&#8221;, indica.<\/p>\n<p style=\"text-align: center;\"><strong>LOOK INFORMAL DE FIN DE SEMANA<\/strong>: Estilismo pirata-motero<\/p>\n<p><a href=\"\/pasarelaurbana\/wp-content\/uploads\/sites\/49\/2012\/09\/146.jpg\"><img loading=\"lazy\" class=\"aligncenter size-full wp-image-1765\" title=\"14\" src=\"\/pasarelaurbana\/wp-content\/uploads\/sites\/49\/2012\/09\/146.jpg\" alt=\"\" width=\"600\" height=\"385\" srcset=\"https:\/\/static-blogs.diariosur.es\/wp-content\/uploads\/sites\/49\/2012\/09\/146.jpg 600w, https:\/\/static-blogs.diariosur.es\/wp-content\/uploads\/sites\/49\/2012\/09\/146-300x193.jpg 300w\" sizes=\"(max-width: 600px) 100vw, 600px\" \/><\/a><\/p>\n<p><a href=\"\/pasarelaurbana\/wp-content\/uploads\/sites\/49\/2012\/09\/193.jpg\"><img loading=\"lazy\" class=\"aligncenter size-full wp-image-1770\" title=\"19\" src=\"\/pasarelaurbana\/wp-content\/uploads\/sites\/49\/2012\/09\/193.jpg\" alt=\"\" width=\"600\" height=\"854\" srcset=\"https:\/\/static-blogs.diariosur.es\/wp-content\/uploads\/sites\/49\/2012\/09\/193.jpg 600w, https:\/\/static-blogs.diariosur.es\/wp-content\/uploads\/sites\/49\/2012\/09\/193-211x300.jpg 211w\" sizes=\"(max-width: 600px) 100vw, 600px\" \/><\/a><\/p>\n<p><a href=\"\/pasarelaurbana\/wp-content\/uploads\/sites\/49\/2012\/09\/154.jpg\"><img loading=\"lazy\" class=\"aligncenter size-full wp-image-1766\" title=\"15\" src=\"\/pasarelaurbana\/wp-content\/uploads\/sites\/49\/2012\/09\/154.jpg\" alt=\"\" width=\"600\" height=\"397\" srcset=\"https:\/\/static-blogs.diariosur.es\/wp-content\/uploads\/sites\/49\/2012\/09\/154.jpg 600w, https:\/\/static-blogs.diariosur.es\/wp-content\/uploads\/sites\/49\/2012\/09\/154-300x199.jpg 300w\" sizes=\"(max-width: 600px) 100vw, 600px\" \/><\/a><\/p>\n<p><a href=\"\/pasarelaurbana\/wp-content\/uploads\/sites\/49\/2012\/09\/164.jpg\"><img loading=\"lazy\" class=\"aligncenter size-full wp-image-1767\" title=\"16\" src=\"\/pasarelaurbana\/wp-content\/uploads\/sites\/49\/2012\/09\/164.jpg\" alt=\"\" width=\"600\" height=\"418\" srcset=\"https:\/\/static-blogs.diariosur.es\/wp-content\/uploads\/sites\/49\/2012\/09\/164.jpg 600w, https:\/\/static-blogs.diariosur.es\/wp-content\/uploads\/sites\/49\/2012\/09\/164-300x209.jpg 300w\" sizes=\"(max-width: 600px) 100vw, 600px\" \/><\/a><\/p>\n<p><a href=\"\/pasarelaurbana\/wp-content\/uploads\/sites\/49\/2012\/09\/184.jpg\"><img loading=\"lazy\" class=\"aligncenter size-full wp-image-1769\" title=\"18\" src=\"\/pasarelaurbana\/wp-content\/uploads\/sites\/49\/2012\/09\/184.jpg\" alt=\"\" width=\"600\" height=\"415\" srcset=\"https:\/\/static-blogs.diariosur.es\/wp-content\/uploads\/sites\/49\/2012\/09\/184.jpg 600w, https:\/\/static-blogs.diariosur.es\/wp-content\/uploads\/sites\/49\/2012\/09\/184-300x208.jpg 300w\" sizes=\"(max-width: 600px) 100vw, 600px\" \/><\/a><\/p>\n<p style=\"text-align: center;\"><a href=\"\/pasarelaurbana\/wp-content\/uploads\/sites\/49\/2012\/09\/174.jpg\"><img loading=\"lazy\" class=\"aligncenter size-full wp-image-1768\" title=\"17\" src=\"\/pasarelaurbana\/wp-content\/uploads\/sites\/49\/2012\/09\/174.jpg\" alt=\"\" width=\"600\" height=\"367\" srcset=\"https:\/\/static-blogs.diariosur.es\/wp-content\/uploads\/sites\/49\/2012\/09\/174.jpg 600w, https:\/\/static-blogs.diariosur.es\/wp-content\/uploads\/sites\/49\/2012\/09\/174-300x184.jpg 300w\" sizes=\"(max-width: 600px) 100vw, 600px\" \/><\/a><\/p>\n<p style=\"text-align: center;\">Como \u00e9l mismo reconoce, en cuanto llega el viernes por la tarde y se quita el traje, su uniforme, &#8220;se transforma&#8221;. Es entonces cuando deja paso a combinaciones m\u00e1s informales y desenfadadas, como la que nos trajo para el reportaje y que me parece super acertada: camiseta en rosa palo y pa\u00f1uelo beige ambos con calavera de <strong>Scalpers<\/strong> (una de sus marcas preferidas que compra en Ceisa), vaquero negro de <strong>Prada<\/strong>, cazadora de piel con escudos de aviaci\u00f3n y botas de <strong>Armani Jeans<\/strong>, cintur\u00f3n<strong> Dolce&#038;Gabbana<\/strong> y gafas <strong>Loewe<\/strong>. &#8220;Para el fin de semana busco un resultado m\u00e1s rompedor y prendas m\u00e1s c\u00f3modas, como vaqueros, camisetas y zapatillas que me encantan!&#8221;, asevera.<\/p>\n<p>&nbsp;<\/p>\n<p style=\"text-align: center;\"><strong>\u00a0SUS COMPLEMENTOS<\/strong>: Un enamorado de los pa\u00f1uelos<\/p>\n<p>&nbsp;<\/p>\n<p><a href=\"\/pasarelaurbana\/wp-content\/uploads\/sites\/49\/2012\/09\/233.jpg\"><img loading=\"lazy\" class=\"aligncenter size-full wp-image-1774\" title=\"23\" src=\"\/pasarelaurbana\/wp-content\/uploads\/sites\/49\/2012\/09\/233.jpg\" alt=\"\" width=\"600\" height=\"362\" srcset=\"https:\/\/static-blogs.diariosur.es\/wp-content\/uploads\/sites\/49\/2012\/09\/233.jpg 600w, https:\/\/static-blogs.diariosur.es\/wp-content\/uploads\/sites\/49\/2012\/09\/233-300x181.jpg 300w\" sizes=\"(max-width: 600px) 100vw, 600px\" \/><\/a><\/p>\n<p style=\"text-align: center;\">Su original colecci\u00f3n de gemelos. Al fondo derecha, unos en forma de vespa morada y a su lado, los que le regal\u00f3 la Casa Real. Ideales los de biznagas.<\/p>\n<p>&nbsp;<\/p>\n<p><a href=\"\/pasarelaurbana\/wp-content\/uploads\/sites\/49\/2012\/09\/224.jpg\"><img loading=\"lazy\" class=\"aligncenter size-full wp-image-1773\" title=\"22\" src=\"\/pasarelaurbana\/wp-content\/uploads\/sites\/49\/2012\/09\/224.jpg\" alt=\"\" width=\"600\" height=\"389\" srcset=\"https:\/\/static-blogs.diariosur.es\/wp-content\/uploads\/sites\/49\/2012\/09\/224.jpg 600w, https:\/\/static-blogs.diariosur.es\/wp-content\/uploads\/sites\/49\/2012\/09\/224-300x195.jpg 300w\" sizes=\"(max-width: 600px) 100vw, 600px\" \/><\/a><\/p>\n<p><a href=\"\/pasarelaurbana\/wp-content\/uploads\/sites\/49\/2012\/09\/2110.jpg\"><img loading=\"lazy\" class=\"aligncenter size-full wp-image-1772\" title=\"21\" src=\"\/pasarelaurbana\/wp-content\/uploads\/sites\/49\/2012\/09\/2110.jpg\" alt=\"\" width=\"600\" height=\"391\" srcset=\"https:\/\/static-blogs.diariosur.es\/wp-content\/uploads\/sites\/49\/2012\/09\/2110.jpg 600w, https:\/\/static-blogs.diariosur.es\/wp-content\/uploads\/sites\/49\/2012\/09\/2110-300x196.jpg 300w\" sizes=\"(max-width: 600px) 100vw, 600px\" \/><\/a><\/p>\n<p style=\"text-align: center;\">\u00a0Dos de sus pa\u00f1uelos favoritos: el de arriba lo firma su amigo <strong>Eduardo Ladr\u00f3n de Guevara<\/strong>, &#8220;me encanta porque es la t\u00edpica bufanda de la abuela pero tiene m\u00faltiples combinaciones en invierno&#8221;. El de abajo, de cashmere azul, es de <strong>Massimo Dutti<\/strong>: &#8220;Me la regal\u00f3 Mar\u00eda Pineda porque a los dos nos gusta mucho el azul&#8221;, confiesa.<\/p>\n<p>&nbsp;<\/p>\n<p><a href=\"\/pasarelaurbana\/wp-content\/uploads\/sites\/49\/2012\/09\/253.jpg\"><img loading=\"lazy\" class=\"aligncenter size-full wp-image-1751\" title=\"25\" src=\"\/pasarelaurbana\/wp-content\/uploads\/sites\/49\/2012\/09\/253.jpg\" alt=\"\" width=\"600\" height=\"390\" srcset=\"https:\/\/static-blogs.diariosur.es\/wp-content\/uploads\/sites\/49\/2012\/09\/253.jpg 600w, https:\/\/static-blogs.diariosur.es\/wp-content\/uploads\/sites\/49\/2012\/09\/253-300x195.jpg 300w\" sizes=\"(max-width: 600px) 100vw, 600px\" \/><\/a><\/p>\n<p style=\"text-align: center;\"><a href=\"\/pasarelaurbana\/wp-content\/uploads\/sites\/49\/2012\/09\/243.jpg\"><img loading=\"lazy\" class=\"aligncenter size-full wp-image-1775\" title=\"24\" src=\"\/pasarelaurbana\/wp-content\/uploads\/sites\/49\/2012\/09\/243.jpg\" alt=\"\" width=\"600\" height=\"391\" srcset=\"https:\/\/static-blogs.diariosur.es\/wp-content\/uploads\/sites\/49\/2012\/09\/243.jpg 600w, https:\/\/static-blogs.diariosur.es\/wp-content\/uploads\/sites\/49\/2012\/09\/243-300x196.jpg 300w\" sizes=\"(max-width: 600px) 100vw, 600px\" \/><\/a><\/p>\n<p style=\"text-align: center;\">Y aqu\u00ed estamos Jorge y yo en la terraza de una de las preciosas suites del M\u00e1laga Palacio, una habitaci\u00f3n con unas vistas incre\u00edbles como pod\u00e9is comprobar. Decir que me encant\u00f3 conocerlo (hab\u00eda o\u00eddo maravillas de \u00e9l pero no hab\u00eda tenido la oportunidad de estar cara a cara con \u00e9l hasta ahora) y que me conquist\u00f3 su armario. En esta foto \u00e9l lleva traje gris de cuadros de Pr\u00edncipe de Gales de Caramelo y corbata morada de Loewe. Yo eleg\u00ed para la ocasi\u00f3n un look que<a href=\"https:\/\/blogs.diariosur.es\/pasarelaurbana\/2012\/09\/07\/reencuentro-con-tailandia-en-un-look-etnico\/\"> os mostr\u00e9 hace d\u00edas en el blog<\/a> inspirado en Tailandia, de donde es la falda (en concreto de una tribu de la zona del norte). La combino con camisa roja de Zara, cintur\u00f3n joya de Sfera y unos bonitos zapatos vintage rojos de terciopelo que no se aprecian!<\/p>\n<p style=\"text-align: center;\"><strong>\u00a0LA RUTA DE TIENDAS DE JORGE GONZ\u00c1LEZ<br \/>\n<\/strong><\/p>\n<p style=\"text-align: center;\">1.<span style=\"text-decoration: underline;\">Purificaci\u00f3n Garc\u00eda<\/span>: Su parada imprescindible para comprar trajes.<br \/>\n2. <span style=\"text-decoration: underline;\">Pinsapo<\/span>. \u00abMe encanta esta tienda multimarca por sus firmas\u00bb.<br \/>\n3.<span style=\"text-decoration: underline;\">Ceisa<\/span>. \u00abEs el \u00fanico comercio en M\u00e1laga donde encuentro Scalpers\u00bb.<br \/>\n4. <span style=\"text-decoration: underline;\">Para complementos<\/span>: Es asiduo a Loewe, Mario Teo y a la joyer\u00eda Hago.<br \/>\n5. <span style=\"text-decoration: underline;\">Beagle&#038;Fox<\/span>. \u00abUna marca malague\u00f1a que est\u00e1 arrasando\u00bb .<\/p>\n","protected":false},"excerpt":{"rendered":"<p>Para Jorge Gonz\u00e1lez el traje es mucho m\u00e1s que una prenda. Es una carta de presentaci\u00f3n que le ayuda a reforzar la seguridad en s\u00ed mismo y el uniforme que le impone a diario su trabajo como director del hotel M\u00e1laga Palacio, escenario donde transcurre este reportaje. En una imponente suite con vistas a la [&hellip;]<\/p>\n","protected":false},"author":54,"featured_media":0,"comment_status":"open","ping_status":"closed","sticky":false,"template":"","format":"standard","meta":[],"categories":[2],"tags":[],"_links":{"self":[{"href":"https:\/\/blogs.diariosur.es\/pasarelaurbana\/wp-json\/wp\/v2\/posts\/1749"}],"collection":[{"href":"https:\/\/blogs.diariosur.es\/pasarelaurbana\/wp-json\/wp\/v2\/posts"}],"about":[{"href":"https:\/\/blogs.diariosur.es\/pasarelaurbana\/wp-json\/wp\/v2\/types\/post"}],"author":[{"embeddable":true,"href":"https:\/\/blogs.diariosur.es\/pasarelaurbana\/wp-json\/wp\/v2\/users\/54"}],"replies":[{"embeddable":true,"href":"https:\/\/blogs.diariosur.es\/pasarelaurbana\/wp-json\/wp\/v2\/comments?post=1749"}],"version-history":[{"count":0,"href":"https:\/\/blogs.diariosur.es\/pasarelaurbana\/wp-json\/wp\/v2\/posts\/1749\/revisions"}],"wp:attachment":[{"href":"https:\/\/blogs.diariosur.es\/pasarelaurbana\/wp-json\/wp\/v2\/media?parent=1749"}],"wp:term":[{"taxonomy":"category","embeddable":true,"href":"https:\/\/blogs.diariosur.es\/pasarelaurbana\/wp-json\/wp\/v2\/categories?post=1749"},{"taxonomy":"post_tag","embeddable":true,"href":"https:\/\/blogs.diariosur.es\/pasarelaurbana\/wp-json\/wp\/v2\/tags?post=1749"}],"curies":[{"name":"wp","href":"https:\/\/api.w.org\/{rel}","templated":true}]}}