{"id":1787,"date":"2012-09-24T14:05:29","date_gmt":"2012-09-24T14:05:29","guid":{"rendered":"http:\/\/blogs.diariosur.es\/pasarelaurbana\/?p=1787"},"modified":"2012-09-24T14:05:29","modified_gmt":"2012-09-24T14:05:29","slug":"tocadas-por-la-sofisticacion","status":"publish","type":"post","link":"https:\/\/blogs.diariosur.es\/pasarelaurbana\/2012\/09\/24\/tocadas-por-la-sofisticacion\/","title":{"rendered":"Tocadas por la sofisticaci\u00f3n"},"content":{"rendered":"<p>Hablar de <strong>Laura Olea<\/strong> es hablar de sofisticaci\u00f3n, de buen gusto y, sobre todo, es hablar de calidad. El taller de esta dise\u00f1adora malague\u00f1a, situado en <strong>calle Strachan n\u00famero 4<\/strong> es parada obligada de toda invitada a un evento que quiera rematar el look con ese toque m\u00e1gico tan especial y elegante que solo dan los tocados. Pues bien, hace unas semanas estuve con Laura haciendo el <a href=\"https:\/\/blogs.diariosur.es\/pasarelaurbana\/2012\/09\/08\/el-armario-de-laura-olea\/\">reportaje de &#8216;El armario de&#8217; <\/a>(en el que me mostr\u00f3 sus mejores looks y el cual os animo a repasar si no lo hiciesteis en su d\u00eda) y ya que estaba all\u00ed aprovech\u00e9 para sacar fotos de una interesante selecci\u00f3n de su preciosa colecci\u00f3n para mostr\u00e1rosla a modo de propuesta para este intenso mes de\u00a0 bautizos, bodas y celebraciones varias como suele ser septiembre.<\/p>\n<p>Para Olea, el tocado es &#8220;la guinda del pastel&#8221; de cualquier estilismo, &#8220;siempre resulta definitivo y perfecto&#8221;, nos apunt\u00f3. Preguntada por el rasgo que define y caracteriza a sus obras, la malague\u00f1a, 100% exigente con su trabajo,\u00a0 no lo duda: &#8220;sobre todo, por los materiales, por las combinaciones y por la clase&#8221;, indic\u00f3. \u00bfSu p\u00fablico?: &#8220;Mujeres que quieren ir diferentes a un acto se\u00f1alado, que quieren pas\u00e1rselo bien, seguras de s\u00ed mismas y atrevidas&#8221;, nos subray\u00f3 Laura, quien tiene otra tienda propia en C\u00f3rdoba y ya <strong>ultima los detalles del que ser\u00e1 su tercera apertura, a\u00fan por cerrar, pero que con toda probabilidad ser\u00e1 en otra ciudad andaluza<\/strong> (Granada tiene todas las papeletas) para continuar su expansi\u00f3n por la regi\u00f3n.<\/p>\n<p>A mediados de mes <strong>vimos los espectaculares tocados de Laura desfilar por la Pasarela Larios, de la mano de los modistos Miguel \u00c1ngel Ruiz y Montesco<\/strong>. Pero ni mucho menos fue su primera vez. Para quienes no conozcan su brillante trayectoria, recordar que Olea <strong>ya desfil\u00f3 en Cibeles acompa\u00f1ando a la cordobesa Juana Mart\u00edn los a\u00f1os 2009 y 201<\/strong>0. \u201cFue algo incre\u00edble que resolvimos en apenas diez d\u00edas. Juana me lo propuso y en tres d\u00edas nos tuvimos que poner como locas a hacer todos los tocados para mandarlos a Madrid. Pero mereci\u00f3 la pena. Cuando los vi salir a pasarela me puse a llorar como una tonta\u201d. Tanto le gust\u00f3 aquello que ya sue\u00f1a con repetir. Y qui\u00e9n sabe \u00a1ahora que trabaja con Alma Aguilar ser\u00eda el momento!<\/p>\n<p>Bueno, y sin m\u00e1s dilaci\u00f3n, os dejo con una selecci\u00f3n hecha por la propia Laura de diez de sus piezas favoritas de su interesante colecci\u00f3n, la cual no pod\u00e9is perderos. \u00a1Os costar\u00e1 elegir uno!<\/p>\n<p><a href=\"\/pasarelaurbana\/wp-content\/uploads\/sites\/49\/2012\/09\/2111.jpg\"><img loading=\"lazy\" class=\"aligncenter size-full wp-image-1806\" title=\"21\" src=\"\/pasarelaurbana\/wp-content\/uploads\/sites\/49\/2012\/09\/2111.jpg\" alt=\"\" width=\"600\" height=\"900\" srcset=\"https:\/\/static-blogs.diariosur.es\/wp-content\/uploads\/sites\/49\/2012\/09\/2111.jpg 600w, https:\/\/static-blogs.diariosur.es\/wp-content\/uploads\/sites\/49\/2012\/09\/2111-200x300.jpg 200w\" sizes=\"(max-width: 600px) 100vw, 600px\" \/><\/a><\/p>\n<p><!--more--><\/p>\n<p><a href=\"\/pasarelaurbana\/wp-content\/uploads\/sites\/49\/2012\/09\/515.jpg\"><img loading=\"lazy\" class=\"aligncenter size-full wp-image-1793\" title=\"5\" src=\"\/pasarelaurbana\/wp-content\/uploads\/sites\/49\/2012\/09\/515.jpg\" alt=\"\" width=\"600\" height=\"900\" srcset=\"https:\/\/static-blogs.diariosur.es\/wp-content\/uploads\/sites\/49\/2012\/09\/515.jpg 600w, https:\/\/static-blogs.diariosur.es\/wp-content\/uploads\/sites\/49\/2012\/09\/515-200x300.jpg 200w\" sizes=\"(max-width: 600px) 100vw, 600px\" \/><\/a><\/p>\n<p style=\"text-align: center;\">1. Fin\u00edsimo turbante en rosa palo con aplicaciones en plata. A mi pesonalmente me parece espectacular, elegant\u00edsimo y super f\u00e1cil de combinar con cualquier vestido. Por ejemplo, ir\u00eda muy bien con uno en cuaqluier otro tono de rosa m\u00e1s subido o con tonalidades marrones. Tiene un punto vintage y sesentero que me encanta. \u00a1Y no os perd\u00e1is la cartera a juego, ideal!<\/p>\n<p>&nbsp;<\/p>\n<p><a href=\"\/pasarelaurbana\/wp-content\/uploads\/sites\/49\/2012\/09\/226.jpg\"><img loading=\"lazy\" class=\"aligncenter size-full wp-image-1790\" title=\"2\" src=\"\/pasarelaurbana\/wp-content\/uploads\/sites\/49\/2012\/09\/226.jpg\" alt=\"\" width=\"600\" height=\"400\" srcset=\"https:\/\/static-blogs.diariosur.es\/wp-content\/uploads\/sites\/49\/2012\/09\/226.jpg 600w, https:\/\/static-blogs.diariosur.es\/wp-content\/uploads\/sites\/49\/2012\/09\/226-300x200.jpg 300w\" sizes=\"(max-width: 600px) 100vw, 600px\" \/><\/a><\/p>\n<p><a href=\"\/pasarelaurbana\/wp-content\/uploads\/sites\/49\/2012\/09\/98.jpg\"><img loading=\"lazy\" class=\"aligncenter size-full wp-image-1797\" title=\"9\" src=\"\/pasarelaurbana\/wp-content\/uploads\/sites\/49\/2012\/09\/98.jpg\" alt=\"\" width=\"600\" height=\"900\" srcset=\"https:\/\/static-blogs.diariosur.es\/wp-content\/uploads\/sites\/49\/2012\/09\/98.jpg 600w, https:\/\/static-blogs.diariosur.es\/wp-content\/uploads\/sites\/49\/2012\/09\/98-200x300.jpg 200w\" sizes=\"(max-width: 600px) 100vw, 600px\" \/><\/a><\/p>\n<p style=\"text-align: center;\">2. Tocado de pararisal tipo plato de fibras naturales con discreta flor en el mismo tono beige clarito y piedras en cobre. Otro acierto seguro f\u00e1cil de maridar con la mayor\u00eda de vestidos. Una propuesta para las m\u00e1s sobrias, tambi\u00e9n con cartera a juego.<\/p>\n<p><a href=\"\/pasarelaurbana\/wp-content\/uploads\/sites\/49\/2012\/09\/613.jpg\"><img loading=\"lazy\" class=\"aligncenter size-full wp-image-1794\" title=\"6\" src=\"\/pasarelaurbana\/wp-content\/uploads\/sites\/49\/2012\/09\/613.jpg\" alt=\"\" width=\"600\" height=\"900\" srcset=\"https:\/\/static-blogs.diariosur.es\/wp-content\/uploads\/sites\/49\/2012\/09\/613.jpg 600w, https:\/\/static-blogs.diariosur.es\/wp-content\/uploads\/sites\/49\/2012\/09\/613-200x300.jpg 200w\" sizes=\"(max-width: 600px) 100vw, 600px\" \/><\/a><\/p>\n<p style=\"text-align: center;\">3. Tocado de charol trenzado (una de las terminaciones estrella de Laura, muy presente en la colecci\u00f3n que llev\u00f3 a Cibeles) en negro con broche de anticuario en dorado. Me encanta la forma tan original que tiene y el acabado. Realmente bonito y muy elegante.<\/p>\n<p>&nbsp;<\/p>\n<p><a href=\"\/pasarelaurbana\/wp-content\/uploads\/sites\/49\/2012\/09\/810.jpg\"><img loading=\"lazy\" class=\"aligncenter size-full wp-image-1796\" title=\"8\" src=\"\/pasarelaurbana\/wp-content\/uploads\/sites\/49\/2012\/09\/810.jpg\" alt=\"\" width=\"600\" height=\"400\" srcset=\"https:\/\/static-blogs.diariosur.es\/wp-content\/uploads\/sites\/49\/2012\/09\/810.jpg 600w, https:\/\/static-blogs.diariosur.es\/wp-content\/uploads\/sites\/49\/2012\/09\/810-300x200.jpg 300w\" sizes=\"(max-width: 600px) 100vw, 600px\" \/><\/a><\/p>\n<p style=\"text-align: center;\">4. Otro modelo de charol trenzado negro, en esta ocasi\u00f3n tipo plato, con plumas (que le dan un punto \u00e9tnico super interesante) y un rom\u00e1ntico aplique en forma de lazada.<\/p>\n<p><a href=\"\/pasarelaurbana\/wp-content\/uploads\/sites\/49\/2012\/09\/175.jpg\"><img loading=\"lazy\" class=\"aligncenter size-full wp-image-1802\" title=\"17\" src=\"\/pasarelaurbana\/wp-content\/uploads\/sites\/49\/2012\/09\/175.jpg\" alt=\"\" width=\"600\" height=\"900\" srcset=\"https:\/\/static-blogs.diariosur.es\/wp-content\/uploads\/sites\/49\/2012\/09\/175.jpg 600w, https:\/\/static-blogs.diariosur.es\/wp-content\/uploads\/sites\/49\/2012\/09\/175-200x300.jpg 200w\" sizes=\"(max-width: 600px) 100vw, 600px\" \/><\/a><\/p>\n<p style=\"text-align: center;\">5. A mi juicio, una de sus obras m\u00e1s llamativas y coloristas. Maxi tocado tipo plato en frambuesa, con algunas pinceladas de color en naranja y rosa claro. \u00bfLo mejor? El detalle de sus aplicaciones de p\u00e1jaros que es una pena que no se aprecien en la foto, pero es vistos\u00edsimo. \u00a1Me lo imagino acompa\u00f1ando un vestido en azul klein!<\/p>\n<p>&nbsp;<\/p>\n<p><a href=\"\/pasarelaurbana\/wp-content\/uploads\/sites\/49\/2012\/09\/137.jpg\"><img loading=\"lazy\" class=\"aligncenter size-full wp-image-1801\" title=\"13\" src=\"\/pasarelaurbana\/wp-content\/uploads\/sites\/49\/2012\/09\/137.jpg\" alt=\"\" width=\"600\" height=\"900\" srcset=\"https:\/\/static-blogs.diariosur.es\/wp-content\/uploads\/sites\/49\/2012\/09\/137.jpg 600w, https:\/\/static-blogs.diariosur.es\/wp-content\/uploads\/sites\/49\/2012\/09\/137-200x300.jpg 200w\" sizes=\"(max-width: 600px) 100vw, 600px\" \/><\/a><\/p>\n<p style=\"text-align: center;\">\u00a06. Casquete inspirado en los sofisticados estilismos de Jacqueline Kennedy en tono granate, con flor y velo.<\/p>\n<p><a href=\"\/pasarelaurbana\/wp-content\/uploads\/sites\/49\/2012\/09\/1112.jpg\"><img loading=\"lazy\" class=\"aligncenter size-full wp-image-1799\" title=\"11\" src=\"\/pasarelaurbana\/wp-content\/uploads\/sites\/49\/2012\/09\/1112.jpg\" alt=\"\" width=\"600\" height=\"400\" srcset=\"https:\/\/static-blogs.diariosur.es\/wp-content\/uploads\/sites\/49\/2012\/09\/1112.jpg 600w, https:\/\/static-blogs.diariosur.es\/wp-content\/uploads\/sites\/49\/2012\/09\/1112-300x200.jpg 300w\" sizes=\"(max-width: 600px) 100vw, 600px\" \/><\/a><\/p>\n<p><a href=\"\/pasarelaurbana\/wp-content\/uploads\/sites\/49\/2012\/09\/1211.jpg\"><img loading=\"lazy\" class=\"aligncenter size-full wp-image-1800\" title=\"12\" src=\"\/pasarelaurbana\/wp-content\/uploads\/sites\/49\/2012\/09\/1211.jpg\" alt=\"\" width=\"600\" height=\"400\" srcset=\"https:\/\/static-blogs.diariosur.es\/wp-content\/uploads\/sites\/49\/2012\/09\/1211.jpg 600w, https:\/\/static-blogs.diariosur.es\/wp-content\/uploads\/sites\/49\/2012\/09\/1211-300x200.jpg 300w\" sizes=\"(max-width: 600px) 100vw, 600px\" \/><\/a><\/p>\n<p style=\"text-align: center;\">7. Espectacular pamela roja (el color de este oto\u00f1o) de rafia densa con maxi lazada. \u00a1A Laura le queda genial! Uno de los modelos que m\u00e1s me gusta! Me parece super elegante.<\/p>\n<p>&nbsp;<\/p>\n<p><a href=\"\/pasarelaurbana\/wp-content\/uploads\/sites\/49\/2012\/09\/415.jpg\"><img loading=\"lazy\" class=\"aligncenter size-full wp-image-1792\" title=\"4\" src=\"\/pasarelaurbana\/wp-content\/uploads\/sites\/49\/2012\/09\/415.jpg\" alt=\"\" width=\"600\" height=\"400\" srcset=\"https:\/\/static-blogs.diariosur.es\/wp-content\/uploads\/sites\/49\/2012\/09\/415.jpg 600w, https:\/\/static-blogs.diariosur.es\/wp-content\/uploads\/sites\/49\/2012\/09\/415-300x200.jpg 300w\" sizes=\"(max-width: 600px) 100vw, 600px\" \/><\/a><\/p>\n<p style=\"text-align: center;\">8. Turbante rojo con vuelo y terminaci\u00f3n de charol trenzado. Tiene un corte muy original.<\/p>\n<p>&nbsp;<\/p>\n<p><a href=\"\/pasarelaurbana\/wp-content\/uploads\/sites\/49\/2012\/09\/227.jpg\"><img loading=\"lazy\" class=\"aligncenter size-full wp-image-1804\" title=\"22\" src=\"\/pasarelaurbana\/wp-content\/uploads\/sites\/49\/2012\/09\/227.jpg\" alt=\"\" width=\"600\" height=\"400\" srcset=\"https:\/\/static-blogs.diariosur.es\/wp-content\/uploads\/sites\/49\/2012\/09\/227.jpg 600w, https:\/\/static-blogs.diariosur.es\/wp-content\/uploads\/sites\/49\/2012\/09\/227-300x200.jpg 300w\" sizes=\"(max-width: 600px) 100vw, 600px\" \/><\/a><\/p>\n<p><a href=\"\/pasarelaurbana\/wp-content\/uploads\/sites\/49\/2012\/09\/234.jpg\"><img loading=\"lazy\" class=\"aligncenter size-full wp-image-1803\" title=\"23\" src=\"\/pasarelaurbana\/wp-content\/uploads\/sites\/49\/2012\/09\/234.jpg\" alt=\"\" width=\"600\" height=\"900\" srcset=\"https:\/\/static-blogs.diariosur.es\/wp-content\/uploads\/sites\/49\/2012\/09\/234.jpg 600w, https:\/\/static-blogs.diariosur.es\/wp-content\/uploads\/sites\/49\/2012\/09\/234-200x300.jpg 200w\" sizes=\"(max-width: 600px) 100vw, 600px\" \/><\/a><\/p>\n<p style=\"text-align: center;\">\u00a09. \u00bfQu\u00e9 me dec\u00eds de este? Simplemente impecable. En un favorecedor y discreto verde agua. El bolso\u00a0 a juego es igual de impresionante.<\/p>\n<p><a href=\"\/pasarelaurbana\/wp-content\/uploads\/sites\/49\/2012\/09\/136.jpg\"><img loading=\"lazy\" class=\"aligncenter size-full wp-image-1789\" title=\"1\" src=\"\/pasarelaurbana\/wp-content\/uploads\/sites\/49\/2012\/09\/136.jpg\" alt=\"\" width=\"600\" height=\"400\" srcset=\"https:\/\/static-blogs.diariosur.es\/wp-content\/uploads\/sites\/49\/2012\/09\/136.jpg 600w, https:\/\/static-blogs.diariosur.es\/wp-content\/uploads\/sites\/49\/2012\/09\/136-300x200.jpg 300w\" sizes=\"(max-width: 600px) 100vw, 600px\" \/><\/a><\/p>\n<p style=\"text-align: center;\">10. Y, por \u00faltimo, \u00a1uno de flores! Jejeje, en concreto sobre la cabeza de una servidora. Solo apto para las m\u00e1s atrevidas. Est\u00e1 hecho en flores marchitas en crudo y verde menta y lleva velo y plumas.\u00a1 Para no pasar desapercibida! Eso s\u00ed, para no caer en el exceso hay que combinarlo con un vestido muy discreto.<\/p>\n<p>&nbsp;<\/p>\n<p><a href=\"\/pasarelaurbana\/wp-content\/uploads\/sites\/49\/2012\/09\/254.jpg\"><img loading=\"lazy\" class=\"aligncenter size-full wp-image-1805\" title=\"25\" src=\"\/pasarelaurbana\/wp-content\/uploads\/sites\/49\/2012\/09\/254.jpg\" alt=\"\" width=\"600\" height=\"400\" srcset=\"https:\/\/static-blogs.diariosur.es\/wp-content\/uploads\/sites\/49\/2012\/09\/254.jpg 600w, https:\/\/static-blogs.diariosur.es\/wp-content\/uploads\/sites\/49\/2012\/09\/254-300x200.jpg 300w\" sizes=\"(max-width: 600px) 100vw, 600px\" \/><\/a><\/p>\n<p><a href=\"\/pasarelaurbana\/wp-content\/uploads\/sites\/49\/2012\/09\/244.jpg\"><img loading=\"lazy\" class=\"aligncenter size-full wp-image-1807\" title=\"24\" src=\"\/pasarelaurbana\/wp-content\/uploads\/sites\/49\/2012\/09\/244.jpg\" alt=\"\" width=\"600\" height=\"400\" srcset=\"https:\/\/static-blogs.diariosur.es\/wp-content\/uploads\/sites\/49\/2012\/09\/244.jpg 600w, https:\/\/static-blogs.diariosur.es\/wp-content\/uploads\/sites\/49\/2012\/09\/244-300x200.jpg 300w\" sizes=\"(max-width: 600px) 100vw, 600px\" \/><\/a><\/p>\n<p style=\"text-align: center;\">Y en esta \u00faltima foto, Laua en su precioso taller, cuidado hasta el m\u00e1s m\u00ednimo detalle y decorado para que el cliente se sienta como en casa! \u00bfOs ha gustado? \u00a1Yo ya estoy deseando tener un evento para colocarme uno!<\/p>\n<p>&nbsp;<\/p>\n","protected":false},"excerpt":{"rendered":"<p>Hablar de Laura Olea es hablar de sofisticaci\u00f3n, de buen gusto y, sobre todo, es hablar de calidad. El taller de esta dise\u00f1adora malague\u00f1a, situado en calle Strachan n\u00famero 4 es parada obligada de toda invitada a un evento que quiera rematar el look con ese toque m\u00e1gico tan especial y elegante que solo dan [&hellip;]<\/p>\n","protected":false},"author":54,"featured_media":0,"comment_status":"open","ping_status":"closed","sticky":false,"template":"","format":"standard","meta":[],"categories":[2],"tags":[],"_links":{"self":[{"href":"https:\/\/blogs.diariosur.es\/pasarelaurbana\/wp-json\/wp\/v2\/posts\/1787"}],"collection":[{"href":"https:\/\/blogs.diariosur.es\/pasarelaurbana\/wp-json\/wp\/v2\/posts"}],"about":[{"href":"https:\/\/blogs.diariosur.es\/pasarelaurbana\/wp-json\/wp\/v2\/types\/post"}],"author":[{"embeddable":true,"href":"https:\/\/blogs.diariosur.es\/pasarelaurbana\/wp-json\/wp\/v2\/users\/54"}],"replies":[{"embeddable":true,"href":"https:\/\/blogs.diariosur.es\/pasarelaurbana\/wp-json\/wp\/v2\/comments?post=1787"}],"version-history":[{"count":0,"href":"https:\/\/blogs.diariosur.es\/pasarelaurbana\/wp-json\/wp\/v2\/posts\/1787\/revisions"}],"wp:attachment":[{"href":"https:\/\/blogs.diariosur.es\/pasarelaurbana\/wp-json\/wp\/v2\/media?parent=1787"}],"wp:term":[{"taxonomy":"category","embeddable":true,"href":"https:\/\/blogs.diariosur.es\/pasarelaurbana\/wp-json\/wp\/v2\/categories?post=1787"},{"taxonomy":"post_tag","embeddable":true,"href":"https:\/\/blogs.diariosur.es\/pasarelaurbana\/wp-json\/wp\/v2\/tags?post=1787"}],"curies":[{"name":"wp","href":"https:\/\/api.w.org\/{rel}","templated":true}]}}