{"id":1809,"date":"2012-09-25T19:25:05","date_gmt":"2012-09-25T19:25:05","guid":{"rendered":"http:\/\/blogs.diariosur.es\/pasarelaurbana\/?p=1809"},"modified":"2012-09-25T19:25:05","modified_gmt":"2012-09-25T19:25:05","slug":"primeras-compras-de-otono","status":"publish","type":"post","link":"https:\/\/blogs.diariosur.es\/pasarelaurbana\/2012\/09\/25\/primeras-compras-de-otono\/","title":{"rendered":"Primeras compras de oto\u00f1o"},"content":{"rendered":"<p>Hola a todos! Lo prometido es deuda. Os dije que os ir\u00eda ense\u00f1ando mis adquisiciones de temporada&#8230;y \u00a1voil\u00e1! Ya he empezado a pecar con las tentadoras colecciones de este oto\u00f1o que ya tenemos encima. \u00a1Estoy deseando que entre el fr\u00edo para pon\u00e9rmelas! Me encantan las nuevas tendencias: las camisas militares, el cuero (que veremos hasta la saciedad en todo tipo de terminaciones) las prendas con tachuelas y aires rockeros, los complementos de inspiraci\u00f3n barroca, el corte peplum (que lleg\u00f3 este verano como corte revelaci\u00f3n para quedarse) \u00a1y hasta me he atrevido con el rojo! Un color que nunca me ha hecho demasiado til\u00edn pero que he decidido incorporar a mi armario por aquello de renovarse o morir. Y lo mejor, vuelve la que para mi es la prenda indispensable y mi gran favorita: la chaqueta tipo tweed. Tengo much\u00edsimas porque son mi perdici\u00f3n pero, a\u00fan as\u00ed, este a\u00f1o he incorporado tres nuevas a mi vestidor, como siempre, aprovechando las rebajas de verano. En Zara las ponen tiradas de precio y suelen ser cortes que vuelven a repetir cual calco en la siguiente colecci\u00f3n, as\u00ed que nunca pasan de moda y merecen mucho la pena por el precio: las que me compr\u00e9 me costaron una 19,95 y otra 29,95 tiradas! \u00a1y vais a ver que preciosidades\u00a1 Bueno, y sin m\u00e1s rodeos, os abro mi humilde armario para que cotille\u00e9is mis fichajes. \u00a1Decidme qu\u00e9 os parecen! Y ma\u00f1ana, sesi\u00f3n de street style por el Centro. Os espero por calle Larios!<\/p>\n<p><a href=\"\/pasarelaurbana\/wp-content\/uploads\/sites\/49\/2012\/09\/155.jpg\"><img loading=\"lazy\" class=\"aligncenter size-full wp-image-1829\" title=\"15\" src=\"\/pasarelaurbana\/wp-content\/uploads\/sites\/49\/2012\/09\/155.jpg\" alt=\"\" width=\"600\" height=\"803\" srcset=\"https:\/\/static-blogs.diariosur.es\/wp-content\/uploads\/sites\/49\/2012\/09\/155.jpg 600w, https:\/\/static-blogs.diariosur.es\/wp-content\/uploads\/sites\/49\/2012\/09\/155-224x300.jpg 224w\" sizes=\"(max-width: 600px) 100vw, 600px\" \/><\/a><\/p>\n<p><a href=\"\/pasarelaurbana\/wp-content\/uploads\/sites\/49\/2012\/09\/147.jpg\"><img loading=\"lazy\" class=\"aligncenter size-full wp-image-1828\" title=\"14\" src=\"\/pasarelaurbana\/wp-content\/uploads\/sites\/49\/2012\/09\/147.jpg\" alt=\"\" width=\"600\" height=\"803\" srcset=\"https:\/\/static-blogs.diariosur.es\/wp-content\/uploads\/sites\/49\/2012\/09\/147.jpg 600w, https:\/\/static-blogs.diariosur.es\/wp-content\/uploads\/sites\/49\/2012\/09\/147-224x300.jpg 224w\" sizes=\"(max-width: 600px) 100vw, 600px\" \/><\/a><\/p>\n<p style=\"text-align: center;\"><a href=\"\/pasarelaurbana\/wp-content\/uploads\/sites\/49\/2012\/09\/319.jpg\"><img loading=\"lazy\" class=\"aligncenter size-full wp-image-1818\" title=\"3\" src=\"\/pasarelaurbana\/wp-content\/uploads\/sites\/49\/2012\/09\/319.jpg\" alt=\"\" width=\"600\" height=\"803\" srcset=\"https:\/\/static-blogs.diariosur.es\/wp-content\/uploads\/sites\/49\/2012\/09\/319.jpg 600w, https:\/\/static-blogs.diariosur.es\/wp-content\/uploads\/sites\/49\/2012\/09\/319-224x300.jpg 224w\" sizes=\"(max-width: 600px) 100vw, 600px\" \/><\/a><\/p>\n<p style=\"text-align: center;\">\u00a1Me encanta este conjunto! Ideal para un outfit de diario para ir a trabajar. Tiene un punto casual y juvenil pero a la vez las lentejuelas que salpican el jersey, de <strong>Zara<\/strong> (Trafaluc), y el blazer de <strong>Mango <\/strong>(\u00a1S\u00ed! el que anuncia Kate Moss) le dan un toque elegante m\u00e1s serio. Del blazer me encantan los botones dorados (con un rollo navy perfecto) y los pu\u00f1os vueltos de mil rayas rojas. Y lo mejor: su precio, \u00a1solo 30 euros!<\/p>\n<p> Creo que he hecho una buena inversi\u00f3n! El jersey azul marino con lentejuelas de colorines es otra monada, s\u00faper ponible (en este caso se trata de un regalo de mi mami). El pantal\u00f3n tambi\u00e9n es de la nueva colecci\u00f3n de Trafaluc y me gust\u00f3 porque tiene un corte muy c\u00f3modo y peque\u00f1as tachuelas en los bolsillos traseros. Los zapatos son de mi fondo de armario de hace varias temporadas y el collar fue un flechazo. Lo vi en el rastro de Fuengirola y enseguida me enamor\u00f3. Me lo regal\u00f3 mi buena amiga M\u00f3nica y es otra de esas piezas que voy a explotar un mont\u00f3n este oto\u00f1o por su versatilidad.<\/p>\n<p><a href=\"\/pasarelaurbana\/wp-content\/uploads\/sites\/49\/2012\/09\/99.jpg\"><img loading=\"lazy\" class=\"aligncenter size-full wp-image-1824\" title=\"9\" src=\"\/pasarelaurbana\/wp-content\/uploads\/sites\/49\/2012\/09\/99.jpg\" alt=\"\" width=\"600\" height=\"803\" srcset=\"https:\/\/static-blogs.diariosur.es\/wp-content\/uploads\/sites\/49\/2012\/09\/99.jpg 600w, https:\/\/static-blogs.diariosur.es\/wp-content\/uploads\/sites\/49\/2012\/09\/99-224x300.jpg 224w\" sizes=\"(max-width: 600px) 100vw, 600px\" \/><\/a><\/p>\n<p><a href=\"\/pasarelaurbana\/wp-content\/uploads\/sites\/49\/2012\/09\/1113.jpg\"><img loading=\"lazy\" class=\"aligncenter size-full wp-image-1825\" title=\"11\" src=\"\/pasarelaurbana\/wp-content\/uploads\/sites\/49\/2012\/09\/1113.jpg\" alt=\"\" width=\"600\" height=\"803\" srcset=\"https:\/\/static-blogs.diariosur.es\/wp-content\/uploads\/sites\/49\/2012\/09\/1113.jpg 600w, https:\/\/static-blogs.diariosur.es\/wp-content\/uploads\/sites\/49\/2012\/09\/1113-224x300.jpg 224w\" sizes=\"(max-width: 600px) 100vw, 600px\" \/><\/a><\/p>\n<p><a href=\"\/pasarelaurbana\/wp-content\/uploads\/sites\/49\/2012\/09\/1212.jpg\"><img loading=\"lazy\" class=\"aligncenter size-full wp-image-1826\" title=\"12\" src=\"\/pasarelaurbana\/wp-content\/uploads\/sites\/49\/2012\/09\/1212.jpg\" alt=\"\" width=\"600\" height=\"448\" srcset=\"https:\/\/static-blogs.diariosur.es\/wp-content\/uploads\/sites\/49\/2012\/09\/1212.jpg 600w, https:\/\/static-blogs.diariosur.es\/wp-content\/uploads\/sites\/49\/2012\/09\/1212-300x224.jpg 300w\" sizes=\"(max-width: 600px) 100vw, 600px\" \/><\/a><\/p>\n<p><a href=\"\/pasarelaurbana\/wp-content\/uploads\/sites\/49\/2012\/09\/417.jpg\"><img loading=\"lazy\" class=\"aligncenter size-full wp-image-1819\" title=\"4\" src=\"\/pasarelaurbana\/wp-content\/uploads\/sites\/49\/2012\/09\/417.jpg\" alt=\"\" width=\"600\" height=\"803\" srcset=\"https:\/\/static-blogs.diariosur.es\/wp-content\/uploads\/sites\/49\/2012\/09\/417.jpg 600w, https:\/\/static-blogs.diariosur.es\/wp-content\/uploads\/sites\/49\/2012\/09\/417-224x300.jpg 224w\" sizes=\"(max-width: 600px) 100vw, 600px\" \/><\/a><\/p>\n<p style=\"text-align: center;\"> Ten\u00eda ganas de hacerme con una camisa de estilo militar y me encant\u00f3 esta de Stradivarius, en un tejido s\u00faper ligero y con detalle de piedras negras en la zona de los hombros. All\u00ed mismo me conquist\u00f3 esta falda de piel negra plisada, otro de los b\u00e1sicos que no puede faltar en los armarios en los pr\u00f3ximos meses y que creo que es una buen\u00edsima compra (la propia Telva la seleccion\u00f3 hace unos d\u00edas como una de las prendas recomendadas para este oto\u00f1o, es que tengo ojo cl\u00ednico! jejejeje).Para marcar cintura, creo que me la pondr\u00e9 con este cintur\u00f3n joya de Sfera de pasadas temporadas y un cl\u00e1sico en mis looks m\u00e1s lady. Y como colof\u00f3n, esta preciosa chaqueta de punto con destellos dorados y filos despuntados de Zara que llevo guardando desde hace ya casi cuatro meses (me la compr\u00e9 en rebajas) y que estoy loca por estrenar porque es elegant\u00edsima.<\/p>\n<p><a href=\"\/pasarelaurbana\/wp-content\/uploads\/sites\/49\/2012\/09\/516.jpg\"><img loading=\"lazy\" class=\"aligncenter size-full wp-image-1820\" title=\"5\" src=\"\/pasarelaurbana\/wp-content\/uploads\/sites\/49\/2012\/09\/516.jpg\" alt=\"\" width=\"600\" height=\"803\" srcset=\"https:\/\/static-blogs.diariosur.es\/wp-content\/uploads\/sites\/49\/2012\/09\/516.jpg 600w, https:\/\/static-blogs.diariosur.es\/wp-content\/uploads\/sites\/49\/2012\/09\/516-224x300.jpg 224w\" sizes=\"(max-width: 600px) 100vw, 600px\" \/><\/a><\/p>\n<p><a href=\"\/pasarelaurbana\/wp-content\/uploads\/sites\/49\/2012\/09\/811.jpg\"><img loading=\"lazy\" class=\"aligncenter size-full wp-image-1823\" title=\"8\" src=\"\/pasarelaurbana\/wp-content\/uploads\/sites\/49\/2012\/09\/811.jpg\" alt=\"\" width=\"600\" height=\"803\" srcset=\"https:\/\/static-blogs.diariosur.es\/wp-content\/uploads\/sites\/49\/2012\/09\/811.jpg 600w, https:\/\/static-blogs.diariosur.es\/wp-content\/uploads\/sites\/49\/2012\/09\/811-224x300.jpg 224w\" sizes=\"(max-width: 600px) 100vw, 600px\" \/><\/a><\/p>\n<p><a href=\"\/pasarelaurbana\/wp-content\/uploads\/sites\/49\/2012\/09\/710.jpg\"><img loading=\"lazy\" class=\"aligncenter size-full wp-image-1822\" title=\"7\" src=\"\/pasarelaurbana\/wp-content\/uploads\/sites\/49\/2012\/09\/710.jpg\" alt=\"\" width=\"600\" height=\"803\" srcset=\"https:\/\/static-blogs.diariosur.es\/wp-content\/uploads\/sites\/49\/2012\/09\/710.jpg 600w, https:\/\/static-blogs.diariosur.es\/wp-content\/uploads\/sites\/49\/2012\/09\/710-224x300.jpg 224w\" sizes=\"(max-width: 600px) 100vw, 600px\" \/><\/a><\/p>\n<p><a href=\"\/pasarelaurbana\/wp-content\/uploads\/sites\/49\/2012\/09\/615.jpg\"><img loading=\"lazy\" class=\"aligncenter size-full wp-image-1832\" title=\"6\" src=\"\/pasarelaurbana\/wp-content\/uploads\/sites\/49\/2012\/09\/615.jpg\" alt=\"\" width=\"600\" height=\"803\" srcset=\"https:\/\/static-blogs.diariosur.es\/wp-content\/uploads\/sites\/49\/2012\/09\/615.jpg 600w, https:\/\/static-blogs.diariosur.es\/wp-content\/uploads\/sites\/49\/2012\/09\/615-224x300.jpg 224w\" sizes=\"(max-width: 600px) 100vw, 600px\" \/><\/a><\/p>\n<p style=\"text-align: center;\"><a href=\"\/pasarelaurbana\/wp-content\/uploads\/sites\/49\/2012\/09\/139.jpg\"><img loading=\"lazy\" class=\"aligncenter size-full wp-image-1816\" title=\"1\" src=\"\/pasarelaurbana\/wp-content\/uploads\/sites\/49\/2012\/09\/139.jpg\" alt=\"\" width=\"600\" height=\"803\" srcset=\"https:\/\/static-blogs.diariosur.es\/wp-content\/uploads\/sites\/49\/2012\/09\/139.jpg 600w, https:\/\/static-blogs.diariosur.es\/wp-content\/uploads\/sites\/49\/2012\/09\/139-224x300.jpg 224w\" sizes=\"(max-width: 600px) 100vw, 600px\" \/><\/a><\/p>\n<p style=\"text-align: center;\">\u00a1Qu\u00e9 ganas ten\u00eda de unos shorts glitters! Siempre me han gustado, pero todos los que ve\u00eda me parec\u00edan demasiado atrevidos y una ya no est\u00e1 para ense\u00f1ar tanta cacha como cuando ten\u00eda 20 a\u00f1os. El otro d\u00eda vi estos en Stradivarius y nada m\u00e1s prob\u00e1rmelos supe que eran los m\u00edos. Adem\u00e1s, tienen unos destellos en verde militar muy chulos. La idea es pon\u00e9rmelos para ir a cenar en mi cumplea\u00f1os (que es el pr\u00f3ximo martes) y para contrarrestar su punto sexy toca ir recatada por arriba, as\u00ed que me parece una buena opci\u00f3n el combinarlo con esta bonita camisa blanca con bolsillos, sin cuello y trabillas al codo de Mango. El bolso de aires vintage y cuidada pedrer\u00eda fue un regalo de Laura Olea y me parece una aut\u00e9ntica maravilla.Cuando haga m\u00e1s fr\u00edo, completar\u00e9 el outfit con esta chaqueta de cuello mao de Zara en blanco roto que como os dije aprovech\u00e9 para comprarme en rebajas, \u00a1por solo 29,95 euros! Un chollazo vamos!<\/p>\n<p><a href=\"\/pasarelaurbana\/wp-content\/uploads\/sites\/49\/2012\/09\/186.jpg\"><img loading=\"lazy\" class=\"aligncenter size-full wp-image-1830\" title=\"18\" src=\"\/pasarelaurbana\/wp-content\/uploads\/sites\/49\/2012\/09\/186.jpg\" alt=\"\" width=\"600\" height=\"803\" srcset=\"https:\/\/static-blogs.diariosur.es\/wp-content\/uploads\/sites\/49\/2012\/09\/186.jpg 600w, https:\/\/static-blogs.diariosur.es\/wp-content\/uploads\/sites\/49\/2012\/09\/186-224x300.jpg 224w\" sizes=\"(max-width: 600px) 100vw, 600px\" \/><\/a><\/p>\n<p><a href=\"\/pasarelaurbana\/wp-content\/uploads\/sites\/49\/2012\/09\/176.jpg\"><img loading=\"lazy\" class=\"aligncenter size-full wp-image-1831\" title=\"17\" src=\"\/pasarelaurbana\/wp-content\/uploads\/sites\/49\/2012\/09\/176.jpg\" alt=\"\" width=\"600\" height=\"803\" srcset=\"https:\/\/static-blogs.diariosur.es\/wp-content\/uploads\/sites\/49\/2012\/09\/176.jpg 600w, https:\/\/static-blogs.diariosur.es\/wp-content\/uploads\/sites\/49\/2012\/09\/176-224x300.jpg 224w\" sizes=\"(max-width: 600px) 100vw, 600px\" \/><\/a><\/p>\n<p style=\"text-align: center;\"><a href=\"\/pasarelaurbana\/wp-content\/uploads\/sites\/49\/2012\/09\/229.jpg\"><img loading=\"lazy\" class=\"aligncenter size-full wp-image-1817\" title=\"2\" src=\"\/pasarelaurbana\/wp-content\/uploads\/sites\/49\/2012\/09\/229.jpg\" alt=\"\" width=\"600\" height=\"803\" srcset=\"https:\/\/static-blogs.diariosur.es\/wp-content\/uploads\/sites\/49\/2012\/09\/229.jpg 600w, https:\/\/static-blogs.diariosur.es\/wp-content\/uploads\/sites\/49\/2012\/09\/229-224x300.jpg 224w\" sizes=\"(max-width: 600px) 100vw, 600px\" \/><\/a><\/p>\n<p style=\"text-align: center;\">Este oto\u00f1o sigue la moda del peplum, y yo encantad\u00edsima porque como os he dicho en m\u00faltiples ocasiones me parece muy favorecedor para disimular las caderas. Este modelo de print abstacto en blanco y negro es de Mango, y es otra compra buen\u00edsima por solo 29,95 euros. En las fotos lo combino con chaqueta tweed en verde agua de Zara Trafaluc de las pasadas rebajas (me cost\u00f3 19,95 euros!!!). El collar es de Accesorize.<\/p>\n<p><a href=\"\/pasarelaurbana\/wp-content\/uploads\/sites\/49\/2012\/09\/165.jpg\"><img loading=\"lazy\" class=\"aligncenter size-full wp-image-1833\" title=\"16\" src=\"\/pasarelaurbana\/wp-content\/uploads\/sites\/49\/2012\/09\/165.jpg\" alt=\"\" width=\"600\" height=\"448\" srcset=\"https:\/\/static-blogs.diariosur.es\/wp-content\/uploads\/sites\/49\/2012\/09\/165.jpg 600w, https:\/\/static-blogs.diariosur.es\/wp-content\/uploads\/sites\/49\/2012\/09\/165-300x224.jpg 300w\" sizes=\"(max-width: 600px) 100vw, 600px\" \/><\/a><\/p>\n<p style=\"text-align: center;\">\u00bfQu\u00e9 os parecen estos divertidos tenis de calaveras? Los firma <strong>Pull&#038;Bear<\/strong> y fueron otro flechazo. De plena tendencia, con mini calaveras tipo tachuelas. Ideal para unos vaqueros y una sudadera el fin de semana.<\/p>\n<p style=\"text-align: center;\">\n<p><a href=\"\/pasarelaurbana\/wp-content\/uploads\/sites\/49\/2012\/09\/194.jpg\"><img loading=\"lazy\" class=\"aligncenter size-full wp-image-1834\" title=\"19\" src=\"\/pasarelaurbana\/wp-content\/uploads\/sites\/49\/2012\/09\/194.jpg\" alt=\"\" width=\"600\" height=\"803\" srcset=\"https:\/\/static-blogs.diariosur.es\/wp-content\/uploads\/sites\/49\/2012\/09\/194.jpg 600w, https:\/\/static-blogs.diariosur.es\/wp-content\/uploads\/sites\/49\/2012\/09\/194-224x300.jpg 224w\" sizes=\"(max-width: 600px) 100vw, 600px\" \/><\/a><\/p>\n<p><a href=\"\/pasarelaurbana\/wp-content\/uploads\/sites\/49\/2012\/09\/206.jpg\"><img loading=\"lazy\" class=\"aligncenter size-full wp-image-1835\" title=\"20\" src=\"\/pasarelaurbana\/wp-content\/uploads\/sites\/49\/2012\/09\/206.jpg\" alt=\"\" width=\"600\" height=\"857\" srcset=\"https:\/\/static-blogs.diariosur.es\/wp-content\/uploads\/sites\/49\/2012\/09\/206.jpg 600w, https:\/\/static-blogs.diariosur.es\/wp-content\/uploads\/sites\/49\/2012\/09\/206-210x300.jpg 210w\" sizes=\"(max-width: 600px) 100vw, 600px\" \/><\/a><\/p>\n<p style=\"text-align: center;\">\u00a0Y para terminar, bolso nude de tachuelas de Zara con gafas de pasta en rosa palo tambi\u00e9n de Zara.Las gafas me pareces estilos\u00edsimas pero dud\u00e9 si me atrever\u00eda a llevarlas. Finalmente no pude resistirme! Y ahora estoy content\u00edsima con ellas!<\/p>\n<p>\u00a1Hasta ma\u00f1ana!<\/p>\n","protected":false},"excerpt":{"rendered":"<p>Hola a todos! Lo prometido es deuda. Os dije que os ir\u00eda ense\u00f1ando mis adquisiciones de temporada&#8230;y \u00a1voil\u00e1! Ya he empezado a pecar con las tentadoras colecciones de este oto\u00f1o que ya tenemos encima. \u00a1Estoy deseando que entre el fr\u00edo para pon\u00e9rmelas! Me encantan las nuevas tendencias: las camisas militares, el cuero (que veremos hasta [&hellip;]<\/p>\n","protected":false},"author":54,"featured_media":0,"comment_status":"open","ping_status":"closed","sticky":false,"template":"","format":"standard","meta":[],"categories":[2],"tags":[],"_links":{"self":[{"href":"https:\/\/blogs.diariosur.es\/pasarelaurbana\/wp-json\/wp\/v2\/posts\/1809"}],"collection":[{"href":"https:\/\/blogs.diariosur.es\/pasarelaurbana\/wp-json\/wp\/v2\/posts"}],"about":[{"href":"https:\/\/blogs.diariosur.es\/pasarelaurbana\/wp-json\/wp\/v2\/types\/post"}],"author":[{"embeddable":true,"href":"https:\/\/blogs.diariosur.es\/pasarelaurbana\/wp-json\/wp\/v2\/users\/54"}],"replies":[{"embeddable":true,"href":"https:\/\/blogs.diariosur.es\/pasarelaurbana\/wp-json\/wp\/v2\/comments?post=1809"}],"version-history":[{"count":0,"href":"https:\/\/blogs.diariosur.es\/pasarelaurbana\/wp-json\/wp\/v2\/posts\/1809\/revisions"}],"wp:attachment":[{"href":"https:\/\/blogs.diariosur.es\/pasarelaurbana\/wp-json\/wp\/v2\/media?parent=1809"}],"wp:term":[{"taxonomy":"category","embeddable":true,"href":"https:\/\/blogs.diariosur.es\/pasarelaurbana\/wp-json\/wp\/v2\/categories?post=1809"},{"taxonomy":"post_tag","embeddable":true,"href":"https:\/\/blogs.diariosur.es\/pasarelaurbana\/wp-json\/wp\/v2\/tags?post=1809"}],"curies":[{"name":"wp","href":"https:\/\/api.w.org\/{rel}","templated":true}]}}