{"id":1986,"date":"2012-10-19T13:31:42","date_gmt":"2012-10-19T13:31:42","guid":{"rendered":"http:\/\/blogs.diariosur.es\/pasarelaurbana\/?p=1986"},"modified":"2012-10-19T13:31:42","modified_gmt":"2012-10-19T13:31:42","slug":"el-armario-de-demetrio-de-la-torre","status":"publish","type":"post","link":"https:\/\/blogs.diariosur.es\/pasarelaurbana\/2012\/10\/19\/el-armario-de-demetrio-de-la-torre\/","title":{"rendered":"El armario de Demetrio de la Torre"},"content":{"rendered":"<p style=\"text-align: center;\">\u00a0El t\u00edtulo de su blog<strong> <a href=\"http:\/\/modaeresyenmodateconvertiras.blogspot.com.es\/\" rel=\"external nofollow\">\u2018Moda eres y en moda te convertir\u00e1s\u2019<\/a><\/strong> es m\u00e1s que un simple nombre. Para Demetrio de la Torre, blogger malague\u00f1o de 22 a\u00f1os, la moda es su vida, su ilusi\u00f3n y, como \u00e9l mismo destaca, su motor. Pese a su juventud, este<em> fashion victim<\/em> licenciado en Periodismo ha conseguido hacerse un hueco en el mundillo y no hay sarao o desfile organizado en la provincia donde no se le vea paseando sus cuidados<em> outfits<\/em> de \u00abnew gentleman\u00bb -definici\u00f3n de su cosecha- que nunca pasan desapercibidos.<\/p>\n<p style=\"text-align: center;\">Y es que su marcado estilo personal de sello dandi siempre deja huella. \u00abHoy en d\u00eda hay tantas tendencias y tanta moderna suelta que lo m\u00e1s rompedor y atrevido es ser cl\u00e1sico\u00bb, reivindica Demetrio, con el que nos citamos el pasado martes en la tienda de segunda mano Find De Luxe para conocer los secretos de su armario, un espacio ordenado cuidadosamente por colores donde las prendas de las distintas temporadas conviven en perfecta armon\u00eda. \u00abNunca hago cambio de ropa, ya que la mayor\u00eda de las cosas me las pongo todo el a\u00f1o\u00bb, nos explic\u00f3 De la Torre, quien ejerce de comentarista de moda los jueves noche en el magac\u00edn de 101 televisi\u00f3n.<\/p>\n<p style=\"text-align: center;\">En el interior de su vestidor dominan tres colores: el blanco, el rosa y el celeste, que ti\u00f1en sus prendas en infinidad de tonalidades y versiones. \u00bfLas m\u00e1s repetidas? Las elegantes chaquetas cruzadas de doble abotonadura (\u00abtengo m\u00e1s de treinta blazers diferentes\u00bb), las camisas con cuellos italianos y de contraste (\u00abrara vez voy en camiseta porque nunca encuentro modelos que me gusten, as\u00ed que las pocas que tengo me las dise\u00f1o yo\u00bb, confiesa \u00bfLa \u00faltima) Una en b&#038;w con el lema \u2018Keep classy and carry Chanel\u2019) y sus inconfundibles pantalones entubados (los adquiere en Zara woman para que se adapten como un guante a su delgada silueta)) que nunca fallan en sus <em>looks<\/em>. y con los que se ha hecho conocido en la facultad de Ciencias de la Comunicaci\u00f3n, \u00abdonde todo el mundo me conoce como el ni\u00f1o de\u00a0 los pitillos\u00bb, bromea.<\/p>\n<p style=\"text-align: center;\">En materia de calzado el blogger es fiel a las cl\u00e1sicas deportivas blancas (que compra en Dunnes Stores por 3,50 euros y de las que rara vez se separa) y a las slippers de Scalpers, que elige para sus <em>outfits<\/em> m\u00e1s especiales. Los complementos juegan un papel protagonista en sus estilismos. Le pierden las pajaritas (se las hace a medida su amiga y tambi\u00e9n blogger Mar\u00eda Gal\u00e1n, archiconocida por sus mu\u00f1ecas miss patty largas), los pa\u00f1uelos, las corbatas de punto y los broches, &#8220;que estoy descubriendo ultimamente y que me parecen super interesantes&#8221;. Pero si por algo es conocido Demetrio es por las pulseras multicolor que siempre le acompa\u00f1an. \u00abSon mi mayor se\u00f1a de identidad\u00bb, concluye.<\/p>\n<p style=\"text-align: center;\">Os dejo con sus estilismos, que personalmente me han encantado porque tienen ese punto de atrevimiento que tanto suele faltarles a los looks masculinos y, siendo cl\u00e1sicos, tienen bastante alma y un contrapunto rompedor bastante interesante. \u00a1Espero que os guste! \u00a1Feliz fin de semana! Ah por cierto! Todas las fotos que ilustran este post son de mi compa\u00f1ero Carlos Moret<\/p>\n<p><a href=\"\/pasarelaurbana\/wp-content\/uploads\/sites\/49\/2012\/10\/141.jpg\"><img loading=\"lazy\" class=\"aligncenter size-full wp-image-2001\" title=\"14\" src=\"\/pasarelaurbana\/wp-content\/uploads\/sites\/49\/2012\/10\/141.jpg\" alt=\"\" width=\"600\" height=\"446\" srcset=\"https:\/\/static-blogs.diariosur.es\/wp-content\/uploads\/sites\/49\/2012\/10\/141.jpg 600w, https:\/\/static-blogs.diariosur.es\/wp-content\/uploads\/sites\/49\/2012\/10\/141-300x223.jpg 300w\" sizes=\"(max-width: 600px) 100vw, 600px\" \/><\/a><!--more--><\/p>\n<p style=\"text-align: center;\"><strong>LOOK DE D\u00cdA<\/strong>: Chaqueta cruzada+ pitillos amarillos+camisa de cuadros vichy y deportivas blancas<\/p>\n<p><a href=\"\/pasarelaurbana\/wp-content\/uploads\/sites\/49\/2012\/10\/1ok.jpg\"><img loading=\"lazy\" class=\"aligncenter size-full wp-image-1988\" title=\"1ok\" src=\"\/pasarelaurbana\/wp-content\/uploads\/sites\/49\/2012\/10\/1ok.jpg\" alt=\"\" width=\"600\" height=\"970\" srcset=\"https:\/\/static-blogs.diariosur.es\/wp-content\/uploads\/sites\/49\/2012\/10\/1ok.jpg 600w, https:\/\/static-blogs.diariosur.es\/wp-content\/uploads\/sites\/49\/2012\/10\/1ok-186x300.jpg 186w\" sizes=\"(max-width: 600px) 100vw, 600px\" \/><\/a><\/p>\n<p><a href=\"\/pasarelaurbana\/wp-content\/uploads\/sites\/49\/2012\/10\/29.jpg\"><img loading=\"lazy\" class=\"aligncenter size-full wp-image-1989\" title=\"2\" src=\"\/pasarelaurbana\/wp-content\/uploads\/sites\/49\/2012\/10\/29.jpg\" alt=\"\" width=\"600\" height=\"874\" srcset=\"https:\/\/static-blogs.diariosur.es\/wp-content\/uploads\/sites\/49\/2012\/10\/29.jpg 600w, https:\/\/static-blogs.diariosur.es\/wp-content\/uploads\/sites\/49\/2012\/10\/29-206x300.jpg 206w\" sizes=\"(max-width: 600px) 100vw, 600px\" \/><\/a><\/p>\n<p><a href=\"\/pasarelaurbana\/wp-content\/uploads\/sites\/49\/2012\/10\/38.jpg\"><img loading=\"lazy\" class=\"aligncenter size-full wp-image-1990\" title=\"3\" src=\"\/pasarelaurbana\/wp-content\/uploads\/sites\/49\/2012\/10\/38.jpg\" alt=\"\" width=\"600\" height=\"900\" srcset=\"https:\/\/static-blogs.diariosur.es\/wp-content\/uploads\/sites\/49\/2012\/10\/38.jpg 600w, https:\/\/static-blogs.diariosur.es\/wp-content\/uploads\/sites\/49\/2012\/10\/38-200x300.jpg 200w\" sizes=\"(max-width: 600px) 100vw, 600px\" \/><\/a><\/p>\n<p><a href=\"\/pasarelaurbana\/wp-content\/uploads\/sites\/49\/2012\/10\/42.jpg\"><img loading=\"lazy\" class=\"aligncenter size-full wp-image-1991\" title=\"4\" src=\"\/pasarelaurbana\/wp-content\/uploads\/sites\/49\/2012\/10\/42.jpg\" alt=\"\" width=\"600\" height=\"1301\" srcset=\"https:\/\/static-blogs.diariosur.es\/wp-content\/uploads\/sites\/49\/2012\/10\/42.jpg 600w, https:\/\/static-blogs.diariosur.es\/wp-content\/uploads\/sites\/49\/2012\/10\/42-138x300.jpg 138w, https:\/\/static-blogs.diariosur.es\/wp-content\/uploads\/sites\/49\/2012\/10\/42-472x1024.jpg 472w\" sizes=\"(max-width: 600px) 100vw, 600px\" \/><\/a><\/p>\n<p><a href=\"\/pasarelaurbana\/wp-content\/uploads\/sites\/49\/2012\/10\/53.jpg\"><img loading=\"lazy\" class=\"aligncenter size-full wp-image-1992\" title=\"5\" src=\"\/pasarelaurbana\/wp-content\/uploads\/sites\/49\/2012\/10\/53.jpg\" alt=\"\" width=\"600\" height=\"429\" srcset=\"https:\/\/static-blogs.diariosur.es\/wp-content\/uploads\/sites\/49\/2012\/10\/53.jpg 600w, https:\/\/static-blogs.diariosur.es\/wp-content\/uploads\/sites\/49\/2012\/10\/53-300x215.jpg 300w\" sizes=\"(max-width: 600px) 100vw, 600px\" \/><\/a><\/p>\n<p style=\"text-align: center;\">Como<em> look<\/em> de diario, De la Torre propone un estilismo<em> sporty chic<\/em> construido a base de camisa de cuadros vichy celeste de la firma malague\u00f1a <strong>Galgo Blanco<\/strong> (de la que fue imagen el a\u00f1o pasado), blazer cruzada en azul marino con los botones dorados de <strong>H&#038;M<\/strong>, pitillo amarillo pastel de<strong> Zara Woman<\/strong> y deportivas blancas de <strong>Dunnes Stores<\/strong>. &#8220;Siempre voy arreglado en mi d\u00eda a d\u00eda, aunque no vaya a hacer nada especial, es mi forma de ser&#8221;, destaca este blogger quien cuenta que la sensibilidad por la moda se le despert\u00f3 muy temprano. &#8220;Mi pasi\u00f3n por la moda es innata. De peque\u00f1o me entreten\u00eda vistiendo a las Barbies con retales de tela que pillaba por casa y con cinco a\u00f1os disfrutaba yendo de compras con mi madre sin dar ni un ruido&#8221;, desvela.<\/p>\n<p style=\"text-align: center;\"><strong>PARA IR A CENAR<\/strong>: Camisa celeste con cuello beb\u00e9 blanco+ pantal\u00f3n tobillero en crudo+ chaqueta cruzada de raya diplom\u00e1tica y slippers<\/p>\n<p><a href=\"\/pasarelaurbana\/wp-content\/uploads\/sites\/49\/2012\/10\/63.jpg\"><img loading=\"lazy\" class=\"aligncenter size-full wp-image-1993\" title=\"6\" src=\"\/pasarelaurbana\/wp-content\/uploads\/sites\/49\/2012\/10\/63.jpg\" alt=\"\" width=\"600\" height=\"1009\" srcset=\"https:\/\/static-blogs.diariosur.es\/wp-content\/uploads\/sites\/49\/2012\/10\/63.jpg 600w, https:\/\/static-blogs.diariosur.es\/wp-content\/uploads\/sites\/49\/2012\/10\/63-178x300.jpg 178w\" sizes=\"(max-width: 600px) 100vw, 600px\" \/><\/a><\/p>\n<p><a href=\"\/pasarelaurbana\/wp-content\/uploads\/sites\/49\/2012\/10\/72.jpg\"><img loading=\"lazy\" class=\"aligncenter size-full wp-image-1994\" title=\"7\" src=\"\/pasarelaurbana\/wp-content\/uploads\/sites\/49\/2012\/10\/72.jpg\" alt=\"\" width=\"600\" height=\"421\" srcset=\"https:\/\/static-blogs.diariosur.es\/wp-content\/uploads\/sites\/49\/2012\/10\/72.jpg 600w, https:\/\/static-blogs.diariosur.es\/wp-content\/uploads\/sites\/49\/2012\/10\/72-300x211.jpg 300w\" sizes=\"(max-width: 600px) 100vw, 600px\" \/><\/a><\/p>\n<p><a href=\"\/pasarelaurbana\/wp-content\/uploads\/sites\/49\/2012\/10\/82.jpg\"><img loading=\"lazy\" class=\"aligncenter size-full wp-image-1995\" title=\"8\" src=\"\/pasarelaurbana\/wp-content\/uploads\/sites\/49\/2012\/10\/82.jpg\" alt=\"\" width=\"600\" height=\"900\" srcset=\"https:\/\/static-blogs.diariosur.es\/wp-content\/uploads\/sites\/49\/2012\/10\/82.jpg 600w, https:\/\/static-blogs.diariosur.es\/wp-content\/uploads\/sites\/49\/2012\/10\/82-200x300.jpg 200w\" sizes=\"(max-width: 600px) 100vw, 600px\" \/><\/a><\/p>\n<p><a href=\"\/pasarelaurbana\/wp-content\/uploads\/sites\/49\/2012\/10\/92.jpg\"><img loading=\"lazy\" class=\"aligncenter size-full wp-image-1996\" title=\"9\" src=\"\/pasarelaurbana\/wp-content\/uploads\/sites\/49\/2012\/10\/92.jpg\" alt=\"\" width=\"600\" height=\"853\" srcset=\"https:\/\/static-blogs.diariosur.es\/wp-content\/uploads\/sites\/49\/2012\/10\/92.jpg 600w, https:\/\/static-blogs.diariosur.es\/wp-content\/uploads\/sites\/49\/2012\/10\/92-211x300.jpg 211w\" sizes=\"(max-width: 600px) 100vw, 600px\" \/><\/a><\/p>\n<p><a href=\"\/pasarelaurbana\/wp-content\/uploads\/sites\/49\/2012\/10\/102.jpg\"><img loading=\"lazy\" class=\"aligncenter size-full wp-image-1997\" title=\"10\" src=\"\/pasarelaurbana\/wp-content\/uploads\/sites\/49\/2012\/10\/102.jpg\" alt=\"\" width=\"600\" height=\"801\" srcset=\"https:\/\/static-blogs.diariosur.es\/wp-content\/uploads\/sites\/49\/2012\/10\/102.jpg 600w, https:\/\/static-blogs.diariosur.es\/wp-content\/uploads\/sites\/49\/2012\/10\/102-225x300.jpg 225w\" sizes=\"(max-width: 600px) 100vw, 600px\" \/><\/a><\/p>\n<p style=\"text-align: center;\"><a href=\"\/pasarelaurbana\/wp-content\/uploads\/sites\/49\/2012\/10\/113.jpg\"><img loading=\"lazy\" class=\"aligncenter size-full wp-image-1998\" title=\"11\" src=\"\/pasarelaurbana\/wp-content\/uploads\/sites\/49\/2012\/10\/113.jpg\" alt=\"\" width=\"600\" height=\"514\" srcset=\"https:\/\/static-blogs.diariosur.es\/wp-content\/uploads\/sites\/49\/2012\/10\/113.jpg 600w, https:\/\/static-blogs.diariosur.es\/wp-content\/uploads\/sites\/49\/2012\/10\/113-300x257.jpg 300w\" sizes=\"(max-width: 600px) 100vw, 600px\" \/><\/a><\/p>\n<p style=\"text-align: center;\">Su outfit para ir a cenar (o una alternativa de diario m\u00e1s formal): camisa celeste con cuello beb\u00e9 de contraste en blanco (sus favoritas), pantal\u00f3n capri crudo y blazer cruzada de raya diplom\u00e1tica, todo de <strong>Zara<\/strong>. Remata el look con unas slippers de <strong>Scalpers<\/strong>, de terciopelo negro con su caracter\u00edstica calavera.<\/p>\n<p>&nbsp;<\/p>\n<p style=\"text-align: center;\"><strong>OUTFIT PARA UN EVENTO<\/strong>: Camisa blanca+ pantal\u00f3n negro + chaqueta bicolor con pajarita, pa\u00f1uelo y broche vintage enla solapa + slippers<\/p>\n<p>&nbsp;<\/p>\n<p><a href=\"\/pasarelaurbana\/wp-content\/uploads\/sites\/49\/2012\/10\/132.jpg\"><img loading=\"lazy\" class=\"aligncenter size-full wp-image-1987\" title=\"13\" src=\"\/pasarelaurbana\/wp-content\/uploads\/sites\/49\/2012\/10\/132.jpg\" alt=\"\" width=\"600\" height=\"849\" srcset=\"https:\/\/static-blogs.diariosur.es\/wp-content\/uploads\/sites\/49\/2012\/10\/132.jpg 600w, https:\/\/static-blogs.diariosur.es\/wp-content\/uploads\/sites\/49\/2012\/10\/132-212x300.jpg 212w\" sizes=\"(max-width: 600px) 100vw, 600px\" \/><\/a><\/p>\n<p><a href=\"\/pasarelaurbana\/wp-content\/uploads\/sites\/49\/2012\/10\/122.jpg\"><img loading=\"lazy\" class=\"aligncenter size-full wp-image-1999\" title=\"12\" src=\"\/pasarelaurbana\/wp-content\/uploads\/sites\/49\/2012\/10\/122.jpg\" alt=\"\" width=\"600\" height=\"447\" srcset=\"https:\/\/static-blogs.diariosur.es\/wp-content\/uploads\/sites\/49\/2012\/10\/122.jpg 600w, https:\/\/static-blogs.diariosur.es\/wp-content\/uploads\/sites\/49\/2012\/10\/122-300x224.jpg 300w\" sizes=\"(max-width: 600px) 100vw, 600px\" \/><\/a><\/p>\n<p style=\"text-align: center;\">\u00a0Para un evento, elige camisa blanca de <strong>Purificaci\u00f3n Garc\u00eda<\/strong>, chaqueta bicolor en negro y gris con pantal\u00f3n negro (ambas de\u00a0 <strong>Zara)<\/strong> y, de nuevo en esta ocasi\u00f3n,\u00a0 slippers de <strong>Scalper<\/strong>s. \u00bfEl toque chic? La pajarita negra de sat\u00e9n, el pa\u00f1uelo en el bolsillo y el broche vintage de plata repujada\u00a0 que lleva en la solapa.<\/p>\n<p>&nbsp;<\/p>\n<p style=\"text-align: center;\"><strong>SUS PRENDAS M\u00c1S PERSONALES<\/strong><\/p>\n<p><a href=\"\/pasarelaurbana\/wp-content\/uploads\/sites\/49\/2012\/10\/161.jpg\"><img loading=\"lazy\" class=\"aligncenter size-full wp-image-2003\" title=\"16\" src=\"\/pasarelaurbana\/wp-content\/uploads\/sites\/49\/2012\/10\/161.jpg\" alt=\"\" width=\"600\" height=\"901\" srcset=\"https:\/\/static-blogs.diariosur.es\/wp-content\/uploads\/sites\/49\/2012\/10\/161.jpg 600w, https:\/\/static-blogs.diariosur.es\/wp-content\/uploads\/sites\/49\/2012\/10\/161-200x300.jpg 200w\" sizes=\"(max-width: 600px) 100vw, 600px\" \/><\/a><\/p>\n<p style=\"text-align: center;\"><a href=\"\/pasarelaurbana\/wp-content\/uploads\/sites\/49\/2012\/10\/151.jpg\"><img loading=\"lazy\" class=\"aligncenter size-full wp-image-2002\" title=\"15\" src=\"\/pasarelaurbana\/wp-content\/uploads\/sites\/49\/2012\/10\/151.jpg\" alt=\"\" width=\"600\" height=\"410\" srcset=\"https:\/\/static-blogs.diariosur.es\/wp-content\/uploads\/sites\/49\/2012\/10\/151.jpg 600w, https:\/\/static-blogs.diariosur.es\/wp-content\/uploads\/sites\/49\/2012\/10\/151-300x205.jpg 300w\" sizes=\"(max-width: 600px) 100vw, 600px\" \/><\/a><\/p>\n<p style=\"text-align: center;\">A Demetrio es poco habitual verlo con camisetas. Confiesa que le cuesta encontrar alguna que le convenza, as\u00ed que lo que suele hacer es dise\u00f1\u00e1rselas \u00e9l mismo y serigrafiarlas en alguna imprenta. La de las fotos de arriba es su \u00faltimo &#8216;Do it yourself&#8217; que tanto se ha puesto de moda entre los bloggers. En este caso, con mensaje: &#8216;Keep classy and carry Chanel&#8217;, todo un alegado de su estilo personal.<\/p>\n<p>&nbsp;<\/p>\n<p><a href=\"\/pasarelaurbana\/wp-content\/uploads\/sites\/49\/2012\/10\/171.jpg\"><img loading=\"lazy\" class=\"aligncenter  wp-image-2004\" title=\"17\" src=\"\/pasarelaurbana\/wp-content\/uploads\/sites\/49\/2012\/10\/171.jpg\" alt=\"\" width=\"600\" height=\"1192\" srcset=\"https:\/\/static-blogs.diariosur.es\/wp-content\/uploads\/sites\/49\/2012\/10\/171.jpg 600w, https:\/\/static-blogs.diariosur.es\/wp-content\/uploads\/sites\/49\/2012\/10\/171-151x300.jpg 151w, https:\/\/static-blogs.diariosur.es\/wp-content\/uploads\/sites\/49\/2012\/10\/171-515x1024.jpg 515w\" sizes=\"(max-width: 600px) 100vw, 600px\" \/><\/a><\/p>\n<p style=\"text-align: center;\">\u00a0Esta joya que me he cautivado es uno de los tesoros que Demetrio suele encontrar en la tienda de segunda mano <strong>Find De Luxe<\/strong>, en calle Casa Palma 9. Preciosa blazer cruzada en un suculento rosa fucsia con la que se me ocurren miles de combinaciones estilos\u00edsimas (\u00a1me ha encantado!!!!). &#8220;A\u00fan no me la he puesto porque no he encontrado la ocasi\u00f3n, pero en cuanto que la vi supe que la ten\u00eda que incorporar a mi armario&#8221;, destaca De la Torre.<\/p>\n<p>&nbsp;<\/p>\n<p style=\"text-align: center;\"><a href=\"\/pasarelaurbana\/wp-content\/uploads\/sites\/49\/2012\/10\/181.jpg\"><img loading=\"lazy\" class=\"aligncenter size-full wp-image-2005\" title=\"18\" src=\"\/pasarelaurbana\/wp-content\/uploads\/sites\/49\/2012\/10\/181.jpg\" alt=\"\" width=\"600\" height=\"991\" srcset=\"https:\/\/static-blogs.diariosur.es\/wp-content\/uploads\/sites\/49\/2012\/10\/181.jpg 600w, https:\/\/static-blogs.diariosur.es\/wp-content\/uploads\/sites\/49\/2012\/10\/181-182x300.jpg 182w\" sizes=\"(max-width: 600px) 100vw, 600px\" \/><\/a><\/p>\n<p style=\"text-align: center;\">El propio Demetrio explica por qu\u00e9 este pantal\u00f3n es una de las joyas de la corona de su armario: &#8220;Porque es un estampado Pasley que ha hecho Etro toda la vida y al verlo en <strong>Zara<\/strong> sabia que era un de esas piezas que ten\u00eda que a\u00f1adir a mi vestidor. Pese a que es muy atrevido no pasa de moda, aunque he evitado usarlo esta \u00faltima temporada porque lo llevaba demasiada gente. \u00a1Seguro que el a\u00f1o que viene lo saco y es exito garantizado!&#8221;, asevera.<\/p>\n<p style=\"text-align: center;\"><strong> DOS B\u00c1SICOS DE SU FONDO DE ARMARIO<\/strong><\/p>\n<p><a href=\"\/pasarelaurbana\/wp-content\/uploads\/sites\/49\/2012\/10\/191.jpg\"><img loading=\"lazy\" class=\"aligncenter size-full wp-image-2006\" title=\"19\" src=\"\/pasarelaurbana\/wp-content\/uploads\/sites\/49\/2012\/10\/191.jpg\" alt=\"\" width=\"600\" height=\"871\" srcset=\"https:\/\/static-blogs.diariosur.es\/wp-content\/uploads\/sites\/49\/2012\/10\/191.jpg 600w, https:\/\/static-blogs.diariosur.es\/wp-content\/uploads\/sites\/49\/2012\/10\/191-207x300.jpg 207w\" sizes=\"(max-width: 600px) 100vw, 600px\" \/><\/a><\/p>\n<p><a href=\"\/pasarelaurbana\/wp-content\/uploads\/sites\/49\/2012\/10\/201.jpg\"><img loading=\"lazy\" class=\"aligncenter size-full wp-image-2007\" title=\"20\" src=\"\/pasarelaurbana\/wp-content\/uploads\/sites\/49\/2012\/10\/201.jpg\" alt=\"\" width=\"600\" height=\"429\" srcset=\"https:\/\/static-blogs.diariosur.es\/wp-content\/uploads\/sites\/49\/2012\/10\/201.jpg 600w, https:\/\/static-blogs.diariosur.es\/wp-content\/uploads\/sites\/49\/2012\/10\/201-300x215.jpg 300w\" sizes=\"(max-width: 600px) 100vw, 600px\" \/><\/a><\/p>\n<p>Ideal el pa\u00f1uelo, tambi\u00e9n fucsia, de calaveras de <strong>Alexander McQueen<\/strong> que Demetrio saca a pasear siempre que tiene la m\u00e1s m\u00ednima oportunidad. La camisa es una de sus \u00faltimas adquisiciones de fondo de armario: en azul celeste con cuello y empu\u00f1aduras en blanco. Se la han hecho a medida en una sastrer\u00eda de Internet (<strong>Tailor4Less<\/strong>). \u00bfEl toque personal? Sus iniciales y los ojales de los pu\u00f1os en su color fetiche: el rosa.<\/p>\n<p>&nbsp;<\/p>\n<p style=\"text-align: center;\"><strong>\u00a0LOS COMPLEMENTOS, PIEZA CLAVE EN SUS ESTILISMOS<\/strong><\/p>\n<p><a href=\"\/pasarelaurbana\/wp-content\/uploads\/sites\/49\/2012\/10\/211.jpg\"><img loading=\"lazy\" class=\"aligncenter size-full wp-image-2008\" title=\"21\" src=\"\/pasarelaurbana\/wp-content\/uploads\/sites\/49\/2012\/10\/211.jpg\" alt=\"\" width=\"600\" height=\"416\" srcset=\"https:\/\/static-blogs.diariosur.es\/wp-content\/uploads\/sites\/49\/2012\/10\/211.jpg 600w, https:\/\/static-blogs.diariosur.es\/wp-content\/uploads\/sites\/49\/2012\/10\/211-300x208.jpg 300w\" sizes=\"(max-width: 600px) 100vw, 600px\" \/><\/a><\/p>\n<p><a href=\"\/pasarelaurbana\/wp-content\/uploads\/sites\/49\/2012\/10\/221.jpg\"><img loading=\"lazy\" class=\"aligncenter size-full wp-image-2010\" title=\"22\" src=\"\/pasarelaurbana\/wp-content\/uploads\/sites\/49\/2012\/10\/221.jpg\" alt=\"\" width=\"600\" height=\"879\" srcset=\"https:\/\/static-blogs.diariosur.es\/wp-content\/uploads\/sites\/49\/2012\/10\/221.jpg 600w, https:\/\/static-blogs.diariosur.es\/wp-content\/uploads\/sites\/49\/2012\/10\/221-205x300.jpg 205w\" sizes=\"(max-width: 600px) 100vw, 600px\" \/><\/a><\/p>\n<p style=\"text-align: center;\">\u00a0Los complementos son clave en sus<em> looks<\/em>. Las corbatas de punto son de <strong>H&#038;M<\/strong> y <strong>Find De Luxe<\/strong>, los pa\u00f1uelos de Burberry y vintage (tambi\u00e9n adquiridos en Find De Luxe, su tienda de cabecera) y el charm personalizado es obra de su amiga y tambi\u00e9n blogger Mar\u00eda Gal\u00e1n. &#8220;Es un &#8216;mini yo&#8217; hecho entero en cuero super exclusivo que muy pocas personas tienen, entre ellas la Duquesa de Alba o Nieves \u00c1lvarez&#8221;, explica.<\/p>\n<p>&nbsp;<\/p>\n<p><a href=\"\/pasarelaurbana\/wp-content\/uploads\/sites\/49\/2012\/10\/231.jpg\"><img loading=\"lazy\" class=\"aligncenter size-full wp-image-2009\" title=\"23\" src=\"\/pasarelaurbana\/wp-content\/uploads\/sites\/49\/2012\/10\/231.jpg\" alt=\"\" width=\"600\" height=\"450\" srcset=\"https:\/\/static-blogs.diariosur.es\/wp-content\/uploads\/sites\/49\/2012\/10\/231.jpg 600w, https:\/\/static-blogs.diariosur.es\/wp-content\/uploads\/sites\/49\/2012\/10\/231-300x225.jpg 300w\" sizes=\"(max-width: 600px) 100vw, 600px\" \/><\/a><\/p>\n<p style=\"text-align: center;\">A Demetrio le pierden las pajaritas. Arriba, una muestra de su colorida colecci\u00f3n (la mayor\u00eda hechas a medida por Mar\u00eda Gal\u00e1n).<\/p>\n<p style=\"text-align: center;\"><a href=\"\/pasarelaurbana\/wp-content\/uploads\/sites\/49\/2012\/10\/pulseras.jpg\"><img loading=\"lazy\" class=\"aligncenter size-full wp-image-2011\" title=\"pulseras\" src=\"\/pasarelaurbana\/wp-content\/uploads\/sites\/49\/2012\/10\/pulseras.jpg\" alt=\"\" width=\"600\" height=\"448\" srcset=\"https:\/\/static-blogs.diariosur.es\/wp-content\/uploads\/sites\/49\/2012\/10\/pulseras.jpg 600w, https:\/\/static-blogs.diariosur.es\/wp-content\/uploads\/sites\/49\/2012\/10\/pulseras-300x224.jpg 300w\" sizes=\"(max-width: 600px) 100vw, 600px\" \/><\/a><\/p>\n<p style=\"text-align: center;\">Las pulseras son su principal se\u00f1a de identidad. \u00a1Siempre lleva much\u00edsimas en ambos brazos!<\/p>\n<p>&nbsp;<\/p>\n<p><a href=\"\/pasarelaurbana\/wp-content\/uploads\/sites\/49\/2012\/10\/241.jpg\"><img loading=\"lazy\" class=\"aligncenter size-full wp-image-2000\" title=\"24\" src=\"\/pasarelaurbana\/wp-content\/uploads\/sites\/49\/2012\/10\/241.jpg\" alt=\"\" width=\"600\" height=\"848\" srcset=\"https:\/\/static-blogs.diariosur.es\/wp-content\/uploads\/sites\/49\/2012\/10\/241.jpg 600w, https:\/\/static-blogs.diariosur.es\/wp-content\/uploads\/sites\/49\/2012\/10\/241-212x300.jpg 212w\" sizes=\"(max-width: 600px) 100vw, 600px\" \/><\/a><\/p>\n<p style=\"text-align: center;\">\u00a0Y para terminar, como siempre, una foto de una servidora con nuestro protagonista de hoy, al que me encant\u00f3 conocer. Yo llevo camisa de <strong>Mango<\/strong>, pitillos fl\u00faor de un tono anaranjado tambi\u00e9n de Mango, collar oversize multicharm de <strong>Accesorize<\/strong> y botines de terciopelo negro de <strong>Zara<\/strong>.<\/p>\n<p style=\"text-align: center;\"><span style=\"text-decoration: underline;\">SU RUTA DE TIENDAS<\/span><\/p>\n<p style=\"text-align: center;\">1. <strong>Find De Luxe.<\/strong> En calle Casa Palma 9, una de sus b\u00e1sicas. Prendas vintage.<br \/>\n2. <strong>Zara.<\/strong> Para ropa de tendencia y pantalones: los compra pitillo y de mujer.<br \/>\n3. <strong>Purificaci\u00f3n Garc\u00eda<\/strong>.\u00a0 Buena parte de sus camisas son de all\u00ed.<br \/>\n4. <strong>Mar\u00eda Gal\u00e1n<\/strong>. Le encarga pajaritas a medida. Su firma es Miss Patty Largas.<br \/>\n5. <strong>Scalpers<\/strong>. Adora sus elegantes slippers y su colecci\u00f3n de camisas.<\/p>\n<p style=\"text-align: center;\">Antes de despedirme quiero dar las gracias desde aqui a Ricky, due\u00f1a de esta preciosa tienda llamada <strong>Find De Luxe<\/strong> que os animo a visitar para bucear por sus estantes, donde encontrar\u00e9is aut\u00e9nticas maravillas de segunda mano a precios de ganga. \u00a1\u00a1\u00a1Gracias por tu amabilidad y por dejarnos que te pusi\u00e9ramos la tienda patas arriba para hacer este reportaje!!!! Por cierto, le he prometido volver para hacer un post especial con sus prendas m\u00e1s atractivas, as\u00ed que estad atentas. \u00a1Feliz fin de semana!<\/p>\n<p>Todas las fotos de este post son de Carlos Moret<\/p>\n","protected":false},"excerpt":{"rendered":"<p>\u00a0El t\u00edtulo de su blog \u2018Moda eres y en moda te convertir\u00e1s\u2019 es m\u00e1s que un simple nombre. Para Demetrio de la Torre, blogger malague\u00f1o de 22 a\u00f1os, la moda es su vida, su ilusi\u00f3n y, como \u00e9l mismo destaca, su motor. Pese a su juventud, este fashion victim licenciado en Periodismo ha conseguido hacerse [&hellip;]<\/p>\n","protected":false},"author":54,"featured_media":0,"comment_status":"open","ping_status":"closed","sticky":false,"template":"","format":"standard","meta":[],"categories":[2],"tags":[],"_links":{"self":[{"href":"https:\/\/blogs.diariosur.es\/pasarelaurbana\/wp-json\/wp\/v2\/posts\/1986"}],"collection":[{"href":"https:\/\/blogs.diariosur.es\/pasarelaurbana\/wp-json\/wp\/v2\/posts"}],"about":[{"href":"https:\/\/blogs.diariosur.es\/pasarelaurbana\/wp-json\/wp\/v2\/types\/post"}],"author":[{"embeddable":true,"href":"https:\/\/blogs.diariosur.es\/pasarelaurbana\/wp-json\/wp\/v2\/users\/54"}],"replies":[{"embeddable":true,"href":"https:\/\/blogs.diariosur.es\/pasarelaurbana\/wp-json\/wp\/v2\/comments?post=1986"}],"version-history":[{"count":0,"href":"https:\/\/blogs.diariosur.es\/pasarelaurbana\/wp-json\/wp\/v2\/posts\/1986\/revisions"}],"wp:attachment":[{"href":"https:\/\/blogs.diariosur.es\/pasarelaurbana\/wp-json\/wp\/v2\/media?parent=1986"}],"wp:term":[{"taxonomy":"category","embeddable":true,"href":"https:\/\/blogs.diariosur.es\/pasarelaurbana\/wp-json\/wp\/v2\/categories?post=1986"},{"taxonomy":"post_tag","embeddable":true,"href":"https:\/\/blogs.diariosur.es\/pasarelaurbana\/wp-json\/wp\/v2\/tags?post=1986"}],"curies":[{"name":"wp","href":"https:\/\/api.w.org\/{rel}","templated":true}]}}