{"id":2159,"date":"2012-11-08T15:05:28","date_gmt":"2012-11-08T15:05:28","guid":{"rendered":"http:\/\/blogs.diariosur.es\/pasarelaurbana\/?p=2159"},"modified":"2012-11-08T15:05:28","modified_gmt":"2012-11-08T15:05:28","slug":"un-outfit-estiloso-y-comodo","status":"publish","type":"post","link":"https:\/\/blogs.diariosur.es\/pasarelaurbana\/2012\/11\/08\/un-outfit-estiloso-y-comodo\/","title":{"rendered":"Un outfit estiloso y c\u00f3modo"},"content":{"rendered":"<p>\u00a1Vamos a por el jueves! Hoy os traigo un <em>look<\/em> que me encanta porque es c\u00f3modo a la par que super estiloso y femenino. Nos lo trae nuestra modelo espont\u00e1nea de hoy, una simp\u00e1tica economista con la que nos topamos por calle Santos ayer mi\u00e9rcoles durante nuestra sesi\u00f3n semanal de street style. <strong>Marta Izquierdo<\/strong>, una malague\u00f1a de 36 a\u00f1os, consigue un outfit rom\u00e1ntico y casual gracias a la acertada mezcla de prendas, de terminaciones delicadas y en las que los protagonistas son los detalles y los acabados. Es el caso de su camisa blanca (con bonitas jaretas en la pechera),\u00a0 falda de pa\u00f1o con doble abotonadura de Sessun (adquirida en\u00a0 L&#8217;etude en calle Santos, una boutique chul\u00edsima que si no conc\u00e9is ten\u00e9is que hacerlo YAAAAA s\u00ed o s\u00ed), rebeca calada de Springfield, botas de piel marr\u00f3n de Massimo Dutti, bolso del mismo tono de Bimba y Lola (un b\u00e1sico a tener de fondo de armario. \u00a1\u00a1Me encanta este modelo!!!)&#8230;y el mejor complemento que puede haber: su sonrisa, que a mi juicio y como siempre digo es el mejor accesorio que se puede tener.\u00a0Una combinaci\u00f3n en tonos tierra y marrones con la que logra un estilismo c\u00e1lido y armonioso ideal para estos d\u00edas de oto\u00f1o. \u00a1Os dejo con ella! \u00a1Hasta ma\u00f1ana!<\/p>\n<p><!--more--><\/p>\n<p><a href=\"\/pasarelaurbana\/wp-content\/uploads\/sites\/49\/2012\/11\/71.jpg\"><img loading=\"lazy\" class=\"aligncenter size-full wp-image-2161\" title=\"7\" src=\"\/pasarelaurbana\/wp-content\/uploads\/sites\/49\/2012\/11\/71.jpg\" alt=\"\" width=\"600\" height=\"803\" srcset=\"https:\/\/static-blogs.diariosur.es\/wp-content\/uploads\/sites\/49\/2012\/11\/71.jpg 600w, https:\/\/static-blogs.diariosur.es\/wp-content\/uploads\/sites\/49\/2012\/11\/71-224x300.jpg 224w\" sizes=\"(max-width: 600px) 100vw, 600px\" \/><\/a><\/p>\n<p><a href=\"\/pasarelaurbana\/wp-content\/uploads\/sites\/49\/2012\/11\/81.jpg\"><img loading=\"lazy\" class=\"aligncenter size-full wp-image-2162\" title=\"8\" src=\"\/pasarelaurbana\/wp-content\/uploads\/sites\/49\/2012\/11\/81.jpg\" alt=\"\" width=\"600\" height=\"803\" srcset=\"https:\/\/static-blogs.diariosur.es\/wp-content\/uploads\/sites\/49\/2012\/11\/81.jpg 600w, https:\/\/static-blogs.diariosur.es\/wp-content\/uploads\/sites\/49\/2012\/11\/81-224x300.jpg 224w\" sizes=\"(max-width: 600px) 100vw, 600px\" \/><\/a><\/p>\n<p><a href=\"\/pasarelaurbana\/wp-content\/uploads\/sites\/49\/2012\/11\/91.jpg\"><img loading=\"lazy\" class=\"aligncenter size-full wp-image-2163\" title=\"9\" src=\"\/pasarelaurbana\/wp-content\/uploads\/sites\/49\/2012\/11\/91.jpg\" alt=\"\" width=\"600\" height=\"803\" srcset=\"https:\/\/static-blogs.diariosur.es\/wp-content\/uploads\/sites\/49\/2012\/11\/91.jpg 600w, https:\/\/static-blogs.diariosur.es\/wp-content\/uploads\/sites\/49\/2012\/11\/91-224x300.jpg 224w\" sizes=\"(max-width: 600px) 100vw, 600px\" \/><\/a><\/p>\n<p><a href=\"\/pasarelaurbana\/wp-content\/uploads\/sites\/49\/2012\/11\/101.jpg\"><img loading=\"lazy\" class=\"aligncenter size-full wp-image-2164\" title=\"10\" src=\"\/pasarelaurbana\/wp-content\/uploads\/sites\/49\/2012\/11\/101.jpg\" alt=\"\" width=\"600\" height=\"448\" srcset=\"https:\/\/static-blogs.diariosur.es\/wp-content\/uploads\/sites\/49\/2012\/11\/101.jpg 600w, https:\/\/static-blogs.diariosur.es\/wp-content\/uploads\/sites\/49\/2012\/11\/101-300x224.jpg 300w\" sizes=\"(max-width: 600px) 100vw, 600px\" \/><\/a><\/p>\n<p><a href=\"\/pasarelaurbana\/wp-content\/uploads\/sites\/49\/2012\/11\/121.jpg\"><img loading=\"lazy\" class=\"aligncenter size-full wp-image-2160\" title=\"12\" src=\"\/pasarelaurbana\/wp-content\/uploads\/sites\/49\/2012\/11\/121.jpg\" alt=\"\" width=\"600\" height=\"803\" srcset=\"https:\/\/static-blogs.diariosur.es\/wp-content\/uploads\/sites\/49\/2012\/11\/121.jpg 600w, https:\/\/static-blogs.diariosur.es\/wp-content\/uploads\/sites\/49\/2012\/11\/121-224x300.jpg 224w\" sizes=\"(max-width: 600px) 100vw, 600px\" \/><\/a><\/p>\n<p style=\"text-align: center;\"><a href=\"\/pasarelaurbana\/wp-content\/uploads\/sites\/49\/2012\/11\/111.jpg\"><img loading=\"lazy\" class=\"aligncenter size-full wp-image-2165\" title=\"11\" src=\"\/pasarelaurbana\/wp-content\/uploads\/sites\/49\/2012\/11\/111.jpg\" alt=\"\" width=\"600\" height=\"803\" srcset=\"https:\/\/static-blogs.diariosur.es\/wp-content\/uploads\/sites\/49\/2012\/11\/111.jpg 600w, https:\/\/static-blogs.diariosur.es\/wp-content\/uploads\/sites\/49\/2012\/11\/111-224x300.jpg 224w\" sizes=\"(max-width: 600px) 100vw, 600px\" \/><\/a><\/p>\n<p style=\"text-align: center;\"><strong>Marta Izquierdo<\/strong>. Economista. 36 a\u00f1os<\/p>\n<p style=\"text-align: center;\">Camisa: Zara<\/p>\n<p style=\"text-align: center;\">Rebeca: Springfield<\/p>\n<p style=\"text-align: center;\">Falda: De Sessun (comprada en la boutique L&#8217;Etude)<\/p>\n<p style=\"text-align: center;\">Botas: Massimo Dutti<\/p>\n<p style=\"text-align: center;\">Bolso: Bimba y Lola<\/p>\n","protected":false},"excerpt":{"rendered":"<p>\u00a1Vamos a por el jueves! Hoy os traigo un look que me encanta porque es c\u00f3modo a la par que super estiloso y femenino. Nos lo trae nuestra modelo espont\u00e1nea de hoy, una simp\u00e1tica economista con la que nos topamos por calle Santos ayer mi\u00e9rcoles durante nuestra sesi\u00f3n semanal de street style. Marta Izquierdo, una [&hellip;]<\/p>\n","protected":false},"author":54,"featured_media":0,"comment_status":"open","ping_status":"closed","sticky":false,"template":"","format":"standard","meta":[],"categories":[2],"tags":[],"_links":{"self":[{"href":"https:\/\/blogs.diariosur.es\/pasarelaurbana\/wp-json\/wp\/v2\/posts\/2159"}],"collection":[{"href":"https:\/\/blogs.diariosur.es\/pasarelaurbana\/wp-json\/wp\/v2\/posts"}],"about":[{"href":"https:\/\/blogs.diariosur.es\/pasarelaurbana\/wp-json\/wp\/v2\/types\/post"}],"author":[{"embeddable":true,"href":"https:\/\/blogs.diariosur.es\/pasarelaurbana\/wp-json\/wp\/v2\/users\/54"}],"replies":[{"embeddable":true,"href":"https:\/\/blogs.diariosur.es\/pasarelaurbana\/wp-json\/wp\/v2\/comments?post=2159"}],"version-history":[{"count":0,"href":"https:\/\/blogs.diariosur.es\/pasarelaurbana\/wp-json\/wp\/v2\/posts\/2159\/revisions"}],"wp:attachment":[{"href":"https:\/\/blogs.diariosur.es\/pasarelaurbana\/wp-json\/wp\/v2\/media?parent=2159"}],"wp:term":[{"taxonomy":"category","embeddable":true,"href":"https:\/\/blogs.diariosur.es\/pasarelaurbana\/wp-json\/wp\/v2\/categories?post=2159"},{"taxonomy":"post_tag","embeddable":true,"href":"https:\/\/blogs.diariosur.es\/pasarelaurbana\/wp-json\/wp\/v2\/tags?post=2159"}],"curies":[{"name":"wp","href":"https:\/\/api.w.org\/{rel}","templated":true}]}}