{"id":3910,"date":"2013-04-02T18:32:04","date_gmt":"2013-04-02T16:32:04","guid":{"rendered":"http:\/\/blogs.diariosur.es\/pasarelaurbana\/?p=3910"},"modified":"2013-04-02T18:32:04","modified_gmt":"2013-04-02T16:32:04","slug":"el-camuflaje-se-resiste-a-salir-del-armario","status":"publish","type":"post","link":"https:\/\/blogs.diariosur.es\/pasarelaurbana\/2013\/04\/02\/el-camuflaje-se-resiste-a-salir-del-armario\/","title":{"rendered":"El camuflaje se resiste a salir del armario"},"content":{"rendered":"<p>\u00a1Feliz y soleado martes a tod@s! Ya va tocando un post de street style, que con las \u00faltimas semanas de lluvia ha sido imposible. \u00a1Y lo que viene! Porque la Agencia Estatal de Meteorolog\u00eda da agua nuevamente en M\u00e1laga hasta el s\u00e1bado, cuando por fin el mal tiempo parece que nos dar\u00e1 una tregua. \u00a1Dicho esto (y cambiando el tema que parezco la mujer del tiempo!) vamos a lo nuestro! Se que os lo he mencionado ya en este blog en alguna otra ocasi\u00f3n, pero no me canso de repetirlo. Si hay una tendencia que ha calado en M\u00e1laga este oto\u00f1o esa ha sido la militar. De veras, una servidora que por deformaci\u00f3n profesional va por las calles mirando a la gente de arriba abajo (cualquier d\u00eda me van a espetar un \u00a1Y tu qu\u00e9 miras! que me va a sacar los colores) puede dar fe que las parkas y estampados de camuflaje han arrasado en los armarios, de los que se resisten a salir. Y es que pese a que ya tenemos encima las nuevas colecciones de primavera nos resistimos a dejar a un lado esta moda (bien porque estamos en crisis y hay que amortizar las adquisiciones bien porque en M\u00e1laga somos muy guerreros). Hoy que he estado toda la ma\u00f1ana por calle Larios fichando looks os puedo decir que me he cruzado, sin exagerar, con m\u00e1s de 20 personas \u00a0con ropa de inspiraci\u00f3n militar. Entre ellas nuestra protagonista de hoy: Patricia Pulido. Esta joven camarera de 20 a\u00f1os centra su outfit en una camisa abierta a modo de chaqueta con print de camuflaje (me gusta el detalle de las aplicaciones de pedrer\u00eda en los hombros que contribuye a aportar feminidad a una prenda tan masculina). La combina con shorts de efecto roto deshilachados, camiseta en blanco roto y pa\u00f1uelo en topo. Un conjunto c\u00f3modo y casual ideal para dar un agradable paseo con una amiga, como era el caso de Patricia. A mi personalmente ya me cansa el militar. \u00bfMi propuesta para reciclarlo? Maridarlo con colores m\u00e1s primaverales, como los pasteles o los tonos \u00e1cidos. Os dejo con ella!<\/p>\n<p>Por cierto, Pasarela urbana cumpli\u00f3 este s\u00e1bado su primer a\u00f1ito de vida. Gracias a todos los que nos hab\u00e9is ayudado a que este blog de SUR sea posible con vuestra amabilidad y vuestra disposici\u00f3n a desfilar por este espacio y mostrarnos vuestros estilismos (en estos doce meses ya hemos fichado m\u00e1s de un centenar de looks). Lo dicho: \u00a1un mill\u00f3n de gracias! Os recuerdo que tambi\u00e9n me pod\u00e9is seguir en Twitter @almunogu\u00e9s para estar al tanto de las actualizaciones del blog, tendencias y dem\u00e1s noticias de moda. \u00a1Hasta ma\u00f1ana!<\/p>\n<p>&nbsp;<\/p>\n<p><a href=\"\/pasarelaurbana\/wp-content\/uploads\/sites\/49\/2013\/04\/1.jpg\"><img loading=\"lazy\" class=\"aligncenter size-full wp-image-3912\" title=\"1\" src=\"\/pasarelaurbana\/wp-content\/uploads\/sites\/49\/2013\/04\/1.jpg\" alt=\"\" width=\"600\" height=\"803\" srcset=\"https:\/\/static-blogs.diariosur.es\/wp-content\/uploads\/sites\/49\/2013\/04\/1.jpg 600w, https:\/\/static-blogs.diariosur.es\/wp-content\/uploads\/sites\/49\/2013\/04\/1-224x300.jpg 224w\" sizes=\"(max-width: 600px) 100vw, 600px\" \/><\/a><!--more--><\/p>\n<p><a href=\"\/pasarelaurbana\/wp-content\/uploads\/sites\/49\/2013\/04\/2.jpg\"><img loading=\"lazy\" class=\"aligncenter size-full wp-image-3913\" title=\"2\" src=\"\/pasarelaurbana\/wp-content\/uploads\/sites\/49\/2013\/04\/2.jpg\" alt=\"\" width=\"600\" height=\"803\" srcset=\"https:\/\/static-blogs.diariosur.es\/wp-content\/uploads\/sites\/49\/2013\/04\/2.jpg 600w, https:\/\/static-blogs.diariosur.es\/wp-content\/uploads\/sites\/49\/2013\/04\/2-224x300.jpg 224w\" sizes=\"(max-width: 600px) 100vw, 600px\" \/><\/a><\/p>\n<p><a href=\"\/pasarelaurbana\/wp-content\/uploads\/sites\/49\/2013\/04\/3.jpg\"><img loading=\"lazy\" class=\"aligncenter size-full wp-image-3914\" title=\"3\" src=\"\/pasarelaurbana\/wp-content\/uploads\/sites\/49\/2013\/04\/3.jpg\" alt=\"\" width=\"600\" height=\"803\" srcset=\"https:\/\/static-blogs.diariosur.es\/wp-content\/uploads\/sites\/49\/2013\/04\/3.jpg 600w, https:\/\/static-blogs.diariosur.es\/wp-content\/uploads\/sites\/49\/2013\/04\/3-224x300.jpg 224w\" sizes=\"(max-width: 600px) 100vw, 600px\" \/><\/a><\/p>\n<p><a href=\"\/pasarelaurbana\/wp-content\/uploads\/sites\/49\/2013\/04\/4.jpg\"><img loading=\"lazy\" class=\"aligncenter size-full wp-image-3915\" title=\"4\" src=\"\/pasarelaurbana\/wp-content\/uploads\/sites\/49\/2013\/04\/4.jpg\" alt=\"\" width=\"600\" height=\"803\" srcset=\"https:\/\/static-blogs.diariosur.es\/wp-content\/uploads\/sites\/49\/2013\/04\/4.jpg 600w, https:\/\/static-blogs.diariosur.es\/wp-content\/uploads\/sites\/49\/2013\/04\/4-224x300.jpg 224w\" sizes=\"(max-width: 600px) 100vw, 600px\" \/><\/a><\/p>\n<p><a href=\"\/pasarelaurbana\/wp-content\/uploads\/sites\/49\/2013\/04\/5.jpg\"><img loading=\"lazy\" class=\"aligncenter size-full wp-image-3916\" title=\"5\" src=\"\/pasarelaurbana\/wp-content\/uploads\/sites\/49\/2013\/04\/5.jpg\" alt=\"\" width=\"600\" height=\"803\" srcset=\"https:\/\/static-blogs.diariosur.es\/wp-content\/uploads\/sites\/49\/2013\/04\/5.jpg 600w, https:\/\/static-blogs.diariosur.es\/wp-content\/uploads\/sites\/49\/2013\/04\/5-224x300.jpg 224w\" sizes=\"(max-width: 600px) 100vw, 600px\" \/><\/a><\/p>\n<p><a href=\"\/pasarelaurbana\/wp-content\/uploads\/sites\/49\/2013\/04\/6.jpg\"><img loading=\"lazy\" class=\"aligncenter size-full wp-image-3917\" title=\"6\" src=\"\/pasarelaurbana\/wp-content\/uploads\/sites\/49\/2013\/04\/6.jpg\" alt=\"\" width=\"600\" height=\"803\" srcset=\"https:\/\/static-blogs.diariosur.es\/wp-content\/uploads\/sites\/49\/2013\/04\/6.jpg 600w, https:\/\/static-blogs.diariosur.es\/wp-content\/uploads\/sites\/49\/2013\/04\/6-224x300.jpg 224w\" sizes=\"(max-width: 600px) 100vw, 600px\" \/><\/a><\/p>\n<p style=\"text-align: center;\"><a href=\"\/pasarelaurbana\/wp-content\/uploads\/sites\/49\/2013\/04\/7.jpg\"><img loading=\"lazy\" class=\"aligncenter size-full wp-image-3911\" title=\"7\" src=\"\/pasarelaurbana\/wp-content\/uploads\/sites\/49\/2013\/04\/7.jpg\" alt=\"\" width=\"600\" height=\"803\" srcset=\"https:\/\/static-blogs.diariosur.es\/wp-content\/uploads\/sites\/49\/2013\/04\/7.jpg 600w, https:\/\/static-blogs.diariosur.es\/wp-content\/uploads\/sites\/49\/2013\/04\/7-224x300.jpg 224w\" sizes=\"(max-width: 600px) 100vw, 600px\" \/><\/a><\/p>\n<p style=\"text-align: center;\"><strong>Patricia Pulido<\/strong>. Camarera. 20 a\u00f1os<\/p>\n<p style=\"text-align: center;\">Camiseta: Zara<\/p>\n<p style=\"text-align: center;\">Shorts: Zara<\/p>\n<p style=\"text-align: center;\">Parka: Zara<\/p>\n<p style=\"text-align: center;\">Botas: Mari Paz<\/p>\n<p style=\"text-align: center;\">Bolso: Stradivarius<\/p>\n<p style=\"text-align: center;\">Gafas: MO Multi\u00f3pticas<\/p>\n","protected":false},"excerpt":{"rendered":"<p>\u00a1Feliz y soleado martes a tod@s! Ya va tocando un post de street style, que con las \u00faltimas semanas de lluvia ha sido imposible. \u00a1Y lo que viene! Porque la Agencia Estatal de Meteorolog\u00eda da agua nuevamente en M\u00e1laga hasta el s\u00e1bado, cuando por fin el mal tiempo parece que nos dar\u00e1 una tregua. \u00a1Dicho [&hellip;]<\/p>\n","protected":false},"author":54,"featured_media":0,"comment_status":"open","ping_status":"closed","sticky":false,"template":"","format":"standard","meta":[],"categories":[2],"tags":[],"_links":{"self":[{"href":"https:\/\/blogs.diariosur.es\/pasarelaurbana\/wp-json\/wp\/v2\/posts\/3910"}],"collection":[{"href":"https:\/\/blogs.diariosur.es\/pasarelaurbana\/wp-json\/wp\/v2\/posts"}],"about":[{"href":"https:\/\/blogs.diariosur.es\/pasarelaurbana\/wp-json\/wp\/v2\/types\/post"}],"author":[{"embeddable":true,"href":"https:\/\/blogs.diariosur.es\/pasarelaurbana\/wp-json\/wp\/v2\/users\/54"}],"replies":[{"embeddable":true,"href":"https:\/\/blogs.diariosur.es\/pasarelaurbana\/wp-json\/wp\/v2\/comments?post=3910"}],"version-history":[{"count":0,"href":"https:\/\/blogs.diariosur.es\/pasarelaurbana\/wp-json\/wp\/v2\/posts\/3910\/revisions"}],"wp:attachment":[{"href":"https:\/\/blogs.diariosur.es\/pasarelaurbana\/wp-json\/wp\/v2\/media?parent=3910"}],"wp:term":[{"taxonomy":"category","embeddable":true,"href":"https:\/\/blogs.diariosur.es\/pasarelaurbana\/wp-json\/wp\/v2\/categories?post=3910"},{"taxonomy":"post_tag","embeddable":true,"href":"https:\/\/blogs.diariosur.es\/pasarelaurbana\/wp-json\/wp\/v2\/tags?post=3910"}],"curies":[{"name":"wp","href":"https:\/\/api.w.org\/{rel}","templated":true}]}}