{"id":3919,"date":"2013-04-03T15:16:15","date_gmt":"2013-04-03T13:16:15","guid":{"rendered":"http:\/\/blogs.diariosur.es\/pasarelaurbana\/?p=3919"},"modified":"2013-04-03T15:16:15","modified_gmt":"2013-04-03T13:16:15","slug":"la-moda-habla-japones","status":"publish","type":"post","link":"https:\/\/blogs.diariosur.es\/pasarelaurbana\/2013\/04\/03\/la-moda-habla-japones\/","title":{"rendered":"La moda habla japon\u00e9s"},"content":{"rendered":"<p style=\"text-align: center;\">\u00a1Vamos a por el mi\u00e9rcoles! Y lo hacemos con acento nip\u00f3n. Hoy vamos a repasar una de las tendencias revelaci\u00f3n de esta nueva temporada. El estilo oriental se ha colado entre los imprescindibles de esta primavera conquistando a su paso percheros de las principales tiendas <em>low cost,<\/em> que se han rendido al encanto asi\u00e1tico.\u00a0 La inspiraci\u00f3n japonesa salpica todo tipo de prendas, pero si tuviese que destacar una me quedo sin pensarlo con las chaquetas tipo kimono, reconvertidas en un <em>must have<\/em> a incorporar en los armarios por toda fashionista que se precie. Sobre la pasarela, firmas como Lanvin o Balenciaga ya se rindieron ante esta prenda que no entiende de discreci\u00f3n. Se lleva en colores llamativos, con pailletes, con cuidados estampados florales, y hasta con tachuelas y aplicaciones barrocas. Personalmente me encantan los kimonos. Me parecen super estilosos y consiguen aportar un toque ex\u00f3tico a cualquier estilismo b\u00e1sico. Pero ojo, la clave est\u00e1 en saber combinarlo para no caer en excesos. Dado que se trata de una prenda de silueta <em>oversize<\/em> lo ideal es maridarla con otras m\u00e1s ce\u00f1idas para crear un juego de vol\u00famenes. Con unos vaqueros entubados y una camisa blanca b\u00e1sica por ejemplo ir\u00eda genial. De momento no me he cruzado con muchas sobre la pasarela urbana de M\u00e1laga, pero a cuentagotas empiezo a ver propuestas sugerentes como la de <strong>Rosa Herrera<\/strong>, nuestra protagonista de hoy. Esta consultora de 27 a\u00f1os apuesta por una chaqueta cruzada con mangas abullonadas de contrastes con bordados en tonos tierra y azules. La prenda se convierte en el foco de un look sencillo compuesto de shorts vaqueros, jersey gris, medias oscuras y botines de serraje. \u00bfEl toque chic? Un bolso de mano vintage del armario de su madre. Os dejo con ella. Y vosotras, \u00bfcomulg\u00e1is con el estilo nip\u00f3n? \u00a1Ojo con \u00e9l porque dar\u00e1 mucho de qu\u00e9 hablar en los pr\u00f3ximos meses!<\/p>\n<p>&nbsp;<\/p>\n<p><a href=\"\/pasarelaurbana\/wp-content\/uploads\/sites\/49\/2013\/04\/12.jpg\"><img loading=\"lazy\" class=\"aligncenter size-full wp-image-3923\" title=\"12\" src=\"\/pasarelaurbana\/wp-content\/uploads\/sites\/49\/2013\/04\/12.jpg\" alt=\"\" width=\"599\" height=\"802\" srcset=\"https:\/\/static-blogs.diariosur.es\/wp-content\/uploads\/sites\/49\/2013\/04\/12.jpg 599w, https:\/\/static-blogs.diariosur.es\/wp-content\/uploads\/sites\/49\/2013\/04\/12-224x300.jpg 224w\" sizes=\"(max-width: 599px) 100vw, 599px\" \/><\/a><!--more--><\/p>\n<p><a href=\"\/pasarelaurbana\/wp-content\/uploads\/sites\/49\/2013\/04\/10.jpg\"><img loading=\"lazy\" class=\"aligncenter size-full wp-image-3921\" title=\"10\" src=\"\/pasarelaurbana\/wp-content\/uploads\/sites\/49\/2013\/04\/10.jpg\" alt=\"\" width=\"600\" height=\"803\" srcset=\"https:\/\/static-blogs.diariosur.es\/wp-content\/uploads\/sites\/49\/2013\/04\/10.jpg 600w, https:\/\/static-blogs.diariosur.es\/wp-content\/uploads\/sites\/49\/2013\/04\/10-224x300.jpg 224w\" sizes=\"(max-width: 600px) 100vw, 600px\" \/><\/a><\/p>\n<p><a href=\"\/pasarelaurbana\/wp-content\/uploads\/sites\/49\/2013\/04\/11.jpg\"><img loading=\"lazy\" class=\"aligncenter size-full wp-image-3922\" title=\"11\" src=\"\/pasarelaurbana\/wp-content\/uploads\/sites\/49\/2013\/04\/11.jpg\" alt=\"\" width=\"600\" height=\"803\" srcset=\"https:\/\/static-blogs.diariosur.es\/wp-content\/uploads\/sites\/49\/2013\/04\/11.jpg 600w, https:\/\/static-blogs.diariosur.es\/wp-content\/uploads\/sites\/49\/2013\/04\/11-224x300.jpg 224w\" sizes=\"(max-width: 600px) 100vw, 600px\" \/><\/a><\/p>\n<p><a href=\"\/pasarelaurbana\/wp-content\/uploads\/sites\/49\/2013\/04\/136.jpg\"><img loading=\"lazy\" class=\"aligncenter size-full wp-image-3927\" title=\"136\" src=\"\/pasarelaurbana\/wp-content\/uploads\/sites\/49\/2013\/04\/136.jpg\" alt=\"\" width=\"600\" height=\"803\" srcset=\"https:\/\/static-blogs.diariosur.es\/wp-content\/uploads\/sites\/49\/2013\/04\/136.jpg 600w, https:\/\/static-blogs.diariosur.es\/wp-content\/uploads\/sites\/49\/2013\/04\/136-224x300.jpg 224w\" sizes=\"(max-width: 600px) 100vw, 600px\" \/><\/a><\/p>\n<p><a href=\"\/pasarelaurbana\/wp-content\/uploads\/sites\/49\/2013\/04\/141.jpg\"><img loading=\"lazy\" class=\"aligncenter size-full wp-image-3928\" title=\"14\" src=\"\/pasarelaurbana\/wp-content\/uploads\/sites\/49\/2013\/04\/141.jpg\" alt=\"\" width=\"600\" height=\"803\" srcset=\"https:\/\/static-blogs.diariosur.es\/wp-content\/uploads\/sites\/49\/2013\/04\/141.jpg 600w, https:\/\/static-blogs.diariosur.es\/wp-content\/uploads\/sites\/49\/2013\/04\/141-224x300.jpg 224w\" sizes=\"(max-width: 600px) 100vw, 600px\" \/><\/a><\/p>\n<p><a href=\"\/pasarelaurbana\/wp-content\/uploads\/sites\/49\/2013\/04\/151.jpg\"><img loading=\"lazy\" class=\"aligncenter size-full wp-image-3929\" title=\"15\" src=\"\/pasarelaurbana\/wp-content\/uploads\/sites\/49\/2013\/04\/151.jpg\" alt=\"\" width=\"600\" height=\"448\" srcset=\"https:\/\/static-blogs.diariosur.es\/wp-content\/uploads\/sites\/49\/2013\/04\/151.jpg 600w, https:\/\/static-blogs.diariosur.es\/wp-content\/uploads\/sites\/49\/2013\/04\/151-300x224.jpg 300w\" sizes=\"(max-width: 600px) 100vw, 600px\" \/><\/a><\/p>\n<p><a href=\"\/pasarelaurbana\/wp-content\/uploads\/sites\/49\/2013\/04\/161.jpg\"><img loading=\"lazy\" class=\"aligncenter size-full wp-image-3930\" title=\"16\" src=\"\/pasarelaurbana\/wp-content\/uploads\/sites\/49\/2013\/04\/161.jpg\" alt=\"\" width=\"600\" height=\"803\" srcset=\"https:\/\/static-blogs.diariosur.es\/wp-content\/uploads\/sites\/49\/2013\/04\/161.jpg 600w, https:\/\/static-blogs.diariosur.es\/wp-content\/uploads\/sites\/49\/2013\/04\/161-224x300.jpg 224w\" sizes=\"(max-width: 600px) 100vw, 600px\" \/><\/a><\/p>\n<p><a href=\"\/pasarelaurbana\/wp-content\/uploads\/sites\/49\/2013\/04\/171.jpg\"><img loading=\"lazy\" class=\"aligncenter size-full wp-image-3931\" title=\"17\" src=\"\/pasarelaurbana\/wp-content\/uploads\/sites\/49\/2013\/04\/171.jpg\" alt=\"\" width=\"600\" height=\"803\" srcset=\"https:\/\/static-blogs.diariosur.es\/wp-content\/uploads\/sites\/49\/2013\/04\/171.jpg 600w, https:\/\/static-blogs.diariosur.es\/wp-content\/uploads\/sites\/49\/2013\/04\/171-224x300.jpg 224w\" sizes=\"(max-width: 600px) 100vw, 600px\" \/><\/a><\/p>\n<p style=\"text-align: center;\"><strong>Rosa Herrera<\/strong>. Consultora. 27 a\u00f1os<\/p>\n<p style=\"text-align: center;\">Jersey: H&#038;M<\/p>\n<p style=\"text-align: center;\">Chaqueta: Zara<\/p>\n<p style=\"text-align: center;\">Shorts: Zara<\/p>\n<p style=\"text-align: center;\">Botines: Madewell<\/p>\n<p style=\"text-align: center;\">Gafas: Mango<\/p>\n<p style=\"text-align: center;\">Bolso: Vintage, de su madre<\/p>\n<p>&nbsp;<\/p>\n<p>&nbsp;<\/p>\n","protected":false},"excerpt":{"rendered":"<p>\u00a1Vamos a por el mi\u00e9rcoles! Y lo hacemos con acento nip\u00f3n. Hoy vamos a repasar una de las tendencias revelaci\u00f3n de esta nueva temporada. El estilo oriental se ha colado entre los imprescindibles de esta primavera conquistando a su paso percheros de las principales tiendas low cost, que se han rendido al encanto asi\u00e1tico.\u00a0 La [&hellip;]<\/p>\n","protected":false},"author":54,"featured_media":0,"comment_status":"open","ping_status":"closed","sticky":false,"template":"","format":"standard","meta":[],"categories":[2],"tags":[],"_links":{"self":[{"href":"https:\/\/blogs.diariosur.es\/pasarelaurbana\/wp-json\/wp\/v2\/posts\/3919"}],"collection":[{"href":"https:\/\/blogs.diariosur.es\/pasarelaurbana\/wp-json\/wp\/v2\/posts"}],"about":[{"href":"https:\/\/blogs.diariosur.es\/pasarelaurbana\/wp-json\/wp\/v2\/types\/post"}],"author":[{"embeddable":true,"href":"https:\/\/blogs.diariosur.es\/pasarelaurbana\/wp-json\/wp\/v2\/users\/54"}],"replies":[{"embeddable":true,"href":"https:\/\/blogs.diariosur.es\/pasarelaurbana\/wp-json\/wp\/v2\/comments?post=3919"}],"version-history":[{"count":0,"href":"https:\/\/blogs.diariosur.es\/pasarelaurbana\/wp-json\/wp\/v2\/posts\/3919\/revisions"}],"wp:attachment":[{"href":"https:\/\/blogs.diariosur.es\/pasarelaurbana\/wp-json\/wp\/v2\/media?parent=3919"}],"wp:term":[{"taxonomy":"category","embeddable":true,"href":"https:\/\/blogs.diariosur.es\/pasarelaurbana\/wp-json\/wp\/v2\/categories?post=3919"},{"taxonomy":"post_tag","embeddable":true,"href":"https:\/\/blogs.diariosur.es\/pasarelaurbana\/wp-json\/wp\/v2\/tags?post=3919"}],"curies":[{"name":"wp","href":"https:\/\/api.w.org\/{rel}","templated":true}]}}