{"id":3932,"date":"2013-04-13T00:33:56","date_gmt":"2013-04-12T22:33:56","guid":{"rendered":"http:\/\/blogs.diariosur.es\/pasarelaurbana\/?p=3932"},"modified":"2013-04-13T00:33:56","modified_gmt":"2013-04-12T22:33:56","slug":"el-armario-de-carlos-aguirre","status":"publish","type":"post","link":"https:\/\/blogs.diariosur.es\/pasarelaurbana\/2013\/04\/13\/el-armario-de-carlos-aguirre\/","title":{"rendered":"El armario de Carlos Aguirre"},"content":{"rendered":"<p style=\"text-align: center;\">Con solo seis a\u00f1os ya sab\u00eda hacerse todo el repertorio de nudos de corbata. De ello se ocup\u00f3 su padre, un gran maestro del que no solo aprendi\u00f3 grandes lecciones de sastrer\u00eda. Sus consejos sobre moda le calaron tanto que hoy d\u00eda se han convertido en aut\u00e9nticos mandamientos que rigen su vida. \u00bfSu favorito? \u00abCon un buen reloj y unos zapatos limpios se va a cualquier lado\u00bb, indica este dise\u00f1ador de alta costura apasionado de los complementos (le pierden los broches militares, los pa\u00f1uelos vintage y los gemelos) y del calzado, otra de sus debilidades. Carlos Aguirre, alma de Montesco junto a su inseparable Mario Camino, odia los pies peque\u00f1os. \u00c9l tiene un 39 as\u00ed que para disimularlo se compra varios n\u00fameros m\u00e1s que calza con plantillas. \u00ab\u00a1Es una de mis manias, como tambi\u00e9n lo es guardar todos los pares bien ordenados en cajas con sus hormas! \u00bb, nos confiesa desde su cuidado atelier de calle Salvago de cuyas agujas han salido trajes de ensue\u00f1o con el lujo y la feminidad por bandera.<br \/>\nSi tuviese que llevarse tres \u00fanicas prendas a una isla desierta, en su maleta viajar\u00edan una camisa blanca \u00abimprescindible\u00bb, una blazer azul marino y un vaquero: \u00abLos uso de Massimo Dutti Woman porque son los \u00fanicos con los que me siento c\u00f3modo\u00bb nos cuenta Aguirre, quien se autodefine \u00abcl\u00e1sico\u00bb. \u00abEstoy tan aburrido de hab\u00e9rmelo puesto todo que ahora soy mucho m\u00e1s moderado. Hay que meter mucho la pata como mamarachos para encontrar tu estilo personal\u00bb, sentencia. Poco queda de aquel Carlos que en la loca d\u00e9cada de los 80 se atrev\u00eda con casi todo. \u00bfLo m\u00e1s arriesgado? \u00abUn abrigo de vuelo de tela tornasolada con pantal\u00f3n pijama de seda, tenis y sombrero de paja. Entonces estudiaba dise\u00f1o y hab\u00eda que ser moderno\u00bb.<br \/>\nMuy fan del sello \u2018british\u2019, en los looks de este malague\u00f1o no faltan las chaquetas con coderas, el tart\u00e1n (tejido de cuadros escoceses del que tiene un sinf\u00edn de pantalones), las camisas lisas de tonos neutros (no comulga con los estampados estridentes), las corbatas tipo Oxford y los zapatos de cordones de aire ingl\u00e9s, \u00abel estilo de ni\u00f1o de colegio me encanta porque adem\u00e1s me quita a\u00f1os\u00bb bromea. Los fines de semana resta formalidad a sus \u2018outfits\u2019 decant\u00e1ndose por deportivas, polos, vaqueros y saharianas, aunque aclara que no tiene reparos en sacrificar la comodidad por la est\u00e9tica, \u00abporque la moda hay que sufrirla\u00bb, apostilla al tiempo que defiende que la moda, como tal, se extingui\u00f3 en los 80. \u00abHasta entonces hab\u00eda tendencias marcadas. Sin embargo hoy todo se mezcla, te puedes poner de todo y nadie se extra\u00f1a\u00bb, concluye.<\/p>\n<p style=\"text-align: center;\">Os dejo con todos sus estilismos al detalle fotografiados por mi compa\u00f1ero \u00c1lvaro L\u00f3pez.\u00a0Espero que os guste. \u00a1Buen fin de semana!<\/p>\n<p><a href=\"\/pasarelaurbana\/wp-content\/uploads\/sites\/49\/2013\/04\/20.jpg\"><img loading=\"lazy\" class=\"aligncenter size-full wp-image-3944\" title=\"20\" src=\"\/pasarelaurbana\/wp-content\/uploads\/sites\/49\/2013\/04\/20.jpg\" alt=\"\" width=\"600\" height=\"400\" srcset=\"https:\/\/static-blogs.diariosur.es\/wp-content\/uploads\/sites\/49\/2013\/04\/20.jpg 600w, https:\/\/static-blogs.diariosur.es\/wp-content\/uploads\/sites\/49\/2013\/04\/20-300x200.jpg 300w\" sizes=\"(max-width: 600px) 100vw, 600px\" \/><\/a><!--more--><\/p>\n<p style=\"text-align: center;\"><strong>LOOK DE D\u00cdA<\/strong>: <span style=\"text-decoration: underline;\">Sahariana+ polo blanco+pantalones caqui multi bolsillos+ pa\u00f1uelo y deportivas<\/span><\/p>\n<p><a href=\"\/pasarelaurbana\/wp-content\/uploads\/sites\/49\/2013\/04\/13.jpg\"><img loading=\"lazy\" class=\"aligncenter size-full wp-image-3934\" title=\"1\" src=\"\/pasarelaurbana\/wp-content\/uploads\/sites\/49\/2013\/04\/13.jpg\" alt=\"\" width=\"600\" height=\"900\" srcset=\"https:\/\/static-blogs.diariosur.es\/wp-content\/uploads\/sites\/49\/2013\/04\/13.jpg 600w, https:\/\/static-blogs.diariosur.es\/wp-content\/uploads\/sites\/49\/2013\/04\/13-200x300.jpg 200w\" sizes=\"(max-width: 600px) 100vw, 600px\" \/><\/a><\/p>\n<p><a href=\"\/pasarelaurbana\/wp-content\/uploads\/sites\/49\/2013\/04\/21.jpg\"><img loading=\"lazy\" class=\"aligncenter size-full wp-image-3935\" title=\"2\" src=\"\/pasarelaurbana\/wp-content\/uploads\/sites\/49\/2013\/04\/21.jpg\" alt=\"\" width=\"600\" height=\"400\" srcset=\"https:\/\/static-blogs.diariosur.es\/wp-content\/uploads\/sites\/49\/2013\/04\/21.jpg 600w, https:\/\/static-blogs.diariosur.es\/wp-content\/uploads\/sites\/49\/2013\/04\/21-300x200.jpg 300w\" sizes=\"(max-width: 600px) 100vw, 600px\" \/><\/a><\/p>\n<p><a href=\"\/pasarelaurbana\/wp-content\/uploads\/sites\/49\/2013\/04\/31.jpg\"><img loading=\"lazy\" class=\"aligncenter size-full wp-image-3936\" title=\"3\" src=\"\/pasarelaurbana\/wp-content\/uploads\/sites\/49\/2013\/04\/31.jpg\" alt=\"\" width=\"600\" height=\"900\" srcset=\"https:\/\/static-blogs.diariosur.es\/wp-content\/uploads\/sites\/49\/2013\/04\/31.jpg 600w, https:\/\/static-blogs.diariosur.es\/wp-content\/uploads\/sites\/49\/2013\/04\/31-200x300.jpg 200w\" sizes=\"(max-width: 600px) 100vw, 600px\" \/><\/a><\/p>\n<p><a href=\"\/pasarelaurbana\/wp-content\/uploads\/sites\/49\/2013\/04\/41.jpg\"><img loading=\"lazy\" class=\"aligncenter size-full wp-image-3937\" title=\"4\" src=\"\/pasarelaurbana\/wp-content\/uploads\/sites\/49\/2013\/04\/41.jpg\" alt=\"\" width=\"600\" height=\"900\" srcset=\"https:\/\/static-blogs.diariosur.es\/wp-content\/uploads\/sites\/49\/2013\/04\/41.jpg 600w, https:\/\/static-blogs.diariosur.es\/wp-content\/uploads\/sites\/49\/2013\/04\/41-200x300.jpg 200w\" sizes=\"(max-width: 600px) 100vw, 600px\" \/><\/a><\/p>\n<p><a href=\"\/pasarelaurbana\/wp-content\/uploads\/sites\/49\/2013\/04\/51.jpg\"><img loading=\"lazy\" class=\"aligncenter size-full wp-image-3938\" title=\"5\" src=\"\/pasarelaurbana\/wp-content\/uploads\/sites\/49\/2013\/04\/51.jpg\" alt=\"\" width=\"600\" height=\"400\" srcset=\"https:\/\/static-blogs.diariosur.es\/wp-content\/uploads\/sites\/49\/2013\/04\/51.jpg 600w, https:\/\/static-blogs.diariosur.es\/wp-content\/uploads\/sites\/49\/2013\/04\/51-300x200.jpg 300w\" sizes=\"(max-width: 600px) 100vw, 600px\" \/><\/a><\/p>\n<p><a href=\"\/pasarelaurbana\/wp-content\/uploads\/sites\/49\/2013\/04\/61.jpg\"><img loading=\"lazy\" class=\"aligncenter size-full wp-image-3939\" title=\"6\" src=\"\/pasarelaurbana\/wp-content\/uploads\/sites\/49\/2013\/04\/61.jpg\" alt=\"\" width=\"600\" height=\"400\" srcset=\"https:\/\/static-blogs.diariosur.es\/wp-content\/uploads\/sites\/49\/2013\/04\/61.jpg 600w, https:\/\/static-blogs.diariosur.es\/wp-content\/uploads\/sites\/49\/2013\/04\/61-300x200.jpg 300w\" sizes=\"(max-width: 600px) 100vw, 600px\" \/><\/a><\/p>\n<p><a href=\"\/pasarelaurbana\/wp-content\/uploads\/sites\/49\/2013\/04\/71.jpg\"><img loading=\"lazy\" class=\"aligncenter size-full wp-image-3940\" title=\"7\" src=\"\/pasarelaurbana\/wp-content\/uploads\/sites\/49\/2013\/04\/71.jpg\" alt=\"\" width=\"600\" height=\"477\" srcset=\"https:\/\/static-blogs.diariosur.es\/wp-content\/uploads\/sites\/49\/2013\/04\/71.jpg 600w, https:\/\/static-blogs.diariosur.es\/wp-content\/uploads\/sites\/49\/2013\/04\/71-300x239.jpg 300w\" sizes=\"(max-width: 600px) 100vw, 600px\" \/><\/a><\/p>\n<p style=\"text-align: center;\">Los fines de semana Carlos recurre al \u2018sporty chic\u2019. En la foto, sahariana adquirida en una tienda de Puerto Ban\u00fas, polo blanco de Prada, pantalones de Weber, cintur\u00f3n y deportivas de Gucci y pa\u00f1uelo vintage heredado de su padre. De lunes a viernes, por motivos de imagen en el trabajo, Carlos prima looks m\u00e1s cl\u00e1sicos y formales. Cuando se relaja los s\u00e1bados y domingos resta seriedad a sus estilismos con prendas como polos, bermudas, tenis y pantalones multi bolsillos tipo safari. \u00bfSu clave? Mezclar b\u00e1sicos low cost con complementos de firmas m\u00e1s exclusivas para lograr el equilibrio perfecto. Las tendencias pasan muy de puntillas por su armario: &#8220;No me gusta llevar lo que est\u00e1 de moda como todo el mundo. De tanto ver algo acabo aborreci\u00e9ndolo&#8221;, nos confes\u00f3.<\/p>\n<p style=\"text-align: center;\"><strong>PARA IR A TRABAJAR<\/strong>: <span style=\"text-decoration: underline;\">Americana de cuadros pr\u00edncipe de Gales+corbata<\/span><\/p>\n<p style=\"text-align: center;\"><a href=\"\/pasarelaurbana\/wp-content\/uploads\/sites\/49\/2013\/04\/152.jpg\"><img loading=\"lazy\" class=\"aligncenter size-full wp-image-3945\" title=\"15\" src=\"\/pasarelaurbana\/wp-content\/uploads\/sites\/49\/2013\/04\/152.jpg\" alt=\"\" width=\"600\" height=\"400\" srcset=\"https:\/\/static-blogs.diariosur.es\/wp-content\/uploads\/sites\/49\/2013\/04\/152.jpg 600w, https:\/\/static-blogs.diariosur.es\/wp-content\/uploads\/sites\/49\/2013\/04\/152-300x200.jpg 300w\" sizes=\"(max-width: 600px) 100vw, 600px\" \/><\/a><\/p>\n<p style=\"text-align: center;\"><a href=\"\/pasarelaurbana\/wp-content\/uploads\/sites\/49\/2013\/04\/162.jpg\"><img loading=\"lazy\" class=\"aligncenter size-full wp-image-3946\" title=\"16\" src=\"\/pasarelaurbana\/wp-content\/uploads\/sites\/49\/2013\/04\/162.jpg\" alt=\"\" width=\"600\" height=\"400\" srcset=\"https:\/\/static-blogs.diariosur.es\/wp-content\/uploads\/sites\/49\/2013\/04\/162.jpg 600w, https:\/\/static-blogs.diariosur.es\/wp-content\/uploads\/sites\/49\/2013\/04\/162-300x200.jpg 300w\" sizes=\"(max-width: 600px) 100vw, 600px\" \/><\/a><\/p>\n<p style=\"text-align: center;\"><a href=\"\/pasarelaurbana\/wp-content\/uploads\/sites\/49\/2013\/04\/172.jpg\"><img loading=\"lazy\" class=\"aligncenter size-full wp-image-3947\" title=\"17\" src=\"\/pasarelaurbana\/wp-content\/uploads\/sites\/49\/2013\/04\/172.jpg\" alt=\"\" width=\"600\" height=\"400\" srcset=\"https:\/\/static-blogs.diariosur.es\/wp-content\/uploads\/sites\/49\/2013\/04\/172.jpg 600w, https:\/\/static-blogs.diariosur.es\/wp-content\/uploads\/sites\/49\/2013\/04\/172-300x200.jpg 300w\" sizes=\"(max-width: 600px) 100vw, 600px\" \/><\/a><\/p>\n<p style=\"text-align: center;\">Para ir a su atelier Carlos suele vestir chaquetas cl\u00e1sicas con corbatas, pa\u00f1uelos y zapatos tipo ingl\u00e9s. Su debilidad son las tonalidades tierra y los cuadros de Pr\u00edncipe de Gales junto al tart\u00e1n. La camisa de la foto es de Benetton y la chaqueta y pa\u00f1uelo y corbata de Mario Teo.<\/p>\n<p style=\"text-align: center;\"><strong>LOOK DE NOCHE<\/strong>: Chaqueta con coderas+pantal\u00f3n chino beige+camisa blanca y corbata tipo colegial<\/p>\n<p style=\"text-align: center;\"><a href=\"\/pasarelaurbana\/wp-content\/uploads\/sites\/49\/2013\/04\/83.jpg\"><img loading=\"lazy\" class=\"aligncenter size-full wp-image-4051\" title=\"8\" src=\"\/pasarelaurbana\/wp-content\/uploads\/sites\/49\/2013\/04\/83.jpg\" alt=\"\" width=\"600\" height=\"400\" srcset=\"https:\/\/static-blogs.diariosur.es\/wp-content\/uploads\/sites\/49\/2013\/04\/83.jpg 600w, https:\/\/static-blogs.diariosur.es\/wp-content\/uploads\/sites\/49\/2013\/04\/83-300x200.jpg 300w\" sizes=\"(max-width: 600px) 100vw, 600px\" \/><\/a><\/p>\n<p style=\"text-align: center;\"><a href=\"\/pasarelaurbana\/wp-content\/uploads\/sites\/49\/2013\/04\/93.jpg\"><img loading=\"lazy\" class=\"aligncenter size-full wp-image-4052\" title=\"9\" src=\"\/pasarelaurbana\/wp-content\/uploads\/sites\/49\/2013\/04\/93.jpg\" alt=\"\" width=\"600\" height=\"900\" srcset=\"https:\/\/static-blogs.diariosur.es\/wp-content\/uploads\/sites\/49\/2013\/04\/93.jpg 600w, https:\/\/static-blogs.diariosur.es\/wp-content\/uploads\/sites\/49\/2013\/04\/93-200x300.jpg 200w\" sizes=\"(max-width: 600px) 100vw, 600px\" \/><\/a><\/p>\n<p style=\"text-align: center;\"><a href=\"\/pasarelaurbana\/wp-content\/uploads\/sites\/49\/2013\/04\/104.jpg\"><img loading=\"lazy\" class=\"aligncenter size-full wp-image-4053\" title=\"10\" src=\"\/pasarelaurbana\/wp-content\/uploads\/sites\/49\/2013\/04\/104.jpg\" alt=\"\" width=\"600\" height=\"900\" srcset=\"https:\/\/static-blogs.diariosur.es\/wp-content\/uploads\/sites\/49\/2013\/04\/104.jpg 600w, https:\/\/static-blogs.diariosur.es\/wp-content\/uploads\/sites\/49\/2013\/04\/104-200x300.jpg 200w\" sizes=\"(max-width: 600px) 100vw, 600px\" \/><\/a><\/p>\n<p style=\"text-align: center;\"><a href=\"\/pasarelaurbana\/wp-content\/uploads\/sites\/49\/2013\/04\/115.jpg\"><img loading=\"lazy\" class=\"aligncenter size-full wp-image-4054\" title=\"11\" src=\"\/pasarelaurbana\/wp-content\/uploads\/sites\/49\/2013\/04\/115.jpg\" alt=\"\" width=\"600\" height=\"400\" srcset=\"https:\/\/static-blogs.diariosur.es\/wp-content\/uploads\/sites\/49\/2013\/04\/115.jpg 600w, https:\/\/static-blogs.diariosur.es\/wp-content\/uploads\/sites\/49\/2013\/04\/115-300x200.jpg 300w\" sizes=\"(max-width: 600px) 100vw, 600px\" \/><\/a><\/p>\n<p style=\"text-align: center;\"><a href=\"\/pasarelaurbana\/wp-content\/uploads\/sites\/49\/2013\/04\/122.jpg\"><img loading=\"lazy\" class=\"aligncenter size-full wp-image-4055\" title=\"12\" src=\"\/pasarelaurbana\/wp-content\/uploads\/sites\/49\/2013\/04\/122.jpg\" alt=\"\" width=\"600\" height=\"900\" srcset=\"https:\/\/static-blogs.diariosur.es\/wp-content\/uploads\/sites\/49\/2013\/04\/122.jpg 600w, https:\/\/static-blogs.diariosur.es\/wp-content\/uploads\/sites\/49\/2013\/04\/122-200x300.jpg 200w\" sizes=\"(max-width: 600px) 100vw, 600px\" \/><\/a><\/p>\n<p style=\"text-align: center;\"><a href=\"\/pasarelaurbana\/wp-content\/uploads\/sites\/49\/2013\/04\/132.jpg\"><img loading=\"lazy\" class=\"aligncenter size-full wp-image-4056\" title=\"13\" src=\"\/pasarelaurbana\/wp-content\/uploads\/sites\/49\/2013\/04\/132.jpg\" alt=\"\" width=\"599\" height=\"399\" srcset=\"https:\/\/static-blogs.diariosur.es\/wp-content\/uploads\/sites\/49\/2013\/04\/132.jpg 599w, https:\/\/static-blogs.diariosur.es\/wp-content\/uploads\/sites\/49\/2013\/04\/132-300x200.jpg 300w\" sizes=\"(max-width: 599px) 100vw, 599px\" \/><\/a><\/p>\n<p style=\"text-align: center;\"><a href=\"\/pasarelaurbana\/wp-content\/uploads\/sites\/49\/2013\/04\/143.jpg\"><img loading=\"lazy\" class=\"aligncenter size-full wp-image-4050\" title=\"14\" src=\"\/pasarelaurbana\/wp-content\/uploads\/sites\/49\/2013\/04\/143.jpg\" alt=\"\" width=\"600\" height=\"400\" srcset=\"https:\/\/static-blogs.diariosur.es\/wp-content\/uploads\/sites\/49\/2013\/04\/143.jpg 600w, https:\/\/static-blogs.diariosur.es\/wp-content\/uploads\/sites\/49\/2013\/04\/143-300x200.jpg 300w\" sizes=\"(max-width: 600px) 100vw, 600px\" \/><\/a><\/p>\n<p style=\"text-align: center;\">El estilo colegial no falta en sus \u2018outfits\u2019. Para ir a cenar se decanta por una blazer con botones dorados y escudos con coderas \u2018british\u2019 (de Mario Teo), que marida con camisa blanca de Zara, chino beige de Mango y zapatos de Gucci. La nota de distinci\u00f3n la ponen los gemelos, regalo del padre de Mario (el otro 50% de Montesco). &#8220;Son azules con una llama en dorada y fueron un obsequio del embajador de Per\u00fa. Tanto le insist\u00ed al padre de Mario que acab\u00f3 d\u00e1ndomelos! Me encanta coger cosas del armario de los padres de mis amigos porque tienen un punto vintage especial&#8221;, nos destac\u00f3. Para lucir este mismo estilismo de d\u00eda se pondr\u00eda el sombrero con cinta azul y roja que muestra en las fotos, &#8220;ideal para una salida en primavera&#8221;, nos apunt\u00f3.<\/p>\n<p style=\"text-align: center;\"><strong>LOOK DE EVENTO<\/strong>:<span style=\"text-decoration: underline;\"> Chaqueta azul con escudo+pantal\u00f3n de tart\u00e1n+camisa blanca+pajarita y pa\u00f1uelo<\/span><\/p>\n<p style=\"text-align: center;\"><a href=\"\/pasarelaurbana\/wp-content\/uploads\/sites\/49\/2013\/04\/19.jpg\"><img loading=\"lazy\" class=\"aligncenter size-full wp-image-3948\" title=\"19\" src=\"\/pasarelaurbana\/wp-content\/uploads\/sites\/49\/2013\/04\/19.jpg\" alt=\"\" width=\"600\" height=\"900\" srcset=\"https:\/\/static-blogs.diariosur.es\/wp-content\/uploads\/sites\/49\/2013\/04\/19.jpg 600w, https:\/\/static-blogs.diariosur.es\/wp-content\/uploads\/sites\/49\/2013\/04\/19-200x300.jpg 200w\" sizes=\"(max-width: 600px) 100vw, 600px\" \/><\/a><\/p>\n<p style=\"text-align: center;\"><a href=\"\/pasarelaurbana\/wp-content\/uploads\/sites\/49\/2013\/04\/18.jpg\"><img loading=\"lazy\" class=\"aligncenter size-full wp-image-3950\" title=\"18\" src=\"\/pasarelaurbana\/wp-content\/uploads\/sites\/49\/2013\/04\/18.jpg\" alt=\"\" width=\"600\" height=\"900\" srcset=\"https:\/\/static-blogs.diariosur.es\/wp-content\/uploads\/sites\/49\/2013\/04\/18.jpg 600w, https:\/\/static-blogs.diariosur.es\/wp-content\/uploads\/sites\/49\/2013\/04\/18-200x300.jpg 200w\" sizes=\"(max-width: 600px) 100vw, 600px\" \/><\/a><\/p>\n<p style=\"text-align: center;\"><a href=\"\/pasarelaurbana\/wp-content\/uploads\/sites\/49\/2013\/04\/211.jpg\"><img loading=\"lazy\" class=\"aligncenter size-full wp-image-3953\" title=\"21\" src=\"\/pasarelaurbana\/wp-content\/uploads\/sites\/49\/2013\/04\/211.jpg\" alt=\"\" width=\"600\" height=\"400\" srcset=\"https:\/\/static-blogs.diariosur.es\/wp-content\/uploads\/sites\/49\/2013\/04\/211.jpg 600w, https:\/\/static-blogs.diariosur.es\/wp-content\/uploads\/sites\/49\/2013\/04\/211-300x200.jpg 300w\" sizes=\"(max-width: 600px) 100vw, 600px\" \/><\/a><\/p>\n<p style=\"text-align: center;\"><a href=\"\/pasarelaurbana\/wp-content\/uploads\/sites\/49\/2013\/04\/22.jpg\"><img loading=\"lazy\" class=\"aligncenter size-full wp-image-3954\" title=\"22\" src=\"\/pasarelaurbana\/wp-content\/uploads\/sites\/49\/2013\/04\/22.jpg\" alt=\"\" width=\"600\" height=\"900\" srcset=\"https:\/\/static-blogs.diariosur.es\/wp-content\/uploads\/sites\/49\/2013\/04\/22.jpg 600w, https:\/\/static-blogs.diariosur.es\/wp-content\/uploads\/sites\/49\/2013\/04\/22-200x300.jpg 200w\" sizes=\"(max-width: 600px) 100vw, 600px\" \/><\/a><\/p>\n<p style=\"text-align: center;\"><a href=\"\/pasarelaurbana\/wp-content\/uploads\/sites\/49\/2013\/04\/236.jpg\"><img loading=\"lazy\" class=\"aligncenter size-full wp-image-3955\" title=\"236\" src=\"\/pasarelaurbana\/wp-content\/uploads\/sites\/49\/2013\/04\/236.jpg\" alt=\"\" width=\"600\" height=\"400\" srcset=\"https:\/\/static-blogs.diariosur.es\/wp-content\/uploads\/sites\/49\/2013\/04\/236.jpg 600w, https:\/\/static-blogs.diariosur.es\/wp-content\/uploads\/sites\/49\/2013\/04\/236-300x200.jpg 300w\" sizes=\"(max-width: 600px) 100vw, 600px\" \/><\/a><\/p>\n<p style=\"text-align: center;\"><a href=\"\/pasarelaurbana\/wp-content\/uploads\/sites\/49\/2013\/04\/241.jpg\"><img loading=\"lazy\" class=\"aligncenter size-full wp-image-3956\" title=\"24\" src=\"\/pasarelaurbana\/wp-content\/uploads\/sites\/49\/2013\/04\/241.jpg\" alt=\"\" width=\"600\" height=\"400\" srcset=\"https:\/\/static-blogs.diariosur.es\/wp-content\/uploads\/sites\/49\/2013\/04\/241.jpg 600w, https:\/\/static-blogs.diariosur.es\/wp-content\/uploads\/sites\/49\/2013\/04\/241-300x200.jpg 300w\" sizes=\"(max-width: 600px) 100vw, 600px\" \/><\/a><\/p>\n<p style=\"text-align: center;\">Para un evento, elige de nuevo un look cl\u00e1sico muy \u2018british\u2019 compuesto por chaqueta azul y pantalones de cuadros escoceses, ambos de Montesco. Completa el estilismo con camisa blanca de Zara, pajarita y pa\u00f1uelo de Mario Teo y unos preciosos mocasines bicolor de Miguel Vieira. &#8220;Me gusta ir muy rematado, con todo a juego. Mis amigos me dicen de broma que voy muy &#8216;terminadito&#8217;. Nunca improviso, prefiero arriesgar poco y apostar por los colores y estampados combinados&#8221;, nos revel\u00f3.<\/p>\n<p style=\"text-align: center;\"><span style=\"text-decoration: underline;\"><strong>SUS COMPLEMENTOS<\/strong><\/span><\/p>\n<p style=\"text-align: center;\"><a href=\"\/pasarelaurbana\/wp-content\/uploads\/sites\/49\/2013\/04\/28.jpg\"><img loading=\"lazy\" class=\"aligncenter  wp-image-3958\" title=\"28\" src=\"\/pasarelaurbana\/wp-content\/uploads\/sites\/49\/2013\/04\/28.jpg\" alt=\"\" width=\"600\" height=\"900\" srcset=\"https:\/\/static-blogs.diariosur.es\/wp-content\/uploads\/sites\/49\/2013\/04\/28.jpg 600w, https:\/\/static-blogs.diariosur.es\/wp-content\/uploads\/sites\/49\/2013\/04\/28-200x300.jpg 200w\" sizes=\"(max-width: 600px) 100vw, 600px\" \/><\/a><\/p>\n<p style=\"text-align: center;\"><a href=\"\/pasarelaurbana\/wp-content\/uploads\/sites\/49\/2013\/04\/291.jpg\"><img loading=\"lazy\" class=\"aligncenter size-full wp-image-3964\" title=\"29\" src=\"\/pasarelaurbana\/wp-content\/uploads\/sites\/49\/2013\/04\/291.jpg\" alt=\"\" width=\"600\" height=\"400\" srcset=\"https:\/\/static-blogs.diariosur.es\/wp-content\/uploads\/sites\/49\/2013\/04\/291.jpg 600w, https:\/\/static-blogs.diariosur.es\/wp-content\/uploads\/sites\/49\/2013\/04\/291-300x200.jpg 300w\" sizes=\"(max-width: 600px) 100vw, 600px\" \/><\/a><\/p>\n<p style=\"text-align: center;\">El estampado tart\u00e1n le apasiona, principalmente en pantalones. Los de la foto son de El Ganso y hechos en Montesco con telas que \u00e9l elige. \u00bfUna curiosidad? Les gustan sin pinza, de l\u00edneas rectas (para que no pasen de moda) y con una sutil l\u00ednea de planchado que siempre pide que le cosan por fuera con ligeros pespuntes. Suele llevarlos con jerseys finos y corbatas o rebecas y camisas con zapatos de cordones tipo ingl\u00e9s.<\/p>\n<p style=\"text-align: center;\"><a href=\"\/pasarelaurbana\/wp-content\/uploads\/sites\/49\/2013\/04\/311.jpg\"><img loading=\"lazy\" class=\"aligncenter size-full wp-image-3960\" title=\"31\" src=\"\/pasarelaurbana\/wp-content\/uploads\/sites\/49\/2013\/04\/311.jpg\" alt=\"\" width=\"600\" height=\"400\" srcset=\"https:\/\/static-blogs.diariosur.es\/wp-content\/uploads\/sites\/49\/2013\/04\/311.jpg 600w, https:\/\/static-blogs.diariosur.es\/wp-content\/uploads\/sites\/49\/2013\/04\/311-300x200.jpg 300w\" sizes=\"(max-width: 600px) 100vw, 600px\" \/><\/a><\/p>\n<p style=\"text-align: center;\">Una muestra de su amplia colecci\u00f3n de gemelos. Les gustan grandes, vintage y de dise\u00f1os atrevidos. Los de la foto son (de izda a derecha) herencia d su padre, de plata tra\u00eddos de Mexico, de cristal rojo vintage comprados en Miami, de Londres, con los protagonistas de Lo que el viento se llev\u00f3 y los cuadrados \u00faltimos tambi\u00e9n de su padre, quien le dej\u00f3 una colecci\u00f3n espectacular.<\/p>\n<p style=\"text-align: center;\"><a href=\"\/pasarelaurbana\/wp-content\/uploads\/sites\/49\/2013\/04\/33.jpg\"><img loading=\"lazy\" class=\"aligncenter size-full wp-image-3962\" title=\"33\" src=\"\/pasarelaurbana\/wp-content\/uploads\/sites\/49\/2013\/04\/33.jpg\" alt=\"\" width=\"600\" height=\"400\" srcset=\"https:\/\/static-blogs.diariosur.es\/wp-content\/uploads\/sites\/49\/2013\/04\/33.jpg 600w, https:\/\/static-blogs.diariosur.es\/wp-content\/uploads\/sites\/49\/2013\/04\/33-300x200.jpg 300w\" sizes=\"(max-width: 600px) 100vw, 600px\" \/><\/a><\/p>\n<p style=\"text-align: center;\">Los relojes son otra de sus grades pasiones. \u00a0Los de la foto son de Gucci, Cartier y heredados de su padre.<\/p>\n<p style=\"text-align: center;\"><a href=\"\/pasarelaurbana\/wp-content\/uploads\/sites\/49\/2013\/04\/32.jpg\"><img loading=\"lazy\" class=\"aligncenter size-full wp-image-3961\" title=\"32\" src=\"\/pasarelaurbana\/wp-content\/uploads\/sites\/49\/2013\/04\/32.jpg\" alt=\"\" width=\"600\" height=\"400\" srcset=\"https:\/\/static-blogs.diariosur.es\/wp-content\/uploads\/sites\/49\/2013\/04\/32.jpg 600w, https:\/\/static-blogs.diariosur.es\/wp-content\/uploads\/sites\/49\/2013\/04\/32-300x200.jpg 300w\" sizes=\"(max-width: 600px) 100vw, 600px\" \/><\/a><\/p>\n<p style=\"text-align: center;\">Cinturones de Yves Saint Laurent, Gucci y Prada. &#8220;Me gusta invertir en buenos complementos que nunca pasan de moda&#8221;, nos confes\u00f3.<\/p>\n<p style=\"text-align: center;\"><a href=\"\/pasarelaurbana\/wp-content\/uploads\/sites\/49\/2013\/04\/34.jpg\"><img loading=\"lazy\" class=\"aligncenter size-full wp-image-3963\" title=\"34\" src=\"\/pasarelaurbana\/wp-content\/uploads\/sites\/49\/2013\/04\/34.jpg\" alt=\"\" width=\"600\" height=\"900\" srcset=\"https:\/\/static-blogs.diariosur.es\/wp-content\/uploads\/sites\/49\/2013\/04\/34.jpg 600w, https:\/\/static-blogs.diariosur.es\/wp-content\/uploads\/sites\/49\/2013\/04\/34-200x300.jpg 200w\" sizes=\"(max-width: 600px) 100vw, 600px\" \/><\/a><\/p>\n<p style=\"text-align: center;\">Corbatas inspiradas en el look universitario de Oxford, su favorito.<\/p>\n<p style=\"text-align: center;\"><a href=\"\/pasarelaurbana\/wp-content\/uploads\/sites\/49\/2013\/04\/35.jpg\"><img loading=\"lazy\" class=\"aligncenter size-full wp-image-3957\" title=\"35\" src=\"\/pasarelaurbana\/wp-content\/uploads\/sites\/49\/2013\/04\/35.jpg\" alt=\"\" width=\"600\" height=\"900\" srcset=\"https:\/\/static-blogs.diariosur.es\/wp-content\/uploads\/sites\/49\/2013\/04\/35.jpg 600w, https:\/\/static-blogs.diariosur.es\/wp-content\/uploads\/sites\/49\/2013\/04\/35-200x300.jpg 200w\" sizes=\"(max-width: 600px) 100vw, 600px\" \/><\/a><\/p>\n<p style=\"text-align: center;\">Y, como siempre, me despido compartiendo con vosotros una foto con nuestro protagonista de hoy tomada el d\u00eda del reportaje en su atelier, un espacio de inspiraci\u00f3n barroca repleto de telas tapiceras, im\u00e1genes religiosas y muebles repujados con remates dorados. Lujo en estado puro. Alta costura en estado puro de la mano de dos de los dise\u00f1adores m\u00e1s reconocidos de nuestra ciudad, Carlos y Mario alias Montesco. Dos grandes modistos a los que este 2013 le sonrie profesionalmente. Hace unos meses tuvieron el honor de reflejar las distintas marcas tur\u00edsticas de Andaluc\u00eda en Fitur a trav\u00e9s de sus creaciones y acaban de finalizar un proyecto cinematogr\u00e1fico en el que han sido los responsables del vestuario de las protagonistas de Las hijas de Danao, del cineasta Fran Kapilla. Para la sesi\u00f3n de fotos, Carlos eligi\u00f3 \u00a0camisa de Gianfranco Ferre comprada en Venecia (con pu\u00f1os relojeros, que pena que no se vea en la foto porque es un detalle super original), vaqueros de Massimo Dutti, americana de La Oficina de Paul Smith, deportivas y cintur\u00f3n Gucci y pa\u00f1uelo de seda vintage de su padre. En mi caso llevo camisa blanca de Zara con tachuelas doradas en las hombreras, falda tapicera de la nueva colecci\u00f3n de Zara y botines negros de Pull&#038;Bear.<\/p>\n<p style=\"text-align: center;\">Espero que os haya gustado. \u00a1Buen fin de semana! \u00a1Hasta el lunes! Mientras tanto, os espero en Twitter: @almunogues<\/p>\n","protected":false},"excerpt":{"rendered":"<p>Con solo seis a\u00f1os ya sab\u00eda hacerse todo el repertorio de nudos de corbata. De ello se ocup\u00f3 su padre, un gran maestro del que no solo aprendi\u00f3 grandes lecciones de sastrer\u00eda. Sus consejos sobre moda le calaron tanto que hoy d\u00eda se han convertido en aut\u00e9nticos mandamientos que rigen su vida. \u00bfSu favorito? \u00abCon [&hellip;]<\/p>\n","protected":false},"author":54,"featured_media":0,"comment_status":"open","ping_status":"closed","sticky":false,"template":"","format":"standard","meta":[],"categories":[2],"tags":[],"_links":{"self":[{"href":"https:\/\/blogs.diariosur.es\/pasarelaurbana\/wp-json\/wp\/v2\/posts\/3932"}],"collection":[{"href":"https:\/\/blogs.diariosur.es\/pasarelaurbana\/wp-json\/wp\/v2\/posts"}],"about":[{"href":"https:\/\/blogs.diariosur.es\/pasarelaurbana\/wp-json\/wp\/v2\/types\/post"}],"author":[{"embeddable":true,"href":"https:\/\/blogs.diariosur.es\/pasarelaurbana\/wp-json\/wp\/v2\/users\/54"}],"replies":[{"embeddable":true,"href":"https:\/\/blogs.diariosur.es\/pasarelaurbana\/wp-json\/wp\/v2\/comments?post=3932"}],"version-history":[{"count":0,"href":"https:\/\/blogs.diariosur.es\/pasarelaurbana\/wp-json\/wp\/v2\/posts\/3932\/revisions"}],"wp:attachment":[{"href":"https:\/\/blogs.diariosur.es\/pasarelaurbana\/wp-json\/wp\/v2\/media?parent=3932"}],"wp:term":[{"taxonomy":"category","embeddable":true,"href":"https:\/\/blogs.diariosur.es\/pasarelaurbana\/wp-json\/wp\/v2\/categories?post=3932"},{"taxonomy":"post_tag","embeddable":true,"href":"https:\/\/blogs.diariosur.es\/pasarelaurbana\/wp-json\/wp\/v2\/tags?post=3932"}],"curies":[{"name":"wp","href":"https:\/\/api.w.org\/{rel}","templated":true}]}}