{"id":3965,"date":"2013-04-10T14:01:41","date_gmt":"2013-04-10T12:01:41","guid":{"rendered":"http:\/\/blogs.diariosur.es\/pasarelaurbana\/?p=3965"},"modified":"2013-04-10T14:01:41","modified_gmt":"2013-04-10T12:01:41","slug":"el-efecto-roto-es-tendencia","status":"publish","type":"post","link":"https:\/\/blogs.diariosur.es\/pasarelaurbana\/2013\/04\/10\/el-efecto-roto-es-tendencia\/","title":{"rendered":"El efecto roto es tendencia"},"content":{"rendered":"<p>\u00a1Buenas! Vamos a por el mi\u00e9rcoles. Un mi\u00e9rcoles amargo y triste para M\u00e1laga tras un INJUSTO partido (s\u00ed, con may\u00fasculas) que nos dej\u00f3 a todos fuera de juego.. Todo un robo a mano armada que asent\u00f3 un duro mazazo a la afici\u00f3n malaguista. Grande Pellegrini y grande un equipo que ha sabido estar a la altura de los grandes y que \u00a0se merec\u00eda con creces seguir haciendo historia. No nos han dejado. Los oscuros hilos que mueven al deporte rey son as\u00ed&#8230;En f\u00edn, vamos a los nuestro que como hable de ayer me enciendo! M\u00e1laga tiene hoy el coraz\u00f3n roto&#8230;como rotos (o al menos en apariencia) est\u00e1n tambi\u00e9n \u00a0los pantalones de nuestra protagonista de hoy. Beatriz Ceniceros, una azafata y dependienta de 24 a\u00f1os. \u00bfTen\u00e9is alg\u00fan pantal\u00f3n desgastado en vuestro armario que ya no os pon\u00e9is? Pues animaos y recicladlo. \u00bfC\u00f3mo? Haci\u00e9ndole estudiados cortes y cosi\u00e9ndole detr\u00e1s alguna tela chula o simplemente un fondo de rom\u00e1nticos encajes, como propone Calcedonia en los leggins que centran el look de Beatriz. El efecto roto es tendencia, aportando un toque informal y desenfadado a cualquier estilismo. Nuestra protagonista apuesta por esta tendencia que combina con camisa militar abierta a modo chaqueta y camiseta b\u00e1sica blanca. El toque de color lo reserva para los complementos: un alegre pa\u00f1uelo con estampado de calaveras de Mango en mandarina y lila y unas manoletinas de print animal con filos en rojo de Zara Kids (si ten\u00e9is el pie peque\u00f1ito os animo a que prob\u00e9is los zapatos de ni\u00f1o porque hay moner\u00edas y a muy buen precio, doy fe jejeje). Os dejo con ella. \u00a1Hasta ma\u00f1ana!<\/p>\n<p><a href=\"\/pasarelaurbana\/wp-content\/uploads\/sites\/49\/2013\/04\/202.jpg\"><img loading=\"lazy\" class=\"aligncenter size-full wp-image-3967\" title=\"20\" src=\"\/pasarelaurbana\/wp-content\/uploads\/sites\/49\/2013\/04\/202.jpg\" alt=\"\" width=\"600\" height=\"803\" srcset=\"https:\/\/static-blogs.diariosur.es\/wp-content\/uploads\/sites\/49\/2013\/04\/202.jpg 600w, https:\/\/static-blogs.diariosur.es\/wp-content\/uploads\/sites\/49\/2013\/04\/202-224x300.jpg 224w\" sizes=\"(max-width: 600px) 100vw, 600px\" \/><\/a><!--more--><\/p>\n<p><a href=\"\/pasarelaurbana\/wp-content\/uploads\/sites\/49\/2013\/04\/212.jpg\"><img loading=\"lazy\" class=\"aligncenter size-full wp-image-3968\" title=\"21\" src=\"\/pasarelaurbana\/wp-content\/uploads\/sites\/49\/2013\/04\/212.jpg\" alt=\"\" width=\"600\" height=\"803\" srcset=\"https:\/\/static-blogs.diariosur.es\/wp-content\/uploads\/sites\/49\/2013\/04\/212.jpg 600w, https:\/\/static-blogs.diariosur.es\/wp-content\/uploads\/sites\/49\/2013\/04\/212-224x300.jpg 224w\" sizes=\"(max-width: 600px) 100vw, 600px\" \/><\/a><\/p>\n<p><a href=\"\/pasarelaurbana\/wp-content\/uploads\/sites\/49\/2013\/04\/221.jpg\"><img loading=\"lazy\" class=\"aligncenter size-full wp-image-3969\" title=\"22\" src=\"\/pasarelaurbana\/wp-content\/uploads\/sites\/49\/2013\/04\/221.jpg\" alt=\"\" width=\"600\" height=\"803\" srcset=\"https:\/\/static-blogs.diariosur.es\/wp-content\/uploads\/sites\/49\/2013\/04\/221.jpg 600w, https:\/\/static-blogs.diariosur.es\/wp-content\/uploads\/sites\/49\/2013\/04\/221-224x300.jpg 224w\" sizes=\"(max-width: 600px) 100vw, 600px\" \/><\/a><\/p>\n<p><a href=\"\/pasarelaurbana\/wp-content\/uploads\/sites\/49\/2013\/04\/242.jpg\"><img loading=\"lazy\" class=\"aligncenter size-full wp-image-3970\" title=\"24\" src=\"\/pasarelaurbana\/wp-content\/uploads\/sites\/49\/2013\/04\/242.jpg\" alt=\"\" width=\"600\" height=\"803\" srcset=\"https:\/\/static-blogs.diariosur.es\/wp-content\/uploads\/sites\/49\/2013\/04\/242.jpg 600w, https:\/\/static-blogs.diariosur.es\/wp-content\/uploads\/sites\/49\/2013\/04\/242-224x300.jpg 224w\" sizes=\"(max-width: 600px) 100vw, 600px\" \/><\/a><\/p>\n<p><a href=\"\/pasarelaurbana\/wp-content\/uploads\/sites\/49\/2013\/04\/25.jpg\"><img loading=\"lazy\" class=\"aligncenter size-full wp-image-3966\" title=\"25\" src=\"\/pasarelaurbana\/wp-content\/uploads\/sites\/49\/2013\/04\/25.jpg\" alt=\"\" width=\"600\" height=\"803\" srcset=\"https:\/\/static-blogs.diariosur.es\/wp-content\/uploads\/sites\/49\/2013\/04\/25.jpg 600w, https:\/\/static-blogs.diariosur.es\/wp-content\/uploads\/sites\/49\/2013\/04\/25-224x300.jpg 224w\" sizes=\"(max-width: 600px) 100vw, 600px\" \/><\/a><\/p>\n<p style=\"text-align: center;\"><strong>Beatriz Ceniceros<\/strong>. Azafata y dependienta. 24 a\u00f1os<\/p>\n<p style=\"text-align: center;\">Camiseta: Zara<\/p>\n<p style=\"text-align: center;\">Parka: Stradivarius<\/p>\n<p style=\"text-align: center;\">Leggins: Calcedonia<\/p>\n<p style=\"text-align: center;\">Manoletinas: Zara Kids<\/p>\n<p style=\"text-align: center;\">Bolso: Blanco<\/p>\n<p style=\"text-align: center;\">Pa\u00f1uelo: Mango<\/p>\n<p style=\"text-align: center;\">Gafas: Ray-Ban<\/p>\n<p style=\"text-align: center;\">\n","protected":false},"excerpt":{"rendered":"<p>\u00a1Buenas! Vamos a por el mi\u00e9rcoles. Un mi\u00e9rcoles amargo y triste para M\u00e1laga tras un INJUSTO partido (s\u00ed, con may\u00fasculas) que nos dej\u00f3 a todos fuera de juego.. Todo un robo a mano armada que asent\u00f3 un duro mazazo a la afici\u00f3n malaguista. Grande Pellegrini y grande un equipo que ha sabido estar a la [&hellip;]<\/p>\n","protected":false},"author":54,"featured_media":0,"comment_status":"open","ping_status":"closed","sticky":false,"template":"","format":"standard","meta":[],"categories":[2],"tags":[],"_links":{"self":[{"href":"https:\/\/blogs.diariosur.es\/pasarelaurbana\/wp-json\/wp\/v2\/posts\/3965"}],"collection":[{"href":"https:\/\/blogs.diariosur.es\/pasarelaurbana\/wp-json\/wp\/v2\/posts"}],"about":[{"href":"https:\/\/blogs.diariosur.es\/pasarelaurbana\/wp-json\/wp\/v2\/types\/post"}],"author":[{"embeddable":true,"href":"https:\/\/blogs.diariosur.es\/pasarelaurbana\/wp-json\/wp\/v2\/users\/54"}],"replies":[{"embeddable":true,"href":"https:\/\/blogs.diariosur.es\/pasarelaurbana\/wp-json\/wp\/v2\/comments?post=3965"}],"version-history":[{"count":0,"href":"https:\/\/blogs.diariosur.es\/pasarelaurbana\/wp-json\/wp\/v2\/posts\/3965\/revisions"}],"wp:attachment":[{"href":"https:\/\/blogs.diariosur.es\/pasarelaurbana\/wp-json\/wp\/v2\/media?parent=3965"}],"wp:term":[{"taxonomy":"category","embeddable":true,"href":"https:\/\/blogs.diariosur.es\/pasarelaurbana\/wp-json\/wp\/v2\/categories?post=3965"},{"taxonomy":"post_tag","embeddable":true,"href":"https:\/\/blogs.diariosur.es\/pasarelaurbana\/wp-json\/wp\/v2\/tags?post=3965"}],"curies":[{"name":"wp","href":"https:\/\/api.w.org\/{rel}","templated":true}]}}