{"id":3982,"date":"2013-04-06T10:17:20","date_gmt":"2013-04-06T08:17:20","guid":{"rendered":"http:\/\/blogs.diariosur.es\/pasarelaurbana\/?p=3982"},"modified":"2013-04-06T10:17:20","modified_gmt":"2013-04-06T08:17:20","slug":"tendencias-de-primavera-con-sabor-malagueno","status":"publish","type":"post","link":"https:\/\/blogs.diariosur.es\/pasarelaurbana\/2013\/04\/06\/tendencias-de-primavera-con-sabor-malagueno\/","title":{"rendered":"Tendencias de primavera con sabor malague\u00f1o"},"content":{"rendered":"<p style=\"text-align: center;\">\u00a0Amar\u00e1s las rayas en su formato bicolor. Te\u00f1ir\u00e1s tus \u2018looks\u2019 de colores vitam\u00ednicos. Santificar\u00e1s los kimonos. Incorporar\u00e1s un mono a tu armario. Reciclar\u00e1s el estilo marinero. Presumir\u00e1s de prendas \u00e9tnicas. Te subir\u00e1s a unas cu\u00f1as. Tus \u2018outfits\u2019 se llenar\u00e1n de flores. Endulzar\u00e1s tus prendas con tonos pasteles y lucir\u00e1s maxi collares y multi pulseras. Cada temporada la moda renueva sus mandamientos. Y \u00e9stos son los que regir\u00e1n en los pr\u00f3ximos meses los estilismos de los principales bloggers malague\u00f1os. El pasado jueves SUR reuni\u00f3 a una decena de fashionistas de la provincia para repasar de su mano las tendencias que dominar\u00e1n esta nueva estaci\u00f3n, en la que el buen tiempo anima a aparcar los grises oto\u00f1ales y los abrigos para sustituirlos por tonalidades \u00e1cidas y vibrantes, tejidos vaporosos, shorts y mini faldas (se llevan de talle alto). Durante la sesi\u00f3n de fotos (realizada en el plat\u00f3 de televisi\u00f3n, en la rotativa y en la propia redacci\u00f3n) los bloggers desgranaron sus apuestas para esta primavera al tiempo que pudieron probarse la colecci\u00f3n de pulseras artesanales de perlas y piedras semipreciosas dise\u00f1adas por Lola Black que SUR repartir\u00e1 a partir de este domingo junto al peri\u00f3dico y que aportan un toque distinguido \u2018boho chic\u2019 a cualquier look (ideales para llevar juntas en grupo como se aprecia en algunas de las fotos que ilustran esta p\u00e1gina).<\/p>\n<p style=\"text-align: center;\">La inspiraci\u00f3n oriental (imprescindible esta temporada) fue una de las tendencias que jug\u00f3 un papel protagonista durante la sesi\u00f3n. Nine Maza (del blog \u2018Con tacones y a lo loco\u2019) eligi\u00f3 un estiloso kimono de la nueva colecci\u00f3n de Zara combinado con camisa blanca y pantalones pitillo. \u00abMe encanta la mezcla de lo militar con lo oriental\u00bb, nos revel\u00f3. Cristina L\u00f3pez (de \u2018La chica de la m\u00e1scara\u2019) apost\u00f3 por otro kimono de Zara, en su caso en tonalidades azul klein, blanco y negro y maridado con un vestido plisado de Stradivarius en verde menta (color que arras\u00f3 el pasado verano y que este a\u00f1o vuelve a la carga). \u00bfSu truco? \u00abLlevarlo con un taconazo en nude para que no le reste protagonismo\u00bb, nos confes\u00f3.<br \/>\nAl lejano Oriente viaja tambi\u00e9n Laura S\u00e1nchez (del blog \u2018Perry Street\u2019), quien centr\u00f3 su propuesta primaveral en un pantal\u00f3n ancho tobillero de flores orientales, en su caso fusionado con jersey \u2018oversize\u2019 en color agua marina y deportivas Converse para darle un interesante punto \u2018sporty chic\u2019.\u00a0 La nota de constraste la consigue con un collar de est\u00e9tica punk adquirido en H&#038;M.<\/p>\n<p style=\"text-align: center;\">Cuando el sol aprieta suben tambi\u00e9n los colores de prendas y complementos. Una explosi\u00f3n de color es precisamente la propuesta de Mar Cop\u00e9 (autora de \u2018The best of the day\u2019). Esta enfermera, blogger en sus ratos libres, se declara una apasionada de los tonos m\u00e1s \u00e1cidos de la paleta. \u00abSolo con llevarlos te alegras\u00bb, nos destac\u00f3. Amante de las mezclas, Cop\u00e9 se atreve con un look de colores en bloque, uniendo con acierto en un mismo estilismo el frambuesa, el naranja, el coral o el rojo. \u00bfEl resultado? Espectacular. Demetrio de la Torre (responsable de &#8216;Moda Eres&#8217; y profesor de la escuela Idacem), por su parte, reserva la nota de color a los complementos. Este comunicador de moda, que define su estilo de \u00abnew gentleman\u00bb recurre a un \u2018outfit\u2019 cl\u00e1sico construido en torno a prendas b\u00e1sicas que realza con peque\u00f1os detalles (siempre tan importantes en el resultado final), en su caso unos divertidos calcetines rosa fucsia y un colorido pa\u00f1uelo de Scalper de cashmere.<br \/>\nEn los peque\u00f1os detalles radica tambi\u00e9n el \u00e9xito del look propuesto por Antonio Jurado (\u2019Yo a Vogue y tu a California\u2019), que apuesta por una americana azul marino y pantalones blancos en un claro gui\u00f1o marinero. Muy original su camisa, de rayas celestes, con \u2018print\u2019 de mini bicicletas, que complementa con unos alegres mocasines en verde esmeralda. El romanticismo vertebra la propuesta de Ver\u00f3nica D\u00edaz (de \u2018Just Coco\u2019). Esta blogger, de estilo lady hiper femenino, no concible la primavera sin los delicados tonos pasteles (preciosa su camisa con lazada y plisado). Por su parte, Virgina Carmona (&#8216;V\u00edstete como puedas&#8217;) se decanta por un estilismo de inspiraci\u00f3n \u2018boho chic\u2019 con sabor \u00e9tnico (toque que consigue con el chaleco de encajes) mientras que Roc\u00edo Gentile (\u2019Soy una chica Zara\u2019) recurre a las flores combinadas con blanco, una pareja imprescindible de una temporada en la que, seg\u00fan F\u00e1tima Burgos (&#8216;Valentina Mode&#8217;), los monos regresar\u00e1n con fuerza a la pasarela urbana por la que hoy desfilan estos diez bloggers. Luces, c\u00e1maras&#8230;\u00a1acci\u00f3n! Aqu\u00ed ten\u00e9is el resultado de la sesi\u00f3n de fotos que hicimos en SUR con todos ellos (las fotos, fant\u00e1sticas, est\u00e1n hechas todas por mi compa\u00f1ero \u00c1LVARO L\u00d3PEZ), a los que agradezco desde aqu\u00ed su amabilidad.<\/p>\n<p style=\"text-align: center;\">\u00a1No os perd\u00e1is el v\u00eddeo con los mejores momentos del making off! <a href=\"http:\/\/www.diariosur.es\/videos\/actualidad\/sociedad\/2279954617001-estos-bloggers-explican-tendencias-dominaran-primavera.html\" rel=\"external nofollow\"><strong>Pod\u00e9is verlo AQU\u00cd.<\/strong><\/a><\/p>\n<p style=\"text-align: center;\">\u00a1Espero que os guste el reportaje! \u00a1Buen fin de semana!<\/p>\n<p><a href=\"\/pasarelaurbana\/wp-content\/uploads\/sites\/49\/2013\/04\/411.jpg\"><img loading=\"lazy\" class=\"aligncenter size-full wp-image-3991\" title=\"41\" src=\"\/pasarelaurbana\/wp-content\/uploads\/sites\/49\/2013\/04\/411.jpg\" alt=\"\" width=\"600\" height=\"400\" srcset=\"https:\/\/static-blogs.diariosur.es\/wp-content\/uploads\/sites\/49\/2013\/04\/411.jpg 600w, https:\/\/static-blogs.diariosur.es\/wp-content\/uploads\/sites\/49\/2013\/04\/411-300x200.jpg 300w\" sizes=\"(max-width: 600px) 100vw, 600px\" \/><\/a><!--more--><\/p>\n<p style=\"text-align: center;\"><strong>1 \u00bfQui\u00e9n es?<\/strong> Mar Cop\u00e9.<\/p>\n<p style=\"text-align: center;\"><strong>Su propuesta<\/strong>: Mezclar colores vitam\u00ednicos<\/p>\n<p style=\"text-align: center;\"><strong>Ficha su look<\/strong>: Camisa, blazer y falda de Zara, zapatos H&#038;M, bolso Bimba y Lola<\/p>\n<p style=\"text-align: center;\"><strong>S\u00edguela en<\/strong>: <a href=\"http:\/\/thebestoftheday21.blogspot.com.es\/\" rel=\"external nofollow\">http:\/\/thebestoftheday21.blogspot.com.es\/<\/a><\/p>\n<p><a href=\"\/pasarelaurbana\/wp-content\/uploads\/sites\/49\/2013\/04\/110.jpg\"><img loading=\"lazy\" class=\"aligncenter size-full wp-image-3984\" title=\"1\" src=\"\/pasarelaurbana\/wp-content\/uploads\/sites\/49\/2013\/04\/110.jpg\" alt=\"\" width=\"600\" height=\"900\" srcset=\"https:\/\/static-blogs.diariosur.es\/wp-content\/uploads\/sites\/49\/2013\/04\/110.jpg 600w, https:\/\/static-blogs.diariosur.es\/wp-content\/uploads\/sites\/49\/2013\/04\/110-200x300.jpg 200w\" sizes=\"(max-width: 600px) 100vw, 600px\" \/><\/a><\/p>\n<p><a href=\"\/pasarelaurbana\/wp-content\/uploads\/sites\/49\/2013\/04\/23.jpg\"><img loading=\"lazy\" class=\"aligncenter size-full wp-image-3985\" title=\"2\" src=\"\/pasarelaurbana\/wp-content\/uploads\/sites\/49\/2013\/04\/23.jpg\" alt=\"\" width=\"600\" height=\"900\" srcset=\"https:\/\/static-blogs.diariosur.es\/wp-content\/uploads\/sites\/49\/2013\/04\/23.jpg 600w, https:\/\/static-blogs.diariosur.es\/wp-content\/uploads\/sites\/49\/2013\/04\/23-200x300.jpg 200w\" sizes=\"(max-width: 600px) 100vw, 600px\" \/><\/a><\/p>\n<p><a href=\"\/pasarelaurbana\/wp-content\/uploads\/sites\/49\/2013\/04\/36.jpg\"><img loading=\"lazy\" class=\"aligncenter size-full wp-image-3986\" title=\"3\" src=\"\/pasarelaurbana\/wp-content\/uploads\/sites\/49\/2013\/04\/36.jpg\" alt=\"\" width=\"600\" height=\"400\" srcset=\"https:\/\/static-blogs.diariosur.es\/wp-content\/uploads\/sites\/49\/2013\/04\/36.jpg 600w, https:\/\/static-blogs.diariosur.es\/wp-content\/uploads\/sites\/49\/2013\/04\/36-300x200.jpg 300w\" sizes=\"(max-width: 600px) 100vw, 600px\" \/><\/a><\/p>\n<div id=\"attachment_3987\" style=\"width: 610px\" class=\"wp-caption aligncenter\"><a href=\"\/pasarelaurbana\/wp-content\/uploads\/sites\/49\/2013\/04\/42.jpg\"><img aria-describedby=\"caption-attachment-3987\" loading=\"lazy\" class=\"size-full wp-image-3987\" title=\"Su pulsera: Modelo morado-amatista (A la venta el 20 de abril)\" src=\"\/pasarelaurbana\/wp-content\/uploads\/sites\/49\/2013\/04\/42.jpg\" alt=\"Su pulsera: Modelo morado-amatista (A la venta el 20 de abril)\" width=\"600\" height=\"900\" srcset=\"https:\/\/static-blogs.diariosur.es\/wp-content\/uploads\/sites\/49\/2013\/04\/42.jpg 600w, https:\/\/static-blogs.diariosur.es\/wp-content\/uploads\/sites\/49\/2013\/04\/42-200x300.jpg 200w\" sizes=\"(max-width: 600px) 100vw, 600px\" \/><\/a><p id=\"caption-attachment-3987\" class=\"wp-caption-text\">Su pulsera: Modelo morado-amatista (A la venta el 20 de abril)<\/p><\/div>\n<p>&nbsp;<\/p>\n<p style=\"text-align: center;\"><strong>2 \u00bfQui\u00e9n es?<\/strong> Demetrio de la Torre (blogger, comunicador de moda y profesor de la escuela Idacem, que acaba de desembarcar en M\u00e1laga con un interesante curso de personal shopper y asesor\u00eda de imagen)<\/p>\n<p style=\"text-align: center;\"><strong>Su propuesta<\/strong>: Look &#8220;new gentleman&#8221;: mezclar prendas b\u00e1sicas de aire cl\u00e1sico con complementos atrevidos.<\/p>\n<p style=\"text-align: center;\"><strong>Ficha su look<\/strong>: Camisa Tailor4less, americana cruzada de Zara, pantalones pitillo de Miss Sixty, zapatos de Silbon, gafas Asos y pa\u00f1uelo Scalper.<\/p>\n<p style=\"text-align: center;\"><strong>S\u00edguelo en<\/strong>: <a href=\"http:\/\/modaeresyenmodateconvertiras.blogspot.com.es\/\" rel=\"external nofollow\">http:\/\/modaeresyenmodateconvertiras.blogspot.com.es\/<\/a><\/p>\n<p style=\"text-align: center;\"><a href=\"\/pasarelaurbana\/wp-content\/uploads\/sites\/49\/2013\/04\/52.jpg\"><img loading=\"lazy\" class=\"aligncenter size-full wp-image-3988\" title=\"5\" src=\"\/pasarelaurbana\/wp-content\/uploads\/sites\/49\/2013\/04\/52.jpg\" alt=\"\" width=\"600\" height=\"900\" srcset=\"https:\/\/static-blogs.diariosur.es\/wp-content\/uploads\/sites\/49\/2013\/04\/52.jpg 600w, https:\/\/static-blogs.diariosur.es\/wp-content\/uploads\/sites\/49\/2013\/04\/52-200x300.jpg 200w\" sizes=\"(max-width: 600px) 100vw, 600px\" \/><\/a><\/p>\n<p style=\"text-align: center;\"><a href=\"\/pasarelaurbana\/wp-content\/uploads\/sites\/49\/2013\/04\/62.jpg\"><img loading=\"lazy\" class=\"aligncenter size-full wp-image-3989\" title=\"6\" src=\"\/pasarelaurbana\/wp-content\/uploads\/sites\/49\/2013\/04\/62.jpg\" alt=\"\" width=\"600\" height=\"400\" srcset=\"https:\/\/static-blogs.diariosur.es\/wp-content\/uploads\/sites\/49\/2013\/04\/62.jpg 600w, https:\/\/static-blogs.diariosur.es\/wp-content\/uploads\/sites\/49\/2013\/04\/62-300x200.jpg 300w\" sizes=\"(max-width: 600px) 100vw, 600px\" \/><\/a><\/p>\n<p style=\"text-align: center;\"><a href=\"\/pasarelaurbana\/wp-content\/uploads\/sites\/49\/2013\/04\/81.jpg\"><img loading=\"lazy\" class=\"aligncenter size-full wp-image-3990\" title=\"8\" src=\"\/pasarelaurbana\/wp-content\/uploads\/sites\/49\/2013\/04\/81.jpg\" alt=\"\" width=\"600\" height=\"400\" srcset=\"https:\/\/static-blogs.diariosur.es\/wp-content\/uploads\/sites\/49\/2013\/04\/81.jpg 600w, https:\/\/static-blogs.diariosur.es\/wp-content\/uploads\/sites\/49\/2013\/04\/81-300x200.jpg 300w\" sizes=\"(max-width: 600px) 100vw, 600px\" \/><\/a><\/p>\n<div id=\"attachment_3992\" style=\"width: 610px\" class=\"wp-caption aligncenter\"><a href=\"\/pasarelaurbana\/wp-content\/uploads\/sites\/49\/2013\/04\/91.jpg\"><img aria-describedby=\"caption-attachment-3992\" loading=\"lazy\" class=\"size-full wp-image-3992\" title=\"Demetrio lleva entre las m\u00faltiples pulseras que le caracterizan el modelo verde aventurina y obsidiana, a la venta el 21 de abril\" src=\"\/pasarelaurbana\/wp-content\/uploads\/sites\/49\/2013\/04\/91.jpg\" alt=\"Demetrio lleva entre las m\u00faltiples pulseras que le caracterizan el modelo verde aventurina y obsidiana, a la venta el 21 de abril\" width=\"600\" height=\"400\" srcset=\"https:\/\/static-blogs.diariosur.es\/wp-content\/uploads\/sites\/49\/2013\/04\/91.jpg 600w, https:\/\/static-blogs.diariosur.es\/wp-content\/uploads\/sites\/49\/2013\/04\/91-300x200.jpg 300w\" sizes=\"(max-width: 600px) 100vw, 600px\" \/><\/a><p id=\"caption-attachment-3992\" class=\"wp-caption-text\">Demetrio lleva entre las m\u00faltiples pulseras que le caracterizan el modelo verde aventurina y obsidiana, a la venta el 21 de abril<\/p><\/div>\n<p style=\"text-align: center;\"><strong>3 \u00bfQui\u00e9n es?<\/strong> Laura S\u00e1nchez<\/p>\n<p style=\"text-align: center;\"><strong>Su propuesta<\/strong>: Construir un &#8216;outfit&#8217; de aires &#8216;sporty chic&#8217; de inspiraci\u00f3n japonesa y rescatar el verde menta.<\/p>\n<p style=\"text-align: center;\"><strong>Ficha su look<\/strong>: Jersey &#8216;oversize&#8217; de Mango, pantal\u00f3n de Zara, deportivas Converse balncas y collar\u00a0 de H&#038;M.<\/p>\n<p style=\"text-align: center;\"><strong>S\u00edguela en<\/strong><a href=\"http:\/\/www.perrystreet66.com\/\" rel=\"external nofollow\">:<\/a> <a href=\"http:\/\/www.perrystreet.es\/\" rel=\"external nofollow\">www.perrystreet.es<\/a><\/p>\n<p>\u00a0<a href=\"\/pasarelaurbana\/wp-content\/uploads\/sites\/49\/2013\/04\/102.jpg\"><img loading=\"lazy\" class=\"aligncenter size-full wp-image-3983\" title=\"10\" src=\"\/pasarelaurbana\/wp-content\/uploads\/sites\/49\/2013\/04\/102.jpg\" alt=\"\" width=\"600\" height=\"900\" srcset=\"https:\/\/static-blogs.diariosur.es\/wp-content\/uploads\/sites\/49\/2013\/04\/102.jpg 600w, https:\/\/static-blogs.diariosur.es\/wp-content\/uploads\/sites\/49\/2013\/04\/102-200x300.jpg 200w\" sizes=\"(max-width: 600px) 100vw, 600px\" \/><\/a><\/p>\n<p><a href=\"\/pasarelaurbana\/wp-content\/uploads\/sites\/49\/2013\/04\/112.jpg\"><img loading=\"lazy\" class=\"aligncenter size-full wp-image-3994\" title=\"11\" src=\"\/pasarelaurbana\/wp-content\/uploads\/sites\/49\/2013\/04\/112.jpg\" alt=\"\" width=\"600\" height=\"400\" srcset=\"https:\/\/static-blogs.diariosur.es\/wp-content\/uploads\/sites\/49\/2013\/04\/112.jpg 600w, https:\/\/static-blogs.diariosur.es\/wp-content\/uploads\/sites\/49\/2013\/04\/112-300x200.jpg 300w\" sizes=\"(max-width: 600px) 100vw, 600px\" \/><\/a><\/p>\n<p><a href=\"\/pasarelaurbana\/wp-content\/uploads\/sites\/49\/2013\/04\/121.jpg\"><img loading=\"lazy\" class=\"aligncenter size-full wp-image-3995\" title=\"12\" src=\"\/pasarelaurbana\/wp-content\/uploads\/sites\/49\/2013\/04\/121.jpg\" alt=\"\" width=\"600\" height=\"400\" srcset=\"https:\/\/static-blogs.diariosur.es\/wp-content\/uploads\/sites\/49\/2013\/04\/121.jpg 600w, https:\/\/static-blogs.diariosur.es\/wp-content\/uploads\/sites\/49\/2013\/04\/121-300x200.jpg 300w\" sizes=\"(max-width: 600px) 100vw, 600px\" \/><\/a><\/p>\n<p><a href=\"\/pasarelaurbana\/wp-content\/uploads\/sites\/49\/2013\/04\/131.jpg\"><img loading=\"lazy\" class=\"aligncenter size-full wp-image-3996\" title=\"13\" src=\"\/pasarelaurbana\/wp-content\/uploads\/sites\/49\/2013\/04\/131.jpg\" alt=\"\" width=\"600\" height=\"400\" srcset=\"https:\/\/static-blogs.diariosur.es\/wp-content\/uploads\/sites\/49\/2013\/04\/131.jpg 600w, https:\/\/static-blogs.diariosur.es\/wp-content\/uploads\/sites\/49\/2013\/04\/131-300x200.jpg 300w\" sizes=\"(max-width: 600px) 100vw, 600px\" \/><\/a><\/p>\n<p style=\"text-align: center;\"><strong>4 \u00bfQui\u00e9n es?<\/strong> Nine Maza<\/p>\n<p style=\"text-align: center;\"><strong>Su propuesta<\/strong>: Mezclar kimonos con prendas de inspiraci\u00f3n militar.<\/p>\n<p style=\"text-align: center;\"><strong>Ficha su look<\/strong>: Kimono de Zara, camisa de Massimo Dutti, pantal\u00f3n de Mango, collar de Bimba y Lola y tacones de Zara.<\/p>\n<p style=\"text-align: center;\"><strong>S\u00edguela en<\/strong>: <a href=\"http:\/\/contaconesyaloloco.blogspot.com.es\/\" rel=\"external nofollow\">http:\/\/contaconesyaloloco.blogspot.com.es\/<\/a><\/p>\n<p style=\"text-align: center;\"><a href=\"\/pasarelaurbana\/wp-content\/uploads\/sites\/49\/2013\/04\/142.jpg\"><img loading=\"lazy\" class=\"aligncenter size-full wp-image-3997\" title=\"14\" src=\"\/pasarelaurbana\/wp-content\/uploads\/sites\/49\/2013\/04\/142.jpg\" alt=\"\" width=\"600\" height=\"900\" srcset=\"https:\/\/static-blogs.diariosur.es\/wp-content\/uploads\/sites\/49\/2013\/04\/142.jpg 600w, https:\/\/static-blogs.diariosur.es\/wp-content\/uploads\/sites\/49\/2013\/04\/142-200x300.jpg 200w\" sizes=\"(max-width: 600px) 100vw, 600px\" \/><\/a><\/p>\n<p style=\"text-align: center;\"><a href=\"\/pasarelaurbana\/wp-content\/uploads\/sites\/49\/2013\/04\/153.jpg\"><img loading=\"lazy\" class=\"aligncenter size-full wp-image-3998\" title=\"15\" src=\"\/pasarelaurbana\/wp-content\/uploads\/sites\/49\/2013\/04\/153.jpg\" alt=\"\" width=\"600\" height=\"400\" srcset=\"https:\/\/static-blogs.diariosur.es\/wp-content\/uploads\/sites\/49\/2013\/04\/153.jpg 600w, https:\/\/static-blogs.diariosur.es\/wp-content\/uploads\/sites\/49\/2013\/04\/153-300x200.jpg 300w\" sizes=\"(max-width: 600px) 100vw, 600px\" \/><\/a><\/p>\n<p style=\"text-align: center;\"><a href=\"\/pasarelaurbana\/wp-content\/uploads\/sites\/49\/2013\/04\/173.jpg\"><img loading=\"lazy\" class=\"aligncenter size-full wp-image-4000\" title=\"17\" src=\"\/pasarelaurbana\/wp-content\/uploads\/sites\/49\/2013\/04\/173.jpg\" alt=\"\" width=\"600\" height=\"400\" srcset=\"https:\/\/static-blogs.diariosur.es\/wp-content\/uploads\/sites\/49\/2013\/04\/173.jpg 600w, https:\/\/static-blogs.diariosur.es\/wp-content\/uploads\/sites\/49\/2013\/04\/173-300x200.jpg 300w\" sizes=\"(max-width: 600px) 100vw, 600px\" \/><\/a><\/p>\n<div id=\"attachment_3999\" style=\"width: 610px\" class=\"wp-caption aligncenter\"><a href=\"\/pasarelaurbana\/wp-content\/uploads\/sites\/49\/2013\/04\/163.jpg\"><img aria-describedby=\"caption-attachment-3999\" loading=\"lazy\" class=\"size-full wp-image-3999\" title=\"Nines lleva el modelo verde aventurina y obsidiana, a la venta el 21 de abril\" src=\"\/pasarelaurbana\/wp-content\/uploads\/sites\/49\/2013\/04\/163.jpg\" alt=\"Nines lleva el modelo verde aventurina y obsidiana, a la venta el 21 de abril\" width=\"600\" height=\"400\" srcset=\"https:\/\/static-blogs.diariosur.es\/wp-content\/uploads\/sites\/49\/2013\/04\/163.jpg 600w, https:\/\/static-blogs.diariosur.es\/wp-content\/uploads\/sites\/49\/2013\/04\/163-300x200.jpg 300w\" sizes=\"(max-width: 600px) 100vw, 600px\" \/><\/a><p id=\"caption-attachment-3999\" class=\"wp-caption-text\">Nine lleva el modelo verde aventurina y obsidiana, a la venta el 21 de abril<\/p><\/div>\n<p style=\"text-align: center;\"><strong>5 \u00bfQui\u00e9n es?<\/strong> Cristina L\u00f3pez<\/p>\n<p style=\"text-align: center;\"><strong>Su propuesta<\/strong>: Lucir kimonos orientales con vestidos vaporosos.<\/p>\n<p style=\"text-align: center;\"><strong>Ficha su look<\/strong>: Kimono de Zara, vestido de Stradivarius y tacones nude de Blanco.<\/p>\n<p style=\"text-align: center;\"><strong>S\u00edguela en<\/strong>:<a href=\"http:\/\/lachicadelamascara.blogspot.com.es\/\" rel=\"external nofollow\"> http:\/\/lachicadelamascara.blogspot.com.es\/<\/a><\/p>\n<p style=\"text-align: center;\"><a href=\"\/pasarelaurbana\/wp-content\/uploads\/sites\/49\/2013\/04\/181.jpg\"><img loading=\"lazy\" class=\"aligncenter size-full wp-image-4001\" title=\"18\" src=\"\/pasarelaurbana\/wp-content\/uploads\/sites\/49\/2013\/04\/181.jpg\" alt=\"\" width=\"600\" height=\"900\" srcset=\"https:\/\/static-blogs.diariosur.es\/wp-content\/uploads\/sites\/49\/2013\/04\/181.jpg 600w, https:\/\/static-blogs.diariosur.es\/wp-content\/uploads\/sites\/49\/2013\/04\/181-200x300.jpg 200w\" sizes=\"(max-width: 600px) 100vw, 600px\" \/><\/a><\/p>\n<p style=\"text-align: center;\"><a href=\"\/pasarelaurbana\/wp-content\/uploads\/sites\/49\/2013\/04\/192.jpg\"><img loading=\"lazy\" class=\"aligncenter size-full wp-image-4002\" title=\"19\" src=\"\/pasarelaurbana\/wp-content\/uploads\/sites\/49\/2013\/04\/192.jpg\" alt=\"\" width=\"600\" height=\"400\" srcset=\"https:\/\/static-blogs.diariosur.es\/wp-content\/uploads\/sites\/49\/2013\/04\/192.jpg 600w, https:\/\/static-blogs.diariosur.es\/wp-content\/uploads\/sites\/49\/2013\/04\/192-300x200.jpg 300w\" sizes=\"(max-width: 600px) 100vw, 600px\" \/><\/a><\/p>\n<div id=\"attachment_4003\" style=\"width: 610px\" class=\"wp-caption aligncenter\"><a href=\"\/pasarelaurbana\/wp-content\/uploads\/sites\/49\/2013\/04\/203.jpg\"><img aria-describedby=\"caption-attachment-4003\" loading=\"lazy\" class=\"size-full wp-image-4003\" title=\"Cristina lleva pulsera azul de lapislazuli, a la venta con SUR el 13 de abril\" src=\"\/pasarelaurbana\/wp-content\/uploads\/sites\/49\/2013\/04\/203.jpg\" alt=\"Cristina lleva pulsera azul de lapislazuli, a la venta con SUR el 13 de abril\" width=\"600\" height=\"400\" srcset=\"https:\/\/static-blogs.diariosur.es\/wp-content\/uploads\/sites\/49\/2013\/04\/203.jpg 600w, https:\/\/static-blogs.diariosur.es\/wp-content\/uploads\/sites\/49\/2013\/04\/203-300x200.jpg 300w\" sizes=\"(max-width: 600px) 100vw, 600px\" \/><\/a><p id=\"caption-attachment-4003\" class=\"wp-caption-text\">Cristina lleva pulsera azul de lapislazuli, a la venta con SUR el 13 de abril<\/p><\/div>\n<p style=\"text-align: center;\"><strong>6 \u00bfQui\u00e9n es?<\/strong> Ver\u00f3nica D\u00edaz<\/p>\n<p style=\"text-align: center;\"><strong>Su propuesta<\/strong>: Looks rom\u00e1nticos hiper femeninos de corte &#8216;lady&#8217; a base de tonos pasteles.<\/p>\n<p style=\"text-align: center;\"><strong>Ficha su look<\/strong>: Blusa de MinaUK (\u00a1preciosa! \u00a1un flechazo!), pantalones de Zara, chaqueta de Celop Punto, cu\u00f1as de Psyco Italia y anillo de Blanco.<\/p>\n<p style=\"text-align: center;\"><strong>S\u00edguela en<\/strong>: <a href=\"http:\/\/www.just-coco.com\/\" rel=\"external nofollow\">http:\/\/www.just-coco.com\/<\/a><\/p>\n<p style=\"text-align: center;\"><a href=\"\/pasarelaurbana\/wp-content\/uploads\/sites\/49\/2013\/04\/213.jpg\"><img loading=\"lazy\" class=\"aligncenter size-full wp-image-3993\" title=\"21\" src=\"\/pasarelaurbana\/wp-content\/uploads\/sites\/49\/2013\/04\/213.jpg\" alt=\"\" width=\"600\" height=\"900\" srcset=\"https:\/\/static-blogs.diariosur.es\/wp-content\/uploads\/sites\/49\/2013\/04\/213.jpg 600w, https:\/\/static-blogs.diariosur.es\/wp-content\/uploads\/sites\/49\/2013\/04\/213-200x300.jpg 200w\" sizes=\"(max-width: 600px) 100vw, 600px\" \/><\/a><\/p>\n<p style=\"text-align: center;\"><a href=\"\/pasarelaurbana\/wp-content\/uploads\/sites\/49\/2013\/04\/222.jpg\"><img loading=\"lazy\" class=\"aligncenter size-full wp-image-4005\" title=\"22\" src=\"\/pasarelaurbana\/wp-content\/uploads\/sites\/49\/2013\/04\/222.jpg\" alt=\"\" width=\"600\" height=\"900\" srcset=\"https:\/\/static-blogs.diariosur.es\/wp-content\/uploads\/sites\/49\/2013\/04\/222.jpg 600w, https:\/\/static-blogs.diariosur.es\/wp-content\/uploads\/sites\/49\/2013\/04\/222-200x300.jpg 200w\" sizes=\"(max-width: 600px) 100vw, 600px\" \/><\/a><\/p>\n<p style=\"text-align: center;\"><a href=\"\/pasarelaurbana\/wp-content\/uploads\/sites\/49\/2013\/04\/231.jpg\"><img loading=\"lazy\" class=\"aligncenter size-full wp-image-4006\" title=\"23\" src=\"\/pasarelaurbana\/wp-content\/uploads\/sites\/49\/2013\/04\/231.jpg\" alt=\"\" width=\"600\" height=\"400\" srcset=\"https:\/\/static-blogs.diariosur.es\/wp-content\/uploads\/sites\/49\/2013\/04\/231.jpg 600w, https:\/\/static-blogs.diariosur.es\/wp-content\/uploads\/sites\/49\/2013\/04\/231-300x200.jpg 300w\" sizes=\"(max-width: 600px) 100vw, 600px\" \/><\/a><\/p>\n<div id=\"attachment_4007\" style=\"width: 610px\" class=\"wp-caption aligncenter\"><a href=\"\/pasarelaurbana\/wp-content\/uploads\/sites\/49\/2013\/04\/243.jpg\"><img aria-describedby=\"caption-attachment-4007\" loading=\"lazy\" class=\"size-full wp-image-4007\" title=\"Ver\u00f3nica eligi\u00f3 para comlpetar su cuidado look la pulsera rosa con cuarzo y granate, en los kioscos el 14 de abril\" src=\"\/pasarelaurbana\/wp-content\/uploads\/sites\/49\/2013\/04\/243.jpg\" alt=\"Ver\u00f3nica eligi\u00f3 para comlpetar su cuidado look la pulsera rosa con cuarzo y granate, en los kioscos el 14 de abril\" width=\"600\" height=\"400\" srcset=\"https:\/\/static-blogs.diariosur.es\/wp-content\/uploads\/sites\/49\/2013\/04\/243.jpg 600w, https:\/\/static-blogs.diariosur.es\/wp-content\/uploads\/sites\/49\/2013\/04\/243-300x200.jpg 300w\" sizes=\"(max-width: 600px) 100vw, 600px\" \/><\/a><p id=\"caption-attachment-4007\" class=\"wp-caption-text\">Ver\u00f3nica eligi\u00f3 para comlpetar su cuidado look la pulsera rosa con cuarzo y granate, en los kioscos el 14 de abril<\/p><\/div>\n<p style=\"text-align: center;\">\u00a0<strong>7 \u00bfQui\u00e9n es?<\/strong> Antonio Jurado<\/p>\n<p style=\"text-align: center;\"><strong>Su propuesta<\/strong>: Combinar prendas de corte cl\u00e1sico con toques de tendencia: en su caso las gafas redondas de Zara y los mocasines verde esmeralda (color revelaci\u00f3n de este 2013) de Primark. Nos encant\u00f3 su camisa con estampado de mini bicicletas con el pa\u00f1uelo a juego.<\/p>\n<p style=\"text-align: center;\"><strong>Ficha su look<\/strong>: Camisa de Selected, pantal\u00f3n tobillero de Pull&#038;Bear, blazer de Zara, mocasines de Primark, gafas de Zara y clutch y pulsera con tachuelas de Stella Rittwagen.<\/p>\n<p style=\"text-align: center;\"><strong>S\u00edguela en<\/strong>:<a href=\"http:\/\/www.yoavogueytuacalifornia.com\/\" rel=\"external nofollow\"> http:\/\/www.yoavogueytuacalifornia.com\/<\/a><\/p>\n<p style=\"text-align: center;\"><a href=\"\/pasarelaurbana\/wp-content\/uploads\/sites\/49\/2013\/04\/251.jpg\"><img loading=\"lazy\" class=\"aligncenter size-full wp-image-4008\" title=\"25\" src=\"\/pasarelaurbana\/wp-content\/uploads\/sites\/49\/2013\/04\/251.jpg\" alt=\"\" width=\"600\" height=\"900\" srcset=\"https:\/\/static-blogs.diariosur.es\/wp-content\/uploads\/sites\/49\/2013\/04\/251.jpg 600w, https:\/\/static-blogs.diariosur.es\/wp-content\/uploads\/sites\/49\/2013\/04\/251-200x300.jpg 200w\" sizes=\"(max-width: 600px) 100vw, 600px\" \/><\/a><\/p>\n<p style=\"text-align: center;\"><a href=\"\/pasarelaurbana\/wp-content\/uploads\/sites\/49\/2013\/04\/261.jpg\"><img loading=\"lazy\" class=\"aligncenter size-full wp-image-4010\" title=\"26\" src=\"\/pasarelaurbana\/wp-content\/uploads\/sites\/49\/2013\/04\/261.jpg\" alt=\"\" width=\"600\" height=\"400\" srcset=\"https:\/\/static-blogs.diariosur.es\/wp-content\/uploads\/sites\/49\/2013\/04\/261.jpg 600w, https:\/\/static-blogs.diariosur.es\/wp-content\/uploads\/sites\/49\/2013\/04\/261-300x200.jpg 300w\" sizes=\"(max-width: 600px) 100vw, 600px\" \/><\/a><\/p>\n<p style=\"text-align: center;\"><a href=\"\/pasarelaurbana\/wp-content\/uploads\/sites\/49\/2013\/04\/27.jpg\"><img loading=\"lazy\" class=\"aligncenter size-full wp-image-4011\" title=\"27\" src=\"\/pasarelaurbana\/wp-content\/uploads\/sites\/49\/2013\/04\/27.jpg\" alt=\"\" width=\"600\" height=\"400\" srcset=\"https:\/\/static-blogs.diariosur.es\/wp-content\/uploads\/sites\/49\/2013\/04\/27.jpg 600w, https:\/\/static-blogs.diariosur.es\/wp-content\/uploads\/sites\/49\/2013\/04\/27-300x200.jpg 300w\" sizes=\"(max-width: 600px) 100vw, 600px\" \/><\/a><\/p>\n<div id=\"attachment_4012\" style=\"width: 610px\" class=\"wp-caption aligncenter\"><a href=\"\/pasarelaurbana\/wp-content\/uploads\/sites\/49\/2013\/04\/281.jpg\"><img aria-describedby=\"caption-attachment-4012\" loading=\"lazy\" class=\"size-full wp-image-4012\" title=\"Antonio, con pulsera azul de lapislazuli, con SUR el 13 de abril.\" src=\"\/pasarelaurbana\/wp-content\/uploads\/sites\/49\/2013\/04\/281.jpg\" alt=\"Antonio, con pulsera azul de lapislazuli, con SUR el 13 de abril.\" width=\"600\" height=\"400\" srcset=\"https:\/\/static-blogs.diariosur.es\/wp-content\/uploads\/sites\/49\/2013\/04\/281.jpg 600w, https:\/\/static-blogs.diariosur.es\/wp-content\/uploads\/sites\/49\/2013\/04\/281-300x200.jpg 300w\" sizes=\"(max-width: 600px) 100vw, 600px\" \/><\/a><p id=\"caption-attachment-4012\" class=\"wp-caption-text\">Antonio, con pulsera azul de lapislazuli, con SUR el 13 de abril.<\/p><\/div>\n<p style=\"text-align: center;\"><strong>8 \u00bfQui\u00e9n es?<\/strong> Virginia Carmona.<\/p>\n<p style=\"text-align: center;\"><strong>Su propuesta<\/strong>: Recurrir a mini vestidos de print floral y geom\u00e9trico de inspiraci\u00f3n \u00e9tnica con superposiciones de encajes. Su truco: ganar feminidad ci\u00f1endo los vestidos con mini cinturones.<\/p>\n<p style=\"text-align: center;\"><strong>Ficha su look<\/strong>: Vestido de Okeysi, chaleco de Pimkie, cintur\u00f3n Bershka, zapatos de Blanco, clutch y collar de The Chic.<\/p>\n<p style=\"text-align: center;\"><strong>S\u00edguela en<\/strong>: <a href=\"http:\/\/blogs.diariosur.es\/vistetecomopuedas\/\">http:\/\/blogs.diariosur.es\/vistetecomopuedas\/<\/a><\/p>\n<p style=\"text-align: center;\"><a href=\"\/pasarelaurbana\/wp-content\/uploads\/sites\/49\/2013\/04\/292.jpg\"><img loading=\"lazy\" class=\"aligncenter size-full wp-image-4014\" title=\"29\" src=\"\/pasarelaurbana\/wp-content\/uploads\/sites\/49\/2013\/04\/292.jpg\" alt=\"\" width=\"600\" height=\"900\" srcset=\"https:\/\/static-blogs.diariosur.es\/wp-content\/uploads\/sites\/49\/2013\/04\/292.jpg 600w, https:\/\/static-blogs.diariosur.es\/wp-content\/uploads\/sites\/49\/2013\/04\/292-200x300.jpg 200w\" sizes=\"(max-width: 600px) 100vw, 600px\" \/><\/a><\/p>\n<p style=\"text-align: center;\"><a href=\"\/pasarelaurbana\/wp-content\/uploads\/sites\/49\/2013\/04\/30.jpg\"><img loading=\"lazy\" class=\"aligncenter size-full wp-image-4015\" title=\"30\" src=\"\/pasarelaurbana\/wp-content\/uploads\/sites\/49\/2013\/04\/30.jpg\" alt=\"\" width=\"600\" height=\"400\" srcset=\"https:\/\/static-blogs.diariosur.es\/wp-content\/uploads\/sites\/49\/2013\/04\/30.jpg 600w, https:\/\/static-blogs.diariosur.es\/wp-content\/uploads\/sites\/49\/2013\/04\/30-300x200.jpg 300w\" sizes=\"(max-width: 600px) 100vw, 600px\" \/><\/a><\/p>\n<p style=\"text-align: center;\"><a href=\"\/pasarelaurbana\/wp-content\/uploads\/sites\/49\/2013\/04\/321.jpg\"><img loading=\"lazy\" class=\"aligncenter size-full wp-image-4017\" title=\"32\" src=\"\/pasarelaurbana\/wp-content\/uploads\/sites\/49\/2013\/04\/321.jpg\" alt=\"\" width=\"600\" height=\"400\" srcset=\"https:\/\/static-blogs.diariosur.es\/wp-content\/uploads\/sites\/49\/2013\/04\/321.jpg 600w, https:\/\/static-blogs.diariosur.es\/wp-content\/uploads\/sites\/49\/2013\/04\/321-300x200.jpg 300w\" sizes=\"(max-width: 600px) 100vw, 600px\" \/><\/a><\/p>\n<p style=\"text-align: center;\"><a href=\"\/pasarelaurbana\/wp-content\/uploads\/sites\/49\/2013\/04\/331.jpg\"><img loading=\"lazy\" class=\"aligncenter size-full wp-image-4018\" title=\"33\" src=\"\/pasarelaurbana\/wp-content\/uploads\/sites\/49\/2013\/04\/331.jpg\" alt=\"\" width=\"600\" height=\"400\" srcset=\"https:\/\/static-blogs.diariosur.es\/wp-content\/uploads\/sites\/49\/2013\/04\/331.jpg 600w, https:\/\/static-blogs.diariosur.es\/wp-content\/uploads\/sites\/49\/2013\/04\/331-300x200.jpg 300w\" sizes=\"(max-width: 600px) 100vw, 600px\" \/><\/a><\/p>\n<div id=\"attachment_4016\" style=\"width: 610px\" class=\"wp-caption aligncenter\"><a href=\"\/pasarelaurbana\/wp-content\/uploads\/sites\/49\/2013\/04\/313.jpg\"><img aria-describedby=\"caption-attachment-4016\" loading=\"lazy\" class=\" wp-image-4016\" title=\"Virginia con pulsera roja de perlas, este domingo con SUR\" src=\"\/pasarelaurbana\/wp-content\/uploads\/sites\/49\/2013\/04\/313.jpg\" alt=\"Virginia con pulsera roja de perlas, este domingo con SUR\" width=\"600\" height=\"900\" srcset=\"https:\/\/static-blogs.diariosur.es\/wp-content\/uploads\/sites\/49\/2013\/04\/313.jpg 600w, https:\/\/static-blogs.diariosur.es\/wp-content\/uploads\/sites\/49\/2013\/04\/313-200x300.jpg 200w\" sizes=\"(max-width: 600px) 100vw, 600px\" \/><\/a><p id=\"caption-attachment-4016\" class=\"wp-caption-text\">Virginia con pulsera roja de perlas, este domingo con SUR<\/p><\/div>\n<p style=\"text-align: center;\"><strong>9 \u00bfQui\u00e9n es?<\/strong> Rocio Gentile<\/p>\n<p style=\"text-align: center;\"><strong>Su propuesta<\/strong>: Apostar por el print floral, infalible en primavera, y combinarlo con prendas blancas, \u00a1tan favorecedoras en cuanto una luce bronceado!<\/p>\n<p style=\"text-align: center;\"><strong>Ficha su look<\/strong>: Camiseta, falda y zapatos de Zara (en honor al nombre de su blog).<\/p>\n<p style=\"text-align: center;\"><strong>S\u00edguela en<\/strong>: <a href=\"http:\/\/soyunachicazara.blogspot.com.es\/\" rel=\"external nofollow\">http:\/\/soyunachicazara.blogspot.com.es\/<\/a><\/p>\n<p style=\"text-align: center;\"><a href=\"\/pasarelaurbana\/wp-content\/uploads\/sites\/49\/2013\/04\/341.jpg\"><img loading=\"lazy\" class=\"aligncenter size-full wp-image-4019\" title=\"34\" src=\"\/pasarelaurbana\/wp-content\/uploads\/sites\/49\/2013\/04\/341.jpg\" alt=\"\" width=\"600\" height=\"900\" srcset=\"https:\/\/static-blogs.diariosur.es\/wp-content\/uploads\/sites\/49\/2013\/04\/341.jpg 600w, https:\/\/static-blogs.diariosur.es\/wp-content\/uploads\/sites\/49\/2013\/04\/341-200x300.jpg 200w\" sizes=\"(max-width: 600px) 100vw, 600px\" \/><\/a><\/p>\n<p style=\"text-align: center;\"><a href=\"\/pasarelaurbana\/wp-content\/uploads\/sites\/49\/2013\/04\/351.jpg\"><img loading=\"lazy\" class=\"aligncenter size-full wp-image-4020\" title=\"35\" src=\"\/pasarelaurbana\/wp-content\/uploads\/sites\/49\/2013\/04\/351.jpg\" alt=\"\" width=\"600\" height=\"400\" srcset=\"https:\/\/static-blogs.diariosur.es\/wp-content\/uploads\/sites\/49\/2013\/04\/351.jpg 600w, https:\/\/static-blogs.diariosur.es\/wp-content\/uploads\/sites\/49\/2013\/04\/351-300x200.jpg 300w\" sizes=\"(max-width: 600px) 100vw, 600px\" \/><\/a><\/p>\n<div id=\"attachment_4021\" style=\"width: 610px\" class=\"wp-caption aligncenter\"><a href=\"\/pasarelaurbana\/wp-content\/uploads\/sites\/49\/2013\/04\/361.jpg\"><img aria-describedby=\"caption-attachment-4021\" loading=\"lazy\" class=\"size-full wp-image-4021\" title=\"Rocio, con la pulsera roja con perlas que da SUR este domingo\" src=\"\/pasarelaurbana\/wp-content\/uploads\/sites\/49\/2013\/04\/361.jpg\" alt=\"Rocio, con la pulsera roja con perlas que da SUR este domingo\" width=\"600\" height=\"400\" srcset=\"https:\/\/static-blogs.diariosur.es\/wp-content\/uploads\/sites\/49\/2013\/04\/361.jpg 600w, https:\/\/static-blogs.diariosur.es\/wp-content\/uploads\/sites\/49\/2013\/04\/361-300x200.jpg 300w\" sizes=\"(max-width: 600px) 100vw, 600px\" \/><\/a><p id=\"caption-attachment-4021\" class=\"wp-caption-text\">Rocio, con la pulsera roja con perlas que da SUR este domingo<\/p><\/div>\n<p style=\"text-align: center;\">\u00a0<strong>10 \u00bfQui\u00e9n es?<\/strong> F\u00e1tima Burgos<\/p>\n<p style=\"text-align: center;\"><strong>Su propuesta<\/strong>: Recuperar el peto,\u00a0 &#8220;que va a arrasar esta primavera&#8221;, advierte.<\/p>\n<p style=\"text-align: center;\"><strong>Ficha su look<\/strong>: Peto vaquero de C&#038;A, camiseta Zara, chaqueta de Primark, botines Dunes Stores y bolso Zara.<\/p>\n<p style=\"text-align: center;\"><strong>S\u00edguela en<\/strong>: <a href=\"http:\/\/valentinamode.blogspot.com.es\/\" rel=\"external nofollow\">http:\/\/valentinamode.blogspot.com.es\/<\/a><\/p>\n<p style=\"text-align: center;\"><a href=\"\/pasarelaurbana\/wp-content\/uploads\/sites\/49\/2013\/04\/37.jpg\"><img loading=\"lazy\" class=\"aligncenter size-full wp-image-4022\" title=\"37\" src=\"\/pasarelaurbana\/wp-content\/uploads\/sites\/49\/2013\/04\/37.jpg\" alt=\"\" width=\"600\" height=\"900\" srcset=\"https:\/\/static-blogs.diariosur.es\/wp-content\/uploads\/sites\/49\/2013\/04\/37.jpg 600w, https:\/\/static-blogs.diariosur.es\/wp-content\/uploads\/sites\/49\/2013\/04\/37-200x300.jpg 200w\" sizes=\"(max-width: 600px) 100vw, 600px\" \/><\/a><\/p>\n<p style=\"text-align: center;\"><a href=\"\/pasarelaurbana\/wp-content\/uploads\/sites\/49\/2013\/04\/38.jpg\"><img loading=\"lazy\" class=\"aligncenter size-full wp-image-4023\" title=\"38\" src=\"\/pasarelaurbana\/wp-content\/uploads\/sites\/49\/2013\/04\/38.jpg\" alt=\"\" width=\"600\" height=\"900\" srcset=\"https:\/\/static-blogs.diariosur.es\/wp-content\/uploads\/sites\/49\/2013\/04\/38.jpg 600w, https:\/\/static-blogs.diariosur.es\/wp-content\/uploads\/sites\/49\/2013\/04\/38-200x300.jpg 200w\" sizes=\"(max-width: 600px) 100vw, 600px\" \/><\/a><\/p>\n<p style=\"text-align: center;\"><a href=\"\/pasarelaurbana\/wp-content\/uploads\/sites\/49\/2013\/04\/39.jpg\"><img loading=\"lazy\" class=\"aligncenter size-full wp-image-4024\" title=\"39\" src=\"\/pasarelaurbana\/wp-content\/uploads\/sites\/49\/2013\/04\/39.jpg\" alt=\"\" width=\"600\" height=\"400\" srcset=\"https:\/\/static-blogs.diariosur.es\/wp-content\/uploads\/sites\/49\/2013\/04\/39.jpg 600w, https:\/\/static-blogs.diariosur.es\/wp-content\/uploads\/sites\/49\/2013\/04\/39-300x200.jpg 300w\" sizes=\"(max-width: 600px) 100vw, 600px\" \/><\/a><\/p>\n<div id=\"attachment_4025\" style=\"width: 610px\" class=\"wp-caption aligncenter\"><a href=\"\/pasarelaurbana\/wp-content\/uploads\/sites\/49\/2013\/04\/40.jpg\"><img aria-describedby=\"caption-attachment-4025\" loading=\"lazy\" class=\"size-full wp-image-4025\" title=\"F\u00e1tima con la pulsera turquesa, en los kioscos con SUR el 27 de abril\" src=\"\/pasarelaurbana\/wp-content\/uploads\/sites\/49\/2013\/04\/40.jpg\" alt=\"F\u00e1tima con la pulsera turquesa, en los kioscos con SUR el 27 de abril\" width=\"600\" height=\"900\" srcset=\"https:\/\/static-blogs.diariosur.es\/wp-content\/uploads\/sites\/49\/2013\/04\/40.jpg 600w, https:\/\/static-blogs.diariosur.es\/wp-content\/uploads\/sites\/49\/2013\/04\/40-200x300.jpg 200w\" sizes=\"(max-width: 600px) 100vw, 600px\" \/><\/a><p id=\"caption-attachment-4025\" class=\"wp-caption-text\">F\u00e1tima con la pulsera turquesa, en los kioscos con SUR el 27 de abril<\/p><\/div>\n<p style=\"text-align: center;\">Y para terminar, os dejo esta preciosa foto con todos ellos en la terraza de SUR. \u00a1Gracias a todos por vuestra colaboraci\u00f3n!<\/p>\n<p style=\"text-align: center;\"><a href=\"\/pasarelaurbana\/wp-content\/uploads\/sites\/49\/2013\/04\/422.jpg\"><img loading=\"lazy\" class=\"aligncenter size-full wp-image-4026\" title=\"42\" src=\"\/pasarelaurbana\/wp-content\/uploads\/sites\/49\/2013\/04\/422.jpg\" alt=\"\" width=\"600\" height=\"400\" srcset=\"https:\/\/static-blogs.diariosur.es\/wp-content\/uploads\/sites\/49\/2013\/04\/422.jpg 600w, https:\/\/static-blogs.diariosur.es\/wp-content\/uploads\/sites\/49\/2013\/04\/422-300x200.jpg 300w\" sizes=\"(max-width: 600px) 100vw, 600px\" \/><\/a><\/p>\n<p>&nbsp;<\/p>\n","protected":false},"excerpt":{"rendered":"<p>\u00a0Amar\u00e1s las rayas en su formato bicolor. Te\u00f1ir\u00e1s tus \u2018looks\u2019 de colores vitam\u00ednicos. Santificar\u00e1s los kimonos. Incorporar\u00e1s un mono a tu armario. Reciclar\u00e1s el estilo marinero. Presumir\u00e1s de prendas \u00e9tnicas. Te subir\u00e1s a unas cu\u00f1as. Tus \u2018outfits\u2019 se llenar\u00e1n de flores. Endulzar\u00e1s tus prendas con tonos pasteles y lucir\u00e1s maxi collares y multi pulseras. Cada [&hellip;]<\/p>\n","protected":false},"author":54,"featured_media":0,"comment_status":"open","ping_status":"closed","sticky":false,"template":"","format":"standard","meta":[],"categories":[2],"tags":[],"_links":{"self":[{"href":"https:\/\/blogs.diariosur.es\/pasarelaurbana\/wp-json\/wp\/v2\/posts\/3982"}],"collection":[{"href":"https:\/\/blogs.diariosur.es\/pasarelaurbana\/wp-json\/wp\/v2\/posts"}],"about":[{"href":"https:\/\/blogs.diariosur.es\/pasarelaurbana\/wp-json\/wp\/v2\/types\/post"}],"author":[{"embeddable":true,"href":"https:\/\/blogs.diariosur.es\/pasarelaurbana\/wp-json\/wp\/v2\/users\/54"}],"replies":[{"embeddable":true,"href":"https:\/\/blogs.diariosur.es\/pasarelaurbana\/wp-json\/wp\/v2\/comments?post=3982"}],"version-history":[{"count":0,"href":"https:\/\/blogs.diariosur.es\/pasarelaurbana\/wp-json\/wp\/v2\/posts\/3982\/revisions"}],"wp:attachment":[{"href":"https:\/\/blogs.diariosur.es\/pasarelaurbana\/wp-json\/wp\/v2\/media?parent=3982"}],"wp:term":[{"taxonomy":"category","embeddable":true,"href":"https:\/\/blogs.diariosur.es\/pasarelaurbana\/wp-json\/wp\/v2\/categories?post=3982"},{"taxonomy":"post_tag","embeddable":true,"href":"https:\/\/blogs.diariosur.es\/pasarelaurbana\/wp-json\/wp\/v2\/tags?post=3982"}],"curies":[{"name":"wp","href":"https:\/\/api.w.org\/{rel}","templated":true}]}}