{"id":4029,"date":"2013-04-08T14:37:16","date_gmt":"2013-04-08T12:37:16","guid":{"rendered":"http:\/\/blogs.diariosur.es\/pasarelaurbana\/?p=4029"},"modified":"2013-04-08T14:37:16","modified_gmt":"2013-04-08T12:37:16","slug":"la-escuela-idacem-desembarca-en-malaga","status":"publish","type":"post","link":"https:\/\/blogs.diariosur.es\/pasarelaurbana\/2013\/04\/08\/la-escuela-idacem-desembarca-en-malaga\/","title":{"rendered":"La escuela Idacem desembarca en M\u00e1laga"},"content":{"rendered":"<p style=\"text-align: center;\">\u00a1Feliz lunes! Arrancamos una nueva semana&#8230;\u00a1y por fin parece que con tiempo primaveral, que ya va tocando! Si os gusta la moda y quer\u00e9is formaros como personal shopper \u00a0(una profesi\u00f3n que ha despegado con fuerza en los \u00faltimos a\u00f1os) os va a interesar este post. \u00a0Y es que hoy quiero hablaros de un interesante curso que se impartir\u00e1 en M\u00e1laga a partir de la pr\u00f3xima semana. La reconocida Escuela\u00a0\u00a0Universitaria de Marketing y Moda IDACEM (asentada en Madrid) desembarca en la provincia con su oferta de formaci\u00f3n. Su debut ser\u00e1 el d\u00eda\u00a019 de abril, cuando comenzar\u00e1 a impartir su primer curso t\u00e9cnico en asesor\u00eda de moda y personal shopper en la sede de la Escuela de Turismo \u00a0(ubicada en\u00a0Paseo de Sancha 13). Ante la gran demanda registrada en el sur de Espa\u00f1a Idacem ha decidido expandirse e inaugurar escuela en la capital, convertida as\u00ed en el primer destino de su expansi\u00f3n nacional. Durante cinco fines de semana (un total de \u00a050 horas) los alumnos aprender\u00e1n a identificar los gustos y necesidades del cliente, estructurar su fondo de armario, asesorar sobre etiqueta, dise\u00f1ar rutas de tiendas personalizadas y conocer las \u00faltimas tendencias en moda y cosm\u00e9tica.<\/p>\n<div style=\"text-align: center;\">Lo mejor, a mi juicio, es el claustro de profesores que componen este curso, entre los que que se encuentran\u00a0Daniel Pacheco (director de Idacem, especialista en marketing y fashion marketing y consultor profesional); Anitta Ruiz (estilista y empresaria encargada de impartir las clases de Historia de la Moda, Etiqueta Femenina y Estilismo) Jos\u00e9 Airam (autor del reconocido blog de E-CoolSystem, quien ser\u00e1 responsable de los contenidos de Moda y Etiqueta Masculina) , Mayte de la Iglesia (modelo, dise\u00f1adora y estilista, quien impartir\u00e1 clase sobre Comunicaci\u00f3n, eventos y redes sociales) y el blogger y comunicador de moda malague\u00f1o Demetrio de la Torre, de &#8216;Moda eres y en moda te convertir\u00e1s&#8217;. Adem\u00e1s, otro de los platos fuertes es la presencia en el cuerpo docente de \u00a0Estefan\u00eda Garc\u00eda, autora del blog de moda &#8216;Con dos tacones&#8217;, uno de los m\u00e1s visitados de Espa\u00f1a. Garc\u00eda, periodista, licenciada en Filolog\u00eda Hisp\u00e1nica, \u00a0es la encargada del bloque de\u00a0Asesor\u00eda de Imagen y Personal Shopper como tal.<\/div>\n<div style=\"text-align: center;\"><\/div>\n<div style=\"text-align: center;\">Para celebrar la llegada de Idacem a M\u00e1laga, la escuela organiz\u00f3 el pasado viernes un c\u00f3ctel-presentaci\u00f3n en La Moraga de Antonio Mart\u00edn a la que tuve la suerte de asistir junto a destacados profesionales de la moda y bloggeras malague\u00f1as. Durante el acto, Daniel Pacheco, director de Idacem, subray\u00f3 su apuesta por M\u00e1laga, ciudad que considera uno de los &#8220;epicentros&#8221; de la moda y anunci\u00f3 que el matrimonio de la escuela con la capital ser\u00e1 duradero. As\u00ed, adelant\u00f3 que su intenci\u00f3n es que la ciudad acoja pr\u00f3ximamente su M\u00e1ster en Marketing y Comunicaci\u00f3n de Moda. Por su parte, Estefan\u00eda Garc\u00eda (ue no se perdi\u00f3 la cita), afirm\u00f3 que M\u00e1laga es como su &#8220;segunda casa&#8221; y se mostr\u00f3 &#8220;encantada&#8221; de poder impartir su formaci\u00f3n.<\/div>\n<div style=\"text-align: center;\">Os dejo con las fotos del acto. \u00a1Hasta ma\u00f1ana!<\/div>\n<p><a href=\"\/pasarelaurbana\/wp-content\/uploads\/sites\/49\/2013\/04\/43.jpg\"><img loading=\"lazy\" class=\"aligncenter size-full wp-image-4033\" title=\"4\" src=\"\/pasarelaurbana\/wp-content\/uploads\/sites\/49\/2013\/04\/43.jpg\" alt=\"\" width=\"600\" height=\"400\" srcset=\"https:\/\/static-blogs.diariosur.es\/wp-content\/uploads\/sites\/49\/2013\/04\/43.jpg 600w, https:\/\/static-blogs.diariosur.es\/wp-content\/uploads\/sites\/49\/2013\/04\/43-300x200.jpg 300w\" sizes=\"(max-width: 600px) 100vw, 600px\" \/><\/a><!--more--><\/p>\n<p><a href=\"\/pasarelaurbana\/wp-content\/uploads\/sites\/49\/2013\/04\/113.jpg\"><img loading=\"lazy\" class=\"aligncenter size-full wp-image-4030\" title=\"1\" src=\"\/pasarelaurbana\/wp-content\/uploads\/sites\/49\/2013\/04\/113.jpg\" alt=\"\" width=\"600\" height=\"803\" srcset=\"https:\/\/static-blogs.diariosur.es\/wp-content\/uploads\/sites\/49\/2013\/04\/113.jpg 600w, https:\/\/static-blogs.diariosur.es\/wp-content\/uploads\/sites\/49\/2013\/04\/113-224x300.jpg 224w\" sizes=\"(max-width: 600px) 100vw, 600px\" \/><\/a><\/p>\n<p><a href=\"\/pasarelaurbana\/wp-content\/uploads\/sites\/49\/2013\/04\/92.jpg\"><img loading=\"lazy\" class=\"aligncenter size-full wp-image-4037\" title=\"9\" src=\"\/pasarelaurbana\/wp-content\/uploads\/sites\/49\/2013\/04\/92.jpg\" alt=\"\" width=\"600\" height=\"900\" srcset=\"https:\/\/static-blogs.diariosur.es\/wp-content\/uploads\/sites\/49\/2013\/04\/92.jpg 600w, https:\/\/static-blogs.diariosur.es\/wp-content\/uploads\/sites\/49\/2013\/04\/92-200x300.jpg 200w\" sizes=\"(max-width: 600px) 100vw, 600px\" \/><\/a><\/p>\n<p><a href=\"\/pasarelaurbana\/wp-content\/uploads\/sites\/49\/2013\/04\/114.jpg\"><img loading=\"lazy\" class=\"aligncenter size-full wp-image-4039\" title=\"11\" src=\"\/pasarelaurbana\/wp-content\/uploads\/sites\/49\/2013\/04\/114.jpg\" alt=\"\" width=\"600\" height=\"400\" srcset=\"https:\/\/static-blogs.diariosur.es\/wp-content\/uploads\/sites\/49\/2013\/04\/114.jpg 600w, https:\/\/static-blogs.diariosur.es\/wp-content\/uploads\/sites\/49\/2013\/04\/114-300x200.jpg 300w\" sizes=\"(max-width: 600px) 100vw, 600px\" \/><\/a><\/p>\n<p><a href=\"\/pasarelaurbana\/wp-content\/uploads\/sites\/49\/2013\/04\/72.jpg\"><img loading=\"lazy\" class=\"aligncenter size-full wp-image-4035\" title=\"7\" src=\"\/pasarelaurbana\/wp-content\/uploads\/sites\/49\/2013\/04\/72.jpg\" alt=\"\" width=\"600\" height=\"448\" srcset=\"https:\/\/static-blogs.diariosur.es\/wp-content\/uploads\/sites\/49\/2013\/04\/72.jpg 600w, https:\/\/static-blogs.diariosur.es\/wp-content\/uploads\/sites\/49\/2013\/04\/72-300x224.jpg 300w\" sizes=\"(max-width: 600px) 100vw, 600px\" \/><\/a><\/p>\n<p><a href=\"\/pasarelaurbana\/wp-content\/uploads\/sites\/49\/2013\/04\/53.jpg\"><img loading=\"lazy\" class=\"aligncenter size-full wp-image-4034\" title=\"5\" src=\"\/pasarelaurbana\/wp-content\/uploads\/sites\/49\/2013\/04\/53.jpg\" alt=\"\" width=\"600\" height=\"400\" srcset=\"https:\/\/static-blogs.diariosur.es\/wp-content\/uploads\/sites\/49\/2013\/04\/53.jpg 600w, https:\/\/static-blogs.diariosur.es\/wp-content\/uploads\/sites\/49\/2013\/04\/53-300x200.jpg 300w\" sizes=\"(max-width: 600px) 100vw, 600px\" \/><\/a><\/p>\n<p><a href=\"\/pasarelaurbana\/wp-content\/uploads\/sites\/49\/2013\/04\/103.jpg\"><img loading=\"lazy\" class=\"aligncenter size-full wp-image-4038\" title=\"10\" src=\"\/pasarelaurbana\/wp-content\/uploads\/sites\/49\/2013\/04\/103.jpg\" alt=\"\" width=\"600\" height=\"400\" srcset=\"https:\/\/static-blogs.diariosur.es\/wp-content\/uploads\/sites\/49\/2013\/04\/103.jpg 600w, https:\/\/static-blogs.diariosur.es\/wp-content\/uploads\/sites\/49\/2013\/04\/103-300x200.jpg 300w\" sizes=\"(max-width: 600px) 100vw, 600px\" \/><\/a><\/p>\n<p><a href=\"\/pasarelaurbana\/wp-content\/uploads\/sites\/49\/2013\/04\/310.jpg\"><img loading=\"lazy\" class=\"aligncenter size-full wp-image-4032\" title=\"3\" src=\"\/pasarelaurbana\/wp-content\/uploads\/sites\/49\/2013\/04\/310.jpg\" alt=\"\" width=\"600\" height=\"900\" srcset=\"https:\/\/static-blogs.diariosur.es\/wp-content\/uploads\/sites\/49\/2013\/04\/310.jpg 600w, https:\/\/static-blogs.diariosur.es\/wp-content\/uploads\/sites\/49\/2013\/04\/310-200x300.jpg 200w\" sizes=\"(max-width: 600px) 100vw, 600px\" \/><\/a><\/p>\n<p><a href=\"\/pasarelaurbana\/wp-content\/uploads\/sites\/49\/2013\/04\/210.jpg\"><img loading=\"lazy\" class=\"aligncenter size-full wp-image-4031\" title=\"2\" src=\"\/pasarelaurbana\/wp-content\/uploads\/sites\/49\/2013\/04\/210.jpg\" alt=\"\" width=\"600\" height=\"776\" srcset=\"https:\/\/static-blogs.diariosur.es\/wp-content\/uploads\/sites\/49\/2013\/04\/210.jpg 600w, https:\/\/static-blogs.diariosur.es\/wp-content\/uploads\/sites\/49\/2013\/04\/210-232x300.jpg 232w\" sizes=\"(max-width: 600px) 100vw, 600px\" \/><\/a><\/p>\n<p><a href=\"\/pasarelaurbana\/wp-content\/uploads\/sites\/49\/2013\/04\/82.jpg\"><img loading=\"lazy\" class=\"aligncenter size-full wp-image-4036\" title=\"8\" src=\"\/pasarelaurbana\/wp-content\/uploads\/sites\/49\/2013\/04\/82.jpg\" alt=\"\" width=\"600\" height=\"400\" srcset=\"https:\/\/static-blogs.diariosur.es\/wp-content\/uploads\/sites\/49\/2013\/04\/82.jpg 600w, https:\/\/static-blogs.diariosur.es\/wp-content\/uploads\/sites\/49\/2013\/04\/82-300x200.jpg 300w\" sizes=\"(max-width: 600px) 100vw, 600px\" \/><\/a><\/p>\n","protected":false},"excerpt":{"rendered":"<p>\u00a1Feliz lunes! Arrancamos una nueva semana&#8230;\u00a1y por fin parece que con tiempo primaveral, que ya va tocando! Si os gusta la moda y quer\u00e9is formaros como personal shopper \u00a0(una profesi\u00f3n que ha despegado con fuerza en los \u00faltimos a\u00f1os) os va a interesar este post. \u00a0Y es que hoy quiero hablaros de un interesante curso [&hellip;]<\/p>\n","protected":false},"author":54,"featured_media":0,"comment_status":"open","ping_status":"closed","sticky":false,"template":"","format":"standard","meta":[],"categories":[2],"tags":[],"_links":{"self":[{"href":"https:\/\/blogs.diariosur.es\/pasarelaurbana\/wp-json\/wp\/v2\/posts\/4029"}],"collection":[{"href":"https:\/\/blogs.diariosur.es\/pasarelaurbana\/wp-json\/wp\/v2\/posts"}],"about":[{"href":"https:\/\/blogs.diariosur.es\/pasarelaurbana\/wp-json\/wp\/v2\/types\/post"}],"author":[{"embeddable":true,"href":"https:\/\/blogs.diariosur.es\/pasarelaurbana\/wp-json\/wp\/v2\/users\/54"}],"replies":[{"embeddable":true,"href":"https:\/\/blogs.diariosur.es\/pasarelaurbana\/wp-json\/wp\/v2\/comments?post=4029"}],"version-history":[{"count":0,"href":"https:\/\/blogs.diariosur.es\/pasarelaurbana\/wp-json\/wp\/v2\/posts\/4029\/revisions"}],"wp:attachment":[{"href":"https:\/\/blogs.diariosur.es\/pasarelaurbana\/wp-json\/wp\/v2\/media?parent=4029"}],"wp:term":[{"taxonomy":"category","embeddable":true,"href":"https:\/\/blogs.diariosur.es\/pasarelaurbana\/wp-json\/wp\/v2\/categories?post=4029"},{"taxonomy":"post_tag","embeddable":true,"href":"https:\/\/blogs.diariosur.es\/pasarelaurbana\/wp-json\/wp\/v2\/tags?post=4029"}],"curies":[{"name":"wp","href":"https:\/\/api.w.org\/{rel}","templated":true}]}}