{"id":4040,"date":"2013-04-11T14:19:28","date_gmt":"2013-04-11T12:19:28","guid":{"rendered":"http:\/\/blogs.diariosur.es\/pasarelaurbana\/?p=4040"},"modified":"2013-04-11T14:19:28","modified_gmt":"2013-04-11T12:19:28","slug":"a-la-playa-con-maricruz-una-serpiente-de-frutas-y-fundas-para-el-ipad-a-prueba-de-ninos","status":"publish","type":"post","link":"https:\/\/blogs.diariosur.es\/pasarelaurbana\/2013\/04\/11\/a-la-playa-con-maricruz-una-serpiente-de-frutas-y-fundas-para-el-ipad-a-prueba-de-ninos\/","title":{"rendered":"A la playa con Maricruz, una serpiente de frutas y fundas para el ipad a prueba de ni\u00f1os"},"content":{"rendered":"<p style=\"text-align: center;\">\u00a1Buenas! Como mandan los jueves hoy toca especial peques (perdonad que la semana pasada no pudiera colgar post dedicado a los ni\u00f1os pero estuve liad\u00edsima con la operaci\u00f3n de mi mami -nada grave, la ves\u00edcula y por suerte ha salido todo genial-). Llevamos dos d\u00edas con un estupendo tiempo primaveral en M\u00e1laga que invita a ir pensando en la playita. El sol empieza a apretar as\u00ed que si la meteorolog\u00eda nos deja, en cuesti\u00f3n de mes y poco nuestros peques podr\u00e1n disfrutar de los juegos en \u00a0la arena y de sus primeros ba\u00f1os en el mar (yo estoy deseando meter a Alejandro a ver c\u00f3mo reacciona porque el verano pasado era muy chico y apenas se enteraba). Pues bien, si ya est\u00e1is pensando en sus looks playeros hoy os quiero hablar de una marca andaluza que a mi personalmente me encanta. Se trata de\u00a0<strong>Maricruz Moda Infantil, <\/strong>una empresa dedicada a la fabricaci\u00f3n y venta al por mayor de ropa infantil y juvenil para ni\u00f1os y ni\u00f1as de todas las edades, con prendas para que los pap\u00e1s y las mam\u00e1s vayan tambi\u00e9n a juego. Creada en\u00a0Sevilla en el a\u00f1o 1994 de la mano de Gema M\u00e1rquez, la ense\u00f1a apuesta cada temporada por tejidos coloristas para los m\u00e1s mayores y \u00a0estampados dulces y delicados para los m\u00e1s beb\u00e9s. Me encantan sus telas de cashmere, flores liberty, lunares&#8230;y la posibilidad de vestir a juego a todos los miembros de la familia (ideal si ten\u00e9is hijos de distintas edades ya que de cada colecci\u00f3n hay desde culetines y boxer de lycra para los m\u00e1s peques hasta bermudas, bikinis o ba\u00f1adores para los mayores). Preciosos \u00a0tambi\u00e9n los caftanes combinados, toallas y cestas de playa. Os dejo con una peque\u00f1a selecci\u00f3n de fotos de su \u00faltima colecci\u00f3n 2013 (a la venta en las principales tiendas de ropa infantil y a trav\u00e9s de su web). \u00a1Muy recomendable! Echadle un ojo, \u00a1y a continuaci\u00f3n, recetas, decoraci\u00f3n y gadgets para los reyes de la casa!<\/p>\n<p><a href=\"\/pasarelaurbana\/wp-content\/uploads\/sites\/49\/2013\/04\/mcuno.jpg\"><img loading=\"lazy\" class=\"aligncenter size-full wp-image-4049\" title=\"mcuno\" src=\"\/pasarelaurbana\/wp-content\/uploads\/sites\/49\/2013\/04\/mcuno.jpg\" alt=\"\" width=\"600\" height=\"400\" srcset=\"https:\/\/static-blogs.diariosur.es\/wp-content\/uploads\/sites\/49\/2013\/04\/mcuno.jpg 600w, https:\/\/static-blogs.diariosur.es\/wp-content\/uploads\/sites\/49\/2013\/04\/mcuno-300x200.jpg 300w\" sizes=\"(max-width: 600px) 100vw, 600px\" \/><\/a><!--more--><\/p>\n<p><a href=\"\/pasarelaurbana\/wp-content\/uploads\/sites\/49\/2013\/04\/mcruztres.jpg\"><img loading=\"lazy\" class=\"aligncenter size-full wp-image-4048\" title=\"mcruztres\" src=\"\/pasarelaurbana\/wp-content\/uploads\/sites\/49\/2013\/04\/mcruztres.jpg\" alt=\"\" width=\"600\" height=\"400\" srcset=\"https:\/\/static-blogs.diariosur.es\/wp-content\/uploads\/sites\/49\/2013\/04\/mcruztres.jpg 600w, https:\/\/static-blogs.diariosur.es\/wp-content\/uploads\/sites\/49\/2013\/04\/mcruztres-300x200.jpg 300w\" sizes=\"(max-width: 600px) 100vw, 600px\" \/><\/a><\/p>\n<p><a href=\"\/pasarelaurbana\/wp-content\/uploads\/sites\/49\/2013\/04\/mcruzcuatro.jpg\"><img loading=\"lazy\" class=\"aligncenter size-full wp-image-4046\" title=\"mcruzcuatro\" src=\"\/pasarelaurbana\/wp-content\/uploads\/sites\/49\/2013\/04\/mcruzcuatro.jpg\" alt=\"\" width=\"600\" height=\"400\" srcset=\"https:\/\/static-blogs.diariosur.es\/wp-content\/uploads\/sites\/49\/2013\/04\/mcruzcuatro.jpg 600w, https:\/\/static-blogs.diariosur.es\/wp-content\/uploads\/sites\/49\/2013\/04\/mcruzcuatro-300x200.jpg 300w\" sizes=\"(max-width: 600px) 100vw, 600px\" \/><\/a><\/p>\n<p><a href=\"\/pasarelaurbana\/wp-content\/uploads\/sites\/49\/2013\/04\/mcruzcinco.jpg\"><img loading=\"lazy\" class=\"aligncenter size-full wp-image-4045\" title=\"mcruzcinco\" src=\"\/pasarelaurbana\/wp-content\/uploads\/sites\/49\/2013\/04\/mcruzcinco.jpg\" alt=\"\" width=\"600\" height=\"899\" srcset=\"https:\/\/static-blogs.diariosur.es\/wp-content\/uploads\/sites\/49\/2013\/04\/mcruzcinco.jpg 600w, https:\/\/static-blogs.diariosur.es\/wp-content\/uploads\/sites\/49\/2013\/04\/mcruzcinco-200x300.jpg 200w\" sizes=\"(max-width: 600px) 100vw, 600px\" \/><\/a><\/p>\n<p><a href=\"\/pasarelaurbana\/wp-content\/uploads\/sites\/49\/2013\/04\/mcruzsiete.jpg\"><img loading=\"lazy\" class=\"aligncenter size-full wp-image-4047\" title=\"mcruzsiete\" src=\"\/pasarelaurbana\/wp-content\/uploads\/sites\/49\/2013\/04\/mcruzsiete.jpg\" alt=\"\" width=\"600\" height=\"400\" srcset=\"https:\/\/static-blogs.diariosur.es\/wp-content\/uploads\/sites\/49\/2013\/04\/mcruzsiete.jpg 600w, https:\/\/static-blogs.diariosur.es\/wp-content\/uploads\/sites\/49\/2013\/04\/mcruzsiete-300x200.jpg 300w\" sizes=\"(max-width: 600px) 100vw, 600px\" \/><\/a><\/p>\n<p style=\"text-align: center;\"><strong>Muy \u00fatil<\/strong>: Fundas para el ipad para ni\u00f1os<\/p>\n<p style=\"text-align: center;\"><a href=\"\/pasarelaurbana\/wp-content\/uploads\/sites\/49\/2013\/04\/ipad.jpg\"><img loading=\"lazy\" class=\"aligncenter size-full wp-image-4044\" title=\"ipad\" src=\"\/pasarelaurbana\/wp-content\/uploads\/sites\/49\/2013\/04\/ipad.jpg\" alt=\"\" width=\"600\" height=\"449\" srcset=\"https:\/\/static-blogs.diariosur.es\/wp-content\/uploads\/sites\/49\/2013\/04\/ipad.jpg 600w, https:\/\/static-blogs.diariosur.es\/wp-content\/uploads\/sites\/49\/2013\/04\/ipad-300x225.jpg 300w\" sizes=\"(max-width: 600px) 100vw, 600px\" \/><\/a><\/p>\n<p style=\"text-align: center;\"><a href=\"\/pasarelaurbana\/wp-content\/uploads\/sites\/49\/2013\/04\/iGuy.jpg\"><img loading=\"lazy\" class=\"aligncenter size-full wp-image-4043\" title=\"iGuy\" src=\"\/pasarelaurbana\/wp-content\/uploads\/sites\/49\/2013\/04\/iGuy.jpg\" alt=\"\" width=\"600\" height=\"518\" srcset=\"https:\/\/static-blogs.diariosur.es\/wp-content\/uploads\/sites\/49\/2013\/04\/iGuy.jpg 600w, https:\/\/static-blogs.diariosur.es\/wp-content\/uploads\/sites\/49\/2013\/04\/iGuy-300x259.jpg 300w\" sizes=\"(max-width: 600px) 100vw, 600px\" \/><\/a><\/p>\n<p style=\"text-align: center;\">Si ten\u00e9is ipad y ni\u00f1os peque\u00f1os en casa sabr\u00e9is de qu\u00e9 os hablo. Las aplicaciones les vuelven locos y a bien seguro que ya habr\u00e9is tenido m\u00e1s de una disputa a cuenta de la tableta. Est\u00e1 bien dej\u00e1rsela un rato porque les entretiene y hay juegos muy educativos, pero una se queda con la preocupaci\u00f3n de que la tiren al suelo y la rompan (una gracia con lo que cuestan). Pues bien, como en mi caso Alejandro est\u00e1 emperrado con el Ipad (apenas hablar pero nada m\u00e1s llegar a casa lo primero que dice bien clarito es &#8216;aipa&#8217;, muy fuerte) me puse a investigar fundas espec\u00edficas para \u00e9l. Nosotros tenemos la\u00a0iGuy Speck y desde que la compramos la verdad es que se la dejamos m\u00e1s tranquilos.\u00a0La funda est\u00e1 hecha de foam que ofrece una mayor absorci\u00f3n en caso de golpe o ca\u00edda y tiene un\u00a0dise\u00f1o infantil, simulando a un mu\u00f1eco, con dos brazos para que puedan agarrar el iPad de forma m\u00e1s c\u00f3moda. \u00bfnuestra experiencia con este protector? Buena. Alejandro se maneja bien cogi\u00e9ndolo de los bracitos y\u00a0adem\u00e1s se pone de pie, con lo cual es perfecto cuando se tumba en el suelo por ejemplo a ver los dibujitos. Adem\u00e1s de la iGuy hace poco descubr\u00ed que exist\u00eda otra de Fisher Price llamada Activity y he de confesaros que me parece a\u00fan mejor que la mia dado que la funda se cierra herm\u00e9ticamente por completo y no queda el cristal de la pantalla al descubierto.\u00a0Tiene 3 opciones de juego: en posici\u00f3n horizontal, apoyado en la peana como un atril o con ambas peanas (movimiento balanceante). Adem\u00e1s incorpora una c\u00f3moda asa con divertidos aros de colores. \u00bfSu precio? Yo lo he visto a\u00a039,95 euros en el Corte Ingl\u00e9s. El iGuy ahora est\u00e1 m\u00e1s rebajado y ronda los 30 euros.<\/p>\n<p style=\"text-align: center;\"><strong>Receta<\/strong>: Una divertida serpiente de frutas<\/p>\n<p style=\"text-align: center;\"><img loading=\"lazy\" class=\"alignnone\" title=\"serpiente de frutas\" src=\"\/pasarelaurbana\/wp-content\/uploads\/sites\/49\/2013\/04\/serpiente.jpg\" alt=\"\" width=\"752\" height=\"472\" \/><\/p>\n<p style=\"text-align: center;\">Tener una\u00a0buena nutrici\u00f3n desde peque\u00f1os, es clave\u00a0para un correcto desarrollo desde ni\u00f1o, por eso, es recomendable que les acostumbremos a tomar fruta a diario, desde el momento de su desatuno, hasta pasando por media ma\u00f1ana y en sus meriendas para recuperar la energ\u00eda de todo el d\u00eda.\u00a0Tanto las frutas como las verduras\u00a0son importantes en su dieta, ya que son una de las herramientas m\u00e1s efectivas para combatir casos de sobrepeso u obesidad infantil\u00a0que tanto nos preocupa ultimamente, ya que un ni\u00f1o con obesidad tendr\u00e1 una menor calidad de vida. Hasta aqu\u00ed la teor\u00eda, el problema llega al intentar que las coman. A la mayor\u00eda de los ni\u00f1os les cuesta la misma vida. Por ello, lo mejor es apostar por presentaciones divertidas que les entren por los ojos y as\u00ed se animen a probarlas. \u00bfQu\u00e9 os parece esta serpiente de fresa y pl\u00e1tano? Prepararla es facil\u00edsimo. Solamente tendr\u00e1s que ir a\u00f1adiendo simult\u00e1neamente\u00a0rodajitas de pl\u00e1tano y rodajitas de fresa, de forma alterna hasta completar todo el tama\u00f1o de la serpiente. Para terminar, basta con recortar\u00a0unos tri\u00e1ngulos de pl\u00e1tano los cuales sujeraremos con dos palillos para hacer los ojos y \u00a1voil\u00e1! Merienda lista.<\/p>\n<p style=\"text-align: center;\"><strong>Decoraci\u00f3n<\/strong>: Una tortuga de mimbre para guardar juguetes<\/p>\n<p style=\"text-align: center;\"><a href=\"\/pasarelaurbana\/wp-content\/uploads\/sites\/49\/2013\/04\/decouno.jpg\"><img loading=\"lazy\" class=\"aligncenter size-full wp-image-4042\" title=\"decouno\" src=\"\/pasarelaurbana\/wp-content\/uploads\/sites\/49\/2013\/04\/decouno.jpg\" alt=\"\" width=\"600\" height=\"417\" srcset=\"https:\/\/static-blogs.diariosur.es\/wp-content\/uploads\/sites\/49\/2013\/04\/decouno.jpg 600w, https:\/\/static-blogs.diariosur.es\/wp-content\/uploads\/sites\/49\/2013\/04\/decouno-300x209.jpg 300w\" sizes=\"(max-width: 600px) 100vw, 600px\" \/><\/a><\/p>\n<p style=\"text-align: center;\">Y terminamos como siempre con una pincelada de decoraci\u00f3n. Lo mio con esta simp\u00e1tica tortuguita de mimbre fue un flechazo. Es de la nueva colecci\u00f3n de Zara Home Kids. En mimbre blanco y con asa con tapa ideal para que guarden sus tesoros. Las madres siempre estamos buscando c\u00f3mo organizar los miles de juguetes de los ni\u00f1os y esta idea me parece muy chula adem\u00e1s de bonita ya que quedar\u00e1 genial en el cuarto de los peques. Cuesta 39, 99 euros.<\/p>\n<p style=\"text-align: center;\">Espero que os hayan gustado las ideas de hoy. Ma\u00f1ana estar\u00e9 ausente as\u00ed que ya os espero el s\u00e1bado. Un abrazo!<\/p>\n","protected":false},"excerpt":{"rendered":"<p>\u00a1Buenas! Como mandan los jueves hoy toca especial peques (perdonad que la semana pasada no pudiera colgar post dedicado a los ni\u00f1os pero estuve liad\u00edsima con la operaci\u00f3n de mi mami -nada grave, la ves\u00edcula y por suerte ha salido todo genial-). Llevamos dos d\u00edas con un estupendo tiempo primaveral en M\u00e1laga que invita a [&hellip;]<\/p>\n","protected":false},"author":54,"featured_media":0,"comment_status":"open","ping_status":"closed","sticky":false,"template":"","format":"standard","meta":[],"categories":[2],"tags":[],"_links":{"self":[{"href":"https:\/\/blogs.diariosur.es\/pasarelaurbana\/wp-json\/wp\/v2\/posts\/4040"}],"collection":[{"href":"https:\/\/blogs.diariosur.es\/pasarelaurbana\/wp-json\/wp\/v2\/posts"}],"about":[{"href":"https:\/\/blogs.diariosur.es\/pasarelaurbana\/wp-json\/wp\/v2\/types\/post"}],"author":[{"embeddable":true,"href":"https:\/\/blogs.diariosur.es\/pasarelaurbana\/wp-json\/wp\/v2\/users\/54"}],"replies":[{"embeddable":true,"href":"https:\/\/blogs.diariosur.es\/pasarelaurbana\/wp-json\/wp\/v2\/comments?post=4040"}],"version-history":[{"count":0,"href":"https:\/\/blogs.diariosur.es\/pasarelaurbana\/wp-json\/wp\/v2\/posts\/4040\/revisions"}],"wp:attachment":[{"href":"https:\/\/blogs.diariosur.es\/pasarelaurbana\/wp-json\/wp\/v2\/media?parent=4040"}],"wp:term":[{"taxonomy":"category","embeddable":true,"href":"https:\/\/blogs.diariosur.es\/pasarelaurbana\/wp-json\/wp\/v2\/categories?post=4040"},{"taxonomy":"post_tag","embeddable":true,"href":"https:\/\/blogs.diariosur.es\/pasarelaurbana\/wp-json\/wp\/v2\/tags?post=4040"}],"curies":[{"name":"wp","href":"https:\/\/api.w.org\/{rel}","templated":true}]}}