{"id":4083,"date":"2013-04-18T17:20:51","date_gmt":"2013-04-18T15:20:51","guid":{"rendered":"http:\/\/blogs.diariosur.es\/pasarelaurbana\/?p=4083"},"modified":"2013-04-18T17:20:51","modified_gmt":"2013-04-18T15:20:51","slug":"mi-pequeno-lucas-pizzas-de-calabacin-y-lamparas-de-lego","status":"publish","type":"post","link":"https:\/\/blogs.diariosur.es\/pasarelaurbana\/2013\/04\/18\/mi-pequeno-lucas-pizzas-de-calabacin-y-lamparas-de-lego\/","title":{"rendered":"Mi peque\u00f1o Lucas, pizzas de calabac\u00edn y l\u00e1mparas de Lego"},"content":{"rendered":"<div style=\"text-align: center;\">\u00a1Feliz jueves! Afrontamos la \u00faltima recta de la semana dedicando este espacio a los peques. Como ya es tradici\u00f3n toca repasar las \u00faltimas tendencias ligadas al universo infantil (que cada vez me apasiona m\u00e1s y al mismo tiempo no deja de sorprenderme). \u00a0Empezamos hablando de moda. Los que me segu\u00eds sab\u00e9is que me gusta dar a conocer marcas nuevas, a ser posibles (y por este orden) malague\u00f1as y espa\u00f1olas (en los tiempos que corren toca barrer para casa, es lo que hay). Pues bien, hoy os presento <strong>a &#8216;Mi peque\u00f1o Lucas&#8217;<\/strong>, una firma que presumen de ser 100% &#8216;made in Spain&#8217; como recogen expresamente en la portada de su web por la que os animo a que os pas\u00e9is a curiosear (pod\u00e9is acced).\u00a0Est\u00e9tica contempor\u00e1nea inspirada en los cl\u00e1sicos y confort en dise\u00f1os y tejidos (entre los que priman el algod\u00f3n 100% org\u00e1nico o los linos naturales) son las principales se\u00f1as de identidad de esta casa, que combina con acierto\u00a0funcionalidad, tradici\u00f3n y tendencias. A destacar el car\u00e1cter artesanal de todas sus prendas, confeccionadas a trav\u00e9s de\u00a0en un proceso de fabricaci\u00f3n manual y personalizado en el que, como defienden, se cuida al m\u00e1ximo el detalle. Sus colecciones visten a beb\u00e9s y ni\u00f1os de 0 a 10 a\u00f1os apostando por\u00a0l\u00edneas depuradas y cortes impecables. Para esta primavera\/verano &#8216;Mi peque\u00f1o Lucas&#8217; presenta una l\u00ednea fresca, de dise\u00f1os alegres, con mucho color y libertad de movimiento (tan importante cuando hablamos de peques). Inspirada en el d\u00eda a d\u00eda de\u00a0los ni\u00f1os en las ciudades, el campo, la \u00a0monta\u00f1a o mar, proponen una colecci\u00f3n atemporal, c\u00f3moda pero elegante a la vez. Prendas vers\u00e1tiles y polivalentes que no olvidan las tendencias: ideales sus prendas bicolor de cuadros vichy blanco y negro o su l\u00ednea en tonos fl\u00faor, tan veraniegos. Os dejo con una selecci\u00f3n de fotos de su lookbook. Y a continuaci\u00f3n, recetas, objetos de deseo y decoraci\u00f3n. \u00a1Seguid leyendo!<\/div>\n<div style=\"text-align: center;\"><\/div>\n<p><a href=\"http:\/\/www.mipequenolucas.es\" rel=\"external nofollow\"><img loading=\"lazy\" class=\"aligncenter size-full wp-image-4087\" title=\"ni\u00f1os2\" src=\"\/pasarelaurbana\/wp-content\/uploads\/sites\/49\/2013\/04\/ni\u00f1os2.jpg\" alt=\"\" width=\"600\" height=\"889\" srcset=\"https:\/\/static-blogs.diariosur.es\/wp-content\/uploads\/sites\/49\/2013\/04\/ni\u00f1os2.jpg 600w, https:\/\/static-blogs.diariosur.es\/wp-content\/uploads\/sites\/49\/2013\/04\/ni\u00f1os2-202x300.jpg 202w\" sizes=\"(max-width: 600px) 100vw, 600px\" \/><\/a><!--more--><\/p>\n<p><a href=\"\/pasarelaurbana\/wp-content\/uploads\/sites\/49\/2013\/04\/ni\u00f1os1.jpg\"><img loading=\"lazy\" class=\"aligncenter size-full wp-image-4086\" title=\"ni\u00f1os1\" src=\"\/pasarelaurbana\/wp-content\/uploads\/sites\/49\/2013\/04\/ni\u00f1os1.jpg\" alt=\"\" width=\"600\" height=\"400\" srcset=\"https:\/\/static-blogs.diariosur.es\/wp-content\/uploads\/sites\/49\/2013\/04\/ni\u00f1os1.jpg 600w, https:\/\/static-blogs.diariosur.es\/wp-content\/uploads\/sites\/49\/2013\/04\/ni\u00f1os1-300x200.jpg 300w\" sizes=\"(max-width: 600px) 100vw, 600px\" \/><\/a><\/p>\n<p><a href=\"\/pasarelaurbana\/wp-content\/uploads\/sites\/49\/2013\/04\/ni\u00f1os3.jpg\"><img loading=\"lazy\" class=\"aligncenter size-full wp-image-4088\" title=\"ni\u00f1os3\" src=\"\/pasarelaurbana\/wp-content\/uploads\/sites\/49\/2013\/04\/ni\u00f1os3.jpg\" alt=\"\" width=\"600\" height=\"913\" srcset=\"https:\/\/static-blogs.diariosur.es\/wp-content\/uploads\/sites\/49\/2013\/04\/ni\u00f1os3.jpg 600w, https:\/\/static-blogs.diariosur.es\/wp-content\/uploads\/sites\/49\/2013\/04\/ni\u00f1os3-197x300.jpg 197w\" sizes=\"(max-width: 600px) 100vw, 600px\" \/><\/a><\/p>\n<p><a href=\"\/pasarelaurbana\/wp-content\/uploads\/sites\/49\/2013\/04\/ni\u00f1os4.jpg\"><img loading=\"lazy\" class=\"aligncenter size-full wp-image-4089\" title=\"ni\u00f1os4\" src=\"\/pasarelaurbana\/wp-content\/uploads\/sites\/49\/2013\/04\/ni\u00f1os4.jpg\" alt=\"\" width=\"600\" height=\"402\" srcset=\"https:\/\/static-blogs.diariosur.es\/wp-content\/uploads\/sites\/49\/2013\/04\/ni\u00f1os4.jpg 600w, https:\/\/static-blogs.diariosur.es\/wp-content\/uploads\/sites\/49\/2013\/04\/ni\u00f1os4-300x201.jpg 300w\" sizes=\"(max-width: 600px) 100vw, 600px\" \/><\/a><\/p>\n<p>&nbsp;<\/p>\n<p><a href=\"\/pasarelaurbana\/wp-content\/uploads\/sites\/49\/2013\/04\/ni\u00f1os6.jpg\"><img loading=\"lazy\" class=\"aligncenter size-full wp-image-4091\" title=\"ni\u00f1os6\" src=\"\/pasarelaurbana\/wp-content\/uploads\/sites\/49\/2013\/04\/ni\u00f1os6.jpg\" alt=\"\" width=\"600\" height=\"719\" srcset=\"https:\/\/static-blogs.diariosur.es\/wp-content\/uploads\/sites\/49\/2013\/04\/ni\u00f1os6.jpg 600w, https:\/\/static-blogs.diariosur.es\/wp-content\/uploads\/sites\/49\/2013\/04\/ni\u00f1os6-250x300.jpg 250w\" sizes=\"(max-width: 600px) 100vw, 600px\" \/><\/a><\/p>\n<p><a href=\"\/pasarelaurbana\/wp-content\/uploads\/sites\/49\/2013\/04\/ni\u00f1os51.jpg\"><img loading=\"lazy\" class=\"aligncenter size-full wp-image-4092\" title=\"ni\u00f1os5\" src=\"\/pasarelaurbana\/wp-content\/uploads\/sites\/49\/2013\/04\/ni\u00f1os51.jpg\" alt=\"\" width=\"600\" height=\"399\" srcset=\"https:\/\/static-blogs.diariosur.es\/wp-content\/uploads\/sites\/49\/2013\/04\/ni\u00f1os51.jpg 600w, https:\/\/static-blogs.diariosur.es\/wp-content\/uploads\/sites\/49\/2013\/04\/ni\u00f1os51-300x200.jpg 300w\" sizes=\"(max-width: 600px) 100vw, 600px\" \/><\/a><\/p>\n<p style=\"text-align: center;\"><strong>\u00a1Lo quiero!<\/strong>: <span style=\"text-decoration: underline;\">Esponjas super molonas<\/span><\/p>\n<p style=\"text-align: center;\"><a href=\"\/pasarelaurbana\/wp-content\/uploads\/sites\/49\/2013\/04\/esponjados.jpg\"><img loading=\"lazy\" class=\"aligncenter size-full wp-image-4096\" title=\"esponjados\" src=\"\/pasarelaurbana\/wp-content\/uploads\/sites\/49\/2013\/04\/esponjados.jpg\" alt=\"\" width=\"530\" height=\"345\" srcset=\"https:\/\/static-blogs.diariosur.es\/wp-content\/uploads\/sites\/49\/2013\/04\/esponjados.jpg 530w, https:\/\/static-blogs.diariosur.es\/wp-content\/uploads\/sites\/49\/2013\/04\/esponjados-300x195.jpg 300w\" sizes=\"(max-width: 530px) 100vw, 530px\" \/><\/a><\/p>\n<p style=\"text-align: center;\"><a href=\"\/pasarelaurbana\/wp-content\/uploads\/sites\/49\/2013\/04\/esponja.jpg\"><img loading=\"lazy\" class=\"aligncenter size-full wp-image-4095\" title=\"esponja\" src=\"\/pasarelaurbana\/wp-content\/uploads\/sites\/49\/2013\/04\/esponja.jpg\" alt=\"\" width=\"600\" height=\"444\" srcset=\"https:\/\/static-blogs.diariosur.es\/wp-content\/uploads\/sites\/49\/2013\/04\/esponja.jpg 600w, https:\/\/static-blogs.diariosur.es\/wp-content\/uploads\/sites\/49\/2013\/04\/esponja-300x222.jpg 300w\" sizes=\"(max-width: 600px) 100vw, 600px\" \/><\/a><\/p>\n<p style=\"text-align: center;\">Cada semana, cuando estoy preparando este post, me sorprendo a mi misma encontrando curiosidades infantiles. \u00bfQu\u00e9 os parecen estas esponjas para piratas y princesas? Grandes, resistentes y muy divertidas, &#8220;porque para dirigir un reino o un barco, ante todo hay que estar muy limpio y con buen humor&#8221; seg\u00fan recogen en la web El <strong>Regalador<\/strong>, donde las he encontrado. \u00a0Y es que con este espumoso regalo\u00a0no habr\u00e1 ni\u00f1o que se resista a meterse en el agua. Adem\u00e1s, son muy grandes, de colores y muy resistentes. Hay dos\u00a0juegos de esponjas a elegir: corona y varita m\u00e1gica para ellas o gorro pirata y espada para ellos. Las medidas aproximadas: 25x19x3cm. \u00bfA qu\u00e9 molan?<\/p>\n<p style=\"text-align: center;\"><strong>Receta<\/strong>: <span style=\"text-decoration: underline;\">Falsa pizza de calabac\u00edn (\u00a1Ideal para que coman verduras!)<\/span><\/p>\n<p><a href=\"\/pasarelaurbana\/wp-content\/uploads\/sites\/49\/2013\/04\/pizza-vegetal-receta1.jpg\"><img loading=\"lazy\" class=\"aligncenter size-full wp-image-4093\" title=\"pizza-vegetal-receta\" src=\"\/pasarelaurbana\/wp-content\/uploads\/sites\/49\/2013\/04\/pizza-vegetal-receta1.jpg\" alt=\"\" width=\"600\" height=\"600\" srcset=\"https:\/\/static-blogs.diariosur.es\/wp-content\/uploads\/sites\/49\/2013\/04\/pizza-vegetal-receta1.jpg 600w, https:\/\/static-blogs.diariosur.es\/wp-content\/uploads\/sites\/49\/2013\/04\/pizza-vegetal-receta1-150x150.jpg 150w, https:\/\/static-blogs.diariosur.es\/wp-content\/uploads\/sites\/49\/2013\/04\/pizza-vegetal-receta1-300x300.jpg 300w\" sizes=\"(max-width: 600px) 100vw, 600px\" \/><\/a><\/p>\n<p style=\"text-align: center;\">Y seguimos hablando de cocina orientada a los ni\u00f1os. El otro d\u00eda me top\u00e9 por la blogosfera con esta receta que me conquist\u00f3. Me parece una forma genial de conseguir que los peques coman verduras y al mismo tiempo disfruten de una pizza (que siempre les encanta), aunque sean falsas. Y digo falsas porque la gracia de este plato es que sustituye la masa por rodajas gruesas de calabac\u00edn.\u00a0\u00bfQuer\u00e9is ver c\u00f3mo se prepara paso a paso? Pues ten\u00e9is la receta completa <a href=\"http:\/\/www.pequeocio.com\/pizza-vegetal-para-la-cena\/\" rel=\"external nofollow\">aqui<\/a><\/p>\n<p style=\"text-align: center;\"><strong>Decoraci\u00f3n<\/strong>: <span style=\"text-decoration: underline;\">La l\u00e1mpara para los amantes de Lego<\/span><\/p>\n<p style=\"text-align: center;\"><a href=\"\/pasarelaurbana\/wp-content\/uploads\/sites\/49\/2013\/04\/lamparalego1.jpg\"><img loading=\"lazy\" class=\"aligncenter size-full wp-image-4094\" title=\"lamparalego\" src=\"\/pasarelaurbana\/wp-content\/uploads\/sites\/49\/2013\/04\/lamparalego1.jpg\" alt=\"\" width=\"600\" height=\"433\" srcset=\"https:\/\/static-blogs.diariosur.es\/wp-content\/uploads\/sites\/49\/2013\/04\/lamparalego1.jpg 600w, https:\/\/static-blogs.diariosur.es\/wp-content\/uploads\/sites\/49\/2013\/04\/lamparalego1-300x217.jpg 300w\" sizes=\"(max-width: 600px) 100vw, 600px\" \/><\/a><br \/>\nTerminamos con una de decoraci\u00f3n. En esta ocasi\u00f3n, con una curiosa l\u00e1mpara que evoca el dise\u00f1o cl\u00e1sico de los ladrillos de Lego. Adem\u00e1s de original es muy pr\u00e1ctica y multifuncional ya que puede ser fija o port\u00e1til. Y es que se puede montar en una pared, colocarla en la estanter\u00eda o junto al arc\u00f3n de los juguetes, en cualquier rinc\u00f3n donde la luz sea necesaria. Pero adem\u00e1s, se puede dejar m\u00f3vil y llevarla de la mano f\u00e1cilmente de un lugar a otro. Sus cuatro luces LED blancas iluminan estupendamente cualquier \u00e1rea en la que los ni\u00f1os est\u00e9n jugando, pintando\u2026 \u00a1o haciendo una construcci\u00f3n Lego! \u00bfA qu\u00e9 es chula? Cuesta 15,50 euros en <a href=\"http:\/\/regalador.com\/es\/3923\/la-lampara-para-los-amantes-de-lego\/\" rel=\"external nofollow\">el Regalador<\/a><\/p>\n<p>&nbsp;<\/p>\n<p style=\"text-align: center;\">Espero que os hayan gustado las ideas de hoy. \u00a1Hasta ma\u00f1ana!<\/p>\n","protected":false},"excerpt":{"rendered":"<p>\u00a1Feliz jueves! Afrontamos la \u00faltima recta de la semana dedicando este espacio a los peques. Como ya es tradici\u00f3n toca repasar las \u00faltimas tendencias ligadas al universo infantil (que cada vez me apasiona m\u00e1s y al mismo tiempo no deja de sorprenderme). \u00a0Empezamos hablando de moda. Los que me segu\u00eds sab\u00e9is que me gusta dar [&hellip;]<\/p>\n","protected":false},"author":54,"featured_media":0,"comment_status":"open","ping_status":"closed","sticky":false,"template":"","format":"standard","meta":[],"categories":[2],"tags":[],"_links":{"self":[{"href":"https:\/\/blogs.diariosur.es\/pasarelaurbana\/wp-json\/wp\/v2\/posts\/4083"}],"collection":[{"href":"https:\/\/blogs.diariosur.es\/pasarelaurbana\/wp-json\/wp\/v2\/posts"}],"about":[{"href":"https:\/\/blogs.diariosur.es\/pasarelaurbana\/wp-json\/wp\/v2\/types\/post"}],"author":[{"embeddable":true,"href":"https:\/\/blogs.diariosur.es\/pasarelaurbana\/wp-json\/wp\/v2\/users\/54"}],"replies":[{"embeddable":true,"href":"https:\/\/blogs.diariosur.es\/pasarelaurbana\/wp-json\/wp\/v2\/comments?post=4083"}],"version-history":[{"count":0,"href":"https:\/\/blogs.diariosur.es\/pasarelaurbana\/wp-json\/wp\/v2\/posts\/4083\/revisions"}],"wp:attachment":[{"href":"https:\/\/blogs.diariosur.es\/pasarelaurbana\/wp-json\/wp\/v2\/media?parent=4083"}],"wp:term":[{"taxonomy":"category","embeddable":true,"href":"https:\/\/blogs.diariosur.es\/pasarelaurbana\/wp-json\/wp\/v2\/categories?post=4083"},{"taxonomy":"post_tag","embeddable":true,"href":"https:\/\/blogs.diariosur.es\/pasarelaurbana\/wp-json\/wp\/v2\/tags?post=4083"}],"curies":[{"name":"wp","href":"https:\/\/api.w.org\/{rel}","templated":true}]}}