{"id":4098,"date":"2013-04-20T09:30:22","date_gmt":"2013-04-20T07:30:22","guid":{"rendered":"http:\/\/blogs.diariosur.es\/pasarelaurbana\/?p=4098"},"modified":"2013-04-20T09:30:22","modified_gmt":"2013-04-20T07:30:22","slug":"en-tu-fiesta-me-cole","status":"publish","type":"post","link":"https:\/\/blogs.diariosur.es\/pasarelaurbana\/2013\/04\/20\/en-tu-fiesta-me-cole\/","title":{"rendered":"En tu fiesta me col\u00e9"},"content":{"rendered":"<p style=\"text-align: center;\">Es uno de los ejercicios m\u00e1s dif\u00edciles. Acertar con el look adecuado en un evento informal que no requiere ninguna etiqueta especial. Y he ah\u00ed la trampa. Las opciones de diario pueden pecar de ser demasiado desenfadadas, mientras que arreglarnos como si fu\u00e9semos a una boda nos puede empujar a caer en el m\u00e1s absoluto de los rid\u00edculos. La clave est\u00e1 en encontrar el t\u00e9rmino medio, \u00bfpero c\u00f3mo? Como dir\u00eda el gran Hamlet, de Shakespeare, esa es la cuesti\u00f3n. El punto de equilibrio perfecto para ser o no ser estilosas. Hace unas semanas SUR despleg\u00f3 la pasarela urbana en la fiesta de inauguraci\u00f3n de la escuela Idacem en M\u00e1laga para fichar los \u2018outfits\u2019 m\u00e1s interesantes. Al c\u00f3ctel, celebrado en el restaurante La Moraga de Antonio Mart\u00edn para presentar su primer curso de asesor\u00eda de imagen y personal shopper en la capital, asistieron bloggeras, dise\u00f1adores y periodistas vinculados con la moda a los que pasamos revista para fichar sus mejores propuestas.<br \/>\nEntre sus apuestas, vestidos de cortes impecables (el negro es un b\u00e1sico que nunca falla para este tipo de ocasiones), camisas con delicadas aplicaciones, blazers, pantalones de talle alto (100% sofisticados y estilosos), abrigos protagonistas que hacen las veces de vestidos y, sobre todo bolsos y zapatos espectaculares que pusieron la guinda a los cuidados \u2018outfits\u2019 que vimos desfilar en este evento.<br \/>\nSi no se quiere correr riesgos, la f\u00f3rmula para acertar pasa por recurrir a prendas de fondo de armario y realzarlas con unos buenos complementos: v\u00e9ase un clutch joya, un bolso metalizado, un maxi collar llamativo, un anillo XL o unas buenas sandalias.<\/p>\n<p><a href=\"http:\/\/blogs.diariosur.es\/pasarelafestival\/\"><img loading=\"lazy\" class=\"aligncenter size-full wp-image-4100\" title=\"20\" src=\"\/pasarelaurbana\/wp-content\/uploads\/sites\/49\/2013\/04\/204.jpg\" alt=\"\" width=\"600\" height=\"803\" srcset=\"https:\/\/static-blogs.diariosur.es\/wp-content\/uploads\/sites\/49\/2013\/04\/204.jpg 600w, https:\/\/static-blogs.diariosur.es\/wp-content\/uploads\/sites\/49\/2013\/04\/204-224x300.jpg 224w\" sizes=\"(max-width: 600px) 100vw, 600px\" \/><\/a><!--more--><\/p>\n<p><a href=\"\/pasarelaurbana\/wp-content\/uploads\/sites\/49\/2013\/04\/214.jpg\"><img loading=\"lazy\" class=\"aligncenter size-full wp-image-4101\" title=\"21\" src=\"\/pasarelaurbana\/wp-content\/uploads\/sites\/49\/2013\/04\/214.jpg\" alt=\"\" width=\"600\" height=\"803\" srcset=\"https:\/\/static-blogs.diariosur.es\/wp-content\/uploads\/sites\/49\/2013\/04\/214.jpg 600w, https:\/\/static-blogs.diariosur.es\/wp-content\/uploads\/sites\/49\/2013\/04\/214-224x300.jpg 224w\" sizes=\"(max-width: 600px) 100vw, 600px\" \/><\/a><\/p>\n<p><a href=\"\/pasarelaurbana\/wp-content\/uploads\/sites\/49\/2013\/04\/223.jpg\"><img loading=\"lazy\" class=\"aligncenter size-full wp-image-4102\" title=\"22\" src=\"\/pasarelaurbana\/wp-content\/uploads\/sites\/49\/2013\/04\/223.jpg\" alt=\"\" width=\"600\" height=\"803\" srcset=\"https:\/\/static-blogs.diariosur.es\/wp-content\/uploads\/sites\/49\/2013\/04\/223.jpg 600w, https:\/\/static-blogs.diariosur.es\/wp-content\/uploads\/sites\/49\/2013\/04\/223-224x300.jpg 224w\" sizes=\"(max-width: 600px) 100vw, 600px\" \/><\/a><\/p>\n<p><a href=\"\/pasarelaurbana\/wp-content\/uploads\/sites\/49\/2013\/04\/232.jpg\"><img loading=\"lazy\" class=\"aligncenter size-full wp-image-4103\" title=\"23\" src=\"\/pasarelaurbana\/wp-content\/uploads\/sites\/49\/2013\/04\/232.jpg\" alt=\"\" width=\"600\" height=\"803\" srcset=\"https:\/\/static-blogs.diariosur.es\/wp-content\/uploads\/sites\/49\/2013\/04\/232.jpg 600w, https:\/\/static-blogs.diariosur.es\/wp-content\/uploads\/sites\/49\/2013\/04\/232-224x300.jpg 224w\" sizes=\"(max-width: 600px) 100vw, 600px\" \/><\/a><\/p>\n<p><a href=\"\/pasarelaurbana\/wp-content\/uploads\/sites\/49\/2013\/04\/244.jpg\"><img loading=\"lazy\" class=\"aligncenter size-full wp-image-4104\" title=\"24\" src=\"\/pasarelaurbana\/wp-content\/uploads\/sites\/49\/2013\/04\/244.jpg\" alt=\"\" width=\"600\" height=\"448\" srcset=\"https:\/\/static-blogs.diariosur.es\/wp-content\/uploads\/sites\/49\/2013\/04\/244.jpg 600w, https:\/\/static-blogs.diariosur.es\/wp-content\/uploads\/sites\/49\/2013\/04\/244-300x224.jpg 300w\" sizes=\"(max-width: 600px) 100vw, 600px\" \/><\/a><\/p>\n<p style=\"text-align: center;\"><strong>Jenifer Urbano<\/strong>. Secretaria y blogger de &#8216;Divina se nace&#8217;. 25 a\u00f1os<\/p>\n<p style=\"text-align: center;\"><span style=\"text-decoration: underline;\">Pantal\u00f3n de talle alto y blusa con volumen, una pareja perfecta<\/span><br \/>\nGran acierto el look que luci\u00f3 en la fiesta de Idacem Jenifer Urbano. Esta secretaria (bloggera en sus ratos libres a trav\u00e9s de \u2018Divina se nace\u2019) deslumbr\u00f3 con este precioso conjunto en tonos pasteles firmados por el dise\u00f1ador Juanjo Oliva. Ideal su blusa, de un discreto estampado animal, con un sofisticado volante en el cuello. El juego de vol\u00famenes de la camisa, combinado con un elegante pantal\u00f3n capri de talle alto en un favorecedor naranja melocot\u00f3n, constituyen una pareja perfecta. \u00bfEl resultado? Un \u2018outfit\u2019 fresco, primaveral, diferente y super estiloso que, sin caer en formalismos excesivos, consigue estar, con creces, a la altura del evento. A ello contribuyen los complementos seleccionados por esta joven malague\u00f1a de 25 a\u00f1os: unos espectaculares Louboutin de print de serpiente acabados en pinchos (con los que resta romanticismo al look aportando un toque de est\u00e9tica punk) y un bonito bolso metalizado de Purificaci\u00f3n Garc\u00eda (de esos infalibles que siempre conviene tener de fondo de armario).<\/p>\n<p style=\"text-align: center;\">Camisa y pantal\u00f3n: Juanjo Oliva. <\/p>\n<p style=\"text-align: center;\">Zapatos: Louboutin. <\/p>\n<p style=\"text-align: center;\">Bolso: Purificaci\u00f3n Garc\u00eda.<\/p>\n<p>&nbsp;<\/p>\n<p><a href=\"\/pasarelaurbana\/wp-content\/uploads\/sites\/49\/2013\/04\/252.jpg\"><img loading=\"lazy\" class=\"aligncenter size-full wp-image-4105\" title=\"25\" src=\"\/pasarelaurbana\/wp-content\/uploads\/sites\/49\/2013\/04\/252.jpg\" alt=\"\" width=\"600\" height=\"803\" srcset=\"https:\/\/static-blogs.diariosur.es\/wp-content\/uploads\/sites\/49\/2013\/04\/252.jpg 600w, https:\/\/static-blogs.diariosur.es\/wp-content\/uploads\/sites\/49\/2013\/04\/252-224x300.jpg 224w\" sizes=\"(max-width: 600px) 100vw, 600px\" \/><\/a><\/p>\n<p><a href=\"\/pasarelaurbana\/wp-content\/uploads\/sites\/49\/2013\/04\/262.jpg\"><img loading=\"lazy\" class=\"aligncenter size-full wp-image-4106\" title=\"26\" src=\"\/pasarelaurbana\/wp-content\/uploads\/sites\/49\/2013\/04\/262.jpg\" alt=\"\" width=\"600\" height=\"803\" srcset=\"https:\/\/static-blogs.diariosur.es\/wp-content\/uploads\/sites\/49\/2013\/04\/262.jpg 600w, https:\/\/static-blogs.diariosur.es\/wp-content\/uploads\/sites\/49\/2013\/04\/262-224x300.jpg 224w\" sizes=\"(max-width: 600px) 100vw, 600px\" \/><\/a><\/p>\n<p><a href=\"\/pasarelaurbana\/wp-content\/uploads\/sites\/49\/2013\/04\/271.jpg\"><img loading=\"lazy\" class=\"aligncenter size-full wp-image-4107\" title=\"27\" src=\"\/pasarelaurbana\/wp-content\/uploads\/sites\/49\/2013\/04\/271.jpg\" alt=\"\" width=\"600\" height=\"803\" srcset=\"https:\/\/static-blogs.diariosur.es\/wp-content\/uploads\/sites\/49\/2013\/04\/271.jpg 600w, https:\/\/static-blogs.diariosur.es\/wp-content\/uploads\/sites\/49\/2013\/04\/271-224x300.jpg 224w\" sizes=\"(max-width: 600px) 100vw, 600px\" \/><\/a><\/p>\n<p><a href=\"\/pasarelaurbana\/wp-content\/uploads\/sites\/49\/2013\/04\/282.jpg\"><img loading=\"lazy\" class=\"aligncenter size-full wp-image-4108\" title=\"28\" src=\"\/pasarelaurbana\/wp-content\/uploads\/sites\/49\/2013\/04\/282.jpg\" alt=\"\" width=\"600\" height=\"803\" srcset=\"https:\/\/static-blogs.diariosur.es\/wp-content\/uploads\/sites\/49\/2013\/04\/282.jpg 600w, https:\/\/static-blogs.diariosur.es\/wp-content\/uploads\/sites\/49\/2013\/04\/282-224x300.jpg 224w\" sizes=\"(max-width: 600px) 100vw, 600px\" \/><\/a><\/p>\n<p><a href=\"\/pasarelaurbana\/wp-content\/uploads\/sites\/49\/2013\/04\/302.jpg\"><img loading=\"lazy\" class=\"aligncenter size-full wp-image-4110\" title=\"30\" src=\"\/pasarelaurbana\/wp-content\/uploads\/sites\/49\/2013\/04\/302.jpg\" alt=\"\" width=\"600\" height=\"803\" srcset=\"https:\/\/static-blogs.diariosur.es\/wp-content\/uploads\/sites\/49\/2013\/04\/302.jpg 600w, https:\/\/static-blogs.diariosur.es\/wp-content\/uploads\/sites\/49\/2013\/04\/302-224x300.jpg 224w\" sizes=\"(max-width: 600px) 100vw, 600px\" \/><\/a><\/p>\n<p style=\"text-align: center;\"><a href=\"\/pasarelaurbana\/wp-content\/uploads\/sites\/49\/2013\/04\/293.jpg\"><img loading=\"lazy\" class=\"aligncenter size-full wp-image-4109\" title=\"29\" src=\"\/pasarelaurbana\/wp-content\/uploads\/sites\/49\/2013\/04\/293.jpg\" alt=\"\" width=\"600\" height=\"803\" srcset=\"https:\/\/static-blogs.diariosur.es\/wp-content\/uploads\/sites\/49\/2013\/04\/293.jpg 600w, https:\/\/static-blogs.diariosur.es\/wp-content\/uploads\/sites\/49\/2013\/04\/293-224x300.jpg 224w\" sizes=\"(max-width: 600px) 100vw, 600px\" \/><\/a><strong><\/strong><\/p>\n<p style=\"text-align: center;\"><strong>Patricia Prados<\/strong>. Traductora y blogger de &#8216;Miss Patri&#8217;. 24 a\u00f1os<\/p>\n<p style=\"text-align: center;\"><span style=\"text-decoration: underline;\">Las bomber tambi\u00e9n son para la noche: l\u00facela de pailletes<\/span><br \/>\nEs una de las prendas revelaci\u00f3n de este a\u00f1o. El pasado oto\u00f1o resurgieron de sus cenizas en su versi\u00f3n m\u00e1s chic y esta primavera vuelven a la carga con aires japoneses. Liberadas de su esp\u00edritu deportivo, las bomber reivindican ahora su lugar en looks m\u00e1s formales cuajadas de lentejuelas, pedrer\u00eda o te\u00f1idas de colores metalizados. Patricia Prados, una traductora de 24 a\u00f1os, apost\u00f3 por una de pailletes multicolor de Zara para realzar su sobrio vestido negro (una opci\u00f3n que siempre resulta un acierto para eventos distendidos). Unos botines negros con plataforma y un bolso rojo completan su estilismo.<\/p>\n<p style=\"text-align: center;\">Total look (vestido negro, bomber, botines y bolso): Zara.<\/p>\n<p>&nbsp;<\/p>\n<p><a href=\"\/pasarelaurbana\/wp-content\/uploads\/sites\/49\/2013\/04\/315.jpg\"><img loading=\"lazy\" class=\"aligncenter size-full wp-image-4111\" title=\"31\" src=\"\/pasarelaurbana\/wp-content\/uploads\/sites\/49\/2013\/04\/315.jpg\" alt=\"\" width=\"600\" height=\"803\" srcset=\"https:\/\/static-blogs.diariosur.es\/wp-content\/uploads\/sites\/49\/2013\/04\/315.jpg 600w, https:\/\/static-blogs.diariosur.es\/wp-content\/uploads\/sites\/49\/2013\/04\/315-224x300.jpg 224w\" sizes=\"(max-width: 600px) 100vw, 600px\" \/><\/a><\/p>\n<p><a href=\"\/pasarelaurbana\/wp-content\/uploads\/sites\/49\/2013\/04\/323.jpg\"><img loading=\"lazy\" class=\"aligncenter size-full wp-image-4099\" title=\"32\" src=\"\/pasarelaurbana\/wp-content\/uploads\/sites\/49\/2013\/04\/323.jpg\" alt=\"\" width=\"600\" height=\"803\" srcset=\"https:\/\/static-blogs.diariosur.es\/wp-content\/uploads\/sites\/49\/2013\/04\/323.jpg 600w, https:\/\/static-blogs.diariosur.es\/wp-content\/uploads\/sites\/49\/2013\/04\/323-224x300.jpg 224w\" sizes=\"(max-width: 600px) 100vw, 600px\" \/><\/a><\/p>\n<p><a href=\"\/pasarelaurbana\/wp-content\/uploads\/sites\/49\/2013\/04\/363.jpg\"><img loading=\"lazy\" class=\"aligncenter size-full wp-image-4116\" title=\"36\" src=\"\/pasarelaurbana\/wp-content\/uploads\/sites\/49\/2013\/04\/363.jpg\" alt=\"\" width=\"600\" height=\"803\" srcset=\"https:\/\/static-blogs.diariosur.es\/wp-content\/uploads\/sites\/49\/2013\/04\/363.jpg 600w, https:\/\/static-blogs.diariosur.es\/wp-content\/uploads\/sites\/49\/2013\/04\/363-224x300.jpg 224w\" sizes=\"(max-width: 600px) 100vw, 600px\" \/><\/a><\/p>\n<p><a href=\"\/pasarelaurbana\/wp-content\/uploads\/sites\/49\/2013\/04\/353.jpg\"><img loading=\"lazy\" class=\"aligncenter size-full wp-image-4115\" title=\"35\" src=\"\/pasarelaurbana\/wp-content\/uploads\/sites\/49\/2013\/04\/353.jpg\" alt=\"\" width=\"600\" height=\"803\" srcset=\"https:\/\/static-blogs.diariosur.es\/wp-content\/uploads\/sites\/49\/2013\/04\/353.jpg 600w, https:\/\/static-blogs.diariosur.es\/wp-content\/uploads\/sites\/49\/2013\/04\/353-224x300.jpg 224w\" sizes=\"(max-width: 600px) 100vw, 600px\" \/><\/a><\/p>\n<p><a href=\"\/pasarelaurbana\/wp-content\/uploads\/sites\/49\/2013\/04\/333.jpg\"><img loading=\"lazy\" class=\"aligncenter size-full wp-image-4113\" title=\"33\" src=\"\/pasarelaurbana\/wp-content\/uploads\/sites\/49\/2013\/04\/333.jpg\" alt=\"\" width=\"600\" height=\"803\" srcset=\"https:\/\/static-blogs.diariosur.es\/wp-content\/uploads\/sites\/49\/2013\/04\/333.jpg 600w, https:\/\/static-blogs.diariosur.es\/wp-content\/uploads\/sites\/49\/2013\/04\/333-224x300.jpg 224w\" sizes=\"(max-width: 600px) 100vw, 600px\" \/><\/a><\/p>\n<p><a href=\"\/pasarelaurbana\/wp-content\/uploads\/sites\/49\/2013\/04\/343.jpg\"><img loading=\"lazy\" class=\"aligncenter size-full wp-image-4114\" title=\"34\" src=\"\/pasarelaurbana\/wp-content\/uploads\/sites\/49\/2013\/04\/343.jpg\" alt=\"\" width=\"600\" height=\"448\" srcset=\"https:\/\/static-blogs.diariosur.es\/wp-content\/uploads\/sites\/49\/2013\/04\/343.jpg 600w, https:\/\/static-blogs.diariosur.es\/wp-content\/uploads\/sites\/49\/2013\/04\/343-300x224.jpg 300w\" sizes=\"(max-width: 600px) 100vw, 600px\" \/><\/a><\/p>\n<p style=\"text-align: center;\"><strong>Mari \u00c1ngeles Daza<\/strong>. Decoradora de interiores. 35 a\u00f1os<\/p>\n<p style=\"text-align: center;\"><span style=\"text-decoration: underline;\">Un look cl\u00e1sico con las perlas como protagonistas<\/span><br \/>\nHay cl\u00e1sicos que son infalibles, y una buena camisa blanca maridada con una falda joya es una de esas combinaciones con las que el \u00e9xito est\u00e1 casi asegurado. Mari \u00c1ngeles Daza, una dise\u00f1adora de interiores de 35 a\u00f1os, eligi\u00f3 para asistir como invitada al evento de moda de Idacem una elegante falda cuajada de perlas y pedrer\u00eda de Zara. Las perlas tambi\u00e9n estuvieron muy presentes en los complementos, para los que apost\u00f3 por un maxi collar regalo de su madre. Un bolso plateado de Michael Kors y unos peep toes en color topo (un tono super combinable a tener de fondo de armario) remataron con acierto su cuidado estilismo, que destilaba romanticismo y aires \u2018lady\u2019.<\/p>\n<p style=\"text-align: center;\">Blusa, falda con aplicaciones de perlas y pedrer\u00eda y zapatos: Zara. <\/p>\n<p style=\"text-align: center;\">Bolso: Michael Kors.<\/p>\n<p>&nbsp;<\/p>\n<p><a href=\"\/pasarelaurbana\/wp-content\/uploads\/sites\/49\/2013\/04\/371.jpg\"><img loading=\"lazy\" class=\"aligncenter size-full wp-image-4117\" title=\"37\" src=\"\/pasarelaurbana\/wp-content\/uploads\/sites\/49\/2013\/04\/371.jpg\" alt=\"\" width=\"600\" height=\"803\" srcset=\"https:\/\/static-blogs.diariosur.es\/wp-content\/uploads\/sites\/49\/2013\/04\/371.jpg 600w, https:\/\/static-blogs.diariosur.es\/wp-content\/uploads\/sites\/49\/2013\/04\/371-224x300.jpg 224w\" sizes=\"(max-width: 600px) 100vw, 600px\" \/><\/a><\/p>\n<p><a href=\"\/pasarelaurbana\/wp-content\/uploads\/sites\/49\/2013\/04\/381.jpg\"><img loading=\"lazy\" class=\"aligncenter size-full wp-image-4118\" title=\"38\" src=\"\/pasarelaurbana\/wp-content\/uploads\/sites\/49\/2013\/04\/381.jpg\" alt=\"\" width=\"600\" height=\"803\" srcset=\"https:\/\/static-blogs.diariosur.es\/wp-content\/uploads\/sites\/49\/2013\/04\/381.jpg 600w, https:\/\/static-blogs.diariosur.es\/wp-content\/uploads\/sites\/49\/2013\/04\/381-224x300.jpg 224w\" sizes=\"(max-width: 600px) 100vw, 600px\" \/><\/a><a href=\"\/pasarelaurbana\/wp-content\/uploads\/sites\/49\/2013\/04\/391.jpg\"><img loading=\"lazy\" class=\"aligncenter size-full wp-image-4119\" title=\"39\" src=\"\/pasarelaurbana\/wp-content\/uploads\/sites\/49\/2013\/04\/391.jpg\" alt=\"\" width=\"600\" height=\"803\" srcset=\"https:\/\/static-blogs.diariosur.es\/wp-content\/uploads\/sites\/49\/2013\/04\/391.jpg 600w, https:\/\/static-blogs.diariosur.es\/wp-content\/uploads\/sites\/49\/2013\/04\/391-224x300.jpg 224w\" sizes=\"(max-width: 600px) 100vw, 600px\" \/><\/a><\/p>\n<p><a href=\"\/pasarelaurbana\/wp-content\/uploads\/sites\/49\/2013\/04\/401.jpg\"><img loading=\"lazy\" class=\"aligncenter size-full wp-image-4121\" title=\"40\" src=\"\/pasarelaurbana\/wp-content\/uploads\/sites\/49\/2013\/04\/401.jpg\" alt=\"\" width=\"600\" height=\"448\" srcset=\"https:\/\/static-blogs.diariosur.es\/wp-content\/uploads\/sites\/49\/2013\/04\/401.jpg 600w, https:\/\/static-blogs.diariosur.es\/wp-content\/uploads\/sites\/49\/2013\/04\/401-300x224.jpg 300w\" sizes=\"(max-width: 600px) 100vw, 600px\" \/><\/a><\/p>\n<p><a href=\"\/pasarelaurbana\/wp-content\/uploads\/sites\/49\/2013\/04\/412.jpg\"><img loading=\"lazy\" class=\"aligncenter size-full wp-image-4120\" title=\"41\" src=\"\/pasarelaurbana\/wp-content\/uploads\/sites\/49\/2013\/04\/412.jpg\" alt=\"\" width=\"600\" height=\"448\" srcset=\"https:\/\/static-blogs.diariosur.es\/wp-content\/uploads\/sites\/49\/2013\/04\/412.jpg 600w, https:\/\/static-blogs.diariosur.es\/wp-content\/uploads\/sites\/49\/2013\/04\/412-300x224.jpg 300w\" sizes=\"(max-width: 600px) 100vw, 600px\" \/><\/a><\/p>\n<p><a href=\"\/pasarelaurbana\/wp-content\/uploads\/sites\/49\/2013\/04\/423.jpg\"><img loading=\"lazy\" class=\"aligncenter size-full wp-image-4112\" title=\"42\" src=\"\/pasarelaurbana\/wp-content\/uploads\/sites\/49\/2013\/04\/423.jpg\" alt=\"\" width=\"600\" height=\"803\" srcset=\"https:\/\/static-blogs.diariosur.es\/wp-content\/uploads\/sites\/49\/2013\/04\/423.jpg 600w, https:\/\/static-blogs.diariosur.es\/wp-content\/uploads\/sites\/49\/2013\/04\/423-224x300.jpg 224w\" sizes=\"(max-width: 600px) 100vw, 600px\" \/><\/a><\/p>\n<p style=\"text-align: center;\"><strong>Leticia Pe\u00f1a<\/strong>. Desempleada. 28 a\u00f1os<\/p>\n<p style=\"text-align: center;\"><span style=\"text-decoration: underline;\">Un buen abrigo cerrado a modo de vestido nunca falla<\/span><br \/>\n\u00bfTienes una presentaci\u00f3n de trabajo, un c\u00f3ctel, una inauguraci\u00f3n o una fiesta informal y no sabes qu\u00e9 ponerte? \u00a1Pues tira de ese abrigo especial que tienes en el armario! Si es de un tejido ligero y tiene la fuerza suficiente como para llevar el peso del look se puede lucir cerrado a modo de vestido o ligeramente abierto con una camisa blanca debajo, como propone Leticia Pe\u00f1a, una desempleada de 28 a\u00f1os. El suyo, en tono mandarina, es de Zara.<\/p>\n<p style=\"text-align: center;\">Abrigo: Zara.<\/p>\n<p style=\"text-align: center;\">Blusa: Mango.<\/p>\n<p style=\"text-align: center;\">Pantal\u00f3n: TopShop.<\/p>\n<p style=\"text-align: center;\">Sandalias: Stradivarius.<\/p>\n<p style=\"text-align: center;\">Bolso: Mango.<\/p>\n<p style=\"text-align: center;\">Anillo: Bimba y Lola<\/p>\n<p style=\"text-align: center;\">\u00a1Espero que os haya gustado!<\/p>\n<p style=\"text-align: center;\">PD: A partir de hoy estar\u00e9 dedicada a analizar los looks del Festival de M\u00e1laga, as\u00ed que esta pasarela se traslada a este otro blog:  http:\/\/blogs.diariosur.es\/pasarelafestival\/ \u00a1Os espero!<\/p>\n","protected":false},"excerpt":{"rendered":"<p>Es uno de los ejercicios m\u00e1s dif\u00edciles. Acertar con el look adecuado en un evento informal que no requiere ninguna etiqueta especial. Y he ah\u00ed la trampa. Las opciones de diario pueden pecar de ser demasiado desenfadadas, mientras que arreglarnos como si fu\u00e9semos a una boda nos puede empujar a caer en el m\u00e1s absoluto [&hellip;]<\/p>\n","protected":false},"author":54,"featured_media":0,"comment_status":"open","ping_status":"closed","sticky":false,"template":"","format":"standard","meta":[],"categories":[2],"tags":[],"_links":{"self":[{"href":"https:\/\/blogs.diariosur.es\/pasarelaurbana\/wp-json\/wp\/v2\/posts\/4098"}],"collection":[{"href":"https:\/\/blogs.diariosur.es\/pasarelaurbana\/wp-json\/wp\/v2\/posts"}],"about":[{"href":"https:\/\/blogs.diariosur.es\/pasarelaurbana\/wp-json\/wp\/v2\/types\/post"}],"author":[{"embeddable":true,"href":"https:\/\/blogs.diariosur.es\/pasarelaurbana\/wp-json\/wp\/v2\/users\/54"}],"replies":[{"embeddable":true,"href":"https:\/\/blogs.diariosur.es\/pasarelaurbana\/wp-json\/wp\/v2\/comments?post=4098"}],"version-history":[{"count":0,"href":"https:\/\/blogs.diariosur.es\/pasarelaurbana\/wp-json\/wp\/v2\/posts\/4098\/revisions"}],"wp:attachment":[{"href":"https:\/\/blogs.diariosur.es\/pasarelaurbana\/wp-json\/wp\/v2\/media?parent=4098"}],"wp:term":[{"taxonomy":"category","embeddable":true,"href":"https:\/\/blogs.diariosur.es\/pasarelaurbana\/wp-json\/wp\/v2\/categories?post=4098"},{"taxonomy":"post_tag","embeddable":true,"href":"https:\/\/blogs.diariosur.es\/pasarelaurbana\/wp-json\/wp\/v2\/tags?post=4098"}],"curies":[{"name":"wp","href":"https:\/\/api.w.org\/{rel}","templated":true}]}}